{"id":435321,"date":"2026-04-07T09:47:12","date_gmt":"2026-04-07T12:47:12","guid":{"rendered":"https:\/\/portaltela.pt\/noticias\/2026\/04\/07\/militar-foco-de-analise-sobre-o-papel-das-forcas-armadas\/"},"modified":"2026-04-07T09:47:12","modified_gmt":"2026-04-07T12:47:12","slug":"militar-foco-de-analise-sobre-o-papel-das-forcas-armadas","status":"publish","type":"post","link":"https:\/\/portaltela.pt\/noticias\/2026\/04\/07\/militar-foco-de-analise-sobre-o-papel-das-forcas-armadas\/","title":{"rendered":"Militar: foco de an\u00e1lise sobre o papel das For\u00e7as Armadas"},"content":{"rendered":"<p>A UE est\u00e1 a refor\u00e7ar as suas capacidades militares espaciais para assegurar a seguran\u00e7a e a soberania do espa\u00e7o europeu. A aposta inclu\u00ed sat\u00e9lites de comunica\u00e7\u00e3o, observa\u00e7\u00e3o e navega\u00e7\u00e3o, bem como programas de coopera\u00e7\u00e3o com Estados-membros e parceiros internacionais. A meta \u00e9 uma for\u00e7a espacial europeia capaz de miss\u00f5es de defesa, monitoriza\u00e7\u00e3o e resposta a amea\u00e7as.<\/p>\n<p>O objetivo \u00e9 consolidar a autonomia estrat\u00e9gica no espa\u00e7o, reduzindo depend\u00eancias externas e potenciando investiga\u00e7\u00f5es conjuntas. A iniciativa envolve desenvolvimento tecnol\u00f3gico, normas de uso do espa\u00e7o e uma coopera\u00e7\u00e3o que atravessa fronteiras nacionais.<\/p>\n<h3>Drones e bases no Atl\u00e2ntico<\/h3>\n<p>A aterragem de drones Reaper MQ-9 na Base das Lajes, Portugal, foi adiada. Portugal pediu informa\u00e7\u00f5es t\u00e9cnicas adicionais e aguarda resposta oficial, segundo fontes militares. A miss\u00e3o visa refor\u00e7ar capacidades de vigil\u00e2ncia na regi\u00e3o.<\/p>\n<h3>Amea\u00e7as, alian\u00e7as e tecnologia<\/h3>\n<p>O Ir\u00e3o lan\u00e7ou m\u00edsseis contra uma base no Oceano \u00cdndico; analistas discutem poss\u00edveis impactos para a Alemanha, com a linha de frente a incluir a base de Ramstein na coordena\u00e7\u00e3o de opera\u00e7\u00f5es no M\u00e9dio Oriente. A Alemanha mant\u00e9m-se apartada do conflito direto.<\/p>\n<p>A Anthropic foi classificada pelo Pent\u00e1gono como risco na cadeia de abastecimento, obrigando o Departamento de Defesa a evitar o uso do Claude. A medida destaca quest\u00f5es de IA e aquisi\u00e7\u00e3o de tecnologia sens\u00edvel.<\/p>\n<h3>Situa\u00e7\u00f5es regionais e opera\u00e7\u00f5es<\/h3>\n<p>A Espanha deslocou for\u00e7as especiais do Iraque para locais seguros face ao agravamento da regi\u00e3o. Autoridades italianas investigam o desaparecimento de milhares de componentes de avi\u00f5es militares, avaliados em 17 milh\u00f5es de euros.<\/p>\n<p>Na Ucr\u00e2nia, a Alemanha promete apoio financeiro de 11,5 mil milh\u00f5es de euros, enquanto os EUA reduzem a sua presen\u00e7a; a Europa assume um papel mais destacado no aux\u00edlio. O Pol\u00f3nia j\u00e1 anunciou uma reforma ampla das For\u00e7as Armadas para 500 mil militares prontos a mobilizar.<\/p>\n","protected":false},"excerpt":{"rendered":"<ul>\n<li>A Uni\u00e3o Europeia est\u00e1 a refor\u00e7ar as suas capacidades militares espaciais para garantir seguran\u00e7a e soberania do espa\u00e7o europeu.<\/li>\n<li>A estrat\u00e9gia inclui o desenvolvimento de sat\u00e9lites de comunica\u00e7\u00e3o, observa\u00e7\u00e3o e navega\u00e7\u00e3o.<\/li>\n<li>H\u00e1 programas de coopera\u00e7\u00e3o entre Estados-membros e parceiros internacionais para avan\u00e7ar estes objetivos.<\/li>\n<li>A iniciativa prev\u00ea a cria\u00e7\u00e3o de uma for\u00e7a espacial europeia capaz de atuar em miss\u00f5es de defesa, monitoriza\u00e7\u00e3o e resposta a amea\u00e7as no espa\u00e7o.<\/li>\n<li>O objetivo global \u00e9 melhorar a interliga\u00e7\u00e3o e a resili\u00eancia das opera\u00e7\u00f5es militares europeias no espa\u00e7o.<\/li>\n<\/ul>\n","protected":false},"author":2,"featured_media":435327,"comment_status":"closed","ping_status":"closed","sticky":false,"template":"","format":"standard","meta":{"footnotes":""},"categories":[6814,1],"tags":[4558,6760,6574,6169,1779,62],"class_list":["post-435321","post","type-post","status-publish","format-standard","has-post-thumbnail","hentry","category-geopolitica","category-noticias","tag-a-aeronautica","tag-a-base-das-lajes","tag-defesa","tag-forca-aerea-portuguesa","tag-forcas-armadas","tag-guerra"],"yoast_head":"<!-- This site is optimized with the Yoast SEO plugin v27.2 - https:\/\/yoast.com\/product\/yoast-seo-wordpress\/ -->\n<title>Militar: foco de an\u00e1lise sobre o papel das For\u00e7as Armadas - Portal Tela Portugal<\/title>\n<meta name=\"robots\" content=\"index, follow, max-snippet:-1, max-image-preview:large, max-video-preview:-1\" \/>\n<meta property=\"og:locale\" content=\"pt_PT\" \/>\n<meta property=\"og:type\" content=\"article\" \/>\n<meta property=\"og:title\" content=\"Militar: foco de an\u00e1lise sobre o papel das For\u00e7as Armadas - Portal Tela Portugal\" \/>\n<meta property=\"og:description\" content=\"A Uni\u00e3o Europeia est\u00e1 a refor\u00e7ar as suas capacidades militares espaciais para garantir seguran\u00e7a e soberania do espa\u00e7o europeu. A estrat\u00e9gia inclui o desenvolvimento de sat\u00e9lites de comunica\u00e7\u00e3o, observa\u00e7\u00e3o e navega\u00e7\u00e3o. H\u00e1 programas de coopera\u00e7\u00e3o entre Estados-membros e parceiros internacionais para avan\u00e7ar estes objetivos. A iniciativa prev\u00ea a cria\u00e7\u00e3o de uma for\u00e7a espacial europeia capaz de atuar em miss\u00f5es de defesa, monitoriza\u00e7\u00e3o e resposta a amea\u00e7as no espa\u00e7o. O objetivo global \u00e9 melhorar a interliga\u00e7\u00e3o e a resili\u00eancia das opera\u00e7\u00f5es militares europeias no espa\u00e7o.\" \/>\n<meta property=\"og:url\" content=\"https:\/\/portaltela.pt\/noticias\/2026\/04\/07\/militar-foco-de-analise-sobre-o-papel-das-forcas-armadas\/\" \/>\n<meta property=\"og:site_name\" content=\"Portal Tela Portugal\" \/>\n<meta property=\"article:published_time\" content=\"2026-04-07T12:47:12+00:00\" \/>\n<meta name=\"author\" content=\"Telinha\" \/>\n<meta name=\"twitter:card\" content=\"summary_large_image\" \/>\n<meta name=\"twitter:label1\" content=\"Escrito por\" \/>\n\t<meta name=\"twitter:data1\" content=\"Telinha\" \/>\n\t<meta name=\"twitter:label2\" content=\"Tempo estimado de leitura\" \/>\n\t<meta name=\"twitter:data2\" content=\"2 minutos\" \/>\n<script type=\"application\/ld+json\" class=\"yoast-schema-graph\">{\"@context\":\"https:\/\/schema.org\",\"@graph\":[{\"@type\":\"Article\",\"@id\":\"https:\/\/portaltela.pt\/noticias\/2026\/04\/07\/militar-foco-de-analise-sobre-o-papel-das-forcas-armadas\/#article\",\"isPartOf\":{\"@id\":\"https:\/\/portaltela.pt\/noticias\/2026\/04\/07\/militar-foco-de-analise-sobre-o-papel-das-forcas-armadas\/\"},\"author\":{\"name\":\"Telinha\",\"@id\":\"https:\/\/portaltela.pt\/#\/schema\/person\/c4278d4a6028830caff9ee44b42d32ed\"},\"headline\":\"Militar: foco de an\u00e1lise sobre o papel das For\u00e7as Armadas\",\"datePublished\":\"2026-04-07T12:47:12+00:00\",\"mainEntityOfPage\":{\"@id\":\"https:\/\/portaltela.pt\/noticias\/2026\/04\/07\/militar-foco-de-analise-sobre-o-papel-das-forcas-armadas\/\"},\"wordCount\":350,\"image\":{\"@id\":\"https:\/\/portaltela.pt\/noticias\/2026\/04\/07\/militar-foco-de-analise-sobre-o-papel-das-forcas-armadas\/#primaryimage\"},\"thumbnailUrl\":\"https:\/\/portaltela.pt\/s.01k8rhncp4jt1\/2026\/04\/320x180_cmsv2_fb0c1297-7d91-5401-80b9-2dacdd12d2ff-9708089.jpg\",\"keywords\":[\"a aeron\u00e1utica\",\"A Base das Lajes\",\"defesa\",\"For\u00e7a A\u00e9rea Portuguesa\",\"For\u00e7as Armadas\",\"guerra\"],\"articleSection\":[\"Geopol\u00edtica\",\"Not\u00edcias\"],\"inLanguage\":\"pt-PT\"},{\"@type\":\"WebPage\",\"@id\":\"https:\/\/portaltela.pt\/noticias\/2026\/04\/07\/militar-foco-de-analise-sobre-o-papel-das-forcas-armadas\/\",\"url\":\"https:\/\/portaltela.pt\/noticias\/2026\/04\/07\/militar-foco-de-analise-sobre-o-papel-das-forcas-armadas\/\",\"name\":\"Militar: foco de an\u00e1lise sobre o papel das For\u00e7as Armadas - Portal Tela Portugal\",\"isPartOf\":{\"@id\":\"https:\/\/portaltela.pt\/#website\"},\"primaryImageOfPage\":{\"@id\":\"https:\/\/portaltela.pt\/noticias\/2026\/04\/07\/militar-foco-de-analise-sobre-o-papel-das-forcas-armadas\/#primaryimage\"},\"image\":{\"@id\":\"https:\/\/portaltela.pt\/noticias\/2026\/04\/07\/militar-foco-de-analise-sobre-o-papel-das-forcas-armadas\/#primaryimage\"},\"thumbnailUrl\":\"https:\/\/portaltela.pt\/s.01k8rhncp4jt1\/2026\/04\/320x180_cmsv2_fb0c1297-7d91-5401-80b9-2dacdd12d2ff-9708089.jpg\",\"datePublished\":\"2026-04-07T12:47:12+00:00\",\"author\":{\"@id\":\"https:\/\/portaltela.pt\/#\/schema\/person\/c4278d4a6028830caff9ee44b42d32ed\"},\"breadcrumb\":{\"@id\":\"https:\/\/portaltela.pt\/noticias\/2026\/04\/07\/militar-foco-de-analise-sobre-o-papel-das-forcas-armadas\/#breadcrumb\"},\"inLanguage\":\"pt-PT\",\"potentialAction\":[{\"@type\":\"ReadAction\",\"target\":[\"https:\/\/portaltela.pt\/noticias\/2026\/04\/07\/militar-foco-de-analise-sobre-o-papel-das-forcas-armadas\/\"]}]},{\"@type\":\"ImageObject\",\"inLanguage\":\"pt-PT\",\"@id\":\"https:\/\/portaltela.pt\/noticias\/2026\/04\/07\/militar-foco-de-analise-sobre-o-papel-das-forcas-armadas\/#primaryimage\",\"url\":\"https:\/\/portaltela.pt\/s.01k8rhncp4jt1\/2026\/04\/320x180_cmsv2_fb0c1297-7d91-5401-80b9-2dacdd12d2ff-9708089.jpg\",\"contentUrl\":\"https:\/\/portaltela.pt\/s.01k8rhncp4jt1\/2026\/04\/320x180_cmsv2_fb0c1297-7d91-5401-80b9-2dacdd12d2ff-9708089.jpg\",\"width\":796,\"height\":448,\"caption\":\"Os governos, as for\u00e7as armadas e as sociedades europeias est\u00e3o a utilizar fortemente os servi\u00e7os espaciais, incluindo as comunica\u00e7\u00f5es por sat\u00e9lite.\"},{\"@type\":\"BreadcrumbList\",\"@id\":\"https:\/\/portaltela.pt\/noticias\/2026\/04\/07\/militar-foco-de-analise-sobre-o-papel-das-forcas-armadas\/#breadcrumb\",\"itemListElement\":[{\"@type\":\"ListItem\",\"position\":1,\"name\":\"In\u00edcio\",\"item\":\"https:\/\/portaltela.pt\/\"},{\"@type\":\"ListItem\",\"position\":2,\"name\":\"Militar: foco de an\u00e1lise sobre o papel das For\u00e7as Armadas\"}]},{\"@type\":\"WebSite\",\"@id\":\"https:\/\/portaltela.pt\/#website\",\"url\":\"https:\/\/portaltela.pt\/\",\"name\":\"Portal Tela Portugal\",\"description\":\"\",\"potentialAction\":[{\"@type\":\"SearchAction\",\"target\":{\"@type\":\"EntryPoint\",\"urlTemplate\":\"https:\/\/portaltela.pt\/?s={search_term_string}\"},\"query-input\":{\"@type\":\"PropertyValueSpecification\",\"valueRequired\":true,\"valueName\":\"search_term_string\"}}],\"inLanguage\":\"pt-PT\"},{\"@type\":\"Person\",\"@id\":\"https:\/\/portaltela.pt\/#\/schema\/person\/c4278d4a6028830caff9ee44b42d32ed\",\"name\":\"Telinha\",\"image\":{\"@type\":\"ImageObject\",\"inLanguage\":\"pt-PT\",\"@id\":\"https:\/\/portaltela.pt\/s.01k8rhncp4jt1\/2025\/11\/talking-bot-125x125.png\",\"url\":\"https:\/\/portaltela.pt\/s.01k8rhncp4jt1\/2025\/11\/talking-bot-125x125.png\",\"contentUrl\":\"https:\/\/portaltela.pt\/s.01k8rhncp4jt1\/2025\/11\/talking-bot-125x125.png\",\"caption\":\"Telinha\"},\"sameAs\":[\"https:\/\/portaltela.pt\/\"],\"url\":\"https:\/\/portaltela.pt\/por\/367410592786\/\"}]}<\/script>\n<!-- \/ Yoast SEO plugin. -->","yoast_head_json":{"title":"Militar: foco de an\u00e1lise sobre o papel das For\u00e7as Armadas - Portal Tela Portugal","robots":{"index":"index","follow":"follow","max-snippet":"max-snippet:-1","max-image-preview":"max-image-preview:large","max-video-preview":"max-video-preview:-1"},"og_locale":"pt_PT","og_type":"article","og_title":"Militar: foco de an\u00e1lise sobre o papel das For\u00e7as Armadas - Portal Tela Portugal","og_description":"A Uni\u00e3o Europeia est\u00e1 a refor\u00e7ar as suas capacidades militares espaciais para garantir seguran\u00e7a e soberania do espa\u00e7o europeu. A estrat\u00e9gia inclui o desenvolvimento de sat\u00e9lites de comunica\u00e7\u00e3o, observa\u00e7\u00e3o e navega\u00e7\u00e3o. H\u00e1 programas de coopera\u00e7\u00e3o entre Estados-membros e parceiros internacionais para avan\u00e7ar estes objetivos. A iniciativa prev\u00ea a cria\u00e7\u00e3o de uma for\u00e7a espacial europeia capaz de atuar em miss\u00f5es de defesa, monitoriza\u00e7\u00e3o e resposta a amea\u00e7as no espa\u00e7o. O objetivo global \u00e9 melhorar a interliga\u00e7\u00e3o e a resili\u00eancia das opera\u00e7\u00f5es militares europeias no espa\u00e7o.","og_url":"https:\/\/portaltela.pt\/noticias\/2026\/04\/07\/militar-foco-de-analise-sobre-o-papel-das-forcas-armadas\/","og_site_name":"Portal Tela Portugal","article_published_time":"2026-04-07T12:47:12+00:00","author":"Telinha","twitter_card":"summary_large_image","twitter_misc":{"Escrito por":"Telinha","Tempo estimado de leitura":"2 minutos"},"schema":{"@context":"https:\/\/schema.org","@graph":[{"@type":"Article","@id":"https:\/\/portaltela.pt\/noticias\/2026\/04\/07\/militar-foco-de-analise-sobre-o-papel-das-forcas-armadas\/#article","isPartOf":{"@id":"https:\/\/portaltela.pt\/noticias\/2026\/04\/07\/militar-foco-de-analise-sobre-o-papel-das-forcas-armadas\/"},"author":{"name":"Telinha","@id":"https:\/\/portaltela.pt\/#\/schema\/person\/c4278d4a6028830caff9ee44b42d32ed"},"headline":"Militar: foco de an\u00e1lise sobre o papel das For\u00e7as Armadas","datePublished":"2026-04-07T12:47:12+00:00","mainEntityOfPage":{"@id":"https:\/\/portaltela.pt\/noticias\/2026\/04\/07\/militar-foco-de-analise-sobre-o-papel-das-forcas-armadas\/"},"wordCount":350,"image":{"@id":"https:\/\/portaltela.pt\/noticias\/2026\/04\/07\/militar-foco-de-analise-sobre-o-papel-das-forcas-armadas\/#primaryimage"},"thumbnailUrl":"https:\/\/portaltela.pt\/s.01k8rhncp4jt1\/2026\/04\/320x180_cmsv2_fb0c1297-7d91-5401-80b9-2dacdd12d2ff-9708089.jpg","keywords":["a aeron\u00e1utica","A Base das Lajes","defesa","For\u00e7a A\u00e9rea Portuguesa","For\u00e7as Armadas","guerra"],"articleSection":["Geopol\u00edtica","Not\u00edcias"],"inLanguage":"pt-PT"},{"@type":"WebPage","@id":"https:\/\/portaltela.pt\/noticias\/2026\/04\/07\/militar-foco-de-analise-sobre-o-papel-das-forcas-armadas\/","url":"https:\/\/portaltela.pt\/noticias\/2026\/04\/07\/militar-foco-de-analise-sobre-o-papel-das-forcas-armadas\/","name":"Militar: foco de an\u00e1lise sobre o papel das For\u00e7as Armadas - Portal Tela Portugal","isPartOf":{"@id":"https:\/\/portaltela.pt\/#website"},"primaryImageOfPage":{"@id":"https:\/\/portaltela.pt\/noticias\/2026\/04\/07\/militar-foco-de-analise-sobre-o-papel-das-forcas-armadas\/#primaryimage"},"image":{"@id":"https:\/\/portaltela.pt\/noticias\/2026\/04\/07\/militar-foco-de-analise-sobre-o-papel-das-forcas-armadas\/#primaryimage"},"thumbnailUrl":"https:\/\/portaltela.pt\/s.01k8rhncp4jt1\/2026\/04\/320x180_cmsv2_fb0c1297-7d91-5401-80b9-2dacdd12d2ff-9708089.jpg","datePublished":"2026-04-07T12:47:12+00:00","author":{"@id":"https:\/\/portaltela.pt\/#\/schema\/person\/c4278d4a6028830caff9ee44b42d32ed"},"breadcrumb":{"@id":"https:\/\/portaltela.pt\/noticias\/2026\/04\/07\/militar-foco-de-analise-sobre-o-papel-das-forcas-armadas\/#breadcrumb"},"inLanguage":"pt-PT","potentialAction":[{"@type":"ReadAction","target":["https:\/\/portaltela.pt\/noticias\/2026\/04\/07\/militar-foco-de-analise-sobre-o-papel-das-forcas-armadas\/"]}]},{"@type":"ImageObject","inLanguage":"pt-PT","@id":"https:\/\/portaltela.pt\/noticias\/2026\/04\/07\/militar-foco-de-analise-sobre-o-papel-das-forcas-armadas\/#primaryimage","url":"https:\/\/portaltela.pt\/s.01k8rhncp4jt1\/2026\/04\/320x180_cmsv2_fb0c1297-7d91-5401-80b9-2dacdd12d2ff-9708089.jpg","contentUrl":"https:\/\/portaltela.pt\/s.01k8rhncp4jt1\/2026\/04\/320x180_cmsv2_fb0c1297-7d91-5401-80b9-2dacdd12d2ff-9708089.jpg","width":796,"height":448,"caption":"Os governos, as for\u00e7as armadas e as sociedades europeias est\u00e3o a utilizar fortemente os servi\u00e7os espaciais, incluindo as comunica\u00e7\u00f5es por sat\u00e9lite."},{"@type":"BreadcrumbList","@id":"https:\/\/portaltela.pt\/noticias\/2026\/04\/07\/militar-foco-de-analise-sobre-o-papel-das-forcas-armadas\/#breadcrumb","itemListElement":[{"@type":"ListItem","position":1,"name":"In\u00edcio","item":"https:\/\/portaltela.pt\/"},{"@type":"ListItem","position":2,"name":"Militar: foco de an\u00e1lise sobre o papel das For\u00e7as Armadas"}]},{"@type":"WebSite","@id":"https:\/\/portaltela.pt\/#website","url":"https:\/\/portaltela.pt\/","name":"Portal Tela Portugal","description":"","potentialAction":[{"@type":"SearchAction","target":{"@type":"EntryPoint","urlTemplate":"https:\/\/portaltela.pt\/?s={search_term_string}"},"query-input":{"@type":"PropertyValueSpecification","valueRequired":true,"valueName":"search_term_string"}}],"inLanguage":"pt-PT"},{"@type":"Person","@id":"https:\/\/portaltela.pt\/#\/schema\/person\/c4278d4a6028830caff9ee44b42d32ed","name":"Telinha","image":{"@type":"ImageObject","inLanguage":"pt-PT","@id":"https:\/\/portaltela.pt\/s.01k8rhncp4jt1\/2025\/11\/talking-bot-125x125.png","url":"https:\/\/portaltela.pt\/s.01k8rhncp4jt1\/2025\/11\/talking-bot-125x125.png","contentUrl":"https:\/\/portaltela.pt\/s.01k8rhncp4jt1\/2025\/11\/talking-bot-125x125.png","caption":"Telinha"},"sameAs":["https:\/\/portaltela.pt\/"],"url":"https:\/\/portaltela.pt\/por\/367410592786\/"}]}},"_links":{"self":[{"href":"https:\/\/portaltela.pt\/api\/wp\/v2\/posts\/435321","targetHints":{"allow":["GET"]}}],"collection":[{"href":"https:\/\/portaltela.pt\/api\/wp\/v2\/posts"}],"about":[{"href":"https:\/\/portaltela.pt\/api\/wp\/v2\/types\/post"}],"author":[{"embeddable":true,"href":"https:\/\/portaltela.pt\/api\/wp\/v2\/users\/2"}],"replies":[{"embeddable":true,"href":"https:\/\/portaltela.pt\/api\/wp\/v2\/comments?post=435321"}],"version-history":[{"count":0,"href":"https:\/\/portaltela.pt\/api\/wp\/v2\/posts\/435321\/revisions"}],"wp:featuredmedia":[{"embeddable":true,"href":"https:\/\/portaltela.pt\/api\/wp\/v2\/media\/435327"}],"wp:attachment":[{"href":"https:\/\/portaltela.pt\/api\/wp\/v2\/media?parent=435321"}],"wp:term":[{"taxonomy":"category","embeddable":true,"href":"https:\/\/portaltela.pt\/api\/wp\/v2\/categories?post=435321"},{"taxonomy":"post_tag","embeddable":true,"href":"https:\/\/portaltela.pt\/api\/wp\/v2\/tags?post=435321"}],"curies":[{"name":"wp","href":"https:\/\/api.w.org\/{rel}","templated":true}]}}