{"id":435311,"date":"2026-04-07T09:47:03","date_gmt":"2026-04-07T12:47:03","guid":{"rendered":"https:\/\/portaltela.pt\/noticias\/2026\/04\/07\/carevic-vence-diogo-costa-e-hornicek-e-e-guarda-redes-do-mes-de-marco\/"},"modified":"2026-04-07T09:47:03","modified_gmt":"2026-04-07T12:47:03","slug":"carevic-vence-diogo-costa-e-hornicek-e-e-guarda-redes-do-mes-de-marco","status":"publish","type":"post","link":"https:\/\/portaltela.pt\/desporto\/futebol\/2026\/04\/07\/carevic-vence-diogo-costa-e-hornicek-e-e-guarda-redes-do-mes-de-marco\/","title":{"rendered":"Carevic vence Diogo Costa e Hornicek e \u00e9 guarda-redes do m\u00eas de mar\u00e7o"},"content":{"rendered":"<p>Lazar Carevic, guarda-redes do Famalic\u00e3o, foi eleito o guarda-redes do m\u00eas de mar\u00e7o pela Liga Portugal. A decis\u00e3o foi anunciada esta ter\u00e7a-feira, ap\u00f3s vota\u00e7\u00e3o realizada entre os treinadores do campeonato.<\/p>\n<p>No per\u00edodo em an\u00e1lise, Carevic atuou em quatro jogos e sofreu apenas um golo. O Famalic\u00e3o somou vit\u00f3rias contra Arouca (1-0), Vit\u00f3ria de Guimar\u00e3es (2-1) e Nacional (1-0), al\u00e9m de empatar com o Rio Ave (0-0).<\/p>\n<p>Carevic recebeu 28,72% dos votos, ficando \u00e0 frente de Diogo Costa (Porto) com 25,53% e Hornicek (Braga) com 19,15% das prefer\u00eancias. O t\u00edtulo j\u00e1 \u00e9 o segundo desta temporada para o guardi\u00e3o montenegrino, de 27 anos.<\/p>\n<p>A vit\u00f3ria do m\u00eas de mar\u00e7o confirma o papel de Carevic como pe\u00e7a-chave da defesa do Famalic\u00e3o, num per\u00edodo em que a equipa manteve o registo defensivo compacto. O registo de mar\u00e7o refor\u00e7a a posi\u00e7\u00e3o do Famalic\u00e3o na tabela.<\/p>\n","protected":false},"excerpt":{"rendered":"<ul>\n<li>Lazar Carevic, guarda-redes do Famalic\u00e3o, foi eleito guarda-redes do m\u00eas de mar\u00e7o pela Liga Portugal, recolhendo o galard\u00e3o pela segunda vez esta \u00e9poca.<\/li>\n<li>O montenegrino, de 27 anos, atuou como totalista em quatro jogos no m\u00eas, numa fase em que sofreu apenas um golo.<\/li>\n<li>Os encontros que ajudaram na conquista inclu\u00edram vit\u00f3rias frente a Arouca (1-0) e Vit\u00f3ria de Guimar\u00e3es (2-1), al\u00e9m de triunfo sobre Nacional (1-0) e um empate com o Rio Ave (0-0).<\/li>\n<li>Carevic obteve 28,72% dos votos dos treinadores, superando Diogo Costa (25,53%) e Hornicek (19,15%).<\/li>\n<li>O pr\u00e9mio refor\u00e7a a consist\u00eancia de Carevic ao longo da presente temporada no Famalic\u00e3o.<\/li>\n<\/ul>\n","protected":false},"author":2,"featured_media":435314,"comment_status":"closed","ping_status":"closed","sticky":false,"template":"","format":"standard","meta":{"footnotes":""},"categories":[21,24],"tags":[7755,4143,227,218,242],"class_list":["post-435311","post","type-post","status-publish","format-standard","has-post-thumbnail","hentry","category-desporto","category-futebol","tag-_futebol","tag-1-liga","tag-campeonato","tag-desportivo","tag-jogadores"],"yoast_head":"<!-- This site is optimized with the Yoast SEO plugin v27.2 - https:\/\/yoast.com\/product\/yoast-seo-wordpress\/ -->\n<title>Carevic vence Diogo Costa e Hornicek e \u00e9 guarda-redes do m\u00eas de mar\u00e7o - Portal Tela Portugal<\/title>\n<meta name=\"robots\" content=\"index, follow, max-snippet:-1, max-image-preview:large, max-video-preview:-1\" \/>\n<meta property=\"og:locale\" content=\"pt_PT\" \/>\n<meta property=\"og:type\" content=\"article\" \/>\n<meta property=\"og:title\" content=\"Carevic vence Diogo Costa e Hornicek e \u00e9 guarda-redes do m\u00eas de mar\u00e7o - Portal Tela Portugal\" \/>\n<meta property=\"og:description\" content=\"Lazar Carevic, guarda-redes do Famalic\u00e3o, foi eleito guarda-redes do m\u00eas de mar\u00e7o pela Liga Portugal, recolhendo o galard\u00e3o pela segunda vez esta \u00e9poca. O montenegrino, de 27 anos, atuou como totalista em quatro jogos no m\u00eas, numa fase em que sofreu apenas um golo. Os encontros que ajudaram na conquista inclu\u00edram vit\u00f3rias frente a Arouca (1-0) e Vit\u00f3ria de Guimar\u00e3es (2-1), al\u00e9m de triunfo sobre Nacional (1-0) e um empate com o Rio Ave (0-0). Carevic obteve 28,72% dos votos dos treinadores, superando Diogo Costa (25,53%) e Hornicek (19,15%). O pr\u00e9mio refor\u00e7a a consist\u00eancia de Carevic ao longo da presente temporada no Famalic\u00e3o.\" \/>\n<meta property=\"og:url\" content=\"https:\/\/portaltela.pt\/noticias\/2026\/04\/07\/carevic-vence-diogo-costa-e-hornicek-e-e-guarda-redes-do-mes-de-marco\/\" \/>\n<meta property=\"og:site_name\" content=\"Portal Tela Portugal\" \/>\n<meta property=\"article:published_time\" content=\"2026-04-07T12:47:03+00:00\" \/>\n<meta name=\"author\" content=\"Telinha\" \/>\n<meta name=\"twitter:card\" content=\"summary_large_image\" \/>\n<meta name=\"twitter:label1\" content=\"Escrito por\" \/>\n\t<meta name=\"twitter:data1\" content=\"Telinha\" \/>\n\t<meta name=\"twitter:label2\" content=\"Tempo estimado de leitura\" \/>\n\t<meta name=\"twitter:data2\" content=\"1 minuto\" \/>\n<script type=\"application\/ld+json\" class=\"yoast-schema-graph\">{\"@context\":\"https:\/\/schema.org\",\"@graph\":[{\"@type\":\"Article\",\"@id\":\"https:\/\/portaltela.pt\/noticias\/2026\/04\/07\/carevic-vence-diogo-costa-e-hornicek-e-e-guarda-redes-do-mes-de-marco\/#article\",\"isPartOf\":{\"@id\":\"https:\/\/portaltela.pt\/noticias\/2026\/04\/07\/carevic-vence-diogo-costa-e-hornicek-e-e-guarda-redes-do-mes-de-marco\/\"},\"author\":{\"name\":\"Telinha\",\"@id\":\"https:\/\/portaltela.pt\/#\/schema\/person\/c4278d4a6028830caff9ee44b42d32ed\"},\"headline\":\"Carevic vence Diogo Costa e Hornicek e \u00e9 guarda-redes do m\u00eas de mar\u00e7o\",\"datePublished\":\"2026-04-07T12:47:03+00:00\",\"mainEntityOfPage\":{\"@id\":\"https:\/\/portaltela.pt\/noticias\/2026\/04\/07\/carevic-vence-diogo-costa-e-hornicek-e-e-guarda-redes-do-mes-de-marco\/\"},\"wordCount\":176,\"image\":{\"@id\":\"https:\/\/portaltela.pt\/noticias\/2026\/04\/07\/carevic-vence-diogo-costa-e-hornicek-e-e-guarda-redes-do-mes-de-marco\/#primaryimage\"},\"thumbnailUrl\":\"https:\/\/portaltela.pt\/s.01k8rhncp4jt1\/2026\/04\/image-14.webp\",\"keywords\":[\"_futebol\",\"1. Liga\",\"campeonato\",\"desportivo\",\"jogadores\"],\"articleSection\":[\"Desporto\",\"Futebol\"],\"inLanguage\":\"pt-PT\"},{\"@type\":\"WebPage\",\"@id\":\"https:\/\/portaltela.pt\/noticias\/2026\/04\/07\/carevic-vence-diogo-costa-e-hornicek-e-e-guarda-redes-do-mes-de-marco\/\",\"url\":\"https:\/\/portaltela.pt\/noticias\/2026\/04\/07\/carevic-vence-diogo-costa-e-hornicek-e-e-guarda-redes-do-mes-de-marco\/\",\"name\":\"Carevic vence Diogo Costa e Hornicek e \u00e9 guarda-redes do m\u00eas de mar\u00e7o - Portal Tela Portugal\",\"isPartOf\":{\"@id\":\"https:\/\/portaltela.pt\/#website\"},\"primaryImageOfPage\":{\"@id\":\"https:\/\/portaltela.pt\/noticias\/2026\/04\/07\/carevic-vence-diogo-costa-e-hornicek-e-e-guarda-redes-do-mes-de-marco\/#primaryimage\"},\"image\":{\"@id\":\"https:\/\/portaltela.pt\/noticias\/2026\/04\/07\/carevic-vence-diogo-costa-e-hornicek-e-e-guarda-redes-do-mes-de-marco\/#primaryimage\"},\"thumbnailUrl\":\"https:\/\/portaltela.pt\/s.01k8rhncp4jt1\/2026\/04\/image-14.webp\",\"datePublished\":\"2026-04-07T12:47:03+00:00\",\"author\":{\"@id\":\"https:\/\/portaltela.pt\/#\/schema\/person\/c4278d4a6028830caff9ee44b42d32ed\"},\"breadcrumb\":{\"@id\":\"https:\/\/portaltela.pt\/noticias\/2026\/04\/07\/carevic-vence-diogo-costa-e-hornicek-e-e-guarda-redes-do-mes-de-marco\/#breadcrumb\"},\"inLanguage\":\"pt-PT\",\"potentialAction\":[{\"@type\":\"ReadAction\",\"target\":[\"https:\/\/portaltela.pt\/noticias\/2026\/04\/07\/carevic-vence-diogo-costa-e-hornicek-e-e-guarda-redes-do-mes-de-marco\/\"]}]},{\"@type\":\"ImageObject\",\"inLanguage\":\"pt-PT\",\"@id\":\"https:\/\/portaltela.pt\/noticias\/2026\/04\/07\/carevic-vence-diogo-costa-e-hornicek-e-e-guarda-redes-do-mes-de-marco\/#primaryimage\",\"url\":\"https:\/\/portaltela.pt\/s.01k8rhncp4jt1\/2026\/04\/image-14.webp\",\"contentUrl\":\"https:\/\/portaltela.pt\/s.01k8rhncp4jt1\/2026\/04\/image-14.webp\",\"width\":1200,\"height\":496,\"caption\":\"Carevic tem sido uma das figuras do Famalic\u00e3o\"},{\"@type\":\"BreadcrumbList\",\"@id\":\"https:\/\/portaltela.pt\/noticias\/2026\/04\/07\/carevic-vence-diogo-costa-e-hornicek-e-e-guarda-redes-do-mes-de-marco\/#breadcrumb\",\"itemListElement\":[{\"@type\":\"ListItem\",\"position\":1,\"name\":\"In\u00edcio\",\"item\":\"https:\/\/portaltela.pt\/\"},{\"@type\":\"ListItem\",\"position\":2,\"name\":\"Carevic vence Diogo Costa e Hornicek e \u00e9 guarda-redes do m\u00eas de mar\u00e7o\"}]},{\"@type\":\"WebSite\",\"@id\":\"https:\/\/portaltela.pt\/#website\",\"url\":\"https:\/\/portaltela.pt\/\",\"name\":\"Portal Tela Portugal\",\"description\":\"\",\"potentialAction\":[{\"@type\":\"SearchAction\",\"target\":{\"@type\":\"EntryPoint\",\"urlTemplate\":\"https:\/\/portaltela.pt\/?s={search_term_string}\"},\"query-input\":{\"@type\":\"PropertyValueSpecification\",\"valueRequired\":true,\"valueName\":\"search_term_string\"}}],\"inLanguage\":\"pt-PT\"},{\"@type\":\"Person\",\"@id\":\"https:\/\/portaltela.pt\/#\/schema\/person\/c4278d4a6028830caff9ee44b42d32ed\",\"name\":\"Telinha\",\"image\":{\"@type\":\"ImageObject\",\"inLanguage\":\"pt-PT\",\"@id\":\"https:\/\/portaltela.pt\/s.01k8rhncp4jt1\/2025\/11\/talking-bot-125x125.png\",\"url\":\"https:\/\/portaltela.pt\/s.01k8rhncp4jt1\/2025\/11\/talking-bot-125x125.png\",\"contentUrl\":\"https:\/\/portaltela.pt\/s.01k8rhncp4jt1\/2025\/11\/talking-bot-125x125.png\",\"caption\":\"Telinha\"},\"sameAs\":[\"https:\/\/portaltela.pt\/\"],\"url\":\"https:\/\/portaltela.pt\/por\/367410592786\/\"}]}<\/script>\n<!-- \/ Yoast SEO plugin. -->","yoast_head_json":{"title":"Carevic vence Diogo Costa e Hornicek e \u00e9 guarda-redes do m\u00eas de mar\u00e7o - Portal Tela Portugal","robots":{"index":"index","follow":"follow","max-snippet":"max-snippet:-1","max-image-preview":"max-image-preview:large","max-video-preview":"max-video-preview:-1"},"og_locale":"pt_PT","og_type":"article","og_title":"Carevic vence Diogo Costa e Hornicek e \u00e9 guarda-redes do m\u00eas de mar\u00e7o - Portal Tela Portugal","og_description":"Lazar Carevic, guarda-redes do Famalic\u00e3o, foi eleito guarda-redes do m\u00eas de mar\u00e7o pela Liga Portugal, recolhendo o galard\u00e3o pela segunda vez esta \u00e9poca. O montenegrino, de 27 anos, atuou como totalista em quatro jogos no m\u00eas, numa fase em que sofreu apenas um golo. Os encontros que ajudaram na conquista inclu\u00edram vit\u00f3rias frente a Arouca (1-0) e Vit\u00f3ria de Guimar\u00e3es (2-1), al\u00e9m de triunfo sobre Nacional (1-0) e um empate com o Rio Ave (0-0). Carevic obteve 28,72% dos votos dos treinadores, superando Diogo Costa (25,53%) e Hornicek (19,15%). O pr\u00e9mio refor\u00e7a a consist\u00eancia de Carevic ao longo da presente temporada no Famalic\u00e3o.","og_url":"https:\/\/portaltela.pt\/noticias\/2026\/04\/07\/carevic-vence-diogo-costa-e-hornicek-e-e-guarda-redes-do-mes-de-marco\/","og_site_name":"Portal Tela Portugal","article_published_time":"2026-04-07T12:47:03+00:00","author":"Telinha","twitter_card":"summary_large_image","twitter_misc":{"Escrito por":"Telinha","Tempo estimado de leitura":"1 minuto"},"schema":{"@context":"https:\/\/schema.org","@graph":[{"@type":"Article","@id":"https:\/\/portaltela.pt\/noticias\/2026\/04\/07\/carevic-vence-diogo-costa-e-hornicek-e-e-guarda-redes-do-mes-de-marco\/#article","isPartOf":{"@id":"https:\/\/portaltela.pt\/noticias\/2026\/04\/07\/carevic-vence-diogo-costa-e-hornicek-e-e-guarda-redes-do-mes-de-marco\/"},"author":{"name":"Telinha","@id":"https:\/\/portaltela.pt\/#\/schema\/person\/c4278d4a6028830caff9ee44b42d32ed"},"headline":"Carevic vence Diogo Costa e Hornicek e \u00e9 guarda-redes do m\u00eas de mar\u00e7o","datePublished":"2026-04-07T12:47:03+00:00","mainEntityOfPage":{"@id":"https:\/\/portaltela.pt\/noticias\/2026\/04\/07\/carevic-vence-diogo-costa-e-hornicek-e-e-guarda-redes-do-mes-de-marco\/"},"wordCount":176,"image":{"@id":"https:\/\/portaltela.pt\/noticias\/2026\/04\/07\/carevic-vence-diogo-costa-e-hornicek-e-e-guarda-redes-do-mes-de-marco\/#primaryimage"},"thumbnailUrl":"https:\/\/portaltela.pt\/s.01k8rhncp4jt1\/2026\/04\/image-14.webp","keywords":["_futebol","1. Liga","campeonato","desportivo","jogadores"],"articleSection":["Desporto","Futebol"],"inLanguage":"pt-PT"},{"@type":"WebPage","@id":"https:\/\/portaltela.pt\/noticias\/2026\/04\/07\/carevic-vence-diogo-costa-e-hornicek-e-e-guarda-redes-do-mes-de-marco\/","url":"https:\/\/portaltela.pt\/noticias\/2026\/04\/07\/carevic-vence-diogo-costa-e-hornicek-e-e-guarda-redes-do-mes-de-marco\/","name":"Carevic vence Diogo Costa e Hornicek e \u00e9 guarda-redes do m\u00eas de mar\u00e7o - Portal Tela Portugal","isPartOf":{"@id":"https:\/\/portaltela.pt\/#website"},"primaryImageOfPage":{"@id":"https:\/\/portaltela.pt\/noticias\/2026\/04\/07\/carevic-vence-diogo-costa-e-hornicek-e-e-guarda-redes-do-mes-de-marco\/#primaryimage"},"image":{"@id":"https:\/\/portaltela.pt\/noticias\/2026\/04\/07\/carevic-vence-diogo-costa-e-hornicek-e-e-guarda-redes-do-mes-de-marco\/#primaryimage"},"thumbnailUrl":"https:\/\/portaltela.pt\/s.01k8rhncp4jt1\/2026\/04\/image-14.webp","datePublished":"2026-04-07T12:47:03+00:00","author":{"@id":"https:\/\/portaltela.pt\/#\/schema\/person\/c4278d4a6028830caff9ee44b42d32ed"},"breadcrumb":{"@id":"https:\/\/portaltela.pt\/noticias\/2026\/04\/07\/carevic-vence-diogo-costa-e-hornicek-e-e-guarda-redes-do-mes-de-marco\/#breadcrumb"},"inLanguage":"pt-PT","potentialAction":[{"@type":"ReadAction","target":["https:\/\/portaltela.pt\/noticias\/2026\/04\/07\/carevic-vence-diogo-costa-e-hornicek-e-e-guarda-redes-do-mes-de-marco\/"]}]},{"@type":"ImageObject","inLanguage":"pt-PT","@id":"https:\/\/portaltela.pt\/noticias\/2026\/04\/07\/carevic-vence-diogo-costa-e-hornicek-e-e-guarda-redes-do-mes-de-marco\/#primaryimage","url":"https:\/\/portaltela.pt\/s.01k8rhncp4jt1\/2026\/04\/image-14.webp","contentUrl":"https:\/\/portaltela.pt\/s.01k8rhncp4jt1\/2026\/04\/image-14.webp","width":1200,"height":496,"caption":"Carevic tem sido uma das figuras do Famalic\u00e3o"},{"@type":"BreadcrumbList","@id":"https:\/\/portaltela.pt\/noticias\/2026\/04\/07\/carevic-vence-diogo-costa-e-hornicek-e-e-guarda-redes-do-mes-de-marco\/#breadcrumb","itemListElement":[{"@type":"ListItem","position":1,"name":"In\u00edcio","item":"https:\/\/portaltela.pt\/"},{"@type":"ListItem","position":2,"name":"Carevic vence Diogo Costa e Hornicek e \u00e9 guarda-redes do m\u00eas de mar\u00e7o"}]},{"@type":"WebSite","@id":"https:\/\/portaltela.pt\/#website","url":"https:\/\/portaltela.pt\/","name":"Portal Tela Portugal","description":"","potentialAction":[{"@type":"SearchAction","target":{"@type":"EntryPoint","urlTemplate":"https:\/\/portaltela.pt\/?s={search_term_string}"},"query-input":{"@type":"PropertyValueSpecification","valueRequired":true,"valueName":"search_term_string"}}],"inLanguage":"pt-PT"},{"@type":"Person","@id":"https:\/\/portaltela.pt\/#\/schema\/person\/c4278d4a6028830caff9ee44b42d32ed","name":"Telinha","image":{"@type":"ImageObject","inLanguage":"pt-PT","@id":"https:\/\/portaltela.pt\/s.01k8rhncp4jt1\/2025\/11\/talking-bot-125x125.png","url":"https:\/\/portaltela.pt\/s.01k8rhncp4jt1\/2025\/11\/talking-bot-125x125.png","contentUrl":"https:\/\/portaltela.pt\/s.01k8rhncp4jt1\/2025\/11\/talking-bot-125x125.png","caption":"Telinha"},"sameAs":["https:\/\/portaltela.pt\/"],"url":"https:\/\/portaltela.pt\/por\/367410592786\/"}]}},"_links":{"self":[{"href":"https:\/\/portaltela.pt\/api\/wp\/v2\/posts\/435311","targetHints":{"allow":["GET"]}}],"collection":[{"href":"https:\/\/portaltela.pt\/api\/wp\/v2\/posts"}],"about":[{"href":"https:\/\/portaltela.pt\/api\/wp\/v2\/types\/post"}],"author":[{"embeddable":true,"href":"https:\/\/portaltela.pt\/api\/wp\/v2\/users\/2"}],"replies":[{"embeddable":true,"href":"https:\/\/portaltela.pt\/api\/wp\/v2\/comments?post=435311"}],"version-history":[{"count":0,"href":"https:\/\/portaltela.pt\/api\/wp\/v2\/posts\/435311\/revisions"}],"wp:featuredmedia":[{"embeddable":true,"href":"https:\/\/portaltela.pt\/api\/wp\/v2\/media\/435314"}],"wp:attachment":[{"href":"https:\/\/portaltela.pt\/api\/wp\/v2\/media?parent=435311"}],"wp:term":[{"taxonomy":"category","embeddable":true,"href":"https:\/\/portaltela.pt\/api\/wp\/v2\/categories?post=435311"},{"taxonomy":"post_tag","embeddable":true,"href":"https:\/\/portaltela.pt\/api\/wp\/v2\/tags?post=435311"}],"curies":[{"name":"wp","href":"https:\/\/api.w.org\/{rel}","templated":true}]}}