{"id":435306,"date":"2026-04-07T09:46:57","date_gmt":"2026-04-07T12:46:57","guid":{"rendered":"https:\/\/portaltela.pt\/noticias\/2026\/04\/07\/camilo-lourenco-alerta-para-uso-indevido-de-nomes-proprios-em-burlas\/"},"modified":"2026-04-07T09:46:57","modified_gmt":"2026-04-07T12:46:57","slug":"camilo-lourenco-alerta-para-uso-indevido-de-nomes-proprios-em-burlas","status":"publish","type":"post","link":"https:\/\/portaltela.pt\/justica\/2026\/04\/07\/camilo-lourenco-alerta-para-uso-indevido-de-nomes-proprios-em-burlas\/","title":{"rendered":"Camilo Louren\u00e7o alerta para uso indevido de nomes pr\u00f3prios em burlas"},"content":{"rendered":"<p>Camilo Louren\u00e7o alertou para o uso de nomes pr\u00f3prios em burlas, um fen\u00f3meno que, segundo o comentador da CMTV, tem vindo a aumentar. O objetivo \u00e9 que a popula\u00e7\u00e3o denuncie \u00e0 Pol\u00edcia Judici\u00e1ria para facilitar a atua\u00e7\u00e3o das autoridades.<\/p>\n<p>O comentador explicou que o uso de nomes de pessoas conhecidas confere credibilidade \u00e0s burlas e pode dificultar a identifica\u00e7\u00e3o dos respons\u00e1veis. O alerta chega numa altura em que os relatos de golpes com este esquema proliferam.<\/p>\n<p>Louren\u00e7o pediu especial aten\u00e7\u00e3o aos dados pessoais partilhados com desconhecidos e recomendou validar informa\u00e7\u00f5es antes de agir ou partilhar dados. A den\u00fancia \u00e0s autoridades \u00e9 apresentada como ferramenta central para combater estas pr\u00e1ticas.<\/p>\n<h3>Alerta sobre nomes pr\u00f3prios<\/h3>\n<p>A mensagem \u00e9 clara: a preven\u00e7\u00e3o passa pela den\u00fancia \u00e0 Pol\u00edcia Judici\u00e1ria e pela verifica\u00e7\u00e3o rigorosa de qualquer informa\u00e7\u00e3o que envolva nomes pr\u00f3prios, sobretudo em situa\u00e7\u00f5es suspeitas.<\/p>\n","protected":false},"excerpt":{"rendered":"<ul>\n<li>Camilo Louren\u00e7o alertou para o uso de nomes pr\u00f3prios em burlas, que est\u00e3o a aumentar.<\/li>\n<li>As v\u00edtimas devem denunciar \u00e0 Pol\u00edcia Judici\u00e1ria para permitir investiga\u00e7\u00e3o e atua\u00e7\u00e3o das autoridades.<\/li>\n<li>O uso de nomes pr\u00f3prios pode gerar confus\u00e3o e dificultar a identifica\u00e7\u00e3o dos respons\u00e1veis, aumentando a credibilidade das burlas.<\/li>\n<li>Recomenda-se n\u00e3o fornecer informa\u00e7\u00f5es pessoais a desconhecidos e verificar a veracidade das informa\u00e7\u00f5es antes de agir.<\/li>\n<li>A den\u00fancia \u00e9 fundamental para combater redes criminosas e evitar preju\u00edzos financeiros e emocionais.<\/li>\n<\/ul>\n","protected":false},"author":2,"featured_media":435308,"comment_status":"closed","ping_status":"closed","sticky":false,"template":"","format":"standard","meta":{"footnotes":""},"categories":[6907,6815],"tags":[1469,6318,3775,1802,6641],"class_list":["post-435306","post","type-post","status-publish","format-standard","has-post-thumbnail","hentry","category-crime","category-justica","tag-desinformacao","tag-fraude","tag-fraudes","tag-policia-judiciaria","tag-protecao-de-dados"],"yoast_head":"<!-- This site is optimized with the Yoast SEO plugin v27.2 - https:\/\/yoast.com\/product\/yoast-seo-wordpress\/ -->\n<title>Camilo Louren\u00e7o alerta para uso indevido de nomes pr\u00f3prios em burlas - Portal Tela Portugal<\/title>\n<meta name=\"robots\" content=\"index, follow, max-snippet:-1, max-image-preview:large, max-video-preview:-1\" \/>\n<meta property=\"og:locale\" content=\"pt_PT\" \/>\n<meta property=\"og:type\" content=\"article\" \/>\n<meta property=\"og:title\" content=\"Camilo Louren\u00e7o alerta para uso indevido de nomes pr\u00f3prios em burlas - Portal Tela Portugal\" \/>\n<meta property=\"og:description\" content=\"Camilo Louren\u00e7o alertou para o uso de nomes pr\u00f3prios em burlas, que est\u00e3o a aumentar. As v\u00edtimas devem denunciar \u00e0 Pol\u00edcia Judici\u00e1ria para permitir investiga\u00e7\u00e3o e atua\u00e7\u00e3o das autoridades. O uso de nomes pr\u00f3prios pode gerar confus\u00e3o e dificultar a identifica\u00e7\u00e3o dos respons\u00e1veis, aumentando a credibilidade das burlas. Recomenda-se n\u00e3o fornecer informa\u00e7\u00f5es pessoais a desconhecidos e verificar a veracidade das informa\u00e7\u00f5es antes de agir. A den\u00fancia \u00e9 fundamental para combater redes criminosas e evitar preju\u00edzos financeiros e emocionais.\" \/>\n<meta property=\"og:url\" content=\"https:\/\/portaltela.pt\/noticias\/2026\/04\/07\/camilo-lourenco-alerta-para-uso-indevido-de-nomes-proprios-em-burlas\/\" \/>\n<meta property=\"og:site_name\" content=\"Portal Tela Portugal\" \/>\n<meta property=\"article:published_time\" content=\"2026-04-07T12:46:57+00:00\" \/>\n<meta name=\"author\" content=\"Telinha\" \/>\n<meta name=\"twitter:card\" content=\"summary_large_image\" \/>\n<meta name=\"twitter:label1\" content=\"Escrito por\" \/>\n\t<meta name=\"twitter:data1\" content=\"Telinha\" \/>\n\t<meta name=\"twitter:label2\" content=\"Tempo estimado de leitura\" \/>\n\t<meta name=\"twitter:data2\" content=\"1 minuto\" \/>\n<script type=\"application\/ld+json\" class=\"yoast-schema-graph\">{\"@context\":\"https:\/\/schema.org\",\"@graph\":[{\"@type\":\"Article\",\"@id\":\"https:\/\/portaltela.pt\/noticias\/2026\/04\/07\/camilo-lourenco-alerta-para-uso-indevido-de-nomes-proprios-em-burlas\/#article\",\"isPartOf\":{\"@id\":\"https:\/\/portaltela.pt\/noticias\/2026\/04\/07\/camilo-lourenco-alerta-para-uso-indevido-de-nomes-proprios-em-burlas\/\"},\"author\":{\"name\":\"Telinha\",\"@id\":\"https:\/\/portaltela.pt\/#\/schema\/person\/c4278d4a6028830caff9ee44b42d32ed\"},\"headline\":\"Camilo Louren\u00e7o alerta para uso indevido de nomes pr\u00f3prios em burlas\",\"datePublished\":\"2026-04-07T12:46:57+00:00\",\"mainEntityOfPage\":{\"@id\":\"https:\/\/portaltela.pt\/noticias\/2026\/04\/07\/camilo-lourenco-alerta-para-uso-indevido-de-nomes-proprios-em-burlas\/\"},\"wordCount\":171,\"image\":{\"@id\":\"https:\/\/portaltela.pt\/noticias\/2026\/04\/07\/camilo-lourenco-alerta-para-uso-indevido-de-nomes-proprios-em-burlas\/#primaryimage\"},\"thumbnailUrl\":\"https:\/\/portaltela.pt\/s.01k8rhncp4jt1\/2026\/04\/img_1280x722uu2026-04-07-13-41-11-2277047.jpg\",\"keywords\":[\"desinforma\u00e7\u00e3o\",\"fraude\",\"fraudes\",\"Pol\u00edcia Judici\u00e1ria\",\"prote\u00e7\u00e3o de dados\"],\"articleSection\":[\"Crime\",\"Justi\u00e7a\"],\"inLanguage\":\"pt-PT\"},{\"@type\":\"WebPage\",\"@id\":\"https:\/\/portaltela.pt\/noticias\/2026\/04\/07\/camilo-lourenco-alerta-para-uso-indevido-de-nomes-proprios-em-burlas\/\",\"url\":\"https:\/\/portaltela.pt\/noticias\/2026\/04\/07\/camilo-lourenco-alerta-para-uso-indevido-de-nomes-proprios-em-burlas\/\",\"name\":\"Camilo Louren\u00e7o alerta para uso indevido de nomes pr\u00f3prios em burlas - Portal Tela Portugal\",\"isPartOf\":{\"@id\":\"https:\/\/portaltela.pt\/#website\"},\"primaryImageOfPage\":{\"@id\":\"https:\/\/portaltela.pt\/noticias\/2026\/04\/07\/camilo-lourenco-alerta-para-uso-indevido-de-nomes-proprios-em-burlas\/#primaryimage\"},\"image\":{\"@id\":\"https:\/\/portaltela.pt\/noticias\/2026\/04\/07\/camilo-lourenco-alerta-para-uso-indevido-de-nomes-proprios-em-burlas\/#primaryimage\"},\"thumbnailUrl\":\"https:\/\/portaltela.pt\/s.01k8rhncp4jt1\/2026\/04\/img_1280x722uu2026-04-07-13-41-11-2277047.jpg\",\"datePublished\":\"2026-04-07T12:46:57+00:00\",\"author\":{\"@id\":\"https:\/\/portaltela.pt\/#\/schema\/person\/c4278d4a6028830caff9ee44b42d32ed\"},\"breadcrumb\":{\"@id\":\"https:\/\/portaltela.pt\/noticias\/2026\/04\/07\/camilo-lourenco-alerta-para-uso-indevido-de-nomes-proprios-em-burlas\/#breadcrumb\"},\"inLanguage\":\"pt-PT\",\"potentialAction\":[{\"@type\":\"ReadAction\",\"target\":[\"https:\/\/portaltela.pt\/noticias\/2026\/04\/07\/camilo-lourenco-alerta-para-uso-indevido-de-nomes-proprios-em-burlas\/\"]}]},{\"@type\":\"ImageObject\",\"inLanguage\":\"pt-PT\",\"@id\":\"https:\/\/portaltela.pt\/noticias\/2026\/04\/07\/camilo-lourenco-alerta-para-uso-indevido-de-nomes-proprios-em-burlas\/#primaryimage\",\"url\":\"https:\/\/portaltela.pt\/s.01k8rhncp4jt1\/2026\/04\/img_1280x722uu2026-04-07-13-41-11-2277047.jpg\",\"contentUrl\":\"https:\/\/portaltela.pt\/s.01k8rhncp4jt1\/2026\/04\/img_1280x722uu2026-04-07-13-41-11-2277047.jpg\",\"width\":796,\"height\":448,\"caption\":\"Photo\"},{\"@type\":\"BreadcrumbList\",\"@id\":\"https:\/\/portaltela.pt\/noticias\/2026\/04\/07\/camilo-lourenco-alerta-para-uso-indevido-de-nomes-proprios-em-burlas\/#breadcrumb\",\"itemListElement\":[{\"@type\":\"ListItem\",\"position\":1,\"name\":\"In\u00edcio\",\"item\":\"https:\/\/portaltela.pt\/\"},{\"@type\":\"ListItem\",\"position\":2,\"name\":\"Camilo Louren\u00e7o alerta para uso indevido de nomes pr\u00f3prios em burlas\"}]},{\"@type\":\"WebSite\",\"@id\":\"https:\/\/portaltela.pt\/#website\",\"url\":\"https:\/\/portaltela.pt\/\",\"name\":\"Portal Tela Portugal\",\"description\":\"\",\"potentialAction\":[{\"@type\":\"SearchAction\",\"target\":{\"@type\":\"EntryPoint\",\"urlTemplate\":\"https:\/\/portaltela.pt\/?s={search_term_string}\"},\"query-input\":{\"@type\":\"PropertyValueSpecification\",\"valueRequired\":true,\"valueName\":\"search_term_string\"}}],\"inLanguage\":\"pt-PT\"},{\"@type\":\"Person\",\"@id\":\"https:\/\/portaltela.pt\/#\/schema\/person\/c4278d4a6028830caff9ee44b42d32ed\",\"name\":\"Telinha\",\"image\":{\"@type\":\"ImageObject\",\"inLanguage\":\"pt-PT\",\"@id\":\"https:\/\/portaltela.pt\/s.01k8rhncp4jt1\/2025\/11\/talking-bot-125x125.png\",\"url\":\"https:\/\/portaltela.pt\/s.01k8rhncp4jt1\/2025\/11\/talking-bot-125x125.png\",\"contentUrl\":\"https:\/\/portaltela.pt\/s.01k8rhncp4jt1\/2025\/11\/talking-bot-125x125.png\",\"caption\":\"Telinha\"},\"sameAs\":[\"https:\/\/portaltela.pt\/\"],\"url\":\"https:\/\/portaltela.pt\/por\/367410592786\/\"}]}<\/script>\n<!-- \/ Yoast SEO plugin. -->","yoast_head_json":{"title":"Camilo Louren\u00e7o alerta para uso indevido de nomes pr\u00f3prios em burlas - Portal Tela Portugal","robots":{"index":"index","follow":"follow","max-snippet":"max-snippet:-1","max-image-preview":"max-image-preview:large","max-video-preview":"max-video-preview:-1"},"og_locale":"pt_PT","og_type":"article","og_title":"Camilo Louren\u00e7o alerta para uso indevido de nomes pr\u00f3prios em burlas - Portal Tela Portugal","og_description":"Camilo Louren\u00e7o alertou para o uso de nomes pr\u00f3prios em burlas, que est\u00e3o a aumentar. As v\u00edtimas devem denunciar \u00e0 Pol\u00edcia Judici\u00e1ria para permitir investiga\u00e7\u00e3o e atua\u00e7\u00e3o das autoridades. O uso de nomes pr\u00f3prios pode gerar confus\u00e3o e dificultar a identifica\u00e7\u00e3o dos respons\u00e1veis, aumentando a credibilidade das burlas. Recomenda-se n\u00e3o fornecer informa\u00e7\u00f5es pessoais a desconhecidos e verificar a veracidade das informa\u00e7\u00f5es antes de agir. A den\u00fancia \u00e9 fundamental para combater redes criminosas e evitar preju\u00edzos financeiros e emocionais.","og_url":"https:\/\/portaltela.pt\/noticias\/2026\/04\/07\/camilo-lourenco-alerta-para-uso-indevido-de-nomes-proprios-em-burlas\/","og_site_name":"Portal Tela Portugal","article_published_time":"2026-04-07T12:46:57+00:00","author":"Telinha","twitter_card":"summary_large_image","twitter_misc":{"Escrito por":"Telinha","Tempo estimado de leitura":"1 minuto"},"schema":{"@context":"https:\/\/schema.org","@graph":[{"@type":"Article","@id":"https:\/\/portaltela.pt\/noticias\/2026\/04\/07\/camilo-lourenco-alerta-para-uso-indevido-de-nomes-proprios-em-burlas\/#article","isPartOf":{"@id":"https:\/\/portaltela.pt\/noticias\/2026\/04\/07\/camilo-lourenco-alerta-para-uso-indevido-de-nomes-proprios-em-burlas\/"},"author":{"name":"Telinha","@id":"https:\/\/portaltela.pt\/#\/schema\/person\/c4278d4a6028830caff9ee44b42d32ed"},"headline":"Camilo Louren\u00e7o alerta para uso indevido de nomes pr\u00f3prios em burlas","datePublished":"2026-04-07T12:46:57+00:00","mainEntityOfPage":{"@id":"https:\/\/portaltela.pt\/noticias\/2026\/04\/07\/camilo-lourenco-alerta-para-uso-indevido-de-nomes-proprios-em-burlas\/"},"wordCount":171,"image":{"@id":"https:\/\/portaltela.pt\/noticias\/2026\/04\/07\/camilo-lourenco-alerta-para-uso-indevido-de-nomes-proprios-em-burlas\/#primaryimage"},"thumbnailUrl":"https:\/\/portaltela.pt\/s.01k8rhncp4jt1\/2026\/04\/img_1280x722uu2026-04-07-13-41-11-2277047.jpg","keywords":["desinforma\u00e7\u00e3o","fraude","fraudes","Pol\u00edcia Judici\u00e1ria","prote\u00e7\u00e3o de dados"],"articleSection":["Crime","Justi\u00e7a"],"inLanguage":"pt-PT"},{"@type":"WebPage","@id":"https:\/\/portaltela.pt\/noticias\/2026\/04\/07\/camilo-lourenco-alerta-para-uso-indevido-de-nomes-proprios-em-burlas\/","url":"https:\/\/portaltela.pt\/noticias\/2026\/04\/07\/camilo-lourenco-alerta-para-uso-indevido-de-nomes-proprios-em-burlas\/","name":"Camilo Louren\u00e7o alerta para uso indevido de nomes pr\u00f3prios em burlas - Portal Tela Portugal","isPartOf":{"@id":"https:\/\/portaltela.pt\/#website"},"primaryImageOfPage":{"@id":"https:\/\/portaltela.pt\/noticias\/2026\/04\/07\/camilo-lourenco-alerta-para-uso-indevido-de-nomes-proprios-em-burlas\/#primaryimage"},"image":{"@id":"https:\/\/portaltela.pt\/noticias\/2026\/04\/07\/camilo-lourenco-alerta-para-uso-indevido-de-nomes-proprios-em-burlas\/#primaryimage"},"thumbnailUrl":"https:\/\/portaltela.pt\/s.01k8rhncp4jt1\/2026\/04\/img_1280x722uu2026-04-07-13-41-11-2277047.jpg","datePublished":"2026-04-07T12:46:57+00:00","author":{"@id":"https:\/\/portaltela.pt\/#\/schema\/person\/c4278d4a6028830caff9ee44b42d32ed"},"breadcrumb":{"@id":"https:\/\/portaltela.pt\/noticias\/2026\/04\/07\/camilo-lourenco-alerta-para-uso-indevido-de-nomes-proprios-em-burlas\/#breadcrumb"},"inLanguage":"pt-PT","potentialAction":[{"@type":"ReadAction","target":["https:\/\/portaltela.pt\/noticias\/2026\/04\/07\/camilo-lourenco-alerta-para-uso-indevido-de-nomes-proprios-em-burlas\/"]}]},{"@type":"ImageObject","inLanguage":"pt-PT","@id":"https:\/\/portaltela.pt\/noticias\/2026\/04\/07\/camilo-lourenco-alerta-para-uso-indevido-de-nomes-proprios-em-burlas\/#primaryimage","url":"https:\/\/portaltela.pt\/s.01k8rhncp4jt1\/2026\/04\/img_1280x722uu2026-04-07-13-41-11-2277047.jpg","contentUrl":"https:\/\/portaltela.pt\/s.01k8rhncp4jt1\/2026\/04\/img_1280x722uu2026-04-07-13-41-11-2277047.jpg","width":796,"height":448,"caption":"Photo"},{"@type":"BreadcrumbList","@id":"https:\/\/portaltela.pt\/noticias\/2026\/04\/07\/camilo-lourenco-alerta-para-uso-indevido-de-nomes-proprios-em-burlas\/#breadcrumb","itemListElement":[{"@type":"ListItem","position":1,"name":"In\u00edcio","item":"https:\/\/portaltela.pt\/"},{"@type":"ListItem","position":2,"name":"Camilo Louren\u00e7o alerta para uso indevido de nomes pr\u00f3prios em burlas"}]},{"@type":"WebSite","@id":"https:\/\/portaltela.pt\/#website","url":"https:\/\/portaltela.pt\/","name":"Portal Tela Portugal","description":"","potentialAction":[{"@type":"SearchAction","target":{"@type":"EntryPoint","urlTemplate":"https:\/\/portaltela.pt\/?s={search_term_string}"},"query-input":{"@type":"PropertyValueSpecification","valueRequired":true,"valueName":"search_term_string"}}],"inLanguage":"pt-PT"},{"@type":"Person","@id":"https:\/\/portaltela.pt\/#\/schema\/person\/c4278d4a6028830caff9ee44b42d32ed","name":"Telinha","image":{"@type":"ImageObject","inLanguage":"pt-PT","@id":"https:\/\/portaltela.pt\/s.01k8rhncp4jt1\/2025\/11\/talking-bot-125x125.png","url":"https:\/\/portaltela.pt\/s.01k8rhncp4jt1\/2025\/11\/talking-bot-125x125.png","contentUrl":"https:\/\/portaltela.pt\/s.01k8rhncp4jt1\/2025\/11\/talking-bot-125x125.png","caption":"Telinha"},"sameAs":["https:\/\/portaltela.pt\/"],"url":"https:\/\/portaltela.pt\/por\/367410592786\/"}]}},"_links":{"self":[{"href":"https:\/\/portaltela.pt\/api\/wp\/v2\/posts\/435306","targetHints":{"allow":["GET"]}}],"collection":[{"href":"https:\/\/portaltela.pt\/api\/wp\/v2\/posts"}],"about":[{"href":"https:\/\/portaltela.pt\/api\/wp\/v2\/types\/post"}],"author":[{"embeddable":true,"href":"https:\/\/portaltela.pt\/api\/wp\/v2\/users\/2"}],"replies":[{"embeddable":true,"href":"https:\/\/portaltela.pt\/api\/wp\/v2\/comments?post=435306"}],"version-history":[{"count":0,"href":"https:\/\/portaltela.pt\/api\/wp\/v2\/posts\/435306\/revisions"}],"wp:featuredmedia":[{"embeddable":true,"href":"https:\/\/portaltela.pt\/api\/wp\/v2\/media\/435308"}],"wp:attachment":[{"href":"https:\/\/portaltela.pt\/api\/wp\/v2\/media?parent=435306"}],"wp:term":[{"taxonomy":"category","embeddable":true,"href":"https:\/\/portaltela.pt\/api\/wp\/v2\/categories?post=435306"},{"taxonomy":"post_tag","embeddable":true,"href":"https:\/\/portaltela.pt\/api\/wp\/v2\/tags?post=435306"}],"curies":[{"name":"wp","href":"https:\/\/api.w.org\/{rel}","templated":true}]}}