{"id":435219,"date":"2026-04-07T08:17:14","date_gmt":"2026-04-07T11:17:14","guid":{"rendered":"https:\/\/portaltela.pt\/noticias\/2026\/04\/07\/ps-apresenta-lista-propria-ao-conselho-de-estado-com-cesar-e-sem-carneiro\/"},"modified":"2026-04-07T08:17:14","modified_gmt":"2026-04-07T11:17:14","slug":"ps-apresenta-lista-propria-ao-conselho-de-estado-com-cesar-e-sem-carneiro","status":"publish","type":"post","link":"https:\/\/portaltela.pt\/noticias\/politica\/2026\/04\/07\/ps-apresenta-lista-propria-ao-conselho-de-estado-com-cesar-e-sem-carneiro\/","title":{"rendered":"PS apresenta lista pr\u00f3pria ao Conselho de Estado com C\u00e9sar e sem Carneiro"},"content":{"rendered":"<p>O PS anunciou que vai apresentar uma lista pr\u00f3pria ao Conselho de Estado, liderada pelo presidente do partido, Carlos C\u00e9sar, e sem o secret\u00e1rio-geral Jos\u00e9 Lu\u00eds Carneiro. A elei\u00e7\u00e3o decorre na Assembleia da Rep\u00fablica, por voto secreto, no quadro do m\u00e9todo de Hondt.<\/p>\n<p>Segundo o Grupo Parlamentar do PS, houve um entendimento pol\u00edtico global com o GPPSD sobre a composi\u00e7\u00e3o das listas dos \u00f3rg\u00e3os externos a eleger pela AR. O PS mant\u00e9m, por\u00e9m, a sua lista pr\u00f3pria ao Conselho de Estado.<\/p>\n<p>A lista socialista \u00e9 encabe\u00e7ada por Carlos C\u00e9sar e inclui Francisca Van Dunem, Alexandre Quintanilha, Edite Estrela e Alberto Arons de Carvalho, em posi\u00e7\u00e3o parit\u00e1ria ap\u00f3s o cabe\u00e7alho. A elei\u00e7\u00e3o destina-se a eleger cinco nomes pela AR.<\/p>\n<p>A elei\u00e7\u00e3o est\u00e1 marcada para 16 de abril, com vota\u00e7\u00f5es secretas e aplica\u00e7\u00e3o do princ\u00edpio de representa\u00e7\u00e3o proporcional. O processo acontece ap\u00f3s meses de adiamentos, que se deveram a quest\u00f5es relacionadas com o Tribunal Constitucional.<\/p>\n<p>Historicamente, h\u00e1 dois anos houve uma lista conjunta de PSD, PS e Chega, com o PS a indicar Pedro Nuno Santos e Carlos C\u00e9sar, enquanto o Chega indicou Andr\u00e9 Ventura. O PSD prop\u00f4s Carlos Moedas e Francisco Pinto Balsem\u00e3o, falecido em outubro do ano passado.<\/p>\n<p>A confer\u00eancia de l\u00edderes definiu as elei\u00e7\u00f5es dos \u00f3rg\u00e3os externos para 16 de abril, ap\u00f3s os adiamentos ligados ao TC. A data foi apresentada como compromisso definitivo, considerando ainda a agenda do primeiro Conselho de Estado do novo presidente da Rep\u00fablica, Ant\u00f3nio Jos\u00e9 Seguro, para 17 de abril.<\/p>\n","protected":false},"excerpt":{"rendered":"<ul>\n<li>O PS anunciou uma lista pr\u00f3pria ao Conselho de Estado, encabe\u00e7ada por Carlos C\u00e9sar, sem incluir o secret\u00e1rio-geral Jos\u00e9 Lu\u00eds Carneiro.<\/li>\n<li>A lista \u00e9 parit\u00e1ria, com Francisca Van Dunem, Alexandre Quintanilha, Edite Estrela e Alberto Arons de Carvalho a segui-la.<\/li>\n<li>A elei\u00e7\u00e3o, por voto secreto e com m\u00e9todo de Hondt, est\u00e1 marcada para 16 de abril.<\/li>\n<li>A iniciativa ocorre no \u00e2mbito de um acordo pol\u00edtico global entre o PS e o PPD\/PSD para as listas dos \u00f3rg\u00e3os externos a eleger pela Assembleia da Rep\u00fablica.<\/li>\n<li>Em 2021, PSD, PS e Chega j\u00e1 tinham apresentado listas conjuntas para o Conselho de Estado; o contexto atual sucede ap\u00f3s adiamentos devido ao Tribunal Constitucional.<\/li>\n<\/ul>\n","protected":false},"author":2,"featured_media":435222,"comment_status":"closed","ping_status":"closed","sticky":false,"template":"","format":"standard","meta":{"footnotes":""},"categories":[1,5],"tags":[4211,6340,68,34,2832,30],"class_list":["post-435219","post","type-post","status-publish","format-standard","has-post-thumbnail","hentry","category-noticias","category-politica","tag-assembleia-nacional","tag-conselho-nacional","tag-eleicoes","tag-governo","tag-politica","tag-presidente"],"yoast_head":"<!-- This site is optimized with the Yoast SEO plugin v27.2 - https:\/\/yoast.com\/product\/yoast-seo-wordpress\/ -->\n<title>PS apresenta lista pr\u00f3pria ao Conselho de Estado com C\u00e9sar e sem Carneiro - Portal Tela Portugal<\/title>\n<meta name=\"robots\" content=\"index, follow, max-snippet:-1, max-image-preview:large, max-video-preview:-1\" \/>\n<meta property=\"og:locale\" content=\"pt_PT\" \/>\n<meta property=\"og:type\" content=\"article\" \/>\n<meta property=\"og:title\" content=\"PS apresenta lista pr\u00f3pria ao Conselho de Estado com C\u00e9sar e sem Carneiro - Portal Tela Portugal\" \/>\n<meta property=\"og:description\" content=\"O PS anunciou uma lista pr\u00f3pria ao Conselho de Estado, encabe\u00e7ada por Carlos C\u00e9sar, sem incluir o secret\u00e1rio-geral Jos\u00e9 Lu\u00eds Carneiro. A lista \u00e9 parit\u00e1ria, com Francisca Van Dunem, Alexandre Quintanilha, Edite Estrela e Alberto Arons de Carvalho a segui-la. A elei\u00e7\u00e3o, por voto secreto e com m\u00e9todo de Hondt, est\u00e1 marcada para 16 de abril. A iniciativa ocorre no \u00e2mbito de um acordo pol\u00edtico global entre o PS e o PPD\/PSD para as listas dos \u00f3rg\u00e3os externos a eleger pela Assembleia da Rep\u00fablica. Em 2021, PSD, PS e Chega j\u00e1 tinham apresentado listas conjuntas para o Conselho de Estado; o contexto atual sucede ap\u00f3s adiamentos devido ao Tribunal Constitucional.\" \/>\n<meta property=\"og:url\" content=\"https:\/\/portaltela.pt\/noticias\/2026\/04\/07\/ps-apresenta-lista-propria-ao-conselho-de-estado-com-cesar-e-sem-carneiro\/\" \/>\n<meta property=\"og:site_name\" content=\"Portal Tela Portugal\" \/>\n<meta property=\"article:published_time\" content=\"2026-04-07T11:17:14+00:00\" \/>\n<meta name=\"author\" content=\"Telinha\" \/>\n<meta name=\"twitter:card\" content=\"summary_large_image\" \/>\n<meta name=\"twitter:label1\" content=\"Escrito por\" \/>\n\t<meta name=\"twitter:data1\" content=\"Telinha\" \/>\n\t<meta name=\"twitter:label2\" content=\"Tempo estimado de leitura\" \/>\n\t<meta name=\"twitter:data2\" content=\"1 minuto\" \/>\n<script type=\"application\/ld+json\" class=\"yoast-schema-graph\">{\"@context\":\"https:\/\/schema.org\",\"@graph\":[{\"@type\":\"Article\",\"@id\":\"https:\/\/portaltela.pt\/noticias\/2026\/04\/07\/ps-apresenta-lista-propria-ao-conselho-de-estado-com-cesar-e-sem-carneiro\/#article\",\"isPartOf\":{\"@id\":\"https:\/\/portaltela.pt\/noticias\/2026\/04\/07\/ps-apresenta-lista-propria-ao-conselho-de-estado-com-cesar-e-sem-carneiro\/\"},\"author\":{\"name\":\"Telinha\",\"@id\":\"https:\/\/portaltela.pt\/#\/schema\/person\/c4278d4a6028830caff9ee44b42d32ed\"},\"headline\":\"PS apresenta lista pr\u00f3pria ao Conselho de Estado com C\u00e9sar e sem Carneiro\",\"datePublished\":\"2026-04-07T11:17:14+00:00\",\"mainEntityOfPage\":{\"@id\":\"https:\/\/portaltela.pt\/noticias\/2026\/04\/07\/ps-apresenta-lista-propria-ao-conselho-de-estado-com-cesar-e-sem-carneiro\/\"},\"wordCount\":294,\"image\":{\"@id\":\"https:\/\/portaltela.pt\/noticias\/2026\/04\/07\/ps-apresenta-lista-propria-ao-conselho-de-estado-com-cesar-e-sem-carneiro\/#primaryimage\"},\"thumbnailUrl\":\"https:\/\/portaltela.pt\/s.01k8rhncp4jt1\/2026\/04\/image-367.jpg\",\"keywords\":[\"Assembleia Nacional\",\"Conselho Nacional\",\"elei\u00e7\u00f5es\",\"governo\",\"pol\u00edtica\",\"presidente\"],\"articleSection\":[\"Not\u00edcias\",\"Pol\u00edtica\"],\"inLanguage\":\"pt-PT\"},{\"@type\":\"WebPage\",\"@id\":\"https:\/\/portaltela.pt\/noticias\/2026\/04\/07\/ps-apresenta-lista-propria-ao-conselho-de-estado-com-cesar-e-sem-carneiro\/\",\"url\":\"https:\/\/portaltela.pt\/noticias\/2026\/04\/07\/ps-apresenta-lista-propria-ao-conselho-de-estado-com-cesar-e-sem-carneiro\/\",\"name\":\"PS apresenta lista pr\u00f3pria ao Conselho de Estado com C\u00e9sar e sem Carneiro - Portal Tela Portugal\",\"isPartOf\":{\"@id\":\"https:\/\/portaltela.pt\/#website\"},\"primaryImageOfPage\":{\"@id\":\"https:\/\/portaltela.pt\/noticias\/2026\/04\/07\/ps-apresenta-lista-propria-ao-conselho-de-estado-com-cesar-e-sem-carneiro\/#primaryimage\"},\"image\":{\"@id\":\"https:\/\/portaltela.pt\/noticias\/2026\/04\/07\/ps-apresenta-lista-propria-ao-conselho-de-estado-com-cesar-e-sem-carneiro\/#primaryimage\"},\"thumbnailUrl\":\"https:\/\/portaltela.pt\/s.01k8rhncp4jt1\/2026\/04\/image-367.jpg\",\"datePublished\":\"2026-04-07T11:17:14+00:00\",\"author\":{\"@id\":\"https:\/\/portaltela.pt\/#\/schema\/person\/c4278d4a6028830caff9ee44b42d32ed\"},\"breadcrumb\":{\"@id\":\"https:\/\/portaltela.pt\/noticias\/2026\/04\/07\/ps-apresenta-lista-propria-ao-conselho-de-estado-com-cesar-e-sem-carneiro\/#breadcrumb\"},\"inLanguage\":\"pt-PT\",\"potentialAction\":[{\"@type\":\"ReadAction\",\"target\":[\"https:\/\/portaltela.pt\/noticias\/2026\/04\/07\/ps-apresenta-lista-propria-ao-conselho-de-estado-com-cesar-e-sem-carneiro\/\"]}]},{\"@type\":\"ImageObject\",\"inLanguage\":\"pt-PT\",\"@id\":\"https:\/\/portaltela.pt\/noticias\/2026\/04\/07\/ps-apresenta-lista-propria-ao-conselho-de-estado-com-cesar-e-sem-carneiro\/#primaryimage\",\"url\":\"https:\/\/portaltela.pt\/s.01k8rhncp4jt1\/2026\/04\/image-367.jpg\",\"contentUrl\":\"https:\/\/portaltela.pt\/s.01k8rhncp4jt1\/2026\/04\/image-367.jpg\",\"width\":796,\"height\":448,\"caption\":\"O presidente do PS, Carlos C\u00e9sar\"},{\"@type\":\"BreadcrumbList\",\"@id\":\"https:\/\/portaltela.pt\/noticias\/2026\/04\/07\/ps-apresenta-lista-propria-ao-conselho-de-estado-com-cesar-e-sem-carneiro\/#breadcrumb\",\"itemListElement\":[{\"@type\":\"ListItem\",\"position\":1,\"name\":\"In\u00edcio\",\"item\":\"https:\/\/portaltela.pt\/\"},{\"@type\":\"ListItem\",\"position\":2,\"name\":\"PS apresenta lista pr\u00f3pria ao Conselho de Estado com C\u00e9sar e sem Carneiro\"}]},{\"@type\":\"WebSite\",\"@id\":\"https:\/\/portaltela.pt\/#website\",\"url\":\"https:\/\/portaltela.pt\/\",\"name\":\"Portal Tela Portugal\",\"description\":\"\",\"potentialAction\":[{\"@type\":\"SearchAction\",\"target\":{\"@type\":\"EntryPoint\",\"urlTemplate\":\"https:\/\/portaltela.pt\/?s={search_term_string}\"},\"query-input\":{\"@type\":\"PropertyValueSpecification\",\"valueRequired\":true,\"valueName\":\"search_term_string\"}}],\"inLanguage\":\"pt-PT\"},{\"@type\":\"Person\",\"@id\":\"https:\/\/portaltela.pt\/#\/schema\/person\/c4278d4a6028830caff9ee44b42d32ed\",\"name\":\"Telinha\",\"image\":{\"@type\":\"ImageObject\",\"inLanguage\":\"pt-PT\",\"@id\":\"https:\/\/portaltela.pt\/s.01k8rhncp4jt1\/2025\/11\/talking-bot-125x125.png\",\"url\":\"https:\/\/portaltela.pt\/s.01k8rhncp4jt1\/2025\/11\/talking-bot-125x125.png\",\"contentUrl\":\"https:\/\/portaltela.pt\/s.01k8rhncp4jt1\/2025\/11\/talking-bot-125x125.png\",\"caption\":\"Telinha\"},\"sameAs\":[\"https:\/\/portaltela.pt\/\"],\"url\":\"https:\/\/portaltela.pt\/por\/367410592786\/\"}]}<\/script>\n<!-- \/ Yoast SEO plugin. -->","yoast_head_json":{"title":"PS apresenta lista pr\u00f3pria ao Conselho de Estado com C\u00e9sar e sem Carneiro - Portal Tela Portugal","robots":{"index":"index","follow":"follow","max-snippet":"max-snippet:-1","max-image-preview":"max-image-preview:large","max-video-preview":"max-video-preview:-1"},"og_locale":"pt_PT","og_type":"article","og_title":"PS apresenta lista pr\u00f3pria ao Conselho de Estado com C\u00e9sar e sem Carneiro - Portal Tela Portugal","og_description":"O PS anunciou uma lista pr\u00f3pria ao Conselho de Estado, encabe\u00e7ada por Carlos C\u00e9sar, sem incluir o secret\u00e1rio-geral Jos\u00e9 Lu\u00eds Carneiro. A lista \u00e9 parit\u00e1ria, com Francisca Van Dunem, Alexandre Quintanilha, Edite Estrela e Alberto Arons de Carvalho a segui-la. A elei\u00e7\u00e3o, por voto secreto e com m\u00e9todo de Hondt, est\u00e1 marcada para 16 de abril. A iniciativa ocorre no \u00e2mbito de um acordo pol\u00edtico global entre o PS e o PPD\/PSD para as listas dos \u00f3rg\u00e3os externos a eleger pela Assembleia da Rep\u00fablica. Em 2021, PSD, PS e Chega j\u00e1 tinham apresentado listas conjuntas para o Conselho de Estado; o contexto atual sucede ap\u00f3s adiamentos devido ao Tribunal Constitucional.","og_url":"https:\/\/portaltela.pt\/noticias\/2026\/04\/07\/ps-apresenta-lista-propria-ao-conselho-de-estado-com-cesar-e-sem-carneiro\/","og_site_name":"Portal Tela Portugal","article_published_time":"2026-04-07T11:17:14+00:00","author":"Telinha","twitter_card":"summary_large_image","twitter_misc":{"Escrito por":"Telinha","Tempo estimado de leitura":"1 minuto"},"schema":{"@context":"https:\/\/schema.org","@graph":[{"@type":"Article","@id":"https:\/\/portaltela.pt\/noticias\/2026\/04\/07\/ps-apresenta-lista-propria-ao-conselho-de-estado-com-cesar-e-sem-carneiro\/#article","isPartOf":{"@id":"https:\/\/portaltela.pt\/noticias\/2026\/04\/07\/ps-apresenta-lista-propria-ao-conselho-de-estado-com-cesar-e-sem-carneiro\/"},"author":{"name":"Telinha","@id":"https:\/\/portaltela.pt\/#\/schema\/person\/c4278d4a6028830caff9ee44b42d32ed"},"headline":"PS apresenta lista pr\u00f3pria ao Conselho de Estado com C\u00e9sar e sem Carneiro","datePublished":"2026-04-07T11:17:14+00:00","mainEntityOfPage":{"@id":"https:\/\/portaltela.pt\/noticias\/2026\/04\/07\/ps-apresenta-lista-propria-ao-conselho-de-estado-com-cesar-e-sem-carneiro\/"},"wordCount":294,"image":{"@id":"https:\/\/portaltela.pt\/noticias\/2026\/04\/07\/ps-apresenta-lista-propria-ao-conselho-de-estado-com-cesar-e-sem-carneiro\/#primaryimage"},"thumbnailUrl":"https:\/\/portaltela.pt\/s.01k8rhncp4jt1\/2026\/04\/image-367.jpg","keywords":["Assembleia Nacional","Conselho Nacional","elei\u00e7\u00f5es","governo","pol\u00edtica","presidente"],"articleSection":["Not\u00edcias","Pol\u00edtica"],"inLanguage":"pt-PT"},{"@type":"WebPage","@id":"https:\/\/portaltela.pt\/noticias\/2026\/04\/07\/ps-apresenta-lista-propria-ao-conselho-de-estado-com-cesar-e-sem-carneiro\/","url":"https:\/\/portaltela.pt\/noticias\/2026\/04\/07\/ps-apresenta-lista-propria-ao-conselho-de-estado-com-cesar-e-sem-carneiro\/","name":"PS apresenta lista pr\u00f3pria ao Conselho de Estado com C\u00e9sar e sem Carneiro - Portal Tela Portugal","isPartOf":{"@id":"https:\/\/portaltela.pt\/#website"},"primaryImageOfPage":{"@id":"https:\/\/portaltela.pt\/noticias\/2026\/04\/07\/ps-apresenta-lista-propria-ao-conselho-de-estado-com-cesar-e-sem-carneiro\/#primaryimage"},"image":{"@id":"https:\/\/portaltela.pt\/noticias\/2026\/04\/07\/ps-apresenta-lista-propria-ao-conselho-de-estado-com-cesar-e-sem-carneiro\/#primaryimage"},"thumbnailUrl":"https:\/\/portaltela.pt\/s.01k8rhncp4jt1\/2026\/04\/image-367.jpg","datePublished":"2026-04-07T11:17:14+00:00","author":{"@id":"https:\/\/portaltela.pt\/#\/schema\/person\/c4278d4a6028830caff9ee44b42d32ed"},"breadcrumb":{"@id":"https:\/\/portaltela.pt\/noticias\/2026\/04\/07\/ps-apresenta-lista-propria-ao-conselho-de-estado-com-cesar-e-sem-carneiro\/#breadcrumb"},"inLanguage":"pt-PT","potentialAction":[{"@type":"ReadAction","target":["https:\/\/portaltela.pt\/noticias\/2026\/04\/07\/ps-apresenta-lista-propria-ao-conselho-de-estado-com-cesar-e-sem-carneiro\/"]}]},{"@type":"ImageObject","inLanguage":"pt-PT","@id":"https:\/\/portaltela.pt\/noticias\/2026\/04\/07\/ps-apresenta-lista-propria-ao-conselho-de-estado-com-cesar-e-sem-carneiro\/#primaryimage","url":"https:\/\/portaltela.pt\/s.01k8rhncp4jt1\/2026\/04\/image-367.jpg","contentUrl":"https:\/\/portaltela.pt\/s.01k8rhncp4jt1\/2026\/04\/image-367.jpg","width":796,"height":448,"caption":"O presidente do PS, Carlos C\u00e9sar"},{"@type":"BreadcrumbList","@id":"https:\/\/portaltela.pt\/noticias\/2026\/04\/07\/ps-apresenta-lista-propria-ao-conselho-de-estado-com-cesar-e-sem-carneiro\/#breadcrumb","itemListElement":[{"@type":"ListItem","position":1,"name":"In\u00edcio","item":"https:\/\/portaltela.pt\/"},{"@type":"ListItem","position":2,"name":"PS apresenta lista pr\u00f3pria ao Conselho de Estado com C\u00e9sar e sem Carneiro"}]},{"@type":"WebSite","@id":"https:\/\/portaltela.pt\/#website","url":"https:\/\/portaltela.pt\/","name":"Portal Tela Portugal","description":"","potentialAction":[{"@type":"SearchAction","target":{"@type":"EntryPoint","urlTemplate":"https:\/\/portaltela.pt\/?s={search_term_string}"},"query-input":{"@type":"PropertyValueSpecification","valueRequired":true,"valueName":"search_term_string"}}],"inLanguage":"pt-PT"},{"@type":"Person","@id":"https:\/\/portaltela.pt\/#\/schema\/person\/c4278d4a6028830caff9ee44b42d32ed","name":"Telinha","image":{"@type":"ImageObject","inLanguage":"pt-PT","@id":"https:\/\/portaltela.pt\/s.01k8rhncp4jt1\/2025\/11\/talking-bot-125x125.png","url":"https:\/\/portaltela.pt\/s.01k8rhncp4jt1\/2025\/11\/talking-bot-125x125.png","contentUrl":"https:\/\/portaltela.pt\/s.01k8rhncp4jt1\/2025\/11\/talking-bot-125x125.png","caption":"Telinha"},"sameAs":["https:\/\/portaltela.pt\/"],"url":"https:\/\/portaltela.pt\/por\/367410592786\/"}]}},"_links":{"self":[{"href":"https:\/\/portaltela.pt\/api\/wp\/v2\/posts\/435219","targetHints":{"allow":["GET"]}}],"collection":[{"href":"https:\/\/portaltela.pt\/api\/wp\/v2\/posts"}],"about":[{"href":"https:\/\/portaltela.pt\/api\/wp\/v2\/types\/post"}],"author":[{"embeddable":true,"href":"https:\/\/portaltela.pt\/api\/wp\/v2\/users\/2"}],"replies":[{"embeddable":true,"href":"https:\/\/portaltela.pt\/api\/wp\/v2\/comments?post=435219"}],"version-history":[{"count":0,"href":"https:\/\/portaltela.pt\/api\/wp\/v2\/posts\/435219\/revisions"}],"wp:featuredmedia":[{"embeddable":true,"href":"https:\/\/portaltela.pt\/api\/wp\/v2\/media\/435222"}],"wp:attachment":[{"href":"https:\/\/portaltela.pt\/api\/wp\/v2\/media?parent=435219"}],"wp:term":[{"taxonomy":"category","embeddable":true,"href":"https:\/\/portaltela.pt\/api\/wp\/v2\/categories?post=435219"},{"taxonomy":"post_tag","embeddable":true,"href":"https:\/\/portaltela.pt\/api\/wp\/v2\/tags?post=435219"}],"curies":[{"name":"wp","href":"https:\/\/api.w.org\/{rel}","templated":true}]}}