{"id":435212,"date":"2026-04-07T08:17:06","date_gmt":"2026-04-07T11:17:06","guid":{"rendered":"https:\/\/portaltela.pt\/noticias\/2026\/04\/07\/tiroteio-em-frente-ao-consulado-de-israel-em-istambul-suspeitos-abatidos\/"},"modified":"2026-04-07T08:17:06","modified_gmt":"2026-04-07T11:17:06","slug":"tiroteio-em-frente-ao-consulado-de-israel-em-istambul-suspeitos-abatidos","status":"publish","type":"post","link":"https:\/\/portaltela.pt\/noticias\/internacional\/2026\/04\/07\/tiroteio-em-frente-ao-consulado-de-israel-em-istambul-suspeitos-abatidos\/","title":{"rendered":"Tiroteio em frente ao consulado de Israel em Istambul; suspeitos abatidos"},"content":{"rendered":"<p>Tr\u00eas suspeitos abriram fogo contra a pol\u00edcia em frente ao edif\u00edcio do consulado de Israel em Istambul, na Turquia. A a\u00e7\u00e3o ocorreu nesta ter\u00e7a-feira e os tr\u00eas foram abatidos pelas autoridades.<\/p>\n<p>As motiva\u00e7\u00f5es do ataque ainda n\u00e3o est\u00e3o claras, informou-se oficialmente. A investiga\u00e7\u00e3o envolve a pol\u00edcia e o minist\u00e9rio p\u00fablico, sem detalhes adicionais sobre poss\u00edveis v\u00edtimas civis.<\/p>\n<p>O epis\u00f3dio aconteceu na \u00e1rea do consulado, com a circula\u00e7\u00e3o de testemunhas e c\u00e2maras de seguran\u00e7a a captarem parte das imagens. N\u00e3o foram divulgados n\u00fameros oficiais de feridos at\u00e9 ao momento.<\/p>\n<p>Um v\u00eddeo divulgado nas redes sociais mostra o tiroteio em frente ao consulado. As autoridades prometeram divulgar mais informa\u00e7\u00f5es assim que dispon\u00edveis, sem ainda confirmar identidades dos suspeitos ou o poss\u00edvel v\u00ednculo com grupos extremistas.<\/p>\n","protected":false},"excerpt":{"rendered":"<ul>\n<li>Tr\u00eas suspeitos abriram fogo contra a pol\u00edcia em frente ao consulado de Israel em Istambul, na Turquia.<\/li>\n<li>A troca de tiros ocorreu nesta ter\u00e7a\u2011feira.<\/li>\n<li>Os tr\u00eas suspeitos foram abatidos pelas autoridades.<\/li>\n<li>A ocorr\u00eancia foi registada em v\u00eddeo que j\u00e1 circula publicamente.<\/li>\n<li>At\u00e9 ao momento n\u00e3o foram divulgados detalhes sobre v\u00edtimas ou motiva\u00e7\u00f5es.<\/li>\n<\/ul>\n","protected":false},"author":2,"featured_media":435217,"comment_status":"closed","ping_status":"closed","sticky":false,"template":"","format":"standard","meta":{"footnotes":""},"categories":[6814,4],"tags":[7343,2198,3446,3708,4989,2126],"class_list":["post-435212","post","type-post","status-publish","format-standard","has-post-thumbnail","hentry","category-geopolitica","category-internacional","tag-ataque","tag-conflitos-internacionais","tag-extremismo","tag-israel","tag-terrorismo","tag-turquia"],"yoast_head":"<!-- This site is optimized with the Yoast SEO plugin v27.2 - https:\/\/yoast.com\/product\/yoast-seo-wordpress\/ -->\n<title>Tiroteio em frente ao consulado de Israel em Istambul; suspeitos abatidos - Portal Tela Portugal<\/title>\n<meta name=\"robots\" content=\"index, follow, max-snippet:-1, max-image-preview:large, max-video-preview:-1\" \/>\n<meta property=\"og:locale\" content=\"pt_PT\" \/>\n<meta property=\"og:type\" content=\"article\" \/>\n<meta property=\"og:title\" content=\"Tiroteio em frente ao consulado de Israel em Istambul; suspeitos abatidos - Portal Tela Portugal\" \/>\n<meta property=\"og:description\" content=\"Tr\u00eas suspeitos abriram fogo contra a pol\u00edcia em frente ao consulado de Israel em Istambul, na Turquia. A troca de tiros ocorreu nesta ter\u00e7a\u2011feira. Os tr\u00eas suspeitos foram abatidos pelas autoridades. A ocorr\u00eancia foi registada em v\u00eddeo que j\u00e1 circula publicamente. At\u00e9 ao momento n\u00e3o foram divulgados detalhes sobre v\u00edtimas ou motiva\u00e7\u00f5es.\" \/>\n<meta property=\"og:url\" content=\"https:\/\/portaltela.pt\/noticias\/2026\/04\/07\/tiroteio-em-frente-ao-consulado-de-israel-em-istambul-suspeitos-abatidos\/\" \/>\n<meta property=\"og:site_name\" content=\"Portal Tela Portugal\" \/>\n<meta property=\"article:published_time\" content=\"2026-04-07T11:17:06+00:00\" \/>\n<meta name=\"author\" content=\"Telinha\" \/>\n<meta name=\"twitter:card\" content=\"summary_large_image\" \/>\n<meta name=\"twitter:label1\" content=\"Escrito por\" \/>\n\t<meta name=\"twitter:data1\" content=\"Telinha\" \/>\n\t<meta name=\"twitter:label2\" content=\"Tempo estimado de leitura\" \/>\n\t<meta name=\"twitter:data2\" content=\"1 minuto\" \/>\n<script type=\"application\/ld+json\" class=\"yoast-schema-graph\">{\"@context\":\"https:\/\/schema.org\",\"@graph\":[{\"@type\":\"Article\",\"@id\":\"https:\/\/portaltela.pt\/noticias\/2026\/04\/07\/tiroteio-em-frente-ao-consulado-de-israel-em-istambul-suspeitos-abatidos\/#article\",\"isPartOf\":{\"@id\":\"https:\/\/portaltela.pt\/noticias\/2026\/04\/07\/tiroteio-em-frente-ao-consulado-de-israel-em-istambul-suspeitos-abatidos\/\"},\"author\":{\"name\":\"Telinha\",\"@id\":\"https:\/\/portaltela.pt\/#\/schema\/person\/c4278d4a6028830caff9ee44b42d32ed\"},\"headline\":\"Tiroteio em frente ao consulado de Israel em Istambul; suspeitos abatidos\",\"datePublished\":\"2026-04-07T11:17:06+00:00\",\"mainEntityOfPage\":{\"@id\":\"https:\/\/portaltela.pt\/noticias\/2026\/04\/07\/tiroteio-em-frente-ao-consulado-de-israel-em-istambul-suspeitos-abatidos\/\"},\"wordCount\":160,\"image\":{\"@id\":\"https:\/\/portaltela.pt\/noticias\/2026\/04\/07\/tiroteio-em-frente-ao-consulado-de-israel-em-istambul-suspeitos-abatidos\/#primaryimage\"},\"thumbnailUrl\":\"https:\/\/portaltela.pt\/s.01k8rhncp4jt1\/2026\/04\/img_1280x722uu2026-04-07-12-08-53-2277013.jpg\",\"keywords\":[\"ataque\",\"conflitos internacionais\",\"extremismo\",\"Israel\",\"terrorismo\",\"Turquia\"],\"articleSection\":[\"Geopol\u00edtica\",\"Internacional\"],\"inLanguage\":\"pt-PT\"},{\"@type\":\"WebPage\",\"@id\":\"https:\/\/portaltela.pt\/noticias\/2026\/04\/07\/tiroteio-em-frente-ao-consulado-de-israel-em-istambul-suspeitos-abatidos\/\",\"url\":\"https:\/\/portaltela.pt\/noticias\/2026\/04\/07\/tiroteio-em-frente-ao-consulado-de-israel-em-istambul-suspeitos-abatidos\/\",\"name\":\"Tiroteio em frente ao consulado de Israel em Istambul; suspeitos abatidos - Portal Tela Portugal\",\"isPartOf\":{\"@id\":\"https:\/\/portaltela.pt\/#website\"},\"primaryImageOfPage\":{\"@id\":\"https:\/\/portaltela.pt\/noticias\/2026\/04\/07\/tiroteio-em-frente-ao-consulado-de-israel-em-istambul-suspeitos-abatidos\/#primaryimage\"},\"image\":{\"@id\":\"https:\/\/portaltela.pt\/noticias\/2026\/04\/07\/tiroteio-em-frente-ao-consulado-de-israel-em-istambul-suspeitos-abatidos\/#primaryimage\"},\"thumbnailUrl\":\"https:\/\/portaltela.pt\/s.01k8rhncp4jt1\/2026\/04\/img_1280x722uu2026-04-07-12-08-53-2277013.jpg\",\"datePublished\":\"2026-04-07T11:17:06+00:00\",\"author\":{\"@id\":\"https:\/\/portaltela.pt\/#\/schema\/person\/c4278d4a6028830caff9ee44b42d32ed\"},\"breadcrumb\":{\"@id\":\"https:\/\/portaltela.pt\/noticias\/2026\/04\/07\/tiroteio-em-frente-ao-consulado-de-israel-em-istambul-suspeitos-abatidos\/#breadcrumb\"},\"inLanguage\":\"pt-PT\",\"potentialAction\":[{\"@type\":\"ReadAction\",\"target\":[\"https:\/\/portaltela.pt\/noticias\/2026\/04\/07\/tiroteio-em-frente-ao-consulado-de-israel-em-istambul-suspeitos-abatidos\/\"]}]},{\"@type\":\"ImageObject\",\"inLanguage\":\"pt-PT\",\"@id\":\"https:\/\/portaltela.pt\/noticias\/2026\/04\/07\/tiroteio-em-frente-ao-consulado-de-israel-em-istambul-suspeitos-abatidos\/#primaryimage\",\"url\":\"https:\/\/portaltela.pt\/s.01k8rhncp4jt1\/2026\/04\/img_1280x722uu2026-04-07-12-08-53-2277013.jpg\",\"contentUrl\":\"https:\/\/portaltela.pt\/s.01k8rhncp4jt1\/2026\/04\/img_1280x722uu2026-04-07-12-08-53-2277013.jpg\",\"width\":796,\"height\":448,\"caption\":\"V\u00eddeo mostra tiroteio em frente ao consulado de Israel em Istambul. Suspeitos foram abatidos pela pol\u00edcia\"},{\"@type\":\"BreadcrumbList\",\"@id\":\"https:\/\/portaltela.pt\/noticias\/2026\/04\/07\/tiroteio-em-frente-ao-consulado-de-israel-em-istambul-suspeitos-abatidos\/#breadcrumb\",\"itemListElement\":[{\"@type\":\"ListItem\",\"position\":1,\"name\":\"In\u00edcio\",\"item\":\"https:\/\/portaltela.pt\/\"},{\"@type\":\"ListItem\",\"position\":2,\"name\":\"Tiroteio em frente ao consulado de Israel em Istambul; suspeitos abatidos\"}]},{\"@type\":\"WebSite\",\"@id\":\"https:\/\/portaltela.pt\/#website\",\"url\":\"https:\/\/portaltela.pt\/\",\"name\":\"Portal Tela Portugal\",\"description\":\"\",\"potentialAction\":[{\"@type\":\"SearchAction\",\"target\":{\"@type\":\"EntryPoint\",\"urlTemplate\":\"https:\/\/portaltela.pt\/?s={search_term_string}\"},\"query-input\":{\"@type\":\"PropertyValueSpecification\",\"valueRequired\":true,\"valueName\":\"search_term_string\"}}],\"inLanguage\":\"pt-PT\"},{\"@type\":\"Person\",\"@id\":\"https:\/\/portaltela.pt\/#\/schema\/person\/c4278d4a6028830caff9ee44b42d32ed\",\"name\":\"Telinha\",\"image\":{\"@type\":\"ImageObject\",\"inLanguage\":\"pt-PT\",\"@id\":\"https:\/\/portaltela.pt\/s.01k8rhncp4jt1\/2025\/11\/talking-bot-125x125.png\",\"url\":\"https:\/\/portaltela.pt\/s.01k8rhncp4jt1\/2025\/11\/talking-bot-125x125.png\",\"contentUrl\":\"https:\/\/portaltela.pt\/s.01k8rhncp4jt1\/2025\/11\/talking-bot-125x125.png\",\"caption\":\"Telinha\"},\"sameAs\":[\"https:\/\/portaltela.pt\/\"],\"url\":\"https:\/\/portaltela.pt\/por\/367410592786\/\"}]}<\/script>\n<!-- \/ Yoast SEO plugin. -->","yoast_head_json":{"title":"Tiroteio em frente ao consulado de Israel em Istambul; suspeitos abatidos - Portal Tela Portugal","robots":{"index":"index","follow":"follow","max-snippet":"max-snippet:-1","max-image-preview":"max-image-preview:large","max-video-preview":"max-video-preview:-1"},"og_locale":"pt_PT","og_type":"article","og_title":"Tiroteio em frente ao consulado de Israel em Istambul; suspeitos abatidos - Portal Tela Portugal","og_description":"Tr\u00eas suspeitos abriram fogo contra a pol\u00edcia em frente ao consulado de Israel em Istambul, na Turquia. A troca de tiros ocorreu nesta ter\u00e7a\u2011feira. Os tr\u00eas suspeitos foram abatidos pelas autoridades. A ocorr\u00eancia foi registada em v\u00eddeo que j\u00e1 circula publicamente. At\u00e9 ao momento n\u00e3o foram divulgados detalhes sobre v\u00edtimas ou motiva\u00e7\u00f5es.","og_url":"https:\/\/portaltela.pt\/noticias\/2026\/04\/07\/tiroteio-em-frente-ao-consulado-de-israel-em-istambul-suspeitos-abatidos\/","og_site_name":"Portal Tela Portugal","article_published_time":"2026-04-07T11:17:06+00:00","author":"Telinha","twitter_card":"summary_large_image","twitter_misc":{"Escrito por":"Telinha","Tempo estimado de leitura":"1 minuto"},"schema":{"@context":"https:\/\/schema.org","@graph":[{"@type":"Article","@id":"https:\/\/portaltela.pt\/noticias\/2026\/04\/07\/tiroteio-em-frente-ao-consulado-de-israel-em-istambul-suspeitos-abatidos\/#article","isPartOf":{"@id":"https:\/\/portaltela.pt\/noticias\/2026\/04\/07\/tiroteio-em-frente-ao-consulado-de-israel-em-istambul-suspeitos-abatidos\/"},"author":{"name":"Telinha","@id":"https:\/\/portaltela.pt\/#\/schema\/person\/c4278d4a6028830caff9ee44b42d32ed"},"headline":"Tiroteio em frente ao consulado de Israel em Istambul; suspeitos abatidos","datePublished":"2026-04-07T11:17:06+00:00","mainEntityOfPage":{"@id":"https:\/\/portaltela.pt\/noticias\/2026\/04\/07\/tiroteio-em-frente-ao-consulado-de-israel-em-istambul-suspeitos-abatidos\/"},"wordCount":160,"image":{"@id":"https:\/\/portaltela.pt\/noticias\/2026\/04\/07\/tiroteio-em-frente-ao-consulado-de-israel-em-istambul-suspeitos-abatidos\/#primaryimage"},"thumbnailUrl":"https:\/\/portaltela.pt\/s.01k8rhncp4jt1\/2026\/04\/img_1280x722uu2026-04-07-12-08-53-2277013.jpg","keywords":["ataque","conflitos internacionais","extremismo","Israel","terrorismo","Turquia"],"articleSection":["Geopol\u00edtica","Internacional"],"inLanguage":"pt-PT"},{"@type":"WebPage","@id":"https:\/\/portaltela.pt\/noticias\/2026\/04\/07\/tiroteio-em-frente-ao-consulado-de-israel-em-istambul-suspeitos-abatidos\/","url":"https:\/\/portaltela.pt\/noticias\/2026\/04\/07\/tiroteio-em-frente-ao-consulado-de-israel-em-istambul-suspeitos-abatidos\/","name":"Tiroteio em frente ao consulado de Israel em Istambul; suspeitos abatidos - Portal Tela Portugal","isPartOf":{"@id":"https:\/\/portaltela.pt\/#website"},"primaryImageOfPage":{"@id":"https:\/\/portaltela.pt\/noticias\/2026\/04\/07\/tiroteio-em-frente-ao-consulado-de-israel-em-istambul-suspeitos-abatidos\/#primaryimage"},"image":{"@id":"https:\/\/portaltela.pt\/noticias\/2026\/04\/07\/tiroteio-em-frente-ao-consulado-de-israel-em-istambul-suspeitos-abatidos\/#primaryimage"},"thumbnailUrl":"https:\/\/portaltela.pt\/s.01k8rhncp4jt1\/2026\/04\/img_1280x722uu2026-04-07-12-08-53-2277013.jpg","datePublished":"2026-04-07T11:17:06+00:00","author":{"@id":"https:\/\/portaltela.pt\/#\/schema\/person\/c4278d4a6028830caff9ee44b42d32ed"},"breadcrumb":{"@id":"https:\/\/portaltela.pt\/noticias\/2026\/04\/07\/tiroteio-em-frente-ao-consulado-de-israel-em-istambul-suspeitos-abatidos\/#breadcrumb"},"inLanguage":"pt-PT","potentialAction":[{"@type":"ReadAction","target":["https:\/\/portaltela.pt\/noticias\/2026\/04\/07\/tiroteio-em-frente-ao-consulado-de-israel-em-istambul-suspeitos-abatidos\/"]}]},{"@type":"ImageObject","inLanguage":"pt-PT","@id":"https:\/\/portaltela.pt\/noticias\/2026\/04\/07\/tiroteio-em-frente-ao-consulado-de-israel-em-istambul-suspeitos-abatidos\/#primaryimage","url":"https:\/\/portaltela.pt\/s.01k8rhncp4jt1\/2026\/04\/img_1280x722uu2026-04-07-12-08-53-2277013.jpg","contentUrl":"https:\/\/portaltela.pt\/s.01k8rhncp4jt1\/2026\/04\/img_1280x722uu2026-04-07-12-08-53-2277013.jpg","width":796,"height":448,"caption":"V\u00eddeo mostra tiroteio em frente ao consulado de Israel em Istambul. Suspeitos foram abatidos pela pol\u00edcia"},{"@type":"BreadcrumbList","@id":"https:\/\/portaltela.pt\/noticias\/2026\/04\/07\/tiroteio-em-frente-ao-consulado-de-israel-em-istambul-suspeitos-abatidos\/#breadcrumb","itemListElement":[{"@type":"ListItem","position":1,"name":"In\u00edcio","item":"https:\/\/portaltela.pt\/"},{"@type":"ListItem","position":2,"name":"Tiroteio em frente ao consulado de Israel em Istambul; suspeitos abatidos"}]},{"@type":"WebSite","@id":"https:\/\/portaltela.pt\/#website","url":"https:\/\/portaltela.pt\/","name":"Portal Tela Portugal","description":"","potentialAction":[{"@type":"SearchAction","target":{"@type":"EntryPoint","urlTemplate":"https:\/\/portaltela.pt\/?s={search_term_string}"},"query-input":{"@type":"PropertyValueSpecification","valueRequired":true,"valueName":"search_term_string"}}],"inLanguage":"pt-PT"},{"@type":"Person","@id":"https:\/\/portaltela.pt\/#\/schema\/person\/c4278d4a6028830caff9ee44b42d32ed","name":"Telinha","image":{"@type":"ImageObject","inLanguage":"pt-PT","@id":"https:\/\/portaltela.pt\/s.01k8rhncp4jt1\/2025\/11\/talking-bot-125x125.png","url":"https:\/\/portaltela.pt\/s.01k8rhncp4jt1\/2025\/11\/talking-bot-125x125.png","contentUrl":"https:\/\/portaltela.pt\/s.01k8rhncp4jt1\/2025\/11\/talking-bot-125x125.png","caption":"Telinha"},"sameAs":["https:\/\/portaltela.pt\/"],"url":"https:\/\/portaltela.pt\/por\/367410592786\/"}]}},"_links":{"self":[{"href":"https:\/\/portaltela.pt\/api\/wp\/v2\/posts\/435212","targetHints":{"allow":["GET"]}}],"collection":[{"href":"https:\/\/portaltela.pt\/api\/wp\/v2\/posts"}],"about":[{"href":"https:\/\/portaltela.pt\/api\/wp\/v2\/types\/post"}],"author":[{"embeddable":true,"href":"https:\/\/portaltela.pt\/api\/wp\/v2\/users\/2"}],"replies":[{"embeddable":true,"href":"https:\/\/portaltela.pt\/api\/wp\/v2\/comments?post=435212"}],"version-history":[{"count":0,"href":"https:\/\/portaltela.pt\/api\/wp\/v2\/posts\/435212\/revisions"}],"wp:featuredmedia":[{"embeddable":true,"href":"https:\/\/portaltela.pt\/api\/wp\/v2\/media\/435217"}],"wp:attachment":[{"href":"https:\/\/portaltela.pt\/api\/wp\/v2\/media?parent=435212"}],"wp:term":[{"taxonomy":"category","embeddable":true,"href":"https:\/\/portaltela.pt\/api\/wp\/v2\/categories?post=435212"},{"taxonomy":"post_tag","embeddable":true,"href":"https:\/\/portaltela.pt\/api\/wp\/v2\/tags?post=435212"}],"curies":[{"name":"wp","href":"https:\/\/api.w.org\/{rel}","templated":true}]}}