{"id":435210,"date":"2026-04-07T08:17:04","date_gmt":"2026-04-07T11:17:04","guid":{"rendered":"https:\/\/portaltela.pt\/noticias\/2026\/04\/07\/precos-das-casas-em-portugal-sobem-no-4-o-trimestre-de-2025-segunda-maior-subida\/"},"modified":"2026-04-07T08:17:04","modified_gmt":"2026-04-07T11:17:04","slug":"precos-das-casas-em-portugal-sobem-no-4-o-trimestre-de-2025-segunda-maior-subida","status":"publish","type":"post","link":"https:\/\/portaltela.pt\/noticias\/economia\/2026\/04\/07\/precos-das-casas-em-portugal-sobem-no-4-o-trimestre-de-2025-segunda-maior-subida\/","title":{"rendered":"Pre\u00e7os das casas em Portugal sobem no 4.\u00ba trimestre de 2025, segunda maior subida"},"content":{"rendered":"<p>Os pre\u00e7os das casas em Portugal registaram uma subida de 18,9% no quarto trimestre de 2025 face ao mesmo periodo de 2024. O dado foi divulgado pelo Eurostat, gabinete estat\u00edstico da Uni\u00e3o Europeia.<\/p>\n<p>Entre os pa\u00edses da UE, Portugal aparece com a segunda maior subida anual neste trimestre, atr\u00e1s da Hungria (21,2%) e \u00e0 frente da Cro\u00e1cia (16,1%). Na zona euro, o aumento foi de 5,1%, e na UE como um todo, 5,5%.<\/p>\n<p>Avarias iguais ao que se verificou no conjunto, apenas a Finl\u00e2ndia registou uma descida anual (-3,1%) entre os pa\u00edses com dados dispon\u00edveis. N\u00e3o h\u00e1 dados dispon\u00edveis para a Gr\u00e9cia.<\/p>\n<h3>Desempenho por pa\u00eds<\/h3>\n<p>No que diz respeito \u00e0 varia\u00e7\u00e3o hist\u00f3rica, o Eurostat indica ainda que, face ao terceiro trimestre de 2025, as casas subiram 0,6% na \u00e1rea euro e 0,8% na UE no quarto trimestre de 2025. Al\u00e9m disso, os maiores aumentos trimestrais foram na Eslov\u00e9nia (+5,1%), Hungria (+4,2%) e Portugal (+4,0%).<\/p>\n<p>Registaram-se quedas em Fran\u00e7a (-0,7%), Finl\u00e2ndia (-0,5%) e Est\u00f3nia (-0,3%). Os dados ajudam a caracterizar o dinamismo do mercado habitacional europeu no \u00faltimo trimestre de 2025.<\/p>\n","protected":false},"excerpt":{"rendered":"<ul>\n<li>Em Portugal, os pre\u00e7os das casas subiram 18,9% no quarto trimestre de 2025 face ao mesmo trimestre de 2024, a segunda maior subida da UE.<\/li>\n<li>Os aumentos anuais mais elevados foram registados na Hungria (+21,2%), Portugal (+18,9%) e Cro\u00e1cia (+16,1%).<\/li>\n<li>Na zona euro, os pre\u00e7os subiram 5,1% e, nos 27 membros da UE, 5,5% em termos anuais no quarto trimestre de 2025.<\/li>\n<li>Em rela\u00e7\u00e3o ao terceiro trimestre de 2025, os pre\u00e7os subiram 0,6% na \u00e1rea do euro e 0,8% na UE no quarto trimestre de 2025, com Portugal a crescer 4,0%.<\/li>\n<li>Em termos anuais, a Finl\u00e2ndia registou uma descida de 3,1%, e n\u00e3o existem dados dispon\u00edveis para a Gr\u00e9cia.<\/li>\n<\/ul>\n","protected":false},"author":2,"featured_media":435214,"comment_status":"closed","ping_status":"closed","sticky":false,"template":"","format":"standard","meta":{"footnotes":""},"categories":[2,6850],"tags":[6115,7791,2743,2487,1014],"class_list":["post-435210","post","type-post","status-publish","format-standard","has-post-thumbnail","hentry","category-economia","category-financas","tag-_economia","tag-_habitacao","tag-casas","tag-europa","tag-portugal"],"yoast_head":"<!-- This site is optimized with the Yoast SEO plugin v27.2 - https:\/\/yoast.com\/product\/yoast-seo-wordpress\/ -->\n<title>Pre\u00e7os das casas em Portugal sobem no 4.\u00ba trimestre de 2025, segunda maior subida - Portal Tela Portugal<\/title>\n<meta name=\"robots\" content=\"index, follow, max-snippet:-1, max-image-preview:large, max-video-preview:-1\" \/>\n<meta property=\"og:locale\" content=\"pt_PT\" \/>\n<meta property=\"og:type\" content=\"article\" \/>\n<meta property=\"og:title\" content=\"Pre\u00e7os das casas em Portugal sobem no 4.\u00ba trimestre de 2025, segunda maior subida - Portal Tela Portugal\" \/>\n<meta property=\"og:description\" content=\"Em Portugal, os pre\u00e7os das casas subiram 18,9% no quarto trimestre de 2025 face ao mesmo trimestre de 2024, a segunda maior subida da UE. Os aumentos anuais mais elevados foram registados na Hungria (+21,2%), Portugal (+18,9%) e Cro\u00e1cia (+16,1%). Na zona euro, os pre\u00e7os subiram 5,1% e, nos 27 membros da UE, 5,5% em termos anuais no quarto trimestre de 2025. Em rela\u00e7\u00e3o ao terceiro trimestre de 2025, os pre\u00e7os subiram 0,6% na \u00e1rea do euro e 0,8% na UE no quarto trimestre de 2025, com Portugal a crescer 4,0%. Em termos anuais, a Finl\u00e2ndia registou uma descida de 3,1%, e n\u00e3o existem dados dispon\u00edveis para a Gr\u00e9cia.\" \/>\n<meta property=\"og:url\" content=\"https:\/\/portaltela.pt\/noticias\/2026\/04\/07\/precos-das-casas-em-portugal-sobem-no-4-o-trimestre-de-2025-segunda-maior-subida\/\" \/>\n<meta property=\"og:site_name\" content=\"Portal Tela Portugal\" \/>\n<meta property=\"article:published_time\" content=\"2026-04-07T11:17:04+00:00\" \/>\n<meta name=\"author\" content=\"Telinha\" \/>\n<meta name=\"twitter:card\" content=\"summary_large_image\" \/>\n<meta name=\"twitter:label1\" content=\"Escrito por\" \/>\n\t<meta name=\"twitter:data1\" content=\"Telinha\" \/>\n\t<meta name=\"twitter:label2\" content=\"Tempo estimado de leitura\" \/>\n\t<meta name=\"twitter:data2\" content=\"1 minuto\" \/>\n<script type=\"application\/ld+json\" class=\"yoast-schema-graph\">{\"@context\":\"https:\/\/schema.org\",\"@graph\":[{\"@type\":\"Article\",\"@id\":\"https:\/\/portaltela.pt\/noticias\/2026\/04\/07\/precos-das-casas-em-portugal-sobem-no-4-o-trimestre-de-2025-segunda-maior-subida\/#article\",\"isPartOf\":{\"@id\":\"https:\/\/portaltela.pt\/noticias\/2026\/04\/07\/precos-das-casas-em-portugal-sobem-no-4-o-trimestre-de-2025-segunda-maior-subida\/\"},\"author\":{\"name\":\"Telinha\",\"@id\":\"https:\/\/portaltela.pt\/#\/schema\/person\/c4278d4a6028830caff9ee44b42d32ed\"},\"headline\":\"Pre\u00e7os das casas em Portugal sobem no 4.\u00ba trimestre de 2025, segunda maior subida\",\"datePublished\":\"2026-04-07T11:17:04+00:00\",\"mainEntityOfPage\":{\"@id\":\"https:\/\/portaltela.pt\/noticias\/2026\/04\/07\/precos-das-casas-em-portugal-sobem-no-4-o-trimestre-de-2025-segunda-maior-subida\/\"},\"wordCount\":196,\"image\":{\"@id\":\"https:\/\/portaltela.pt\/noticias\/2026\/04\/07\/precos-das-casas-em-portugal-sobem-no-4-o-trimestre-de-2025-segunda-maior-subida\/#primaryimage\"},\"thumbnailUrl\":\"https:\/\/portaltela.pt\/s.01k8rhncp4jt1\/2026\/04\/img_1500x1000uu2024-07-19-18-36-13-1706724.jpg\",\"keywords\":[\"_economia\",\"_habita\u00e7\u00e3o\",\"casas\",\"Europa\",\"Portugal\"],\"articleSection\":[\"Economia\",\"Finan\u00e7as\"],\"inLanguage\":\"pt-PT\"},{\"@type\":\"WebPage\",\"@id\":\"https:\/\/portaltela.pt\/noticias\/2026\/04\/07\/precos-das-casas-em-portugal-sobem-no-4-o-trimestre-de-2025-segunda-maior-subida\/\",\"url\":\"https:\/\/portaltela.pt\/noticias\/2026\/04\/07\/precos-das-casas-em-portugal-sobem-no-4-o-trimestre-de-2025-segunda-maior-subida\/\",\"name\":\"Pre\u00e7os das casas em Portugal sobem no 4.\u00ba trimestre de 2025, segunda maior subida - Portal Tela Portugal\",\"isPartOf\":{\"@id\":\"https:\/\/portaltela.pt\/#website\"},\"primaryImageOfPage\":{\"@id\":\"https:\/\/portaltela.pt\/noticias\/2026\/04\/07\/precos-das-casas-em-portugal-sobem-no-4-o-trimestre-de-2025-segunda-maior-subida\/#primaryimage\"},\"image\":{\"@id\":\"https:\/\/portaltela.pt\/noticias\/2026\/04\/07\/precos-das-casas-em-portugal-sobem-no-4-o-trimestre-de-2025-segunda-maior-subida\/#primaryimage\"},\"thumbnailUrl\":\"https:\/\/portaltela.pt\/s.01k8rhncp4jt1\/2026\/04\/img_1500x1000uu2024-07-19-18-36-13-1706724.jpg\",\"datePublished\":\"2026-04-07T11:17:04+00:00\",\"author\":{\"@id\":\"https:\/\/portaltela.pt\/#\/schema\/person\/c4278d4a6028830caff9ee44b42d32ed\"},\"breadcrumb\":{\"@id\":\"https:\/\/portaltela.pt\/noticias\/2026\/04\/07\/precos-das-casas-em-portugal-sobem-no-4-o-trimestre-de-2025-segunda-maior-subida\/#breadcrumb\"},\"inLanguage\":\"pt-PT\",\"potentialAction\":[{\"@type\":\"ReadAction\",\"target\":[\"https:\/\/portaltela.pt\/noticias\/2026\/04\/07\/precos-das-casas-em-portugal-sobem-no-4-o-trimestre-de-2025-segunda-maior-subida\/\"]}]},{\"@type\":\"ImageObject\",\"inLanguage\":\"pt-PT\",\"@id\":\"https:\/\/portaltela.pt\/noticias\/2026\/04\/07\/precos-das-casas-em-portugal-sobem-no-4-o-trimestre-de-2025-segunda-maior-subida\/#primaryimage\",\"url\":\"https:\/\/portaltela.pt\/s.01k8rhncp4jt1\/2026\/04\/img_1500x1000uu2024-07-19-18-36-13-1706724.jpg\",\"contentUrl\":\"https:\/\/portaltela.pt\/s.01k8rhncp4jt1\/2026\/04\/img_1500x1000uu2024-07-19-18-36-13-1706724.jpg\",\"width\":796,\"height\":448,\"caption\":\"Pre\u00e7os das casas em Portugal continuam a subir\"},{\"@type\":\"BreadcrumbList\",\"@id\":\"https:\/\/portaltela.pt\/noticias\/2026\/04\/07\/precos-das-casas-em-portugal-sobem-no-4-o-trimestre-de-2025-segunda-maior-subida\/#breadcrumb\",\"itemListElement\":[{\"@type\":\"ListItem\",\"position\":1,\"name\":\"In\u00edcio\",\"item\":\"https:\/\/portaltela.pt\/\"},{\"@type\":\"ListItem\",\"position\":2,\"name\":\"Pre\u00e7os das casas em Portugal sobem no 4.\u00ba trimestre de 2025, segunda maior subida\"}]},{\"@type\":\"WebSite\",\"@id\":\"https:\/\/portaltela.pt\/#website\",\"url\":\"https:\/\/portaltela.pt\/\",\"name\":\"Portal Tela Portugal\",\"description\":\"\",\"potentialAction\":[{\"@type\":\"SearchAction\",\"target\":{\"@type\":\"EntryPoint\",\"urlTemplate\":\"https:\/\/portaltela.pt\/?s={search_term_string}\"},\"query-input\":{\"@type\":\"PropertyValueSpecification\",\"valueRequired\":true,\"valueName\":\"search_term_string\"}}],\"inLanguage\":\"pt-PT\"},{\"@type\":\"Person\",\"@id\":\"https:\/\/portaltela.pt\/#\/schema\/person\/c4278d4a6028830caff9ee44b42d32ed\",\"name\":\"Telinha\",\"image\":{\"@type\":\"ImageObject\",\"inLanguage\":\"pt-PT\",\"@id\":\"https:\/\/portaltela.pt\/s.01k8rhncp4jt1\/2025\/11\/talking-bot-125x125.png\",\"url\":\"https:\/\/portaltela.pt\/s.01k8rhncp4jt1\/2025\/11\/talking-bot-125x125.png\",\"contentUrl\":\"https:\/\/portaltela.pt\/s.01k8rhncp4jt1\/2025\/11\/talking-bot-125x125.png\",\"caption\":\"Telinha\"},\"sameAs\":[\"https:\/\/portaltela.pt\/\"],\"url\":\"https:\/\/portaltela.pt\/por\/367410592786\/\"}]}<\/script>\n<!-- \/ Yoast SEO plugin. -->","yoast_head_json":{"title":"Pre\u00e7os das casas em Portugal sobem no 4.\u00ba trimestre de 2025, segunda maior subida - Portal Tela Portugal","robots":{"index":"index","follow":"follow","max-snippet":"max-snippet:-1","max-image-preview":"max-image-preview:large","max-video-preview":"max-video-preview:-1"},"og_locale":"pt_PT","og_type":"article","og_title":"Pre\u00e7os das casas em Portugal sobem no 4.\u00ba trimestre de 2025, segunda maior subida - Portal Tela Portugal","og_description":"Em Portugal, os pre\u00e7os das casas subiram 18,9% no quarto trimestre de 2025 face ao mesmo trimestre de 2024, a segunda maior subida da UE. Os aumentos anuais mais elevados foram registados na Hungria (+21,2%), Portugal (+18,9%) e Cro\u00e1cia (+16,1%). Na zona euro, os pre\u00e7os subiram 5,1% e, nos 27 membros da UE, 5,5% em termos anuais no quarto trimestre de 2025. Em rela\u00e7\u00e3o ao terceiro trimestre de 2025, os pre\u00e7os subiram 0,6% na \u00e1rea do euro e 0,8% na UE no quarto trimestre de 2025, com Portugal a crescer 4,0%. Em termos anuais, a Finl\u00e2ndia registou uma descida de 3,1%, e n\u00e3o existem dados dispon\u00edveis para a Gr\u00e9cia.","og_url":"https:\/\/portaltela.pt\/noticias\/2026\/04\/07\/precos-das-casas-em-portugal-sobem-no-4-o-trimestre-de-2025-segunda-maior-subida\/","og_site_name":"Portal Tela Portugal","article_published_time":"2026-04-07T11:17:04+00:00","author":"Telinha","twitter_card":"summary_large_image","twitter_misc":{"Escrito por":"Telinha","Tempo estimado de leitura":"1 minuto"},"schema":{"@context":"https:\/\/schema.org","@graph":[{"@type":"Article","@id":"https:\/\/portaltela.pt\/noticias\/2026\/04\/07\/precos-das-casas-em-portugal-sobem-no-4-o-trimestre-de-2025-segunda-maior-subida\/#article","isPartOf":{"@id":"https:\/\/portaltela.pt\/noticias\/2026\/04\/07\/precos-das-casas-em-portugal-sobem-no-4-o-trimestre-de-2025-segunda-maior-subida\/"},"author":{"name":"Telinha","@id":"https:\/\/portaltela.pt\/#\/schema\/person\/c4278d4a6028830caff9ee44b42d32ed"},"headline":"Pre\u00e7os das casas em Portugal sobem no 4.\u00ba trimestre de 2025, segunda maior subida","datePublished":"2026-04-07T11:17:04+00:00","mainEntityOfPage":{"@id":"https:\/\/portaltela.pt\/noticias\/2026\/04\/07\/precos-das-casas-em-portugal-sobem-no-4-o-trimestre-de-2025-segunda-maior-subida\/"},"wordCount":196,"image":{"@id":"https:\/\/portaltela.pt\/noticias\/2026\/04\/07\/precos-das-casas-em-portugal-sobem-no-4-o-trimestre-de-2025-segunda-maior-subida\/#primaryimage"},"thumbnailUrl":"https:\/\/portaltela.pt\/s.01k8rhncp4jt1\/2026\/04\/img_1500x1000uu2024-07-19-18-36-13-1706724.jpg","keywords":["_economia","_habita\u00e7\u00e3o","casas","Europa","Portugal"],"articleSection":["Economia","Finan\u00e7as"],"inLanguage":"pt-PT"},{"@type":"WebPage","@id":"https:\/\/portaltela.pt\/noticias\/2026\/04\/07\/precos-das-casas-em-portugal-sobem-no-4-o-trimestre-de-2025-segunda-maior-subida\/","url":"https:\/\/portaltela.pt\/noticias\/2026\/04\/07\/precos-das-casas-em-portugal-sobem-no-4-o-trimestre-de-2025-segunda-maior-subida\/","name":"Pre\u00e7os das casas em Portugal sobem no 4.\u00ba trimestre de 2025, segunda maior subida - Portal Tela Portugal","isPartOf":{"@id":"https:\/\/portaltela.pt\/#website"},"primaryImageOfPage":{"@id":"https:\/\/portaltela.pt\/noticias\/2026\/04\/07\/precos-das-casas-em-portugal-sobem-no-4-o-trimestre-de-2025-segunda-maior-subida\/#primaryimage"},"image":{"@id":"https:\/\/portaltela.pt\/noticias\/2026\/04\/07\/precos-das-casas-em-portugal-sobem-no-4-o-trimestre-de-2025-segunda-maior-subida\/#primaryimage"},"thumbnailUrl":"https:\/\/portaltela.pt\/s.01k8rhncp4jt1\/2026\/04\/img_1500x1000uu2024-07-19-18-36-13-1706724.jpg","datePublished":"2026-04-07T11:17:04+00:00","author":{"@id":"https:\/\/portaltela.pt\/#\/schema\/person\/c4278d4a6028830caff9ee44b42d32ed"},"breadcrumb":{"@id":"https:\/\/portaltela.pt\/noticias\/2026\/04\/07\/precos-das-casas-em-portugal-sobem-no-4-o-trimestre-de-2025-segunda-maior-subida\/#breadcrumb"},"inLanguage":"pt-PT","potentialAction":[{"@type":"ReadAction","target":["https:\/\/portaltela.pt\/noticias\/2026\/04\/07\/precos-das-casas-em-portugal-sobem-no-4-o-trimestre-de-2025-segunda-maior-subida\/"]}]},{"@type":"ImageObject","inLanguage":"pt-PT","@id":"https:\/\/portaltela.pt\/noticias\/2026\/04\/07\/precos-das-casas-em-portugal-sobem-no-4-o-trimestre-de-2025-segunda-maior-subida\/#primaryimage","url":"https:\/\/portaltela.pt\/s.01k8rhncp4jt1\/2026\/04\/img_1500x1000uu2024-07-19-18-36-13-1706724.jpg","contentUrl":"https:\/\/portaltela.pt\/s.01k8rhncp4jt1\/2026\/04\/img_1500x1000uu2024-07-19-18-36-13-1706724.jpg","width":796,"height":448,"caption":"Pre\u00e7os das casas em Portugal continuam a subir"},{"@type":"BreadcrumbList","@id":"https:\/\/portaltela.pt\/noticias\/2026\/04\/07\/precos-das-casas-em-portugal-sobem-no-4-o-trimestre-de-2025-segunda-maior-subida\/#breadcrumb","itemListElement":[{"@type":"ListItem","position":1,"name":"In\u00edcio","item":"https:\/\/portaltela.pt\/"},{"@type":"ListItem","position":2,"name":"Pre\u00e7os das casas em Portugal sobem no 4.\u00ba trimestre de 2025, segunda maior subida"}]},{"@type":"WebSite","@id":"https:\/\/portaltela.pt\/#website","url":"https:\/\/portaltela.pt\/","name":"Portal Tela Portugal","description":"","potentialAction":[{"@type":"SearchAction","target":{"@type":"EntryPoint","urlTemplate":"https:\/\/portaltela.pt\/?s={search_term_string}"},"query-input":{"@type":"PropertyValueSpecification","valueRequired":true,"valueName":"search_term_string"}}],"inLanguage":"pt-PT"},{"@type":"Person","@id":"https:\/\/portaltela.pt\/#\/schema\/person\/c4278d4a6028830caff9ee44b42d32ed","name":"Telinha","image":{"@type":"ImageObject","inLanguage":"pt-PT","@id":"https:\/\/portaltela.pt\/s.01k8rhncp4jt1\/2025\/11\/talking-bot-125x125.png","url":"https:\/\/portaltela.pt\/s.01k8rhncp4jt1\/2025\/11\/talking-bot-125x125.png","contentUrl":"https:\/\/portaltela.pt\/s.01k8rhncp4jt1\/2025\/11\/talking-bot-125x125.png","caption":"Telinha"},"sameAs":["https:\/\/portaltela.pt\/"],"url":"https:\/\/portaltela.pt\/por\/367410592786\/"}]}},"_links":{"self":[{"href":"https:\/\/portaltela.pt\/api\/wp\/v2\/posts\/435210","targetHints":{"allow":["GET"]}}],"collection":[{"href":"https:\/\/portaltela.pt\/api\/wp\/v2\/posts"}],"about":[{"href":"https:\/\/portaltela.pt\/api\/wp\/v2\/types\/post"}],"author":[{"embeddable":true,"href":"https:\/\/portaltela.pt\/api\/wp\/v2\/users\/2"}],"replies":[{"embeddable":true,"href":"https:\/\/portaltela.pt\/api\/wp\/v2\/comments?post=435210"}],"version-history":[{"count":0,"href":"https:\/\/portaltela.pt\/api\/wp\/v2\/posts\/435210\/revisions"}],"wp:featuredmedia":[{"embeddable":true,"href":"https:\/\/portaltela.pt\/api\/wp\/v2\/media\/435214"}],"wp:attachment":[{"href":"https:\/\/portaltela.pt\/api\/wp\/v2\/media?parent=435210"}],"wp:term":[{"taxonomy":"category","embeddable":true,"href":"https:\/\/portaltela.pt\/api\/wp\/v2\/categories?post=435210"},{"taxonomy":"post_tag","embeddable":true,"href":"https:\/\/portaltela.pt\/api\/wp\/v2\/tags?post=435210"}],"curies":[{"name":"wp","href":"https:\/\/api.w.org\/{rel}","templated":true}]}}