{"id":435203,"date":"2026-04-07T08:16:58","date_gmt":"2026-04-07T11:16:58","guid":{"rendered":"https:\/\/portaltela.pt\/noticias\/2026\/04\/07\/calendario-de-matriculas-inscricoes-para-filhos-a-partir-de-22-de-abril\/"},"modified":"2026-04-07T08:16:58","modified_gmt":"2026-04-07T11:16:58","slug":"calendario-de-matriculas-inscricoes-para-filhos-a-partir-de-22-de-abril","status":"publish","type":"post","link":"https:\/\/portaltela.pt\/noticias\/politica\/2026\/04\/07\/calendario-de-matriculas-inscricoes-para-filhos-a-partir-de-22-de-abril\/","title":{"rendered":"Calend\u00e1rio de matr\u00edculas: inscri\u00e7\u00f5es para filhos a partir de 22 de Abril"},"content":{"rendered":"<p>O calend\u00e1rio das matr\u00edculas para o ensino pr\u00e9-escolar e b\u00e1sico j\u00e1 \u00e9 conhecido. A publica\u00e7\u00e3o indica que o processo come\u00e7a em abril para os mais jovens e continua ao longo do ano para os restantes ciclos. As regras mant\u00eam-se semelhantes ao ano passado, sem altera\u00e7\u00f5es significativas.<\/p>\n<p>Os encarregados de educa\u00e7\u00e3o devem aceder ao Portal das Escolas para a apresenta\u00e7\u00e3o do pedido de matr\u00edcula, preferencialmente por via online. A sele\u00e7\u00e3o permite indicar at\u00e9 cinco estabelecimentos, por ordem de prefer\u00eancia, onde se pretende frequentar, sempre dentro da exist\u00eancia de vagas.<\/p>\n<h3>Datas-chave de matr\u00edculas<\/h3>\n<p>Entre 22 de Abril e 1 de Junho decorrem as matr\u00edculas para educa\u00e7\u00e3o pr\u00e9-escolar e 1.\u00ba ano do ensino b\u00e1sico. Pelas datas, seguem-se as matr\u00edculas para 6.\u00ba a 11.\u00ba anos, entre 16 e 29 de Junho, e, posteriormente, para 2.\u00ba, 3.\u00ba, 4.\u00ba e 5.\u00ba anos, entre 1 e 13 de Julho.<\/p>\n<h3>Matr\u00edculas no ensino secund\u00e1rio<\/h3>\n<p>Entre 15 de Julho e 22 de Julho, abrem-se as matr\u00edculas para os 10.\u00ba e 12.\u00ba anos do ensino secund\u00e1rio. A renova\u00e7\u00e3o de matr\u00edcula por parte do encarregado ou do aluno deve ocorrer apenas em casos de mudan\u00e7a de escola, de ciclo, de encarregado ou quando envolve op\u00e7\u00f5es curriculares. Outras renova\u00e7\u00f5es s\u00e3o autom\u00e1ticas.<\/p>\n<h3>Processo e hor\u00e1rios<\/h3>\n<p>O calend\u00e1rio pode prever calend\u00e1rios espec\u00edficos na escola para quem est\u00e1 no ensino recorrente ou pretende alterar o percurso formativo. Nestes casos, o diretor escolar fixa as datas, mas n\u00e3o ultrapassa o limite de 27 de Julho (b\u00e1sico), 5 de Agosto (secund\u00e1rio) ou 31 de Dezembro (recorrente).<\/p>\n<h3>Regras de seria\u00e7\u00e3o e prioridades<\/h3>\n<p>Ao efetuar a matr\u00edcula, o encarregado de educa\u00e7\u00e3o ou o aluno, onde aplic\u00e1vel, indica at\u00e9 cinco estabelecimentos, por ordem de prefer\u00eancia. A seria\u00e7\u00e3o depende da disponibilidade de vagas e das prioridades legais definidas, como necessidades educativas especiais, irm\u00e3os no estabelecimento ou benefici\u00e1rios de a\u00e7\u00e3o social escolar.<\/p>\n","protected":false},"excerpt":{"rendered":"<ul>\n<li>As matr\u00edculas para jardins-de-inf\u00e2ncia e 1.\u00ba ciclo arrancam a 22 de Abril e v\u00e3o at\u00e9 1 de Junho; o calend\u00e1rio foi publicado no Di\u00e1rio da Rep\u00fablica e mant\u00e9m as datas do ano anterior.<\/li>\n<li>Entre 16 e 29 de Junho realizam-se as matr\u00edculas para os 6.\u00ba, 7.\u00ba, 8.\u00ba, 9.\u00ba e 11.\u00ba anos.<\/li>\n<li>Entre 1 e 13 de Julho decorrem as matr\u00edculas para o 2.\u00ba, 3.\u00ba, 4.\u00ba e 5.\u00ba anos do ensino b\u00e1sico.<\/li>\n<li>Entre 15 e 22 de Julho ocorre a matr\u00edcula para o 10.\u00ba e o 12.\u00ba anos do ensino secund\u00e1rio.<\/li>\n<li>A renova\u00e7\u00e3o de matr\u00edcula \u00e9 exigida apenas em casos de transfer\u00eancia de escola, mudan\u00e7a de ciclo, altera\u00e7\u00e3o de encarregado de educa\u00e7\u00e3o ou op\u00e7\u00e3o curricular; as demais renova\u00e7\u00f5es s\u00e3o autom\u00e1ticas, e a matr\u00edcula \u00e9 preferencialmente feita online atrav\u00e9s do Portal das Escolas, com cinco estabelecimentos de educa\u00e7\u00e3o ou de ensino a indicar por ordem de prefer\u00eancia.<\/li>\n<\/ul>\n","protected":false},"author":2,"featured_media":435206,"comment_status":"closed","ping_status":"closed","sticky":false,"template":"","format":"standard","meta":{"footnotes":""},"categories":[1,5],"tags":[7795,2153,2443,92,101],"class_list":["post-435203","post","type-post","status-publish","format-standard","has-post-thumbnail","hentry","category-noticias","category-politica","tag-_educacao","tag-educacao-escolar","tag-educacao-publica","tag-ensino","tag-escolas"],"yoast_head":"<!-- This site is optimized with the Yoast SEO plugin v27.2 - https:\/\/yoast.com\/product\/yoast-seo-wordpress\/ -->\n<title>Calend\u00e1rio de matr\u00edculas: inscri\u00e7\u00f5es para filhos a partir de 22 de Abril - Portal Tela Portugal<\/title>\n<meta name=\"robots\" content=\"index, follow, max-snippet:-1, max-image-preview:large, max-video-preview:-1\" \/>\n<meta property=\"og:locale\" content=\"pt_PT\" \/>\n<meta property=\"og:type\" content=\"article\" \/>\n<meta property=\"og:title\" content=\"Calend\u00e1rio de matr\u00edculas: inscri\u00e7\u00f5es para filhos a partir de 22 de Abril - Portal Tela Portugal\" \/>\n<meta property=\"og:description\" content=\"As matr\u00edculas para jardins-de-inf\u00e2ncia e 1.\u00ba ciclo arrancam a 22 de Abril e v\u00e3o at\u00e9 1 de Junho; o calend\u00e1rio foi publicado no Di\u00e1rio da Rep\u00fablica e mant\u00e9m as datas do ano anterior. Entre 16 e 29 de Junho realizam-se as matr\u00edculas para os 6.\u00ba, 7.\u00ba, 8.\u00ba, 9.\u00ba e 11.\u00ba anos. Entre 1 e 13 de Julho decorrem as matr\u00edculas para o 2.\u00ba, 3.\u00ba, 4.\u00ba e 5.\u00ba anos do ensino b\u00e1sico. Entre 15 e 22 de Julho ocorre a matr\u00edcula para o 10.\u00ba e o 12.\u00ba anos do ensino secund\u00e1rio. A renova\u00e7\u00e3o de matr\u00edcula \u00e9 exigida apenas em casos de transfer\u00eancia de escola, mudan\u00e7a de ciclo, altera\u00e7\u00e3o de encarregado de educa\u00e7\u00e3o ou op\u00e7\u00e3o curricular; as demais renova\u00e7\u00f5es s\u00e3o autom\u00e1ticas, e a matr\u00edcula \u00e9 preferencialmente feita online atrav\u00e9s do Portal das Escolas, com cinco estabelecimentos de educa\u00e7\u00e3o ou de ensino a indicar por ordem de prefer\u00eancia.\" \/>\n<meta property=\"og:url\" content=\"https:\/\/portaltela.pt\/noticias\/2026\/04\/07\/calendario-de-matriculas-inscricoes-para-filhos-a-partir-de-22-de-abril\/\" \/>\n<meta property=\"og:site_name\" content=\"Portal Tela Portugal\" \/>\n<meta property=\"article:published_time\" content=\"2026-04-07T11:16:58+00:00\" \/>\n<meta name=\"author\" content=\"Telinha\" \/>\n<meta name=\"twitter:card\" content=\"summary_large_image\" \/>\n<meta name=\"twitter:label1\" content=\"Escrito por\" \/>\n\t<meta name=\"twitter:data1\" content=\"Telinha\" \/>\n\t<meta name=\"twitter:label2\" content=\"Tempo estimado de leitura\" \/>\n\t<meta name=\"twitter:data2\" content=\"2 minutos\" \/>\n<script type=\"application\/ld+json\" class=\"yoast-schema-graph\">{\"@context\":\"https:\/\/schema.org\",\"@graph\":[{\"@type\":\"Article\",\"@id\":\"https:\/\/portaltela.pt\/noticias\/2026\/04\/07\/calendario-de-matriculas-inscricoes-para-filhos-a-partir-de-22-de-abril\/#article\",\"isPartOf\":{\"@id\":\"https:\/\/portaltela.pt\/noticias\/2026\/04\/07\/calendario-de-matriculas-inscricoes-para-filhos-a-partir-de-22-de-abril\/\"},\"author\":{\"name\":\"Telinha\",\"@id\":\"https:\/\/portaltela.pt\/#\/schema\/person\/c4278d4a6028830caff9ee44b42d32ed\"},\"headline\":\"Calend\u00e1rio de matr\u00edculas: inscri\u00e7\u00f5es para filhos a partir de 22 de Abril\",\"datePublished\":\"2026-04-07T11:16:58+00:00\",\"mainEntityOfPage\":{\"@id\":\"https:\/\/portaltela.pt\/noticias\/2026\/04\/07\/calendario-de-matriculas-inscricoes-para-filhos-a-partir-de-22-de-abril\/\"},\"wordCount\":340,\"image\":{\"@id\":\"https:\/\/portaltela.pt\/noticias\/2026\/04\/07\/calendario-de-matriculas-inscricoes-para-filhos-a-partir-de-22-de-abril\/#primaryimage\"},\"thumbnailUrl\":\"https:\/\/portaltela.pt\/s.01k8rhncp4jt1\/2026\/04\/2079652.jpg\",\"keywords\":[\"_educa\u00e7\u00e3o\",\"educa\u00e7\u00e3o escolar\",\"educa\u00e7\u00e3o p\u00fablica\",\"ensino\",\"escolas\"],\"articleSection\":[\"Not\u00edcias\",\"Pol\u00edtica\"],\"inLanguage\":\"pt-PT\"},{\"@type\":\"WebPage\",\"@id\":\"https:\/\/portaltela.pt\/noticias\/2026\/04\/07\/calendario-de-matriculas-inscricoes-para-filhos-a-partir-de-22-de-abril\/\",\"url\":\"https:\/\/portaltela.pt\/noticias\/2026\/04\/07\/calendario-de-matriculas-inscricoes-para-filhos-a-partir-de-22-de-abril\/\",\"name\":\"Calend\u00e1rio de matr\u00edculas: inscri\u00e7\u00f5es para filhos a partir de 22 de Abril - Portal Tela Portugal\",\"isPartOf\":{\"@id\":\"https:\/\/portaltela.pt\/#website\"},\"primaryImageOfPage\":{\"@id\":\"https:\/\/portaltela.pt\/noticias\/2026\/04\/07\/calendario-de-matriculas-inscricoes-para-filhos-a-partir-de-22-de-abril\/#primaryimage\"},\"image\":{\"@id\":\"https:\/\/portaltela.pt\/noticias\/2026\/04\/07\/calendario-de-matriculas-inscricoes-para-filhos-a-partir-de-22-de-abril\/#primaryimage\"},\"thumbnailUrl\":\"https:\/\/portaltela.pt\/s.01k8rhncp4jt1\/2026\/04\/2079652.jpg\",\"datePublished\":\"2026-04-07T11:16:58+00:00\",\"author\":{\"@id\":\"https:\/\/portaltela.pt\/#\/schema\/person\/c4278d4a6028830caff9ee44b42d32ed\"},\"breadcrumb\":{\"@id\":\"https:\/\/portaltela.pt\/noticias\/2026\/04\/07\/calendario-de-matriculas-inscricoes-para-filhos-a-partir-de-22-de-abril\/#breadcrumb\"},\"inLanguage\":\"pt-PT\",\"potentialAction\":[{\"@type\":\"ReadAction\",\"target\":[\"https:\/\/portaltela.pt\/noticias\/2026\/04\/07\/calendario-de-matriculas-inscricoes-para-filhos-a-partir-de-22-de-abril\/\"]}]},{\"@type\":\"ImageObject\",\"inLanguage\":\"pt-PT\",\"@id\":\"https:\/\/portaltela.pt\/noticias\/2026\/04\/07\/calendario-de-matriculas-inscricoes-para-filhos-a-partir-de-22-de-abril\/#primaryimage\",\"url\":\"https:\/\/portaltela.pt\/s.01k8rhncp4jt1\/2026\/04\/2079652.jpg\",\"contentUrl\":\"https:\/\/portaltela.pt\/s.01k8rhncp4jt1\/2026\/04\/2079652.jpg\",\"width\":796,\"height\":448,\"caption\":\"No acto de matr\u00edcula, o encarregado de educa\u00e7\u00e3o ou o aluno, quando maior, indica, por ordem de prefer\u00eancia, cinco estabelecimentos de educa\u00e7\u00e3o ou de ensino\"},{\"@type\":\"BreadcrumbList\",\"@id\":\"https:\/\/portaltela.pt\/noticias\/2026\/04\/07\/calendario-de-matriculas-inscricoes-para-filhos-a-partir-de-22-de-abril\/#breadcrumb\",\"itemListElement\":[{\"@type\":\"ListItem\",\"position\":1,\"name\":\"In\u00edcio\",\"item\":\"https:\/\/portaltela.pt\/\"},{\"@type\":\"ListItem\",\"position\":2,\"name\":\"Calend\u00e1rio de matr\u00edculas: inscri\u00e7\u00f5es para filhos a partir de 22 de Abril\"}]},{\"@type\":\"WebSite\",\"@id\":\"https:\/\/portaltela.pt\/#website\",\"url\":\"https:\/\/portaltela.pt\/\",\"name\":\"Portal Tela Portugal\",\"description\":\"\",\"potentialAction\":[{\"@type\":\"SearchAction\",\"target\":{\"@type\":\"EntryPoint\",\"urlTemplate\":\"https:\/\/portaltela.pt\/?s={search_term_string}\"},\"query-input\":{\"@type\":\"PropertyValueSpecification\",\"valueRequired\":true,\"valueName\":\"search_term_string\"}}],\"inLanguage\":\"pt-PT\"},{\"@type\":\"Person\",\"@id\":\"https:\/\/portaltela.pt\/#\/schema\/person\/c4278d4a6028830caff9ee44b42d32ed\",\"name\":\"Telinha\",\"image\":{\"@type\":\"ImageObject\",\"inLanguage\":\"pt-PT\",\"@id\":\"https:\/\/portaltela.pt\/s.01k8rhncp4jt1\/2025\/11\/talking-bot-125x125.png\",\"url\":\"https:\/\/portaltela.pt\/s.01k8rhncp4jt1\/2025\/11\/talking-bot-125x125.png\",\"contentUrl\":\"https:\/\/portaltela.pt\/s.01k8rhncp4jt1\/2025\/11\/talking-bot-125x125.png\",\"caption\":\"Telinha\"},\"sameAs\":[\"https:\/\/portaltela.pt\/\"],\"url\":\"https:\/\/portaltela.pt\/por\/367410592786\/\"}]}<\/script>\n<!-- \/ Yoast SEO plugin. -->","yoast_head_json":{"title":"Calend\u00e1rio de matr\u00edculas: inscri\u00e7\u00f5es para filhos a partir de 22 de Abril - Portal Tela Portugal","robots":{"index":"index","follow":"follow","max-snippet":"max-snippet:-1","max-image-preview":"max-image-preview:large","max-video-preview":"max-video-preview:-1"},"og_locale":"pt_PT","og_type":"article","og_title":"Calend\u00e1rio de matr\u00edculas: inscri\u00e7\u00f5es para filhos a partir de 22 de Abril - Portal Tela Portugal","og_description":"As matr\u00edculas para jardins-de-inf\u00e2ncia e 1.\u00ba ciclo arrancam a 22 de Abril e v\u00e3o at\u00e9 1 de Junho; o calend\u00e1rio foi publicado no Di\u00e1rio da Rep\u00fablica e mant\u00e9m as datas do ano anterior. Entre 16 e 29 de Junho realizam-se as matr\u00edculas para os 6.\u00ba, 7.\u00ba, 8.\u00ba, 9.\u00ba e 11.\u00ba anos. Entre 1 e 13 de Julho decorrem as matr\u00edculas para o 2.\u00ba, 3.\u00ba, 4.\u00ba e 5.\u00ba anos do ensino b\u00e1sico. Entre 15 e 22 de Julho ocorre a matr\u00edcula para o 10.\u00ba e o 12.\u00ba anos do ensino secund\u00e1rio. A renova\u00e7\u00e3o de matr\u00edcula \u00e9 exigida apenas em casos de transfer\u00eancia de escola, mudan\u00e7a de ciclo, altera\u00e7\u00e3o de encarregado de educa\u00e7\u00e3o ou op\u00e7\u00e3o curricular; as demais renova\u00e7\u00f5es s\u00e3o autom\u00e1ticas, e a matr\u00edcula \u00e9 preferencialmente feita online atrav\u00e9s do Portal das Escolas, com cinco estabelecimentos de educa\u00e7\u00e3o ou de ensino a indicar por ordem de prefer\u00eancia.","og_url":"https:\/\/portaltela.pt\/noticias\/2026\/04\/07\/calendario-de-matriculas-inscricoes-para-filhos-a-partir-de-22-de-abril\/","og_site_name":"Portal Tela Portugal","article_published_time":"2026-04-07T11:16:58+00:00","author":"Telinha","twitter_card":"summary_large_image","twitter_misc":{"Escrito por":"Telinha","Tempo estimado de leitura":"2 minutos"},"schema":{"@context":"https:\/\/schema.org","@graph":[{"@type":"Article","@id":"https:\/\/portaltela.pt\/noticias\/2026\/04\/07\/calendario-de-matriculas-inscricoes-para-filhos-a-partir-de-22-de-abril\/#article","isPartOf":{"@id":"https:\/\/portaltela.pt\/noticias\/2026\/04\/07\/calendario-de-matriculas-inscricoes-para-filhos-a-partir-de-22-de-abril\/"},"author":{"name":"Telinha","@id":"https:\/\/portaltela.pt\/#\/schema\/person\/c4278d4a6028830caff9ee44b42d32ed"},"headline":"Calend\u00e1rio de matr\u00edculas: inscri\u00e7\u00f5es para filhos a partir de 22 de Abril","datePublished":"2026-04-07T11:16:58+00:00","mainEntityOfPage":{"@id":"https:\/\/portaltela.pt\/noticias\/2026\/04\/07\/calendario-de-matriculas-inscricoes-para-filhos-a-partir-de-22-de-abril\/"},"wordCount":340,"image":{"@id":"https:\/\/portaltela.pt\/noticias\/2026\/04\/07\/calendario-de-matriculas-inscricoes-para-filhos-a-partir-de-22-de-abril\/#primaryimage"},"thumbnailUrl":"https:\/\/portaltela.pt\/s.01k8rhncp4jt1\/2026\/04\/2079652.jpg","keywords":["_educa\u00e7\u00e3o","educa\u00e7\u00e3o escolar","educa\u00e7\u00e3o p\u00fablica","ensino","escolas"],"articleSection":["Not\u00edcias","Pol\u00edtica"],"inLanguage":"pt-PT"},{"@type":"WebPage","@id":"https:\/\/portaltela.pt\/noticias\/2026\/04\/07\/calendario-de-matriculas-inscricoes-para-filhos-a-partir-de-22-de-abril\/","url":"https:\/\/portaltela.pt\/noticias\/2026\/04\/07\/calendario-de-matriculas-inscricoes-para-filhos-a-partir-de-22-de-abril\/","name":"Calend\u00e1rio de matr\u00edculas: inscri\u00e7\u00f5es para filhos a partir de 22 de Abril - Portal Tela Portugal","isPartOf":{"@id":"https:\/\/portaltela.pt\/#website"},"primaryImageOfPage":{"@id":"https:\/\/portaltela.pt\/noticias\/2026\/04\/07\/calendario-de-matriculas-inscricoes-para-filhos-a-partir-de-22-de-abril\/#primaryimage"},"image":{"@id":"https:\/\/portaltela.pt\/noticias\/2026\/04\/07\/calendario-de-matriculas-inscricoes-para-filhos-a-partir-de-22-de-abril\/#primaryimage"},"thumbnailUrl":"https:\/\/portaltela.pt\/s.01k8rhncp4jt1\/2026\/04\/2079652.jpg","datePublished":"2026-04-07T11:16:58+00:00","author":{"@id":"https:\/\/portaltela.pt\/#\/schema\/person\/c4278d4a6028830caff9ee44b42d32ed"},"breadcrumb":{"@id":"https:\/\/portaltela.pt\/noticias\/2026\/04\/07\/calendario-de-matriculas-inscricoes-para-filhos-a-partir-de-22-de-abril\/#breadcrumb"},"inLanguage":"pt-PT","potentialAction":[{"@type":"ReadAction","target":["https:\/\/portaltela.pt\/noticias\/2026\/04\/07\/calendario-de-matriculas-inscricoes-para-filhos-a-partir-de-22-de-abril\/"]}]},{"@type":"ImageObject","inLanguage":"pt-PT","@id":"https:\/\/portaltela.pt\/noticias\/2026\/04\/07\/calendario-de-matriculas-inscricoes-para-filhos-a-partir-de-22-de-abril\/#primaryimage","url":"https:\/\/portaltela.pt\/s.01k8rhncp4jt1\/2026\/04\/2079652.jpg","contentUrl":"https:\/\/portaltela.pt\/s.01k8rhncp4jt1\/2026\/04\/2079652.jpg","width":796,"height":448,"caption":"No acto de matr\u00edcula, o encarregado de educa\u00e7\u00e3o ou o aluno, quando maior, indica, por ordem de prefer\u00eancia, cinco estabelecimentos de educa\u00e7\u00e3o ou de ensino"},{"@type":"BreadcrumbList","@id":"https:\/\/portaltela.pt\/noticias\/2026\/04\/07\/calendario-de-matriculas-inscricoes-para-filhos-a-partir-de-22-de-abril\/#breadcrumb","itemListElement":[{"@type":"ListItem","position":1,"name":"In\u00edcio","item":"https:\/\/portaltela.pt\/"},{"@type":"ListItem","position":2,"name":"Calend\u00e1rio de matr\u00edculas: inscri\u00e7\u00f5es para filhos a partir de 22 de Abril"}]},{"@type":"WebSite","@id":"https:\/\/portaltela.pt\/#website","url":"https:\/\/portaltela.pt\/","name":"Portal Tela Portugal","description":"","potentialAction":[{"@type":"SearchAction","target":{"@type":"EntryPoint","urlTemplate":"https:\/\/portaltela.pt\/?s={search_term_string}"},"query-input":{"@type":"PropertyValueSpecification","valueRequired":true,"valueName":"search_term_string"}}],"inLanguage":"pt-PT"},{"@type":"Person","@id":"https:\/\/portaltela.pt\/#\/schema\/person\/c4278d4a6028830caff9ee44b42d32ed","name":"Telinha","image":{"@type":"ImageObject","inLanguage":"pt-PT","@id":"https:\/\/portaltela.pt\/s.01k8rhncp4jt1\/2025\/11\/talking-bot-125x125.png","url":"https:\/\/portaltela.pt\/s.01k8rhncp4jt1\/2025\/11\/talking-bot-125x125.png","contentUrl":"https:\/\/portaltela.pt\/s.01k8rhncp4jt1\/2025\/11\/talking-bot-125x125.png","caption":"Telinha"},"sameAs":["https:\/\/portaltela.pt\/"],"url":"https:\/\/portaltela.pt\/por\/367410592786\/"}]}},"_links":{"self":[{"href":"https:\/\/portaltela.pt\/api\/wp\/v2\/posts\/435203","targetHints":{"allow":["GET"]}}],"collection":[{"href":"https:\/\/portaltela.pt\/api\/wp\/v2\/posts"}],"about":[{"href":"https:\/\/portaltela.pt\/api\/wp\/v2\/types\/post"}],"author":[{"embeddable":true,"href":"https:\/\/portaltela.pt\/api\/wp\/v2\/users\/2"}],"replies":[{"embeddable":true,"href":"https:\/\/portaltela.pt\/api\/wp\/v2\/comments?post=435203"}],"version-history":[{"count":0,"href":"https:\/\/portaltela.pt\/api\/wp\/v2\/posts\/435203\/revisions"}],"wp:featuredmedia":[{"embeddable":true,"href":"https:\/\/portaltela.pt\/api\/wp\/v2\/media\/435206"}],"wp:attachment":[{"href":"https:\/\/portaltela.pt\/api\/wp\/v2\/media?parent=435203"}],"wp:term":[{"taxonomy":"category","embeddable":true,"href":"https:\/\/portaltela.pt\/api\/wp\/v2\/categories?post=435203"},{"taxonomy":"post_tag","embeddable":true,"href":"https:\/\/portaltela.pt\/api\/wp\/v2\/tags?post=435203"}],"curies":[{"name":"wp","href":"https:\/\/api.w.org\/{rel}","templated":true}]}}