{"id":435198,"date":"2026-04-07T08:16:52","date_gmt":"2026-04-07T11:16:52","guid":{"rendered":"https:\/\/portaltela.pt\/noticias\/2026\/04\/07\/acidente-com-tgv-mata-motorista-e-fere-27-em-franca\/"},"modified":"2026-04-07T08:16:52","modified_gmt":"2026-04-07T11:16:52","slug":"acidente-com-tgv-mata-motorista-e-fere-27-em-franca","status":"publish","type":"post","link":"https:\/\/portaltela.pt\/acidentes\/2026\/04\/07\/acidente-com-tgv-mata-motorista-e-fere-27-em-franca\/","title":{"rendered":"Acidente com TGV mata motorista e fere 27 em Fran\u00e7a"},"content":{"rendered":"<p>Um acidente envolvendo um TGV ocorreu na ter\u00e7a-feira na regi\u00e3o de Noeux-les-Mines, perto de Lille, Fran\u00e7a. O comboio colidiu com um cami\u00e3o que transportava ve\u00edculos militares, causando a morte do maquinista e 27 feridos.<\/p>\n<p>As autoridades confirmam que o choque aconteceu durante a circula\u00e7\u00e3o do comboio, em circunst\u00e2ncias ainda a esclarecer. A linha est\u00e1 temporariamente interrompida para investiga\u00e7\u00f5es e per\u00edcia no local.<\/p>\n<p>Equipes de emerg\u00eancia deslocaram-se rapidamente ao cen\u00e1rio, estabilizaram feridos e encaminharam-nos para hospitais da regi\u00e3o. O incidente levou a uma resposta coordenada entre servi\u00e7os de ajuda e seguran\u00e7a.<\/p>\n","protected":false},"excerpt":{"rendered":"<ul>\n<li>Um maquinista de TGV morreu e 27 pessoas ficaram feridas num acidente na Fran\u00e7a.<\/li>\n<li>O choque foi com um cami\u00e3o que transportava ve\u00edculos militares.<\/li>\n<li>O incidente ocorreu nesta ter\u00e7a-feira na regi\u00e3o de Noeux-les-Mines, perto de Lille.<\/li>\n<li>A investiga\u00e7\u00e3o das causas est\u00e1 em curso pelas autoridades francesas.<\/li>\n<\/ul>\n","protected":false},"author":2,"featured_media":435202,"comment_status":"closed","ping_status":"closed","sticky":false,"template":"","format":"standard","meta":{"footnotes":""},"categories":[6849],"tags":[5487,3622,3449,1856,1899],"class_list":["post-435198","post","type-post","status-publish","format-standard","has-post-thumbnail","hentry","category-acidentes","tag-acidente","tag-acidentes-ferroviarios","tag-feridos","tag-franca","tag-urgencias"],"yoast_head":"<!-- This site is optimized with the Yoast SEO plugin v27.2 - https:\/\/yoast.com\/product\/yoast-seo-wordpress\/ -->\n<title>Acidente com TGV mata motorista e fere 27 em Fran\u00e7a - Portal Tela Portugal<\/title>\n<meta name=\"robots\" content=\"index, follow, max-snippet:-1, max-image-preview:large, max-video-preview:-1\" \/>\n<meta property=\"og:locale\" content=\"pt_PT\" \/>\n<meta property=\"og:type\" content=\"article\" \/>\n<meta property=\"og:title\" content=\"Acidente com TGV mata motorista e fere 27 em Fran\u00e7a - Portal Tela Portugal\" \/>\n<meta property=\"og:description\" content=\"Um maquinista de TGV morreu e 27 pessoas ficaram feridas num acidente na Fran\u00e7a. O choque foi com um cami\u00e3o que transportava ve\u00edculos militares. O incidente ocorreu nesta ter\u00e7a-feira na regi\u00e3o de Noeux-les-Mines, perto de Lille. A investiga\u00e7\u00e3o das causas est\u00e1 em curso pelas autoridades francesas.\" \/>\n<meta property=\"og:url\" content=\"https:\/\/portaltela.pt\/noticias\/2026\/04\/07\/acidente-com-tgv-mata-motorista-e-fere-27-em-franca\/\" \/>\n<meta property=\"og:site_name\" content=\"Portal Tela Portugal\" \/>\n<meta property=\"article:published_time\" content=\"2026-04-07T11:16:52+00:00\" \/>\n<meta name=\"author\" content=\"Telinha\" \/>\n<meta name=\"twitter:card\" content=\"summary_large_image\" \/>\n<meta name=\"twitter:label1\" content=\"Escrito por\" \/>\n\t<meta name=\"twitter:data1\" content=\"Telinha\" \/>\n\t<meta name=\"twitter:label2\" content=\"Tempo estimado de leitura\" \/>\n\t<meta name=\"twitter:data2\" content=\"1 minuto\" \/>\n<script type=\"application\/ld+json\" class=\"yoast-schema-graph\">{\"@context\":\"https:\/\/schema.org\",\"@graph\":[{\"@type\":\"Article\",\"@id\":\"https:\/\/portaltela.pt\/noticias\/2026\/04\/07\/acidente-com-tgv-mata-motorista-e-fere-27-em-franca\/#article\",\"isPartOf\":{\"@id\":\"https:\/\/portaltela.pt\/noticias\/2026\/04\/07\/acidente-com-tgv-mata-motorista-e-fere-27-em-franca\/\"},\"author\":{\"name\":\"Telinha\",\"@id\":\"https:\/\/portaltela.pt\/#\/schema\/person\/c4278d4a6028830caff9ee44b42d32ed\"},\"headline\":\"Acidente com TGV mata motorista e fere 27 em Fran\u00e7a\",\"datePublished\":\"2026-04-07T11:16:52+00:00\",\"mainEntityOfPage\":{\"@id\":\"https:\/\/portaltela.pt\/noticias\/2026\/04\/07\/acidente-com-tgv-mata-motorista-e-fere-27-em-franca\/\"},\"wordCount\":113,\"image\":{\"@id\":\"https:\/\/portaltela.pt\/noticias\/2026\/04\/07\/acidente-com-tgv-mata-motorista-e-fere-27-em-franca\/#primaryimage\"},\"thumbnailUrl\":\"https:\/\/portaltela.pt\/s.01k8rhncp4jt1\/2026\/04\/img_1280x722uu2026-04-07-10-41-38-2276993.jpg\",\"keywords\":[\"acidente\",\"acidentes ferrovi\u00e1rios\",\"feridos\",\"Fran\u00e7a\",\"urg\u00eancias\"],\"articleSection\":[\"Acidentes\"],\"inLanguage\":\"pt-PT\"},{\"@type\":\"WebPage\",\"@id\":\"https:\/\/portaltela.pt\/noticias\/2026\/04\/07\/acidente-com-tgv-mata-motorista-e-fere-27-em-franca\/\",\"url\":\"https:\/\/portaltela.pt\/noticias\/2026\/04\/07\/acidente-com-tgv-mata-motorista-e-fere-27-em-franca\/\",\"name\":\"Acidente com TGV mata motorista e fere 27 em Fran\u00e7a - Portal Tela Portugal\",\"isPartOf\":{\"@id\":\"https:\/\/portaltela.pt\/#website\"},\"primaryImageOfPage\":{\"@id\":\"https:\/\/portaltela.pt\/noticias\/2026\/04\/07\/acidente-com-tgv-mata-motorista-e-fere-27-em-franca\/#primaryimage\"},\"image\":{\"@id\":\"https:\/\/portaltela.pt\/noticias\/2026\/04\/07\/acidente-com-tgv-mata-motorista-e-fere-27-em-franca\/#primaryimage\"},\"thumbnailUrl\":\"https:\/\/portaltela.pt\/s.01k8rhncp4jt1\/2026\/04\/img_1280x722uu2026-04-07-10-41-38-2276993.jpg\",\"datePublished\":\"2026-04-07T11:16:52+00:00\",\"author\":{\"@id\":\"https:\/\/portaltela.pt\/#\/schema\/person\/c4278d4a6028830caff9ee44b42d32ed\"},\"breadcrumb\":{\"@id\":\"https:\/\/portaltela.pt\/noticias\/2026\/04\/07\/acidente-com-tgv-mata-motorista-e-fere-27-em-franca\/#breadcrumb\"},\"inLanguage\":\"pt-PT\",\"potentialAction\":[{\"@type\":\"ReadAction\",\"target\":[\"https:\/\/portaltela.pt\/noticias\/2026\/04\/07\/acidente-com-tgv-mata-motorista-e-fere-27-em-franca\/\"]}]},{\"@type\":\"ImageObject\",\"inLanguage\":\"pt-PT\",\"@id\":\"https:\/\/portaltela.pt\/noticias\/2026\/04\/07\/acidente-com-tgv-mata-motorista-e-fere-27-em-franca\/#primaryimage\",\"url\":\"https:\/\/portaltela.pt\/s.01k8rhncp4jt1\/2026\/04\/img_1280x722uu2026-04-07-10-41-38-2276993.jpg\",\"contentUrl\":\"https:\/\/portaltela.pt\/s.01k8rhncp4jt1\/2026\/04\/img_1280x722uu2026-04-07-10-41-38-2276993.jpg\",\"width\":796,\"height\":448,\"caption\":\"Maquinista de TGV morre em colis\u00e3o com cami\u00e3o que transportava ve\u00edculos militares em Fran\u00e7a. H\u00e1 27 feridos\"},{\"@type\":\"BreadcrumbList\",\"@id\":\"https:\/\/portaltela.pt\/noticias\/2026\/04\/07\/acidente-com-tgv-mata-motorista-e-fere-27-em-franca\/#breadcrumb\",\"itemListElement\":[{\"@type\":\"ListItem\",\"position\":1,\"name\":\"In\u00edcio\",\"item\":\"https:\/\/portaltela.pt\/\"},{\"@type\":\"ListItem\",\"position\":2,\"name\":\"Acidente com TGV mata motorista e fere 27 em Fran\u00e7a\"}]},{\"@type\":\"WebSite\",\"@id\":\"https:\/\/portaltela.pt\/#website\",\"url\":\"https:\/\/portaltela.pt\/\",\"name\":\"Portal Tela Portugal\",\"description\":\"\",\"potentialAction\":[{\"@type\":\"SearchAction\",\"target\":{\"@type\":\"EntryPoint\",\"urlTemplate\":\"https:\/\/portaltela.pt\/?s={search_term_string}\"},\"query-input\":{\"@type\":\"PropertyValueSpecification\",\"valueRequired\":true,\"valueName\":\"search_term_string\"}}],\"inLanguage\":\"pt-PT\"},{\"@type\":\"Person\",\"@id\":\"https:\/\/portaltela.pt\/#\/schema\/person\/c4278d4a6028830caff9ee44b42d32ed\",\"name\":\"Telinha\",\"image\":{\"@type\":\"ImageObject\",\"inLanguage\":\"pt-PT\",\"@id\":\"https:\/\/portaltela.pt\/s.01k8rhncp4jt1\/2025\/11\/talking-bot-125x125.png\",\"url\":\"https:\/\/portaltela.pt\/s.01k8rhncp4jt1\/2025\/11\/talking-bot-125x125.png\",\"contentUrl\":\"https:\/\/portaltela.pt\/s.01k8rhncp4jt1\/2025\/11\/talking-bot-125x125.png\",\"caption\":\"Telinha\"},\"sameAs\":[\"https:\/\/portaltela.pt\/\"],\"url\":\"https:\/\/portaltela.pt\/por\/367410592786\/\"}]}<\/script>\n<!-- \/ Yoast SEO plugin. -->","yoast_head_json":{"title":"Acidente com TGV mata motorista e fere 27 em Fran\u00e7a - Portal Tela Portugal","robots":{"index":"index","follow":"follow","max-snippet":"max-snippet:-1","max-image-preview":"max-image-preview:large","max-video-preview":"max-video-preview:-1"},"og_locale":"pt_PT","og_type":"article","og_title":"Acidente com TGV mata motorista e fere 27 em Fran\u00e7a - Portal Tela Portugal","og_description":"Um maquinista de TGV morreu e 27 pessoas ficaram feridas num acidente na Fran\u00e7a. O choque foi com um cami\u00e3o que transportava ve\u00edculos militares. O incidente ocorreu nesta ter\u00e7a-feira na regi\u00e3o de Noeux-les-Mines, perto de Lille. A investiga\u00e7\u00e3o das causas est\u00e1 em curso pelas autoridades francesas.","og_url":"https:\/\/portaltela.pt\/noticias\/2026\/04\/07\/acidente-com-tgv-mata-motorista-e-fere-27-em-franca\/","og_site_name":"Portal Tela Portugal","article_published_time":"2026-04-07T11:16:52+00:00","author":"Telinha","twitter_card":"summary_large_image","twitter_misc":{"Escrito por":"Telinha","Tempo estimado de leitura":"1 minuto"},"schema":{"@context":"https:\/\/schema.org","@graph":[{"@type":"Article","@id":"https:\/\/portaltela.pt\/noticias\/2026\/04\/07\/acidente-com-tgv-mata-motorista-e-fere-27-em-franca\/#article","isPartOf":{"@id":"https:\/\/portaltela.pt\/noticias\/2026\/04\/07\/acidente-com-tgv-mata-motorista-e-fere-27-em-franca\/"},"author":{"name":"Telinha","@id":"https:\/\/portaltela.pt\/#\/schema\/person\/c4278d4a6028830caff9ee44b42d32ed"},"headline":"Acidente com TGV mata motorista e fere 27 em Fran\u00e7a","datePublished":"2026-04-07T11:16:52+00:00","mainEntityOfPage":{"@id":"https:\/\/portaltela.pt\/noticias\/2026\/04\/07\/acidente-com-tgv-mata-motorista-e-fere-27-em-franca\/"},"wordCount":113,"image":{"@id":"https:\/\/portaltela.pt\/noticias\/2026\/04\/07\/acidente-com-tgv-mata-motorista-e-fere-27-em-franca\/#primaryimage"},"thumbnailUrl":"https:\/\/portaltela.pt\/s.01k8rhncp4jt1\/2026\/04\/img_1280x722uu2026-04-07-10-41-38-2276993.jpg","keywords":["acidente","acidentes ferrovi\u00e1rios","feridos","Fran\u00e7a","urg\u00eancias"],"articleSection":["Acidentes"],"inLanguage":"pt-PT"},{"@type":"WebPage","@id":"https:\/\/portaltela.pt\/noticias\/2026\/04\/07\/acidente-com-tgv-mata-motorista-e-fere-27-em-franca\/","url":"https:\/\/portaltela.pt\/noticias\/2026\/04\/07\/acidente-com-tgv-mata-motorista-e-fere-27-em-franca\/","name":"Acidente com TGV mata motorista e fere 27 em Fran\u00e7a - Portal Tela Portugal","isPartOf":{"@id":"https:\/\/portaltela.pt\/#website"},"primaryImageOfPage":{"@id":"https:\/\/portaltela.pt\/noticias\/2026\/04\/07\/acidente-com-tgv-mata-motorista-e-fere-27-em-franca\/#primaryimage"},"image":{"@id":"https:\/\/portaltela.pt\/noticias\/2026\/04\/07\/acidente-com-tgv-mata-motorista-e-fere-27-em-franca\/#primaryimage"},"thumbnailUrl":"https:\/\/portaltela.pt\/s.01k8rhncp4jt1\/2026\/04\/img_1280x722uu2026-04-07-10-41-38-2276993.jpg","datePublished":"2026-04-07T11:16:52+00:00","author":{"@id":"https:\/\/portaltela.pt\/#\/schema\/person\/c4278d4a6028830caff9ee44b42d32ed"},"breadcrumb":{"@id":"https:\/\/portaltela.pt\/noticias\/2026\/04\/07\/acidente-com-tgv-mata-motorista-e-fere-27-em-franca\/#breadcrumb"},"inLanguage":"pt-PT","potentialAction":[{"@type":"ReadAction","target":["https:\/\/portaltela.pt\/noticias\/2026\/04\/07\/acidente-com-tgv-mata-motorista-e-fere-27-em-franca\/"]}]},{"@type":"ImageObject","inLanguage":"pt-PT","@id":"https:\/\/portaltela.pt\/noticias\/2026\/04\/07\/acidente-com-tgv-mata-motorista-e-fere-27-em-franca\/#primaryimage","url":"https:\/\/portaltela.pt\/s.01k8rhncp4jt1\/2026\/04\/img_1280x722uu2026-04-07-10-41-38-2276993.jpg","contentUrl":"https:\/\/portaltela.pt\/s.01k8rhncp4jt1\/2026\/04\/img_1280x722uu2026-04-07-10-41-38-2276993.jpg","width":796,"height":448,"caption":"Maquinista de TGV morre em colis\u00e3o com cami\u00e3o que transportava ve\u00edculos militares em Fran\u00e7a. H\u00e1 27 feridos"},{"@type":"BreadcrumbList","@id":"https:\/\/portaltela.pt\/noticias\/2026\/04\/07\/acidente-com-tgv-mata-motorista-e-fere-27-em-franca\/#breadcrumb","itemListElement":[{"@type":"ListItem","position":1,"name":"In\u00edcio","item":"https:\/\/portaltela.pt\/"},{"@type":"ListItem","position":2,"name":"Acidente com TGV mata motorista e fere 27 em Fran\u00e7a"}]},{"@type":"WebSite","@id":"https:\/\/portaltela.pt\/#website","url":"https:\/\/portaltela.pt\/","name":"Portal Tela Portugal","description":"","potentialAction":[{"@type":"SearchAction","target":{"@type":"EntryPoint","urlTemplate":"https:\/\/portaltela.pt\/?s={search_term_string}"},"query-input":{"@type":"PropertyValueSpecification","valueRequired":true,"valueName":"search_term_string"}}],"inLanguage":"pt-PT"},{"@type":"Person","@id":"https:\/\/portaltela.pt\/#\/schema\/person\/c4278d4a6028830caff9ee44b42d32ed","name":"Telinha","image":{"@type":"ImageObject","inLanguage":"pt-PT","@id":"https:\/\/portaltela.pt\/s.01k8rhncp4jt1\/2025\/11\/talking-bot-125x125.png","url":"https:\/\/portaltela.pt\/s.01k8rhncp4jt1\/2025\/11\/talking-bot-125x125.png","contentUrl":"https:\/\/portaltela.pt\/s.01k8rhncp4jt1\/2025\/11\/talking-bot-125x125.png","caption":"Telinha"},"sameAs":["https:\/\/portaltela.pt\/"],"url":"https:\/\/portaltela.pt\/por\/367410592786\/"}]}},"_links":{"self":[{"href":"https:\/\/portaltela.pt\/api\/wp\/v2\/posts\/435198","targetHints":{"allow":["GET"]}}],"collection":[{"href":"https:\/\/portaltela.pt\/api\/wp\/v2\/posts"}],"about":[{"href":"https:\/\/portaltela.pt\/api\/wp\/v2\/types\/post"}],"author":[{"embeddable":true,"href":"https:\/\/portaltela.pt\/api\/wp\/v2\/users\/2"}],"replies":[{"embeddable":true,"href":"https:\/\/portaltela.pt\/api\/wp\/v2\/comments?post=435198"}],"version-history":[{"count":0,"href":"https:\/\/portaltela.pt\/api\/wp\/v2\/posts\/435198\/revisions"}],"wp:featuredmedia":[{"embeddable":true,"href":"https:\/\/portaltela.pt\/api\/wp\/v2\/media\/435202"}],"wp:attachment":[{"href":"https:\/\/portaltela.pt\/api\/wp\/v2\/media?parent=435198"}],"wp:term":[{"taxonomy":"category","embeddable":true,"href":"https:\/\/portaltela.pt\/api\/wp\/v2\/categories?post=435198"},{"taxonomy":"post_tag","embeddable":true,"href":"https:\/\/portaltela.pt\/api\/wp\/v2\/tags?post=435198"}],"curies":[{"name":"wp","href":"https:\/\/api.w.org\/{rel}","templated":true}]}}