{"id":435197,"date":"2026-04-07T08:16:52","date_gmt":"2026-04-07T11:16:52","guid":{"rendered":"https:\/\/portaltela.pt\/noticias\/2026\/04\/07\/poeiras-do-norte-de-africa-afetam-a-qualidade-do-ar-em-portugal-ate-quinta-feira\/"},"modified":"2026-04-07T08:16:52","modified_gmt":"2026-04-07T11:16:52","slug":"poeiras-do-norte-de-africa-afetam-a-qualidade-do-ar-em-portugal-ate-quinta-feira","status":"publish","type":"post","link":"https:\/\/portaltela.pt\/meio-ambiente\/2026\/04\/07\/poeiras-do-norte-de-africa-afetam-a-qualidade-do-ar-em-portugal-ate-quinta-feira\/","title":{"rendered":"Poeiras do Norte de \u00c1frica afetam a qualidade do ar em Portugal at\u00e9 quinta-feira"},"content":{"rendered":"<p>A poeira origin\u00e1ria do Norte de \u00c1frica vai afectar a qualidade do ar em Portugal continental at\u00e9 quinta-feira, 9 de abril. A Dire\u00e7\u00e3o-Geral da Sa\u00fade (DGS) informou que pode haver um aumento das part\u00edculas inal\u00e1veis de origem natural no ar, especialmente entre a popula\u00e7\u00e3o mais sens\u00edvel.<\/p>\n<p>Ao longo desta ter\u00e7a-feira, n\u00e3o se confirmam ainda n\u00edveis extremos em todo o territ\u00f3rio, mas registaram-se indicativos de maior concentra\u00e7\u00e3o do poluente PM10 em algumas zonas do sul. A situa\u00e7\u00e3o \u00e9 acompanhada pela Ag\u00eancia Portuguesa do Ambiente (APA) e pelo sistema QualAr.<\/p>\n<p>A DGS alerta para uma previs\u00e3o de fraca qualidade do ar causada pela massa de ar vinda dos desertos do Norte de \u00c1frica, que transporta poeiras em suspens\u00e3o para Portugal continental. O per\u00edodo de alerta estende-se at\u00e9 ao dia 9 de abril, com potenciais impactos na sa\u00fade.<\/p>\n<p>A entidade p\u00fablica sublinha que o PM10 pode ter efeitos na sa\u00fade humana, sobretudo na popula\u00e7\u00e3o sens\u00edvel, incluindo crian\u00e7as e idosos. De forma preventiva, recomenda-se reduzir atividades ao ar livre e evitar fumo, irritantes e esfor\u00e7os prolongados.<\/p>\n<h3>Medidas e orienta\u00e7\u00f5es da DGS<\/h3>\n<p>A DGS sugere, durante a ocorr\u00eancia, que a popula\u00e7\u00e3o general utilize o m\u00ednimo poss\u00edvel de esfor\u00e7o f\u00edsico ao ar livre e reduza exposi\u00e7\u00e3o a irritantes. Grupos mais vulner\u00e1veis devem manter-se em ambiente interior sempre que poss\u00edvel, com janelas fechadas. Os doentes devem manter os tratamentos em curso.<\/p>\n<p>Em caso de agravamento de sintomas, a DGS recomenda contactar a Linha Sa\u00fade 24 ou procurar um servi\u00e7o de sa\u00fade de forma adequada. O objetivo \u00e9 minimizar impactos na sa\u00fade, sobretudo em crian\u00e7as, idosos e quem apresenta problemas respirat\u00f3rios ou card\u00edacos.<\/p>\n","protected":false},"excerpt":{"rendered":"<ul>\n<li>A DGS alertou para a passagem de uma massa de ar do norte de \u00c1frica, com poeiras em suspens\u00e3o, que pode manter-se at\u00e9 quinta-feira, 9 de abril, sobre o territ\u00f3rio continental.<\/li>\n<li>O fen\u00f3meno deve trazer uma fraca qualidade do ar, devido ao aumento das part\u00edculas inal\u00e1veis de origem natural, o poluente conhecido como PM10.<\/li>\n<li>Crian\u00e7as, idosos e pessoas com problemas respirat\u00f3rios ou card\u00edacos devem redobrar cuidados e, sempre que poss\u00edvel, ficar em ambientes fechados com as janelas fechadas.<\/li>\n<li>A popula\u00e7\u00e3o em geral deve evitar esfor\u00e7os prolongados ao ar livre, limitar a atividade f\u00edsica e n\u00e3o expor-se a fumo ou irritantes.<\/li>\n<li>O sistema QualAr indicou, \u00e0s 11h30 de hoje, que a qualidade do ar permanece principalmente positiva, com registos de maior presen\u00e7a de PM10 apenas em algumas zonas do sul; not\u00edcias de IQAir citam que apenas 14% das cidades globais respiram ar seguro.<\/li>\n<\/ul>\n","protected":false},"author":2,"featured_media":435200,"comment_status":"closed","ping_status":"closed","sticky":false,"template":"","format":"standard","meta":{"footnotes":""},"categories":[6725],"tags":[7767,3953,3750,1014,3460,172],"class_list":["post-435197","post","type-post","status-publish","format-standard","has-post-thumbnail","hentry","category-meio-ambiente","tag-_meio-ambiente","tag-criancas","tag-poluicao-ambiental","tag-portugal","tag-qualidade-do-ar","tag-saude"],"yoast_head":"<!-- This site is optimized with the Yoast SEO plugin v27.2 - https:\/\/yoast.com\/product\/yoast-seo-wordpress\/ -->\n<title>Poeiras do Norte de \u00c1frica afetam a qualidade do ar em Portugal at\u00e9 quinta-feira - Portal Tela Portugal<\/title>\n<meta name=\"robots\" content=\"index, follow, max-snippet:-1, max-image-preview:large, max-video-preview:-1\" \/>\n<meta property=\"og:locale\" content=\"pt_PT\" \/>\n<meta property=\"og:type\" content=\"article\" \/>\n<meta property=\"og:title\" content=\"Poeiras do Norte de \u00c1frica afetam a qualidade do ar em Portugal at\u00e9 quinta-feira - Portal Tela Portugal\" \/>\n<meta property=\"og:description\" content=\"A DGS alertou para a passagem de uma massa de ar do norte de \u00c1frica, com poeiras em suspens\u00e3o, que pode manter-se at\u00e9 quinta-feira, 9 de abril, sobre o territ\u00f3rio continental. O fen\u00f3meno deve trazer uma fraca qualidade do ar, devido ao aumento das part\u00edculas inal\u00e1veis de origem natural, o poluente conhecido como PM10. Crian\u00e7as, idosos e pessoas com problemas respirat\u00f3rios ou card\u00edacos devem redobrar cuidados e, sempre que poss\u00edvel, ficar em ambientes fechados com as janelas fechadas. A popula\u00e7\u00e3o em geral deve evitar esfor\u00e7os prolongados ao ar livre, limitar a atividade f\u00edsica e n\u00e3o expor-se a fumo ou irritantes. O sistema QualAr indicou, \u00e0s 11h30 de hoje, que a qualidade do ar permanece principalmente positiva, com registos de maior presen\u00e7a de PM10 apenas em algumas zonas do sul; not\u00edcias de IQAir citam que apenas 14% das cidades globais respiram ar seguro.\" \/>\n<meta property=\"og:url\" content=\"https:\/\/portaltela.pt\/noticias\/2026\/04\/07\/poeiras-do-norte-de-africa-afetam-a-qualidade-do-ar-em-portugal-ate-quinta-feira\/\" \/>\n<meta property=\"og:site_name\" content=\"Portal Tela Portugal\" \/>\n<meta property=\"article:published_time\" content=\"2026-04-07T11:16:52+00:00\" \/>\n<meta name=\"author\" content=\"Telinha\" \/>\n<meta name=\"twitter:card\" content=\"summary_large_image\" \/>\n<meta name=\"twitter:label1\" content=\"Escrito por\" \/>\n\t<meta name=\"twitter:data1\" content=\"Telinha\" \/>\n\t<meta name=\"twitter:label2\" content=\"Tempo estimado de leitura\" \/>\n\t<meta name=\"twitter:data2\" content=\"2 minutos\" \/>\n<script type=\"application\/ld+json\" class=\"yoast-schema-graph\">{\"@context\":\"https:\/\/schema.org\",\"@graph\":[{\"@type\":\"Article\",\"@id\":\"https:\/\/portaltela.pt\/noticias\/2026\/04\/07\/poeiras-do-norte-de-africa-afetam-a-qualidade-do-ar-em-portugal-ate-quinta-feira\/#article\",\"isPartOf\":{\"@id\":\"https:\/\/portaltela.pt\/noticias\/2026\/04\/07\/poeiras-do-norte-de-africa-afetam-a-qualidade-do-ar-em-portugal-ate-quinta-feira\/\"},\"author\":{\"name\":\"Telinha\",\"@id\":\"https:\/\/portaltela.pt\/#\/schema\/person\/c4278d4a6028830caff9ee44b42d32ed\"},\"headline\":\"Poeiras do Norte de \u00c1frica afetam a qualidade do ar em Portugal at\u00e9 quinta-feira\",\"datePublished\":\"2026-04-07T11:16:52+00:00\",\"mainEntityOfPage\":{\"@id\":\"https:\/\/portaltela.pt\/noticias\/2026\/04\/07\/poeiras-do-norte-de-africa-afetam-a-qualidade-do-ar-em-portugal-ate-quinta-feira\/\"},\"wordCount\":315,\"image\":{\"@id\":\"https:\/\/portaltela.pt\/noticias\/2026\/04\/07\/poeiras-do-norte-de-africa-afetam-a-qualidade-do-ar-em-portugal-ate-quinta-feira\/#primaryimage\"},\"thumbnailUrl\":\"https:\/\/portaltela.pt\/s.01k8rhncp4jt1\/2026\/04\/1536x864_cmsv2_bb42de89-e4ed-5d09-b42f-15320ad715d0-9712853.jpg\",\"keywords\":[\"_meio-ambiente\",\"crian\u00e7as\",\"polui\u00e7\u00e3o ambiental\",\"Portugal\",\"Qualidade do Ar\",\"sa\u00fade\"],\"articleSection\":[\"Meio Ambiente\"],\"inLanguage\":\"pt-PT\"},{\"@type\":\"WebPage\",\"@id\":\"https:\/\/portaltela.pt\/noticias\/2026\/04\/07\/poeiras-do-norte-de-africa-afetam-a-qualidade-do-ar-em-portugal-ate-quinta-feira\/\",\"url\":\"https:\/\/portaltela.pt\/noticias\/2026\/04\/07\/poeiras-do-norte-de-africa-afetam-a-qualidade-do-ar-em-portugal-ate-quinta-feira\/\",\"name\":\"Poeiras do Norte de \u00c1frica afetam a qualidade do ar em Portugal at\u00e9 quinta-feira - Portal Tela Portugal\",\"isPartOf\":{\"@id\":\"https:\/\/portaltela.pt\/#website\"},\"primaryImageOfPage\":{\"@id\":\"https:\/\/portaltela.pt\/noticias\/2026\/04\/07\/poeiras-do-norte-de-africa-afetam-a-qualidade-do-ar-em-portugal-ate-quinta-feira\/#primaryimage\"},\"image\":{\"@id\":\"https:\/\/portaltela.pt\/noticias\/2026\/04\/07\/poeiras-do-norte-de-africa-afetam-a-qualidade-do-ar-em-portugal-ate-quinta-feira\/#primaryimage\"},\"thumbnailUrl\":\"https:\/\/portaltela.pt\/s.01k8rhncp4jt1\/2026\/04\/1536x864_cmsv2_bb42de89-e4ed-5d09-b42f-15320ad715d0-9712853.jpg\",\"datePublished\":\"2026-04-07T11:16:52+00:00\",\"author\":{\"@id\":\"https:\/\/portaltela.pt\/#\/schema\/person\/c4278d4a6028830caff9ee44b42d32ed\"},\"breadcrumb\":{\"@id\":\"https:\/\/portaltela.pt\/noticias\/2026\/04\/07\/poeiras-do-norte-de-africa-afetam-a-qualidade-do-ar-em-portugal-ate-quinta-feira\/#breadcrumb\"},\"inLanguage\":\"pt-PT\",\"potentialAction\":[{\"@type\":\"ReadAction\",\"target\":[\"https:\/\/portaltela.pt\/noticias\/2026\/04\/07\/poeiras-do-norte-de-africa-afetam-a-qualidade-do-ar-em-portugal-ate-quinta-feira\/\"]}]},{\"@type\":\"ImageObject\",\"inLanguage\":\"pt-PT\",\"@id\":\"https:\/\/portaltela.pt\/noticias\/2026\/04\/07\/poeiras-do-norte-de-africa-afetam-a-qualidade-do-ar-em-portugal-ate-quinta-feira\/#primaryimage\",\"url\":\"https:\/\/portaltela.pt\/s.01k8rhncp4jt1\/2026\/04\/1536x864_cmsv2_bb42de89-e4ed-5d09-b42f-15320ad715d0-9712853.jpg\",\"contentUrl\":\"https:\/\/portaltela.pt\/s.01k8rhncp4jt1\/2026\/04\/1536x864_cmsv2_bb42de89-e4ed-5d09-b42f-15320ad715d0-9712853.jpg\",\"width\":796,\"height\":448,\"caption\":\"Michael Buholzer\/Keystone via AP\"},{\"@type\":\"BreadcrumbList\",\"@id\":\"https:\/\/portaltela.pt\/noticias\/2026\/04\/07\/poeiras-do-norte-de-africa-afetam-a-qualidade-do-ar-em-portugal-ate-quinta-feira\/#breadcrumb\",\"itemListElement\":[{\"@type\":\"ListItem\",\"position\":1,\"name\":\"In\u00edcio\",\"item\":\"https:\/\/portaltela.pt\/\"},{\"@type\":\"ListItem\",\"position\":2,\"name\":\"Poeiras do Norte de \u00c1frica afetam a qualidade do ar em Portugal at\u00e9 quinta-feira\"}]},{\"@type\":\"WebSite\",\"@id\":\"https:\/\/portaltela.pt\/#website\",\"url\":\"https:\/\/portaltela.pt\/\",\"name\":\"Portal Tela Portugal\",\"description\":\"\",\"potentialAction\":[{\"@type\":\"SearchAction\",\"target\":{\"@type\":\"EntryPoint\",\"urlTemplate\":\"https:\/\/portaltela.pt\/?s={search_term_string}\"},\"query-input\":{\"@type\":\"PropertyValueSpecification\",\"valueRequired\":true,\"valueName\":\"search_term_string\"}}],\"inLanguage\":\"pt-PT\"},{\"@type\":\"Person\",\"@id\":\"https:\/\/portaltela.pt\/#\/schema\/person\/c4278d4a6028830caff9ee44b42d32ed\",\"name\":\"Telinha\",\"image\":{\"@type\":\"ImageObject\",\"inLanguage\":\"pt-PT\",\"@id\":\"https:\/\/portaltela.pt\/s.01k8rhncp4jt1\/2025\/11\/talking-bot-125x125.png\",\"url\":\"https:\/\/portaltela.pt\/s.01k8rhncp4jt1\/2025\/11\/talking-bot-125x125.png\",\"contentUrl\":\"https:\/\/portaltela.pt\/s.01k8rhncp4jt1\/2025\/11\/talking-bot-125x125.png\",\"caption\":\"Telinha\"},\"sameAs\":[\"https:\/\/portaltela.pt\/\"],\"url\":\"https:\/\/portaltela.pt\/por\/367410592786\/\"}]}<\/script>\n<!-- \/ Yoast SEO plugin. -->","yoast_head_json":{"title":"Poeiras do Norte de \u00c1frica afetam a qualidade do ar em Portugal at\u00e9 quinta-feira - Portal Tela Portugal","robots":{"index":"index","follow":"follow","max-snippet":"max-snippet:-1","max-image-preview":"max-image-preview:large","max-video-preview":"max-video-preview:-1"},"og_locale":"pt_PT","og_type":"article","og_title":"Poeiras do Norte de \u00c1frica afetam a qualidade do ar em Portugal at\u00e9 quinta-feira - Portal Tela Portugal","og_description":"A DGS alertou para a passagem de uma massa de ar do norte de \u00c1frica, com poeiras em suspens\u00e3o, que pode manter-se at\u00e9 quinta-feira, 9 de abril, sobre o territ\u00f3rio continental. O fen\u00f3meno deve trazer uma fraca qualidade do ar, devido ao aumento das part\u00edculas inal\u00e1veis de origem natural, o poluente conhecido como PM10. Crian\u00e7as, idosos e pessoas com problemas respirat\u00f3rios ou card\u00edacos devem redobrar cuidados e, sempre que poss\u00edvel, ficar em ambientes fechados com as janelas fechadas. A popula\u00e7\u00e3o em geral deve evitar esfor\u00e7os prolongados ao ar livre, limitar a atividade f\u00edsica e n\u00e3o expor-se a fumo ou irritantes. O sistema QualAr indicou, \u00e0s 11h30 de hoje, que a qualidade do ar permanece principalmente positiva, com registos de maior presen\u00e7a de PM10 apenas em algumas zonas do sul; not\u00edcias de IQAir citam que apenas 14% das cidades globais respiram ar seguro.","og_url":"https:\/\/portaltela.pt\/noticias\/2026\/04\/07\/poeiras-do-norte-de-africa-afetam-a-qualidade-do-ar-em-portugal-ate-quinta-feira\/","og_site_name":"Portal Tela Portugal","article_published_time":"2026-04-07T11:16:52+00:00","author":"Telinha","twitter_card":"summary_large_image","twitter_misc":{"Escrito por":"Telinha","Tempo estimado de leitura":"2 minutos"},"schema":{"@context":"https:\/\/schema.org","@graph":[{"@type":"Article","@id":"https:\/\/portaltela.pt\/noticias\/2026\/04\/07\/poeiras-do-norte-de-africa-afetam-a-qualidade-do-ar-em-portugal-ate-quinta-feira\/#article","isPartOf":{"@id":"https:\/\/portaltela.pt\/noticias\/2026\/04\/07\/poeiras-do-norte-de-africa-afetam-a-qualidade-do-ar-em-portugal-ate-quinta-feira\/"},"author":{"name":"Telinha","@id":"https:\/\/portaltela.pt\/#\/schema\/person\/c4278d4a6028830caff9ee44b42d32ed"},"headline":"Poeiras do Norte de \u00c1frica afetam a qualidade do ar em Portugal at\u00e9 quinta-feira","datePublished":"2026-04-07T11:16:52+00:00","mainEntityOfPage":{"@id":"https:\/\/portaltela.pt\/noticias\/2026\/04\/07\/poeiras-do-norte-de-africa-afetam-a-qualidade-do-ar-em-portugal-ate-quinta-feira\/"},"wordCount":315,"image":{"@id":"https:\/\/portaltela.pt\/noticias\/2026\/04\/07\/poeiras-do-norte-de-africa-afetam-a-qualidade-do-ar-em-portugal-ate-quinta-feira\/#primaryimage"},"thumbnailUrl":"https:\/\/portaltela.pt\/s.01k8rhncp4jt1\/2026\/04\/1536x864_cmsv2_bb42de89-e4ed-5d09-b42f-15320ad715d0-9712853.jpg","keywords":["_meio-ambiente","crian\u00e7as","polui\u00e7\u00e3o ambiental","Portugal","Qualidade do Ar","sa\u00fade"],"articleSection":["Meio Ambiente"],"inLanguage":"pt-PT"},{"@type":"WebPage","@id":"https:\/\/portaltela.pt\/noticias\/2026\/04\/07\/poeiras-do-norte-de-africa-afetam-a-qualidade-do-ar-em-portugal-ate-quinta-feira\/","url":"https:\/\/portaltela.pt\/noticias\/2026\/04\/07\/poeiras-do-norte-de-africa-afetam-a-qualidade-do-ar-em-portugal-ate-quinta-feira\/","name":"Poeiras do Norte de \u00c1frica afetam a qualidade do ar em Portugal at\u00e9 quinta-feira - Portal Tela Portugal","isPartOf":{"@id":"https:\/\/portaltela.pt\/#website"},"primaryImageOfPage":{"@id":"https:\/\/portaltela.pt\/noticias\/2026\/04\/07\/poeiras-do-norte-de-africa-afetam-a-qualidade-do-ar-em-portugal-ate-quinta-feira\/#primaryimage"},"image":{"@id":"https:\/\/portaltela.pt\/noticias\/2026\/04\/07\/poeiras-do-norte-de-africa-afetam-a-qualidade-do-ar-em-portugal-ate-quinta-feira\/#primaryimage"},"thumbnailUrl":"https:\/\/portaltela.pt\/s.01k8rhncp4jt1\/2026\/04\/1536x864_cmsv2_bb42de89-e4ed-5d09-b42f-15320ad715d0-9712853.jpg","datePublished":"2026-04-07T11:16:52+00:00","author":{"@id":"https:\/\/portaltela.pt\/#\/schema\/person\/c4278d4a6028830caff9ee44b42d32ed"},"breadcrumb":{"@id":"https:\/\/portaltela.pt\/noticias\/2026\/04\/07\/poeiras-do-norte-de-africa-afetam-a-qualidade-do-ar-em-portugal-ate-quinta-feira\/#breadcrumb"},"inLanguage":"pt-PT","potentialAction":[{"@type":"ReadAction","target":["https:\/\/portaltela.pt\/noticias\/2026\/04\/07\/poeiras-do-norte-de-africa-afetam-a-qualidade-do-ar-em-portugal-ate-quinta-feira\/"]}]},{"@type":"ImageObject","inLanguage":"pt-PT","@id":"https:\/\/portaltela.pt\/noticias\/2026\/04\/07\/poeiras-do-norte-de-africa-afetam-a-qualidade-do-ar-em-portugal-ate-quinta-feira\/#primaryimage","url":"https:\/\/portaltela.pt\/s.01k8rhncp4jt1\/2026\/04\/1536x864_cmsv2_bb42de89-e4ed-5d09-b42f-15320ad715d0-9712853.jpg","contentUrl":"https:\/\/portaltela.pt\/s.01k8rhncp4jt1\/2026\/04\/1536x864_cmsv2_bb42de89-e4ed-5d09-b42f-15320ad715d0-9712853.jpg","width":796,"height":448,"caption":"Michael Buholzer\/Keystone via AP"},{"@type":"BreadcrumbList","@id":"https:\/\/portaltela.pt\/noticias\/2026\/04\/07\/poeiras-do-norte-de-africa-afetam-a-qualidade-do-ar-em-portugal-ate-quinta-feira\/#breadcrumb","itemListElement":[{"@type":"ListItem","position":1,"name":"In\u00edcio","item":"https:\/\/portaltela.pt\/"},{"@type":"ListItem","position":2,"name":"Poeiras do Norte de \u00c1frica afetam a qualidade do ar em Portugal at\u00e9 quinta-feira"}]},{"@type":"WebSite","@id":"https:\/\/portaltela.pt\/#website","url":"https:\/\/portaltela.pt\/","name":"Portal Tela Portugal","description":"","potentialAction":[{"@type":"SearchAction","target":{"@type":"EntryPoint","urlTemplate":"https:\/\/portaltela.pt\/?s={search_term_string}"},"query-input":{"@type":"PropertyValueSpecification","valueRequired":true,"valueName":"search_term_string"}}],"inLanguage":"pt-PT"},{"@type":"Person","@id":"https:\/\/portaltela.pt\/#\/schema\/person\/c4278d4a6028830caff9ee44b42d32ed","name":"Telinha","image":{"@type":"ImageObject","inLanguage":"pt-PT","@id":"https:\/\/portaltela.pt\/s.01k8rhncp4jt1\/2025\/11\/talking-bot-125x125.png","url":"https:\/\/portaltela.pt\/s.01k8rhncp4jt1\/2025\/11\/talking-bot-125x125.png","contentUrl":"https:\/\/portaltela.pt\/s.01k8rhncp4jt1\/2025\/11\/talking-bot-125x125.png","caption":"Telinha"},"sameAs":["https:\/\/portaltela.pt\/"],"url":"https:\/\/portaltela.pt\/por\/367410592786\/"}]}},"_links":{"self":[{"href":"https:\/\/portaltela.pt\/api\/wp\/v2\/posts\/435197","targetHints":{"allow":["GET"]}}],"collection":[{"href":"https:\/\/portaltela.pt\/api\/wp\/v2\/posts"}],"about":[{"href":"https:\/\/portaltela.pt\/api\/wp\/v2\/types\/post"}],"author":[{"embeddable":true,"href":"https:\/\/portaltela.pt\/api\/wp\/v2\/users\/2"}],"replies":[{"embeddable":true,"href":"https:\/\/portaltela.pt\/api\/wp\/v2\/comments?post=435197"}],"version-history":[{"count":0,"href":"https:\/\/portaltela.pt\/api\/wp\/v2\/posts\/435197\/revisions"}],"wp:featuredmedia":[{"embeddable":true,"href":"https:\/\/portaltela.pt\/api\/wp\/v2\/media\/435200"}],"wp:attachment":[{"href":"https:\/\/portaltela.pt\/api\/wp\/v2\/media?parent=435197"}],"wp:term":[{"taxonomy":"category","embeddable":true,"href":"https:\/\/portaltela.pt\/api\/wp\/v2\/categories?post=435197"},{"taxonomy":"post_tag","embeddable":true,"href":"https:\/\/portaltela.pt\/api\/wp\/v2\/tags?post=435197"}],"curies":[{"name":"wp","href":"https:\/\/api.w.org\/{rel}","templated":true}]}}