{"id":435193,"date":"2026-04-07T08:16:21","date_gmt":"2026-04-07T11:16:21","guid":{"rendered":"https:\/\/portaltela.pt\/noticias\/2026\/04\/07\/plataforma-dos-tvde-regista-em-um-ano-mais-motoristas-e-menos-inconformidades\/"},"modified":"2026-04-07T08:16:21","modified_gmt":"2026-04-07T11:16:21","slug":"plataforma-dos-tvde-regista-em-um-ano-mais-motoristas-e-menos-inconformidades","status":"publish","type":"post","link":"https:\/\/portaltela.pt\/noticias\/economia\/2026\/04\/07\/plataforma-dos-tvde-regista-em-um-ano-mais-motoristas-e-menos-inconformidades\/","title":{"rendered":"Plataforma dos TVDE regista, em um ano, mais motoristas e menos inconformidades"},"content":{"rendered":"<p>O artigo aponta que a Plataforma dos TVDE registou, no \u00faltimo ano, um aumento do n\u00famero de motoristas ativos e uma redu\u00e7\u00e3o das inconformidades reportadas. A leitura inicial sugere uma melhoria na oferta de motoristas e na perce\u00e7\u00e3o de conformidade com as regras.<\/p>\n<p>Dados apresentados indicam que as mudan\u00e7as decorrem no \u00e2mbito de medidas de registo e fiscaliza\u00e7\u00e3o implementadas pela plataforma, visando maior rigor no processo de autoriza\u00e7\u00e3o e monitoriza\u00e7\u00e3o das atividades.<\/p>\n<p>O conte\u00fado completo est\u00e1 dispon\u00edvel apenas para subscritores, pelo que os detalhes adicionais, n\u00fameros espec\u00edficos e declara\u00e7\u00f5es oficiais n\u00e3o s\u00e3o divulgados nesta vers\u00e3o. Este texto resume o que j\u00e1 \u00e9 de dom\u00ednio p\u00fablico sobre o tema.<\/p>\n","protected":false},"excerpt":{"rendered":"<ul>\n<li>Ao longo do \u00faltimo ano, a plataforma dos TVDE registou mais motoristas ativos.<\/li>\n<li>Registou ainda uma redu\u00e7\u00e3o no n\u00famero de inconformidades reportadas.<\/li>\n<li>O aumento de motoristas indica maior oferta de servi\u00e7os na plataforma.<\/li>\n<li>O conte\u00fado completo est\u00e1 dispon\u00edvel apenas para subscritores.<\/li>\n<\/ul>\n","protected":false},"author":2,"featured_media":435194,"comment_status":"closed","ping_status":"closed","sticky":false,"template":"","format":"standard","meta":{"footnotes":""},"categories":[2,6735],"tags":[28,5706,3263,2761,2201,192],"class_list":["post-435193","post","type-post","status-publish","format-standard","has-post-thumbnail","hentry","category-economia","category-negocios","tag-economia","tag-licenciamentos","tag-mobilidade-urbana","tag-seguranca-rodoviaria","tag-trabalho","tag-transporte"],"yoast_head":"<!-- This site is optimized with the Yoast SEO plugin v27.2 - https:\/\/yoast.com\/product\/yoast-seo-wordpress\/ -->\n<title>Plataforma dos TVDE regista, em um ano, mais motoristas e menos inconformidades - Portal Tela Portugal<\/title>\n<meta name=\"robots\" content=\"index, follow, max-snippet:-1, max-image-preview:large, max-video-preview:-1\" \/>\n<meta property=\"og:locale\" content=\"pt_PT\" \/>\n<meta property=\"og:type\" content=\"article\" \/>\n<meta property=\"og:title\" content=\"Plataforma dos TVDE regista, em um ano, mais motoristas e menos inconformidades - Portal Tela Portugal\" \/>\n<meta property=\"og:description\" content=\"Ao longo do \u00faltimo ano, a plataforma dos TVDE registou mais motoristas ativos. Registou ainda uma redu\u00e7\u00e3o no n\u00famero de inconformidades reportadas. O aumento de motoristas indica maior oferta de servi\u00e7os na plataforma. O conte\u00fado completo est\u00e1 dispon\u00edvel apenas para subscritores.\" \/>\n<meta property=\"og:url\" content=\"https:\/\/portaltela.pt\/noticias\/2026\/04\/07\/plataforma-dos-tvde-regista-em-um-ano-mais-motoristas-e-menos-inconformidades\/\" \/>\n<meta property=\"og:site_name\" content=\"Portal Tela Portugal\" \/>\n<meta property=\"article:published_time\" content=\"2026-04-07T11:16:21+00:00\" \/>\n<meta name=\"author\" content=\"Telinha\" \/>\n<meta name=\"twitter:card\" content=\"summary_large_image\" \/>\n<meta name=\"twitter:label1\" content=\"Escrito por\" \/>\n\t<meta name=\"twitter:data1\" content=\"Telinha\" \/>\n\t<meta name=\"twitter:label2\" content=\"Tempo estimado de leitura\" \/>\n\t<meta name=\"twitter:data2\" content=\"1 minuto\" \/>\n<script type=\"application\/ld+json\" class=\"yoast-schema-graph\">{\"@context\":\"https:\/\/schema.org\",\"@graph\":[{\"@type\":\"Article\",\"@id\":\"https:\/\/portaltela.pt\/noticias\/2026\/04\/07\/plataforma-dos-tvde-regista-em-um-ano-mais-motoristas-e-menos-inconformidades\/#article\",\"isPartOf\":{\"@id\":\"https:\/\/portaltela.pt\/noticias\/2026\/04\/07\/plataforma-dos-tvde-regista-em-um-ano-mais-motoristas-e-menos-inconformidades\/\"},\"author\":{\"name\":\"Telinha\",\"@id\":\"https:\/\/portaltela.pt\/#\/schema\/person\/c4278d4a6028830caff9ee44b42d32ed\"},\"headline\":\"Plataforma dos TVDE regista, em um ano, mais motoristas e menos inconformidades\",\"datePublished\":\"2026-04-07T11:16:21+00:00\",\"mainEntityOfPage\":{\"@id\":\"https:\/\/portaltela.pt\/noticias\/2026\/04\/07\/plataforma-dos-tvde-regista-em-um-ano-mais-motoristas-e-menos-inconformidades\/\"},\"wordCount\":136,\"image\":{\"@id\":\"https:\/\/portaltela.pt\/noticias\/2026\/04\/07\/plataforma-dos-tvde-regista-em-um-ano-mais-motoristas-e-menos-inconformidades\/#primaryimage\"},\"thumbnailUrl\":\"https:\/\/portaltela.pt\/s.01k8rhncp4jt1\/2026\/04\/CACHE_780X1200_ANALOG_WATERMARKED_45731959_4693937_26092025111850.jpg\",\"keywords\":[\"economia\",\"licenciamentos\",\"mobilidade urbana\",\"seguran\u00e7a rodovi\u00e1ria\",\"trabalho\",\"transporte\"],\"articleSection\":[\"Economia\",\"Neg\u00f3cios\"],\"inLanguage\":\"pt-PT\"},{\"@type\":\"WebPage\",\"@id\":\"https:\/\/portaltela.pt\/noticias\/2026\/04\/07\/plataforma-dos-tvde-regista-em-um-ano-mais-motoristas-e-menos-inconformidades\/\",\"url\":\"https:\/\/portaltela.pt\/noticias\/2026\/04\/07\/plataforma-dos-tvde-regista-em-um-ano-mais-motoristas-e-menos-inconformidades\/\",\"name\":\"Plataforma dos TVDE regista, em um ano, mais motoristas e menos inconformidades - Portal Tela Portugal\",\"isPartOf\":{\"@id\":\"https:\/\/portaltela.pt\/#website\"},\"primaryImageOfPage\":{\"@id\":\"https:\/\/portaltela.pt\/noticias\/2026\/04\/07\/plataforma-dos-tvde-regista-em-um-ano-mais-motoristas-e-menos-inconformidades\/#primaryimage\"},\"image\":{\"@id\":\"https:\/\/portaltela.pt\/noticias\/2026\/04\/07\/plataforma-dos-tvde-regista-em-um-ano-mais-motoristas-e-menos-inconformidades\/#primaryimage\"},\"thumbnailUrl\":\"https:\/\/portaltela.pt\/s.01k8rhncp4jt1\/2026\/04\/CACHE_780X1200_ANALOG_WATERMARKED_45731959_4693937_26092025111850.jpg\",\"datePublished\":\"2026-04-07T11:16:21+00:00\",\"author\":{\"@id\":\"https:\/\/portaltela.pt\/#\/schema\/person\/c4278d4a6028830caff9ee44b42d32ed\"},\"breadcrumb\":{\"@id\":\"https:\/\/portaltela.pt\/noticias\/2026\/04\/07\/plataforma-dos-tvde-regista-em-um-ano-mais-motoristas-e-menos-inconformidades\/#breadcrumb\"},\"inLanguage\":\"pt-PT\",\"potentialAction\":[{\"@type\":\"ReadAction\",\"target\":[\"https:\/\/portaltela.pt\/noticias\/2026\/04\/07\/plataforma-dos-tvde-regista-em-um-ano-mais-motoristas-e-menos-inconformidades\/\"]}]},{\"@type\":\"ImageObject\",\"inLanguage\":\"pt-PT\",\"@id\":\"https:\/\/portaltela.pt\/noticias\/2026\/04\/07\/plataforma-dos-tvde-regista-em-um-ano-mais-motoristas-e-menos-inconformidades\/#primaryimage\",\"url\":\"https:\/\/portaltela.pt\/s.01k8rhncp4jt1\/2026\/04\/CACHE_780X1200_ANALOG_WATERMARKED_45731959_4693937_26092025111850.jpg\",\"contentUrl\":\"https:\/\/portaltela.pt\/s.01k8rhncp4jt1\/2026\/04\/CACHE_780X1200_ANALOG_WATERMARKED_45731959_4693937_26092025111850.jpg\",\"width\":768,\"height\":512,\"caption\":\"Plataforma dos TVDE regista num ano mais motoristas e menos inconformidades\"},{\"@type\":\"BreadcrumbList\",\"@id\":\"https:\/\/portaltela.pt\/noticias\/2026\/04\/07\/plataforma-dos-tvde-regista-em-um-ano-mais-motoristas-e-menos-inconformidades\/#breadcrumb\",\"itemListElement\":[{\"@type\":\"ListItem\",\"position\":1,\"name\":\"In\u00edcio\",\"item\":\"https:\/\/portaltela.pt\/\"},{\"@type\":\"ListItem\",\"position\":2,\"name\":\"Plataforma dos TVDE regista, em um ano, mais motoristas e menos inconformidades\"}]},{\"@type\":\"WebSite\",\"@id\":\"https:\/\/portaltela.pt\/#website\",\"url\":\"https:\/\/portaltela.pt\/\",\"name\":\"Portal Tela Portugal\",\"description\":\"\",\"potentialAction\":[{\"@type\":\"SearchAction\",\"target\":{\"@type\":\"EntryPoint\",\"urlTemplate\":\"https:\/\/portaltela.pt\/?s={search_term_string}\"},\"query-input\":{\"@type\":\"PropertyValueSpecification\",\"valueRequired\":true,\"valueName\":\"search_term_string\"}}],\"inLanguage\":\"pt-PT\"},{\"@type\":\"Person\",\"@id\":\"https:\/\/portaltela.pt\/#\/schema\/person\/c4278d4a6028830caff9ee44b42d32ed\",\"name\":\"Telinha\",\"image\":{\"@type\":\"ImageObject\",\"inLanguage\":\"pt-PT\",\"@id\":\"https:\/\/portaltela.pt\/s.01k8rhncp4jt1\/2025\/11\/talking-bot-125x125.png\",\"url\":\"https:\/\/portaltela.pt\/s.01k8rhncp4jt1\/2025\/11\/talking-bot-125x125.png\",\"contentUrl\":\"https:\/\/portaltela.pt\/s.01k8rhncp4jt1\/2025\/11\/talking-bot-125x125.png\",\"caption\":\"Telinha\"},\"sameAs\":[\"https:\/\/portaltela.pt\/\"],\"url\":\"https:\/\/portaltela.pt\/por\/367410592786\/\"}]}<\/script>\n<!-- \/ Yoast SEO plugin. -->","yoast_head_json":{"title":"Plataforma dos TVDE regista, em um ano, mais motoristas e menos inconformidades - Portal Tela Portugal","robots":{"index":"index","follow":"follow","max-snippet":"max-snippet:-1","max-image-preview":"max-image-preview:large","max-video-preview":"max-video-preview:-1"},"og_locale":"pt_PT","og_type":"article","og_title":"Plataforma dos TVDE regista, em um ano, mais motoristas e menos inconformidades - Portal Tela Portugal","og_description":"Ao longo do \u00faltimo ano, a plataforma dos TVDE registou mais motoristas ativos. Registou ainda uma redu\u00e7\u00e3o no n\u00famero de inconformidades reportadas. O aumento de motoristas indica maior oferta de servi\u00e7os na plataforma. O conte\u00fado completo est\u00e1 dispon\u00edvel apenas para subscritores.","og_url":"https:\/\/portaltela.pt\/noticias\/2026\/04\/07\/plataforma-dos-tvde-regista-em-um-ano-mais-motoristas-e-menos-inconformidades\/","og_site_name":"Portal Tela Portugal","article_published_time":"2026-04-07T11:16:21+00:00","author":"Telinha","twitter_card":"summary_large_image","twitter_misc":{"Escrito por":"Telinha","Tempo estimado de leitura":"1 minuto"},"schema":{"@context":"https:\/\/schema.org","@graph":[{"@type":"Article","@id":"https:\/\/portaltela.pt\/noticias\/2026\/04\/07\/plataforma-dos-tvde-regista-em-um-ano-mais-motoristas-e-menos-inconformidades\/#article","isPartOf":{"@id":"https:\/\/portaltela.pt\/noticias\/2026\/04\/07\/plataforma-dos-tvde-regista-em-um-ano-mais-motoristas-e-menos-inconformidades\/"},"author":{"name":"Telinha","@id":"https:\/\/portaltela.pt\/#\/schema\/person\/c4278d4a6028830caff9ee44b42d32ed"},"headline":"Plataforma dos TVDE regista, em um ano, mais motoristas e menos inconformidades","datePublished":"2026-04-07T11:16:21+00:00","mainEntityOfPage":{"@id":"https:\/\/portaltela.pt\/noticias\/2026\/04\/07\/plataforma-dos-tvde-regista-em-um-ano-mais-motoristas-e-menos-inconformidades\/"},"wordCount":136,"image":{"@id":"https:\/\/portaltela.pt\/noticias\/2026\/04\/07\/plataforma-dos-tvde-regista-em-um-ano-mais-motoristas-e-menos-inconformidades\/#primaryimage"},"thumbnailUrl":"https:\/\/portaltela.pt\/s.01k8rhncp4jt1\/2026\/04\/CACHE_780X1200_ANALOG_WATERMARKED_45731959_4693937_26092025111850.jpg","keywords":["economia","licenciamentos","mobilidade urbana","seguran\u00e7a rodovi\u00e1ria","trabalho","transporte"],"articleSection":["Economia","Neg\u00f3cios"],"inLanguage":"pt-PT"},{"@type":"WebPage","@id":"https:\/\/portaltela.pt\/noticias\/2026\/04\/07\/plataforma-dos-tvde-regista-em-um-ano-mais-motoristas-e-menos-inconformidades\/","url":"https:\/\/portaltela.pt\/noticias\/2026\/04\/07\/plataforma-dos-tvde-regista-em-um-ano-mais-motoristas-e-menos-inconformidades\/","name":"Plataforma dos TVDE regista, em um ano, mais motoristas e menos inconformidades - Portal Tela Portugal","isPartOf":{"@id":"https:\/\/portaltela.pt\/#website"},"primaryImageOfPage":{"@id":"https:\/\/portaltela.pt\/noticias\/2026\/04\/07\/plataforma-dos-tvde-regista-em-um-ano-mais-motoristas-e-menos-inconformidades\/#primaryimage"},"image":{"@id":"https:\/\/portaltela.pt\/noticias\/2026\/04\/07\/plataforma-dos-tvde-regista-em-um-ano-mais-motoristas-e-menos-inconformidades\/#primaryimage"},"thumbnailUrl":"https:\/\/portaltela.pt\/s.01k8rhncp4jt1\/2026\/04\/CACHE_780X1200_ANALOG_WATERMARKED_45731959_4693937_26092025111850.jpg","datePublished":"2026-04-07T11:16:21+00:00","author":{"@id":"https:\/\/portaltela.pt\/#\/schema\/person\/c4278d4a6028830caff9ee44b42d32ed"},"breadcrumb":{"@id":"https:\/\/portaltela.pt\/noticias\/2026\/04\/07\/plataforma-dos-tvde-regista-em-um-ano-mais-motoristas-e-menos-inconformidades\/#breadcrumb"},"inLanguage":"pt-PT","potentialAction":[{"@type":"ReadAction","target":["https:\/\/portaltela.pt\/noticias\/2026\/04\/07\/plataforma-dos-tvde-regista-em-um-ano-mais-motoristas-e-menos-inconformidades\/"]}]},{"@type":"ImageObject","inLanguage":"pt-PT","@id":"https:\/\/portaltela.pt\/noticias\/2026\/04\/07\/plataforma-dos-tvde-regista-em-um-ano-mais-motoristas-e-menos-inconformidades\/#primaryimage","url":"https:\/\/portaltela.pt\/s.01k8rhncp4jt1\/2026\/04\/CACHE_780X1200_ANALOG_WATERMARKED_45731959_4693937_26092025111850.jpg","contentUrl":"https:\/\/portaltela.pt\/s.01k8rhncp4jt1\/2026\/04\/CACHE_780X1200_ANALOG_WATERMARKED_45731959_4693937_26092025111850.jpg","width":768,"height":512,"caption":"Plataforma dos TVDE regista num ano mais motoristas e menos inconformidades"},{"@type":"BreadcrumbList","@id":"https:\/\/portaltela.pt\/noticias\/2026\/04\/07\/plataforma-dos-tvde-regista-em-um-ano-mais-motoristas-e-menos-inconformidades\/#breadcrumb","itemListElement":[{"@type":"ListItem","position":1,"name":"In\u00edcio","item":"https:\/\/portaltela.pt\/"},{"@type":"ListItem","position":2,"name":"Plataforma dos TVDE regista, em um ano, mais motoristas e menos inconformidades"}]},{"@type":"WebSite","@id":"https:\/\/portaltela.pt\/#website","url":"https:\/\/portaltela.pt\/","name":"Portal Tela Portugal","description":"","potentialAction":[{"@type":"SearchAction","target":{"@type":"EntryPoint","urlTemplate":"https:\/\/portaltela.pt\/?s={search_term_string}"},"query-input":{"@type":"PropertyValueSpecification","valueRequired":true,"valueName":"search_term_string"}}],"inLanguage":"pt-PT"},{"@type":"Person","@id":"https:\/\/portaltela.pt\/#\/schema\/person\/c4278d4a6028830caff9ee44b42d32ed","name":"Telinha","image":{"@type":"ImageObject","inLanguage":"pt-PT","@id":"https:\/\/portaltela.pt\/s.01k8rhncp4jt1\/2025\/11\/talking-bot-125x125.png","url":"https:\/\/portaltela.pt\/s.01k8rhncp4jt1\/2025\/11\/talking-bot-125x125.png","contentUrl":"https:\/\/portaltela.pt\/s.01k8rhncp4jt1\/2025\/11\/talking-bot-125x125.png","caption":"Telinha"},"sameAs":["https:\/\/portaltela.pt\/"],"url":"https:\/\/portaltela.pt\/por\/367410592786\/"}]}},"_links":{"self":[{"href":"https:\/\/portaltela.pt\/api\/wp\/v2\/posts\/435193","targetHints":{"allow":["GET"]}}],"collection":[{"href":"https:\/\/portaltela.pt\/api\/wp\/v2\/posts"}],"about":[{"href":"https:\/\/portaltela.pt\/api\/wp\/v2\/types\/post"}],"author":[{"embeddable":true,"href":"https:\/\/portaltela.pt\/api\/wp\/v2\/users\/2"}],"replies":[{"embeddable":true,"href":"https:\/\/portaltela.pt\/api\/wp\/v2\/comments?post=435193"}],"version-history":[{"count":0,"href":"https:\/\/portaltela.pt\/api\/wp\/v2\/posts\/435193\/revisions"}],"wp:featuredmedia":[{"embeddable":true,"href":"https:\/\/portaltela.pt\/api\/wp\/v2\/media\/435194"}],"wp:attachment":[{"href":"https:\/\/portaltela.pt\/api\/wp\/v2\/media?parent=435193"}],"wp:term":[{"taxonomy":"category","embeddable":true,"href":"https:\/\/portaltela.pt\/api\/wp\/v2\/categories?post=435193"},{"taxonomy":"post_tag","embeddable":true,"href":"https:\/\/portaltela.pt\/api\/wp\/v2\/tags?post=435193"}],"curies":[{"name":"wp","href":"https:\/\/api.w.org\/{rel}","templated":true}]}}