{"id":435181,"date":"2026-04-07T08:02:29","date_gmt":"2026-04-07T11:02:29","guid":{"rendered":"https:\/\/portaltela.pt\/noticias\/2026\/04\/07\/trabalho-digital-do-publico-distinguido-com-grande-premio-em-saude\/"},"modified":"2026-04-07T08:02:29","modified_gmt":"2026-04-07T11:02:29","slug":"trabalho-digital-do-publico-distinguido-com-grande-premio-em-saude","status":"publish","type":"post","link":"https:\/\/portaltela.pt\/saude\/2026\/04\/07\/trabalho-digital-do-publico-distinguido-com-grande-premio-em-saude\/","title":{"rendered":"Trabalho digital do P\u00fablico distinguido com grande pr\u00e9mio em Sa\u00fade"},"content":{"rendered":"<p>O P\u00daBLICO recebeu o Grande Pr\u00e9mio na 10.\u00aa edi\u00e7\u00e3o do Pr\u00e9mio Jornalismo em Sa\u00fade, numa distin\u00e7\u00e3o atribu\u00edda pela Apifarma e pelo Clube de Jornalistas. A homenagem recai sobre a reportagem digital centrada na dislexia nas crian\u00e7as, direcionando o foco para as dificuldades de escrita e leitura que se espalham a v\u00e1rias \u00e1reas curriculares.<\/p>\n<p>A obra, intitulada Dislexia. Aprender com um c\u00e9rebro que nos prega partidas, \u00e9 da autoria de Sofia Neves, com infografia de C\u00e1tia Mendon\u00e7a, Gabriela Pedro e Francisco Lopes, fotografia de Manuel Roberto e Daniel Rocha. A pe\u00e7a recorre a multim\u00e9dia para permitir que o leitor se situe no lugar de uma crian\u00e7a disl\u00e9xica. O trabalho acompanha ainda o impacto nas aprendizagens ao longo da vida.<\/p>\n<p>A distin\u00e7\u00e3o na categoria carreira foi atribu\u00edda \u00e0 jornalista Helena Neves Marques, da ag\u00eancia Lusa, pelos anos de trabalho na \u00e1rea da sa\u00fade. Na imprensa, Raquel Albuquerque e Sofia Miguel Rosa (Expresso) destacaram-se com o tema da mortalidade em diferentes concelhos.<\/p>\n<p>Na televis\u00e3o, Paula Martinho da Silva, David Ara\u00fajo e Maria Queir\u00f3s receberam o pr\u00e9mio pela reportagem A Aldeia onde o esquecimento pode viver, transmitida pela RTP no programa Linha da Frente. A pe\u00e7a aborda solid\u00e3o, envelhecimento e mem\u00f3ria numa localidade espec\u00edfica.<\/p>\n<p>Na r\u00e1dio, F\u00e1tima Valente e Andr\u00e9 Tenente foram premiados pela pe\u00e7a na TSF sobre Ataxia de Friedreich, destacando o aspeto familiar e as barreiras de acesso a um tratamento existente. Tamb\u00e9m na TSF, Ana Sousa e Cl\u00e1udia Alves Mendes venceram pela an\u00e1lise de como a l\u00edngua pode limitar o acesso dos imigrantes ao Servi\u00e7o Nacional de Sa\u00fade.<\/p>\n<p>O pr\u00e9mio para trabalhos universit\u00e1rios ficou com Liliana da Silva Costa e Sofia Martins, da Faculdade de Letras da Universidade do Porto, por uma investiga\u00e7\u00e3o sobre quest\u00f5es centrais da sa\u00fade feminina. O j\u00fari reconheceu a import\u00e2ncia da literacia e da visibilidade de temas pouco explorados.<\/p>\n<p>Na categoria tem\u00e1tico, S\u00f3nia Calheiros foi premiada pelo artigo Imunidade: como refor\u00e7ar o nosso ex\u00e9rcito, publicado na Vis\u00e3o, que explica mecanismos de defesa e apresenta estrat\u00e9gias para o bem-estar de forma acess\u00edvel e fundamentada.<\/p>\n","protected":false},"excerpt":{"rendered":"<ul>\n<li>Reportagem digital do P\u00daBLICO, \u201cDislexia. Aprender com um c\u00e9rebro que nos prega partidas\u201d, ganhou o Grande Pr\u00e9mio no Pr\u00e9mio Jornalismo em Sa\u00fade, 10.\u00aa edi\u00e7\u00e3o, promovido pela Apifarma e pelo Clube de Jornalistas.<\/li>\n<li>A obra, da jornalista Sofia Neves, com infografia de C\u00e1tia Mendon\u00e7a, Gabriela Pedro, Francisco Lopes e fotografia de Manuel Roberto e Daniel Rocha, analisa os desafios da dislexia e o impacto na leitura, escrita e desempenho escolar.<\/li>\n<li>O projeto recorre a multim\u00e9dia para que o leitor possa experienciar o olhar de uma crian\u00e7a disl\u00e9xica, incluindo uma mancha de texto correspondente \u00e0 condi\u00e7\u00e3o.<\/li>\n<li>Na categoria carreira, foi distinguida a jornalista Helena Neves Marques, da ag\u00eancia Lusa, pelo trabalho de longo curso no jornalismo em sa\u00fade.<\/li>\n<li>O pr\u00e9mio premiou ainda trabalhos de v\u00e1rias categorias: imprensa (Expresso), televis\u00e3o (RTP), r\u00e1dio (TSF), televis\u00e3o digital (TSF), universit\u00e1rios (Universidade do Porto) e tema espec\u00edfico sobre imunidade (revista Vis\u00e3o).<\/li>\n<\/ul>\n","protected":false},"author":2,"featured_media":435185,"comment_status":"closed","ping_status":"closed","sticky":false,"template":"","format":"standard","meta":{"footnotes":""},"categories":[6745],"tags":[7795,506,6992,3181,172],"class_list":["post-435181","post","type-post","status-publish","format-standard","has-post-thumbnail","hentry","category-saude","tag-_educacao","tag-imprensa","tag-literacia","tag-publicacoes","tag-saude"],"yoast_head":"<!-- This site is optimized with the Yoast SEO plugin v27.2 - https:\/\/yoast.com\/product\/yoast-seo-wordpress\/ -->\n<title>Trabalho digital do P\u00fablico distinguido com grande pr\u00e9mio em Sa\u00fade - Portal Tela Portugal<\/title>\n<meta name=\"robots\" content=\"index, follow, max-snippet:-1, max-image-preview:large, max-video-preview:-1\" \/>\n<meta property=\"og:locale\" content=\"pt_PT\" \/>\n<meta property=\"og:type\" content=\"article\" \/>\n<meta property=\"og:title\" content=\"Trabalho digital do P\u00fablico distinguido com grande pr\u00e9mio em Sa\u00fade - Portal Tela Portugal\" \/>\n<meta property=\"og:description\" content=\"Reportagem digital do P\u00daBLICO, \u201cDislexia. Aprender com um c\u00e9rebro que nos prega partidas\u201d, ganhou o Grande Pr\u00e9mio no Pr\u00e9mio Jornalismo em Sa\u00fade, 10.\u00aa edi\u00e7\u00e3o, promovido pela Apifarma e pelo Clube de Jornalistas. A obra, da jornalista Sofia Neves, com infografia de C\u00e1tia Mendon\u00e7a, Gabriela Pedro, Francisco Lopes e fotografia de Manuel Roberto e Daniel Rocha, analisa os desafios da dislexia e o impacto na leitura, escrita e desempenho escolar. O projeto recorre a multim\u00e9dia para que o leitor possa experienciar o olhar de uma crian\u00e7a disl\u00e9xica, incluindo uma mancha de texto correspondente \u00e0 condi\u00e7\u00e3o. Na categoria carreira, foi distinguida a jornalista Helena Neves Marques, da ag\u00eancia Lusa, pelo trabalho de longo curso no jornalismo em sa\u00fade. O pr\u00e9mio premiou ainda trabalhos de v\u00e1rias categorias: imprensa (Expresso), televis\u00e3o (RTP), r\u00e1dio (TSF), televis\u00e3o digital (TSF), universit\u00e1rios (Universidade do Porto) e tema espec\u00edfico sobre imunidade (revista Vis\u00e3o).\" \/>\n<meta property=\"og:url\" content=\"https:\/\/portaltela.pt\/noticias\/2026\/04\/07\/trabalho-digital-do-publico-distinguido-com-grande-premio-em-saude\/\" \/>\n<meta property=\"og:site_name\" content=\"Portal Tela Portugal\" \/>\n<meta property=\"article:published_time\" content=\"2026-04-07T11:02:29+00:00\" \/>\n<meta name=\"author\" content=\"Telinha\" \/>\n<meta name=\"twitter:card\" content=\"summary_large_image\" \/>\n<meta name=\"twitter:label1\" content=\"Escrito por\" \/>\n\t<meta name=\"twitter:data1\" content=\"Telinha\" \/>\n\t<meta name=\"twitter:label2\" content=\"Tempo estimado de leitura\" \/>\n\t<meta name=\"twitter:data2\" content=\"2 minutos\" \/>\n<script type=\"application\/ld+json\" class=\"yoast-schema-graph\">{\"@context\":\"https:\/\/schema.org\",\"@graph\":[{\"@type\":\"Article\",\"@id\":\"https:\/\/portaltela.pt\/noticias\/2026\/04\/07\/trabalho-digital-do-publico-distinguido-com-grande-premio-em-saude\/#article\",\"isPartOf\":{\"@id\":\"https:\/\/portaltela.pt\/noticias\/2026\/04\/07\/trabalho-digital-do-publico-distinguido-com-grande-premio-em-saude\/\"},\"author\":{\"name\":\"Telinha\",\"@id\":\"https:\/\/portaltela.pt\/#\/schema\/person\/c4278d4a6028830caff9ee44b42d32ed\"},\"headline\":\"Trabalho digital do P\u00fablico distinguido com grande pr\u00e9mio em Sa\u00fade\",\"datePublished\":\"2026-04-07T11:02:29+00:00\",\"mainEntityOfPage\":{\"@id\":\"https:\/\/portaltela.pt\/noticias\/2026\/04\/07\/trabalho-digital-do-publico-distinguido-com-grande-premio-em-saude\/\"},\"wordCount\":397,\"image\":{\"@id\":\"https:\/\/portaltela.pt\/noticias\/2026\/04\/07\/trabalho-digital-do-publico-distinguido-com-grande-premio-em-saude\/#primaryimage\"},\"thumbnailUrl\":\"https:\/\/portaltela.pt\/s.01k8rhncp4jt1\/2026\/04\/2079655.jpg\",\"keywords\":[\"_educa\u00e7\u00e3o\",\"imprensa\",\"literacia\",\"publica\u00e7\u00f5es\",\"sa\u00fade\"],\"articleSection\":[\"Sa\u00fade\"],\"inLanguage\":\"pt-PT\"},{\"@type\":\"WebPage\",\"@id\":\"https:\/\/portaltela.pt\/noticias\/2026\/04\/07\/trabalho-digital-do-publico-distinguido-com-grande-premio-em-saude\/\",\"url\":\"https:\/\/portaltela.pt\/noticias\/2026\/04\/07\/trabalho-digital-do-publico-distinguido-com-grande-premio-em-saude\/\",\"name\":\"Trabalho digital do P\u00fablico distinguido com grande pr\u00e9mio em Sa\u00fade - Portal Tela Portugal\",\"isPartOf\":{\"@id\":\"https:\/\/portaltela.pt\/#website\"},\"primaryImageOfPage\":{\"@id\":\"https:\/\/portaltela.pt\/noticias\/2026\/04\/07\/trabalho-digital-do-publico-distinguido-com-grande-premio-em-saude\/#primaryimage\"},\"image\":{\"@id\":\"https:\/\/portaltela.pt\/noticias\/2026\/04\/07\/trabalho-digital-do-publico-distinguido-com-grande-premio-em-saude\/#primaryimage\"},\"thumbnailUrl\":\"https:\/\/portaltela.pt\/s.01k8rhncp4jt1\/2026\/04\/2079655.jpg\",\"datePublished\":\"2026-04-07T11:02:29+00:00\",\"author\":{\"@id\":\"https:\/\/portaltela.pt\/#\/schema\/person\/c4278d4a6028830caff9ee44b42d32ed\"},\"breadcrumb\":{\"@id\":\"https:\/\/portaltela.pt\/noticias\/2026\/04\/07\/trabalho-digital-do-publico-distinguido-com-grande-premio-em-saude\/#breadcrumb\"},\"inLanguage\":\"pt-PT\",\"potentialAction\":[{\"@type\":\"ReadAction\",\"target\":[\"https:\/\/portaltela.pt\/noticias\/2026\/04\/07\/trabalho-digital-do-publico-distinguido-com-grande-premio-em-saude\/\"]}]},{\"@type\":\"ImageObject\",\"inLanguage\":\"pt-PT\",\"@id\":\"https:\/\/portaltela.pt\/noticias\/2026\/04\/07\/trabalho-digital-do-publico-distinguido-com-grande-premio-em-saude\/#primaryimage\",\"url\":\"https:\/\/portaltela.pt\/s.01k8rhncp4jt1\/2026\/04\/2079655.jpg\",\"contentUrl\":\"https:\/\/portaltela.pt\/s.01k8rhncp4jt1\/2026\/04\/2079655.jpg\",\"width\":796,\"height\":448,\"caption\":\"P\u00daBLICO distinguido na 10.\u00aa edi\u00e7\u00e3o do Pr\u00e9mio Jornalismo em Sa\u00fade\"},{\"@type\":\"BreadcrumbList\",\"@id\":\"https:\/\/portaltela.pt\/noticias\/2026\/04\/07\/trabalho-digital-do-publico-distinguido-com-grande-premio-em-saude\/#breadcrumb\",\"itemListElement\":[{\"@type\":\"ListItem\",\"position\":1,\"name\":\"In\u00edcio\",\"item\":\"https:\/\/portaltela.pt\/\"},{\"@type\":\"ListItem\",\"position\":2,\"name\":\"Trabalho digital do P\u00fablico distinguido com grande pr\u00e9mio em Sa\u00fade\"}]},{\"@type\":\"WebSite\",\"@id\":\"https:\/\/portaltela.pt\/#website\",\"url\":\"https:\/\/portaltela.pt\/\",\"name\":\"Portal Tela Portugal\",\"description\":\"\",\"potentialAction\":[{\"@type\":\"SearchAction\",\"target\":{\"@type\":\"EntryPoint\",\"urlTemplate\":\"https:\/\/portaltela.pt\/?s={search_term_string}\"},\"query-input\":{\"@type\":\"PropertyValueSpecification\",\"valueRequired\":true,\"valueName\":\"search_term_string\"}}],\"inLanguage\":\"pt-PT\"},{\"@type\":\"Person\",\"@id\":\"https:\/\/portaltela.pt\/#\/schema\/person\/c4278d4a6028830caff9ee44b42d32ed\",\"name\":\"Telinha\",\"image\":{\"@type\":\"ImageObject\",\"inLanguage\":\"pt-PT\",\"@id\":\"https:\/\/portaltela.pt\/s.01k8rhncp4jt1\/2025\/11\/talking-bot-125x125.png\",\"url\":\"https:\/\/portaltela.pt\/s.01k8rhncp4jt1\/2025\/11\/talking-bot-125x125.png\",\"contentUrl\":\"https:\/\/portaltela.pt\/s.01k8rhncp4jt1\/2025\/11\/talking-bot-125x125.png\",\"caption\":\"Telinha\"},\"sameAs\":[\"https:\/\/portaltela.pt\/\"],\"url\":\"https:\/\/portaltela.pt\/por\/367410592786\/\"}]}<\/script>\n<!-- \/ Yoast SEO plugin. -->","yoast_head_json":{"title":"Trabalho digital do P\u00fablico distinguido com grande pr\u00e9mio em Sa\u00fade - Portal Tela Portugal","robots":{"index":"index","follow":"follow","max-snippet":"max-snippet:-1","max-image-preview":"max-image-preview:large","max-video-preview":"max-video-preview:-1"},"og_locale":"pt_PT","og_type":"article","og_title":"Trabalho digital do P\u00fablico distinguido com grande pr\u00e9mio em Sa\u00fade - Portal Tela Portugal","og_description":"Reportagem digital do P\u00daBLICO, \u201cDislexia. Aprender com um c\u00e9rebro que nos prega partidas\u201d, ganhou o Grande Pr\u00e9mio no Pr\u00e9mio Jornalismo em Sa\u00fade, 10.\u00aa edi\u00e7\u00e3o, promovido pela Apifarma e pelo Clube de Jornalistas. A obra, da jornalista Sofia Neves, com infografia de C\u00e1tia Mendon\u00e7a, Gabriela Pedro, Francisco Lopes e fotografia de Manuel Roberto e Daniel Rocha, analisa os desafios da dislexia e o impacto na leitura, escrita e desempenho escolar. O projeto recorre a multim\u00e9dia para que o leitor possa experienciar o olhar de uma crian\u00e7a disl\u00e9xica, incluindo uma mancha de texto correspondente \u00e0 condi\u00e7\u00e3o. Na categoria carreira, foi distinguida a jornalista Helena Neves Marques, da ag\u00eancia Lusa, pelo trabalho de longo curso no jornalismo em sa\u00fade. O pr\u00e9mio premiou ainda trabalhos de v\u00e1rias categorias: imprensa (Expresso), televis\u00e3o (RTP), r\u00e1dio (TSF), televis\u00e3o digital (TSF), universit\u00e1rios (Universidade do Porto) e tema espec\u00edfico sobre imunidade (revista Vis\u00e3o).","og_url":"https:\/\/portaltela.pt\/noticias\/2026\/04\/07\/trabalho-digital-do-publico-distinguido-com-grande-premio-em-saude\/","og_site_name":"Portal Tela Portugal","article_published_time":"2026-04-07T11:02:29+00:00","author":"Telinha","twitter_card":"summary_large_image","twitter_misc":{"Escrito por":"Telinha","Tempo estimado de leitura":"2 minutos"},"schema":{"@context":"https:\/\/schema.org","@graph":[{"@type":"Article","@id":"https:\/\/portaltela.pt\/noticias\/2026\/04\/07\/trabalho-digital-do-publico-distinguido-com-grande-premio-em-saude\/#article","isPartOf":{"@id":"https:\/\/portaltela.pt\/noticias\/2026\/04\/07\/trabalho-digital-do-publico-distinguido-com-grande-premio-em-saude\/"},"author":{"name":"Telinha","@id":"https:\/\/portaltela.pt\/#\/schema\/person\/c4278d4a6028830caff9ee44b42d32ed"},"headline":"Trabalho digital do P\u00fablico distinguido com grande pr\u00e9mio em Sa\u00fade","datePublished":"2026-04-07T11:02:29+00:00","mainEntityOfPage":{"@id":"https:\/\/portaltela.pt\/noticias\/2026\/04\/07\/trabalho-digital-do-publico-distinguido-com-grande-premio-em-saude\/"},"wordCount":397,"image":{"@id":"https:\/\/portaltela.pt\/noticias\/2026\/04\/07\/trabalho-digital-do-publico-distinguido-com-grande-premio-em-saude\/#primaryimage"},"thumbnailUrl":"https:\/\/portaltela.pt\/s.01k8rhncp4jt1\/2026\/04\/2079655.jpg","keywords":["_educa\u00e7\u00e3o","imprensa","literacia","publica\u00e7\u00f5es","sa\u00fade"],"articleSection":["Sa\u00fade"],"inLanguage":"pt-PT"},{"@type":"WebPage","@id":"https:\/\/portaltela.pt\/noticias\/2026\/04\/07\/trabalho-digital-do-publico-distinguido-com-grande-premio-em-saude\/","url":"https:\/\/portaltela.pt\/noticias\/2026\/04\/07\/trabalho-digital-do-publico-distinguido-com-grande-premio-em-saude\/","name":"Trabalho digital do P\u00fablico distinguido com grande pr\u00e9mio em Sa\u00fade - Portal Tela Portugal","isPartOf":{"@id":"https:\/\/portaltela.pt\/#website"},"primaryImageOfPage":{"@id":"https:\/\/portaltela.pt\/noticias\/2026\/04\/07\/trabalho-digital-do-publico-distinguido-com-grande-premio-em-saude\/#primaryimage"},"image":{"@id":"https:\/\/portaltela.pt\/noticias\/2026\/04\/07\/trabalho-digital-do-publico-distinguido-com-grande-premio-em-saude\/#primaryimage"},"thumbnailUrl":"https:\/\/portaltela.pt\/s.01k8rhncp4jt1\/2026\/04\/2079655.jpg","datePublished":"2026-04-07T11:02:29+00:00","author":{"@id":"https:\/\/portaltela.pt\/#\/schema\/person\/c4278d4a6028830caff9ee44b42d32ed"},"breadcrumb":{"@id":"https:\/\/portaltela.pt\/noticias\/2026\/04\/07\/trabalho-digital-do-publico-distinguido-com-grande-premio-em-saude\/#breadcrumb"},"inLanguage":"pt-PT","potentialAction":[{"@type":"ReadAction","target":["https:\/\/portaltela.pt\/noticias\/2026\/04\/07\/trabalho-digital-do-publico-distinguido-com-grande-premio-em-saude\/"]}]},{"@type":"ImageObject","inLanguage":"pt-PT","@id":"https:\/\/portaltela.pt\/noticias\/2026\/04\/07\/trabalho-digital-do-publico-distinguido-com-grande-premio-em-saude\/#primaryimage","url":"https:\/\/portaltela.pt\/s.01k8rhncp4jt1\/2026\/04\/2079655.jpg","contentUrl":"https:\/\/portaltela.pt\/s.01k8rhncp4jt1\/2026\/04\/2079655.jpg","width":796,"height":448,"caption":"P\u00daBLICO distinguido na 10.\u00aa edi\u00e7\u00e3o do Pr\u00e9mio Jornalismo em Sa\u00fade"},{"@type":"BreadcrumbList","@id":"https:\/\/portaltela.pt\/noticias\/2026\/04\/07\/trabalho-digital-do-publico-distinguido-com-grande-premio-em-saude\/#breadcrumb","itemListElement":[{"@type":"ListItem","position":1,"name":"In\u00edcio","item":"https:\/\/portaltela.pt\/"},{"@type":"ListItem","position":2,"name":"Trabalho digital do P\u00fablico distinguido com grande pr\u00e9mio em Sa\u00fade"}]},{"@type":"WebSite","@id":"https:\/\/portaltela.pt\/#website","url":"https:\/\/portaltela.pt\/","name":"Portal Tela Portugal","description":"","potentialAction":[{"@type":"SearchAction","target":{"@type":"EntryPoint","urlTemplate":"https:\/\/portaltela.pt\/?s={search_term_string}"},"query-input":{"@type":"PropertyValueSpecification","valueRequired":true,"valueName":"search_term_string"}}],"inLanguage":"pt-PT"},{"@type":"Person","@id":"https:\/\/portaltela.pt\/#\/schema\/person\/c4278d4a6028830caff9ee44b42d32ed","name":"Telinha","image":{"@type":"ImageObject","inLanguage":"pt-PT","@id":"https:\/\/portaltela.pt\/s.01k8rhncp4jt1\/2025\/11\/talking-bot-125x125.png","url":"https:\/\/portaltela.pt\/s.01k8rhncp4jt1\/2025\/11\/talking-bot-125x125.png","contentUrl":"https:\/\/portaltela.pt\/s.01k8rhncp4jt1\/2025\/11\/talking-bot-125x125.png","caption":"Telinha"},"sameAs":["https:\/\/portaltela.pt\/"],"url":"https:\/\/portaltela.pt\/por\/367410592786\/"}]}},"_links":{"self":[{"href":"https:\/\/portaltela.pt\/api\/wp\/v2\/posts\/435181","targetHints":{"allow":["GET"]}}],"collection":[{"href":"https:\/\/portaltela.pt\/api\/wp\/v2\/posts"}],"about":[{"href":"https:\/\/portaltela.pt\/api\/wp\/v2\/types\/post"}],"author":[{"embeddable":true,"href":"https:\/\/portaltela.pt\/api\/wp\/v2\/users\/2"}],"replies":[{"embeddable":true,"href":"https:\/\/portaltela.pt\/api\/wp\/v2\/comments?post=435181"}],"version-history":[{"count":0,"href":"https:\/\/portaltela.pt\/api\/wp\/v2\/posts\/435181\/revisions"}],"wp:featuredmedia":[{"embeddable":true,"href":"https:\/\/portaltela.pt\/api\/wp\/v2\/media\/435185"}],"wp:attachment":[{"href":"https:\/\/portaltela.pt\/api\/wp\/v2\/media?parent=435181"}],"wp:term":[{"taxonomy":"category","embeddable":true,"href":"https:\/\/portaltela.pt\/api\/wp\/v2\/categories?post=435181"},{"taxonomy":"post_tag","embeddable":true,"href":"https:\/\/portaltela.pt\/api\/wp\/v2\/tags?post=435181"}],"curies":[{"name":"wp","href":"https:\/\/api.w.org\/{rel}","templated":true}]}}