{"id":435173,"date":"2026-04-07T08:02:25","date_gmt":"2026-04-07T11:02:25","guid":{"rendered":"https:\/\/portaltela.pt\/noticias\/2026\/04\/07\/cidade-convocada-para-ajudar-o-sp-braga-a-fazer-historia\/"},"modified":"2026-04-07T08:02:25","modified_gmt":"2026-04-07T11:02:25","slug":"cidade-convocada-para-ajudar-o-sp-braga-a-fazer-historia","status":"publish","type":"post","link":"https:\/\/portaltela.pt\/desporto\/futebol\/2026\/04\/07\/cidade-convocada-para-ajudar-o-sp-braga-a-fazer-historia\/","title":{"rendered":"Cidade convocada para ajudar o Sp. Braga a fazer hist\u00f3ria"},"content":{"rendered":"<p>Frente ao Betis, o Sp. Braga tenta chegar pela segunda vez \u00e0s meias-finais da Liga Europa, aproximando-se do sonho de Istambul, cidade que acolher\u00e1 a final no fim de maio. Em sintonia com a cidade, a mensagem \u00e9 clara: \u00e9 o nosso momento.<\/p>\n<p>A eliminat\u00f3ria joga-se na linha de frente do Europeu, com o Braga a procurar manter a boa fase e consolidar a presen\u00e7a entre as quatro melhores equipas da competi\u00e7\u00e3o. A equipa portuguesa chega com motiva\u00e7\u00e3o para controlar o placar e entrar no registo das grandes performances europeias.<\/p>\n<p>A aposta \u00e9 clara: manter o equil\u00edbrio defensivo e explorar as oportunidades no ataque para desfazer o equil\u00edbrio do rival espanhol, favorito aos olhos de muitos. O encontro marca a continuidade de um percurso hist\u00f3rico para o clube.<\/p>\n<h3>Objetivo da eliminat\u00f3ria<\/h3>\n<p>A equipa bracarense foca-se em assegurar um lugar entre as quatro melhores da Liga Europa, repetindo a presen\u00e7a das meias-finais pela segunda vez. O jogo define tamb\u00e9m a aproxima\u00e7\u00e3o \u00e0 final de Istambul, a realizar-se no final de maio.<\/p>\n","protected":false},"excerpt":{"rendered":"<ul>\n<li>O Sp. Braga enfrenta o Betis, com o objetivo de chegar \u00e0s meias-finais da Liga Europa pela segunda vez.<\/li>\n<li>O clube procura aproximar-se do sonho de Istambul, onde se joga a final no fim de maio.<\/li>\n<li>Em plena uni\u00e3o com a cidade, \u00e9 partilhada a mensagem: \u201c\u00c9 o nosso momento\u201d.<\/li>\n<li>A equipa aposta numa nova jornada europeia que pode colocar o Braga entre as quatro melhores da competi\u00e7\u00e3o.<\/li>\n<\/ul>\n","protected":false},"author":2,"featured_media":435177,"comment_status":"closed","ping_status":"closed","sticky":false,"template":"","format":"standard","meta":{"footnotes":""},"categories":[21,24],"tags":[1207,6330,2487,32,1821,2070],"class_list":["post-435173","post","type-post","status-publish","format-standard","has-post-thumbnail","hentry","category-desporto","category-futebol","tag-braga","tag-eliminacoes","tag-europa","tag-futebol","tag-istambul","tag-sp-braga"],"yoast_head":"<!-- This site is optimized with the Yoast SEO plugin v27.2 - https:\/\/yoast.com\/product\/yoast-seo-wordpress\/ -->\n<title>Cidade convocada para ajudar o Sp. Braga a fazer hist\u00f3ria - Portal Tela Portugal<\/title>\n<meta name=\"robots\" content=\"index, follow, max-snippet:-1, max-image-preview:large, max-video-preview:-1\" \/>\n<meta property=\"og:locale\" content=\"pt_PT\" \/>\n<meta property=\"og:type\" content=\"article\" \/>\n<meta property=\"og:title\" content=\"Cidade convocada para ajudar o Sp. Braga a fazer hist\u00f3ria - Portal Tela Portugal\" \/>\n<meta property=\"og:description\" content=\"O Sp. Braga enfrenta o Betis, com o objetivo de chegar \u00e0s meias-finais da Liga Europa pela segunda vez. O clube procura aproximar-se do sonho de Istambul, onde se joga a final no fim de maio. Em plena uni\u00e3o com a cidade, \u00e9 partilhada a mensagem: \u201c\u00c9 o nosso momento\u201d. A equipa aposta numa nova jornada europeia que pode colocar o Braga entre as quatro melhores da competi\u00e7\u00e3o.\" \/>\n<meta property=\"og:url\" content=\"https:\/\/portaltela.pt\/noticias\/2026\/04\/07\/cidade-convocada-para-ajudar-o-sp-braga-a-fazer-historia\/\" \/>\n<meta property=\"og:site_name\" content=\"Portal Tela Portugal\" \/>\n<meta property=\"article:published_time\" content=\"2026-04-07T11:02:25+00:00\" \/>\n<meta name=\"author\" content=\"Telinha\" \/>\n<meta name=\"twitter:card\" content=\"summary_large_image\" \/>\n<meta name=\"twitter:label1\" content=\"Escrito por\" \/>\n\t<meta name=\"twitter:data1\" content=\"Telinha\" \/>\n\t<meta name=\"twitter:label2\" content=\"Tempo estimado de leitura\" \/>\n\t<meta name=\"twitter:data2\" content=\"1 minuto\" \/>\n<script type=\"application\/ld+json\" class=\"yoast-schema-graph\">{\"@context\":\"https:\/\/schema.org\",\"@graph\":[{\"@type\":\"Article\",\"@id\":\"https:\/\/portaltela.pt\/noticias\/2026\/04\/07\/cidade-convocada-para-ajudar-o-sp-braga-a-fazer-historia\/#article\",\"isPartOf\":{\"@id\":\"https:\/\/portaltela.pt\/noticias\/2026\/04\/07\/cidade-convocada-para-ajudar-o-sp-braga-a-fazer-historia\/\"},\"author\":{\"name\":\"Telinha\",\"@id\":\"https:\/\/portaltela.pt\/#\/schema\/person\/c4278d4a6028830caff9ee44b42d32ed\"},\"headline\":\"Cidade convocada para ajudar o Sp. Braga a fazer hist\u00f3ria\",\"datePublished\":\"2026-04-07T11:02:25+00:00\",\"mainEntityOfPage\":{\"@id\":\"https:\/\/portaltela.pt\/noticias\/2026\/04\/07\/cidade-convocada-para-ajudar-o-sp-braga-a-fazer-historia\/\"},\"wordCount\":188,\"image\":{\"@id\":\"https:\/\/portaltela.pt\/noticias\/2026\/04\/07\/cidade-convocada-para-ajudar-o-sp-braga-a-fazer-historia\/#primaryimage\"},\"thumbnailUrl\":\"https:\/\/portaltela.pt\/s.01k8rhncp4jt1\/2026\/04\/img_1200x721uu2026-04-07-11-47-00-2431562.jpg\",\"keywords\":[\"Braga\",\"elimina\u00e7\u00f5es\",\"Europa\",\"futebol\",\"Istambul\",\"Sp. Braga\"],\"articleSection\":[\"Desporto\",\"Futebol\"],\"inLanguage\":\"pt-PT\"},{\"@type\":\"WebPage\",\"@id\":\"https:\/\/portaltela.pt\/noticias\/2026\/04\/07\/cidade-convocada-para-ajudar-o-sp-braga-a-fazer-historia\/\",\"url\":\"https:\/\/portaltela.pt\/noticias\/2026\/04\/07\/cidade-convocada-para-ajudar-o-sp-braga-a-fazer-historia\/\",\"name\":\"Cidade convocada para ajudar o Sp. Braga a fazer hist\u00f3ria - Portal Tela Portugal\",\"isPartOf\":{\"@id\":\"https:\/\/portaltela.pt\/#website\"},\"primaryImageOfPage\":{\"@id\":\"https:\/\/portaltela.pt\/noticias\/2026\/04\/07\/cidade-convocada-para-ajudar-o-sp-braga-a-fazer-historia\/#primaryimage\"},\"image\":{\"@id\":\"https:\/\/portaltela.pt\/noticias\/2026\/04\/07\/cidade-convocada-para-ajudar-o-sp-braga-a-fazer-historia\/#primaryimage\"},\"thumbnailUrl\":\"https:\/\/portaltela.pt\/s.01k8rhncp4jt1\/2026\/04\/img_1200x721uu2026-04-07-11-47-00-2431562.jpg\",\"datePublished\":\"2026-04-07T11:02:25+00:00\",\"author\":{\"@id\":\"https:\/\/portaltela.pt\/#\/schema\/person\/c4278d4a6028830caff9ee44b42d32ed\"},\"breadcrumb\":{\"@id\":\"https:\/\/portaltela.pt\/noticias\/2026\/04\/07\/cidade-convocada-para-ajudar-o-sp-braga-a-fazer-historia\/#breadcrumb\"},\"inLanguage\":\"pt-PT\",\"potentialAction\":[{\"@type\":\"ReadAction\",\"target\":[\"https:\/\/portaltela.pt\/noticias\/2026\/04\/07\/cidade-convocada-para-ajudar-o-sp-braga-a-fazer-historia\/\"]}]},{\"@type\":\"ImageObject\",\"inLanguage\":\"pt-PT\",\"@id\":\"https:\/\/portaltela.pt\/noticias\/2026\/04\/07\/cidade-convocada-para-ajudar-o-sp-braga-a-fazer-historia\/#primaryimage\",\"url\":\"https:\/\/portaltela.pt\/s.01k8rhncp4jt1\/2026\/04\/img_1200x721uu2026-04-07-11-47-00-2431562.jpg\",\"contentUrl\":\"https:\/\/portaltela.pt\/s.01k8rhncp4jt1\/2026\/04\/img_1200x721uu2026-04-07-11-47-00-2431562.jpg\",\"width\":796,\"height\":448,\"caption\":\"\u00ab\u00c9 o nosso momento\u00bb: cidade 'convocada' para ajudar o Sp. Braga a fazer hist\u00f3ria\"},{\"@type\":\"BreadcrumbList\",\"@id\":\"https:\/\/portaltela.pt\/noticias\/2026\/04\/07\/cidade-convocada-para-ajudar-o-sp-braga-a-fazer-historia\/#breadcrumb\",\"itemListElement\":[{\"@type\":\"ListItem\",\"position\":1,\"name\":\"In\u00edcio\",\"item\":\"https:\/\/portaltela.pt\/\"},{\"@type\":\"ListItem\",\"position\":2,\"name\":\"Cidade convocada para ajudar o Sp. Braga a fazer hist\u00f3ria\"}]},{\"@type\":\"WebSite\",\"@id\":\"https:\/\/portaltela.pt\/#website\",\"url\":\"https:\/\/portaltela.pt\/\",\"name\":\"Portal Tela Portugal\",\"description\":\"\",\"potentialAction\":[{\"@type\":\"SearchAction\",\"target\":{\"@type\":\"EntryPoint\",\"urlTemplate\":\"https:\/\/portaltela.pt\/?s={search_term_string}\"},\"query-input\":{\"@type\":\"PropertyValueSpecification\",\"valueRequired\":true,\"valueName\":\"search_term_string\"}}],\"inLanguage\":\"pt-PT\"},{\"@type\":\"Person\",\"@id\":\"https:\/\/portaltela.pt\/#\/schema\/person\/c4278d4a6028830caff9ee44b42d32ed\",\"name\":\"Telinha\",\"image\":{\"@type\":\"ImageObject\",\"inLanguage\":\"pt-PT\",\"@id\":\"https:\/\/portaltela.pt\/s.01k8rhncp4jt1\/2025\/11\/talking-bot-125x125.png\",\"url\":\"https:\/\/portaltela.pt\/s.01k8rhncp4jt1\/2025\/11\/talking-bot-125x125.png\",\"contentUrl\":\"https:\/\/portaltela.pt\/s.01k8rhncp4jt1\/2025\/11\/talking-bot-125x125.png\",\"caption\":\"Telinha\"},\"sameAs\":[\"https:\/\/portaltela.pt\/\"],\"url\":\"https:\/\/portaltela.pt\/por\/367410592786\/\"}]}<\/script>\n<!-- \/ Yoast SEO plugin. -->","yoast_head_json":{"title":"Cidade convocada para ajudar o Sp. Braga a fazer hist\u00f3ria - Portal Tela Portugal","robots":{"index":"index","follow":"follow","max-snippet":"max-snippet:-1","max-image-preview":"max-image-preview:large","max-video-preview":"max-video-preview:-1"},"og_locale":"pt_PT","og_type":"article","og_title":"Cidade convocada para ajudar o Sp. Braga a fazer hist\u00f3ria - Portal Tela Portugal","og_description":"O Sp. Braga enfrenta o Betis, com o objetivo de chegar \u00e0s meias-finais da Liga Europa pela segunda vez. O clube procura aproximar-se do sonho de Istambul, onde se joga a final no fim de maio. Em plena uni\u00e3o com a cidade, \u00e9 partilhada a mensagem: \u201c\u00c9 o nosso momento\u201d. A equipa aposta numa nova jornada europeia que pode colocar o Braga entre as quatro melhores da competi\u00e7\u00e3o.","og_url":"https:\/\/portaltela.pt\/noticias\/2026\/04\/07\/cidade-convocada-para-ajudar-o-sp-braga-a-fazer-historia\/","og_site_name":"Portal Tela Portugal","article_published_time":"2026-04-07T11:02:25+00:00","author":"Telinha","twitter_card":"summary_large_image","twitter_misc":{"Escrito por":"Telinha","Tempo estimado de leitura":"1 minuto"},"schema":{"@context":"https:\/\/schema.org","@graph":[{"@type":"Article","@id":"https:\/\/portaltela.pt\/noticias\/2026\/04\/07\/cidade-convocada-para-ajudar-o-sp-braga-a-fazer-historia\/#article","isPartOf":{"@id":"https:\/\/portaltela.pt\/noticias\/2026\/04\/07\/cidade-convocada-para-ajudar-o-sp-braga-a-fazer-historia\/"},"author":{"name":"Telinha","@id":"https:\/\/portaltela.pt\/#\/schema\/person\/c4278d4a6028830caff9ee44b42d32ed"},"headline":"Cidade convocada para ajudar o Sp. Braga a fazer hist\u00f3ria","datePublished":"2026-04-07T11:02:25+00:00","mainEntityOfPage":{"@id":"https:\/\/portaltela.pt\/noticias\/2026\/04\/07\/cidade-convocada-para-ajudar-o-sp-braga-a-fazer-historia\/"},"wordCount":188,"image":{"@id":"https:\/\/portaltela.pt\/noticias\/2026\/04\/07\/cidade-convocada-para-ajudar-o-sp-braga-a-fazer-historia\/#primaryimage"},"thumbnailUrl":"https:\/\/portaltela.pt\/s.01k8rhncp4jt1\/2026\/04\/img_1200x721uu2026-04-07-11-47-00-2431562.jpg","keywords":["Braga","elimina\u00e7\u00f5es","Europa","futebol","Istambul","Sp. Braga"],"articleSection":["Desporto","Futebol"],"inLanguage":"pt-PT"},{"@type":"WebPage","@id":"https:\/\/portaltela.pt\/noticias\/2026\/04\/07\/cidade-convocada-para-ajudar-o-sp-braga-a-fazer-historia\/","url":"https:\/\/portaltela.pt\/noticias\/2026\/04\/07\/cidade-convocada-para-ajudar-o-sp-braga-a-fazer-historia\/","name":"Cidade convocada para ajudar o Sp. Braga a fazer hist\u00f3ria - Portal Tela Portugal","isPartOf":{"@id":"https:\/\/portaltela.pt\/#website"},"primaryImageOfPage":{"@id":"https:\/\/portaltela.pt\/noticias\/2026\/04\/07\/cidade-convocada-para-ajudar-o-sp-braga-a-fazer-historia\/#primaryimage"},"image":{"@id":"https:\/\/portaltela.pt\/noticias\/2026\/04\/07\/cidade-convocada-para-ajudar-o-sp-braga-a-fazer-historia\/#primaryimage"},"thumbnailUrl":"https:\/\/portaltela.pt\/s.01k8rhncp4jt1\/2026\/04\/img_1200x721uu2026-04-07-11-47-00-2431562.jpg","datePublished":"2026-04-07T11:02:25+00:00","author":{"@id":"https:\/\/portaltela.pt\/#\/schema\/person\/c4278d4a6028830caff9ee44b42d32ed"},"breadcrumb":{"@id":"https:\/\/portaltela.pt\/noticias\/2026\/04\/07\/cidade-convocada-para-ajudar-o-sp-braga-a-fazer-historia\/#breadcrumb"},"inLanguage":"pt-PT","potentialAction":[{"@type":"ReadAction","target":["https:\/\/portaltela.pt\/noticias\/2026\/04\/07\/cidade-convocada-para-ajudar-o-sp-braga-a-fazer-historia\/"]}]},{"@type":"ImageObject","inLanguage":"pt-PT","@id":"https:\/\/portaltela.pt\/noticias\/2026\/04\/07\/cidade-convocada-para-ajudar-o-sp-braga-a-fazer-historia\/#primaryimage","url":"https:\/\/portaltela.pt\/s.01k8rhncp4jt1\/2026\/04\/img_1200x721uu2026-04-07-11-47-00-2431562.jpg","contentUrl":"https:\/\/portaltela.pt\/s.01k8rhncp4jt1\/2026\/04\/img_1200x721uu2026-04-07-11-47-00-2431562.jpg","width":796,"height":448,"caption":"\u00ab\u00c9 o nosso momento\u00bb: cidade 'convocada' para ajudar o Sp. Braga a fazer hist\u00f3ria"},{"@type":"BreadcrumbList","@id":"https:\/\/portaltela.pt\/noticias\/2026\/04\/07\/cidade-convocada-para-ajudar-o-sp-braga-a-fazer-historia\/#breadcrumb","itemListElement":[{"@type":"ListItem","position":1,"name":"In\u00edcio","item":"https:\/\/portaltela.pt\/"},{"@type":"ListItem","position":2,"name":"Cidade convocada para ajudar o Sp. Braga a fazer hist\u00f3ria"}]},{"@type":"WebSite","@id":"https:\/\/portaltela.pt\/#website","url":"https:\/\/portaltela.pt\/","name":"Portal Tela Portugal","description":"","potentialAction":[{"@type":"SearchAction","target":{"@type":"EntryPoint","urlTemplate":"https:\/\/portaltela.pt\/?s={search_term_string}"},"query-input":{"@type":"PropertyValueSpecification","valueRequired":true,"valueName":"search_term_string"}}],"inLanguage":"pt-PT"},{"@type":"Person","@id":"https:\/\/portaltela.pt\/#\/schema\/person\/c4278d4a6028830caff9ee44b42d32ed","name":"Telinha","image":{"@type":"ImageObject","inLanguage":"pt-PT","@id":"https:\/\/portaltela.pt\/s.01k8rhncp4jt1\/2025\/11\/talking-bot-125x125.png","url":"https:\/\/portaltela.pt\/s.01k8rhncp4jt1\/2025\/11\/talking-bot-125x125.png","contentUrl":"https:\/\/portaltela.pt\/s.01k8rhncp4jt1\/2025\/11\/talking-bot-125x125.png","caption":"Telinha"},"sameAs":["https:\/\/portaltela.pt\/"],"url":"https:\/\/portaltela.pt\/por\/367410592786\/"}]}},"_links":{"self":[{"href":"https:\/\/portaltela.pt\/api\/wp\/v2\/posts\/435173","targetHints":{"allow":["GET"]}}],"collection":[{"href":"https:\/\/portaltela.pt\/api\/wp\/v2\/posts"}],"about":[{"href":"https:\/\/portaltela.pt\/api\/wp\/v2\/types\/post"}],"author":[{"embeddable":true,"href":"https:\/\/portaltela.pt\/api\/wp\/v2\/users\/2"}],"replies":[{"embeddable":true,"href":"https:\/\/portaltela.pt\/api\/wp\/v2\/comments?post=435173"}],"version-history":[{"count":0,"href":"https:\/\/portaltela.pt\/api\/wp\/v2\/posts\/435173\/revisions"}],"wp:featuredmedia":[{"embeddable":true,"href":"https:\/\/portaltela.pt\/api\/wp\/v2\/media\/435177"}],"wp:attachment":[{"href":"https:\/\/portaltela.pt\/api\/wp\/v2\/media?parent=435173"}],"wp:term":[{"taxonomy":"category","embeddable":true,"href":"https:\/\/portaltela.pt\/api\/wp\/v2\/categories?post=435173"},{"taxonomy":"post_tag","embeddable":true,"href":"https:\/\/portaltela.pt\/api\/wp\/v2\/tags?post=435173"}],"curies":[{"name":"wp","href":"https:\/\/api.w.org\/{rel}","templated":true}]}}