{"id":435169,"date":"2026-04-07T08:02:09","date_gmt":"2026-04-07T11:02:09","guid":{"rendered":"https:\/\/portaltela.pt\/noticias\/2026\/04\/07\/carro-cai-num-buraco-em-albergaria-e-fica-encalhado\/"},"modified":"2026-04-07T08:02:09","modified_gmt":"2026-04-07T11:02:09","slug":"carro-cai-num-buraco-em-albergaria-e-fica-encalhado","status":"publish","type":"post","link":"https:\/\/portaltela.pt\/acidentes\/2026\/04\/07\/carro-cai-num-buraco-em-albergaria-e-fica-encalhado\/","title":{"rendered":"Carro cai num buraco em Albergaria e fica encalhado"},"content":{"rendered":"<p>O incidente ocorreu em Albergaria, envolvendo uma viatura que caiu num buraco na via p\u00fablica. A condutora, com cerca de 50 anos, n\u00e3o se apercebeu do obst\u00e1culo apesar da sinaliza\u00e7\u00e3o existente. Segundo o JN, o buraco apresentava dimens\u00f5es suficientes para engolir o carro.<\/p>\n<p>Segundo informa\u00e7\u00f5es de uma fonte dos bombeiros, o acidente ocorreu com rapidez, sem que terceiros fizessem parte do ocorrido. A condutora seguia sozinha e n\u00e3o ficou ferida.<\/p>\n<p>Apesar do susto, a motorista recusou ser transportada para o hospital de Aveiro, ap\u00f3s avalia\u00e7\u00e3o no local pelos bombeiros de Albergaria. N\u00e3o houve registo de quaisquer ferimentos ou complica\u00e7\u00f5es decorrentes da queda.<\/p>\n","protected":false},"excerpt":{"rendered":"<ul>\n<li>Um carro mergulhou num buraco em Albergaria, apurou o Jornal de Not\u00edcias junto dos bombeiros.<\/li>\n<li>A condutora, com 50 anos, n\u00e3o se apercebeu do buraco apesar da sinaliza\u00e7\u00e3o.<\/li>\n<li>O buraco tinha dimens\u00f5es suficientes para engolir o ve\u00edculo.<\/li>\n<li>A condutora seguia sozinha e n\u00e3o sofreu ferimentos.<\/li>\n<li>Recusou ir ao hospital de Aveiro pelos bombeiros de Albergaria.<\/li>\n<\/ul>\n","protected":false},"author":2,"featured_media":435170,"comment_status":"closed","ping_status":"closed","sticky":false,"template":"","format":"standard","meta":{"footnotes":""},"categories":[6849],"tags":[5487,2088,1791,971,5423,2891],"class_list":["post-435169","post","type-post","status-publish","format-standard","has-post-thumbnail","hentry","category-acidentes","tag-acidente","tag-acidente-de-viacao","tag-albergaria","tag-bombeiros","tag-condutores","tag-via-publica"],"yoast_head":"<!-- This site is optimized with the Yoast SEO plugin v27.2 - https:\/\/yoast.com\/product\/yoast-seo-wordpress\/ -->\n<title>Carro cai num buraco em Albergaria e fica encalhado - Portal Tela Portugal<\/title>\n<meta name=\"robots\" content=\"index, follow, max-snippet:-1, max-image-preview:large, max-video-preview:-1\" \/>\n<meta property=\"og:locale\" content=\"pt_PT\" \/>\n<meta property=\"og:type\" content=\"article\" \/>\n<meta property=\"og:title\" content=\"Carro cai num buraco em Albergaria e fica encalhado - Portal Tela Portugal\" \/>\n<meta property=\"og:description\" content=\"Um carro mergulhou num buraco em Albergaria, apurou o Jornal de Not\u00edcias junto dos bombeiros. A condutora, com 50 anos, n\u00e3o se apercebeu do buraco apesar da sinaliza\u00e7\u00e3o. O buraco tinha dimens\u00f5es suficientes para engolir o ve\u00edculo. A condutora seguia sozinha e n\u00e3o sofreu ferimentos. Recusou ir ao hospital de Aveiro pelos bombeiros de Albergaria.\" \/>\n<meta property=\"og:url\" content=\"https:\/\/portaltela.pt\/noticias\/2026\/04\/07\/carro-cai-num-buraco-em-albergaria-e-fica-encalhado\/\" \/>\n<meta property=\"og:site_name\" content=\"Portal Tela Portugal\" \/>\n<meta property=\"article:published_time\" content=\"2026-04-07T11:02:09+00:00\" \/>\n<meta name=\"author\" content=\"Telinha\" \/>\n<meta name=\"twitter:card\" content=\"summary_large_image\" \/>\n<meta name=\"twitter:label1\" content=\"Escrito por\" \/>\n\t<meta name=\"twitter:data1\" content=\"Telinha\" \/>\n\t<meta name=\"twitter:label2\" content=\"Tempo estimado de leitura\" \/>\n\t<meta name=\"twitter:data2\" content=\"1 minuto\" \/>\n<script type=\"application\/ld+json\" class=\"yoast-schema-graph\">{\"@context\":\"https:\/\/schema.org\",\"@graph\":[{\"@type\":\"Article\",\"@id\":\"https:\/\/portaltela.pt\/noticias\/2026\/04\/07\/carro-cai-num-buraco-em-albergaria-e-fica-encalhado\/#article\",\"isPartOf\":{\"@id\":\"https:\/\/portaltela.pt\/noticias\/2026\/04\/07\/carro-cai-num-buraco-em-albergaria-e-fica-encalhado\/\"},\"author\":{\"name\":\"Telinha\",\"@id\":\"https:\/\/portaltela.pt\/#\/schema\/person\/c4278d4a6028830caff9ee44b42d32ed\"},\"headline\":\"Carro cai num buraco em Albergaria e fica encalhado\",\"datePublished\":\"2026-04-07T11:02:09+00:00\",\"mainEntityOfPage\":{\"@id\":\"https:\/\/portaltela.pt\/noticias\/2026\/04\/07\/carro-cai-num-buraco-em-albergaria-e-fica-encalhado\/\"},\"wordCount\":121,\"image\":{\"@id\":\"https:\/\/portaltela.pt\/noticias\/2026\/04\/07\/carro-cai-num-buraco-em-albergaria-e-fica-encalhado\/#primaryimage\"},\"thumbnailUrl\":\"https:\/\/portaltela.pt\/s.01k8rhncp4jt1\/2026\/04\/e878e1df-d60b-42d3-8db8-bf47f5346109_1200x675.jpg\",\"keywords\":[\"acidente\",\"acidente de via\u00e7\u00e3o\",\"Albergaria\",\"bombeiros\",\"condutores\",\"via p\u00fablica\"],\"articleSection\":[\"Acidentes\"],\"inLanguage\":\"pt-PT\"},{\"@type\":\"WebPage\",\"@id\":\"https:\/\/portaltela.pt\/noticias\/2026\/04\/07\/carro-cai-num-buraco-em-albergaria-e-fica-encalhado\/\",\"url\":\"https:\/\/portaltela.pt\/noticias\/2026\/04\/07\/carro-cai-num-buraco-em-albergaria-e-fica-encalhado\/\",\"name\":\"Carro cai num buraco em Albergaria e fica encalhado - Portal Tela Portugal\",\"isPartOf\":{\"@id\":\"https:\/\/portaltela.pt\/#website\"},\"primaryImageOfPage\":{\"@id\":\"https:\/\/portaltela.pt\/noticias\/2026\/04\/07\/carro-cai-num-buraco-em-albergaria-e-fica-encalhado\/#primaryimage\"},\"image\":{\"@id\":\"https:\/\/portaltela.pt\/noticias\/2026\/04\/07\/carro-cai-num-buraco-em-albergaria-e-fica-encalhado\/#primaryimage\"},\"thumbnailUrl\":\"https:\/\/portaltela.pt\/s.01k8rhncp4jt1\/2026\/04\/e878e1df-d60b-42d3-8db8-bf47f5346109_1200x675.jpg\",\"datePublished\":\"2026-04-07T11:02:09+00:00\",\"author\":{\"@id\":\"https:\/\/portaltela.pt\/#\/schema\/person\/c4278d4a6028830caff9ee44b42d32ed\"},\"breadcrumb\":{\"@id\":\"https:\/\/portaltela.pt\/noticias\/2026\/04\/07\/carro-cai-num-buraco-em-albergaria-e-fica-encalhado\/#breadcrumb\"},\"inLanguage\":\"pt-PT\",\"potentialAction\":[{\"@type\":\"ReadAction\",\"target\":[\"https:\/\/portaltela.pt\/noticias\/2026\/04\/07\/carro-cai-num-buraco-em-albergaria-e-fica-encalhado\/\"]}]},{\"@type\":\"ImageObject\",\"inLanguage\":\"pt-PT\",\"@id\":\"https:\/\/portaltela.pt\/noticias\/2026\/04\/07\/carro-cai-num-buraco-em-albergaria-e-fica-encalhado\/#primaryimage\",\"url\":\"https:\/\/portaltela.pt\/s.01k8rhncp4jt1\/2026\/04\/e878e1df-d60b-42d3-8db8-bf47f5346109_1200x675.jpg\",\"contentUrl\":\"https:\/\/portaltela.pt\/s.01k8rhncp4jt1\/2026\/04\/e878e1df-d60b-42d3-8db8-bf47f5346109_1200x675.jpg\",\"width\":796,\"height\":448,\"caption\":\"Carro caiu no buraco na zona do Sobreiro\"},{\"@type\":\"BreadcrumbList\",\"@id\":\"https:\/\/portaltela.pt\/noticias\/2026\/04\/07\/carro-cai-num-buraco-em-albergaria-e-fica-encalhado\/#breadcrumb\",\"itemListElement\":[{\"@type\":\"ListItem\",\"position\":1,\"name\":\"In\u00edcio\",\"item\":\"https:\/\/portaltela.pt\/\"},{\"@type\":\"ListItem\",\"position\":2,\"name\":\"Carro cai num buraco em Albergaria e fica encalhado\"}]},{\"@type\":\"WebSite\",\"@id\":\"https:\/\/portaltela.pt\/#website\",\"url\":\"https:\/\/portaltela.pt\/\",\"name\":\"Portal Tela Portugal\",\"description\":\"\",\"potentialAction\":[{\"@type\":\"SearchAction\",\"target\":{\"@type\":\"EntryPoint\",\"urlTemplate\":\"https:\/\/portaltela.pt\/?s={search_term_string}\"},\"query-input\":{\"@type\":\"PropertyValueSpecification\",\"valueRequired\":true,\"valueName\":\"search_term_string\"}}],\"inLanguage\":\"pt-PT\"},{\"@type\":\"Person\",\"@id\":\"https:\/\/portaltela.pt\/#\/schema\/person\/c4278d4a6028830caff9ee44b42d32ed\",\"name\":\"Telinha\",\"image\":{\"@type\":\"ImageObject\",\"inLanguage\":\"pt-PT\",\"@id\":\"https:\/\/portaltela.pt\/s.01k8rhncp4jt1\/2025\/11\/talking-bot-125x125.png\",\"url\":\"https:\/\/portaltela.pt\/s.01k8rhncp4jt1\/2025\/11\/talking-bot-125x125.png\",\"contentUrl\":\"https:\/\/portaltela.pt\/s.01k8rhncp4jt1\/2025\/11\/talking-bot-125x125.png\",\"caption\":\"Telinha\"},\"sameAs\":[\"https:\/\/portaltela.pt\/\"],\"url\":\"https:\/\/portaltela.pt\/por\/367410592786\/\"}]}<\/script>\n<!-- \/ Yoast SEO plugin. -->","yoast_head_json":{"title":"Carro cai num buraco em Albergaria e fica encalhado - Portal Tela Portugal","robots":{"index":"index","follow":"follow","max-snippet":"max-snippet:-1","max-image-preview":"max-image-preview:large","max-video-preview":"max-video-preview:-1"},"og_locale":"pt_PT","og_type":"article","og_title":"Carro cai num buraco em Albergaria e fica encalhado - Portal Tela Portugal","og_description":"Um carro mergulhou num buraco em Albergaria, apurou o Jornal de Not\u00edcias junto dos bombeiros. A condutora, com 50 anos, n\u00e3o se apercebeu do buraco apesar da sinaliza\u00e7\u00e3o. O buraco tinha dimens\u00f5es suficientes para engolir o ve\u00edculo. A condutora seguia sozinha e n\u00e3o sofreu ferimentos. Recusou ir ao hospital de Aveiro pelos bombeiros de Albergaria.","og_url":"https:\/\/portaltela.pt\/noticias\/2026\/04\/07\/carro-cai-num-buraco-em-albergaria-e-fica-encalhado\/","og_site_name":"Portal Tela Portugal","article_published_time":"2026-04-07T11:02:09+00:00","author":"Telinha","twitter_card":"summary_large_image","twitter_misc":{"Escrito por":"Telinha","Tempo estimado de leitura":"1 minuto"},"schema":{"@context":"https:\/\/schema.org","@graph":[{"@type":"Article","@id":"https:\/\/portaltela.pt\/noticias\/2026\/04\/07\/carro-cai-num-buraco-em-albergaria-e-fica-encalhado\/#article","isPartOf":{"@id":"https:\/\/portaltela.pt\/noticias\/2026\/04\/07\/carro-cai-num-buraco-em-albergaria-e-fica-encalhado\/"},"author":{"name":"Telinha","@id":"https:\/\/portaltela.pt\/#\/schema\/person\/c4278d4a6028830caff9ee44b42d32ed"},"headline":"Carro cai num buraco em Albergaria e fica encalhado","datePublished":"2026-04-07T11:02:09+00:00","mainEntityOfPage":{"@id":"https:\/\/portaltela.pt\/noticias\/2026\/04\/07\/carro-cai-num-buraco-em-albergaria-e-fica-encalhado\/"},"wordCount":121,"image":{"@id":"https:\/\/portaltela.pt\/noticias\/2026\/04\/07\/carro-cai-num-buraco-em-albergaria-e-fica-encalhado\/#primaryimage"},"thumbnailUrl":"https:\/\/portaltela.pt\/s.01k8rhncp4jt1\/2026\/04\/e878e1df-d60b-42d3-8db8-bf47f5346109_1200x675.jpg","keywords":["acidente","acidente de via\u00e7\u00e3o","Albergaria","bombeiros","condutores","via p\u00fablica"],"articleSection":["Acidentes"],"inLanguage":"pt-PT"},{"@type":"WebPage","@id":"https:\/\/portaltela.pt\/noticias\/2026\/04\/07\/carro-cai-num-buraco-em-albergaria-e-fica-encalhado\/","url":"https:\/\/portaltela.pt\/noticias\/2026\/04\/07\/carro-cai-num-buraco-em-albergaria-e-fica-encalhado\/","name":"Carro cai num buraco em Albergaria e fica encalhado - Portal Tela Portugal","isPartOf":{"@id":"https:\/\/portaltela.pt\/#website"},"primaryImageOfPage":{"@id":"https:\/\/portaltela.pt\/noticias\/2026\/04\/07\/carro-cai-num-buraco-em-albergaria-e-fica-encalhado\/#primaryimage"},"image":{"@id":"https:\/\/portaltela.pt\/noticias\/2026\/04\/07\/carro-cai-num-buraco-em-albergaria-e-fica-encalhado\/#primaryimage"},"thumbnailUrl":"https:\/\/portaltela.pt\/s.01k8rhncp4jt1\/2026\/04\/e878e1df-d60b-42d3-8db8-bf47f5346109_1200x675.jpg","datePublished":"2026-04-07T11:02:09+00:00","author":{"@id":"https:\/\/portaltela.pt\/#\/schema\/person\/c4278d4a6028830caff9ee44b42d32ed"},"breadcrumb":{"@id":"https:\/\/portaltela.pt\/noticias\/2026\/04\/07\/carro-cai-num-buraco-em-albergaria-e-fica-encalhado\/#breadcrumb"},"inLanguage":"pt-PT","potentialAction":[{"@type":"ReadAction","target":["https:\/\/portaltela.pt\/noticias\/2026\/04\/07\/carro-cai-num-buraco-em-albergaria-e-fica-encalhado\/"]}]},{"@type":"ImageObject","inLanguage":"pt-PT","@id":"https:\/\/portaltela.pt\/noticias\/2026\/04\/07\/carro-cai-num-buraco-em-albergaria-e-fica-encalhado\/#primaryimage","url":"https:\/\/portaltela.pt\/s.01k8rhncp4jt1\/2026\/04\/e878e1df-d60b-42d3-8db8-bf47f5346109_1200x675.jpg","contentUrl":"https:\/\/portaltela.pt\/s.01k8rhncp4jt1\/2026\/04\/e878e1df-d60b-42d3-8db8-bf47f5346109_1200x675.jpg","width":796,"height":448,"caption":"Carro caiu no buraco na zona do Sobreiro"},{"@type":"BreadcrumbList","@id":"https:\/\/portaltela.pt\/noticias\/2026\/04\/07\/carro-cai-num-buraco-em-albergaria-e-fica-encalhado\/#breadcrumb","itemListElement":[{"@type":"ListItem","position":1,"name":"In\u00edcio","item":"https:\/\/portaltela.pt\/"},{"@type":"ListItem","position":2,"name":"Carro cai num buraco em Albergaria e fica encalhado"}]},{"@type":"WebSite","@id":"https:\/\/portaltela.pt\/#website","url":"https:\/\/portaltela.pt\/","name":"Portal Tela Portugal","description":"","potentialAction":[{"@type":"SearchAction","target":{"@type":"EntryPoint","urlTemplate":"https:\/\/portaltela.pt\/?s={search_term_string}"},"query-input":{"@type":"PropertyValueSpecification","valueRequired":true,"valueName":"search_term_string"}}],"inLanguage":"pt-PT"},{"@type":"Person","@id":"https:\/\/portaltela.pt\/#\/schema\/person\/c4278d4a6028830caff9ee44b42d32ed","name":"Telinha","image":{"@type":"ImageObject","inLanguage":"pt-PT","@id":"https:\/\/portaltela.pt\/s.01k8rhncp4jt1\/2025\/11\/talking-bot-125x125.png","url":"https:\/\/portaltela.pt\/s.01k8rhncp4jt1\/2025\/11\/talking-bot-125x125.png","contentUrl":"https:\/\/portaltela.pt\/s.01k8rhncp4jt1\/2025\/11\/talking-bot-125x125.png","caption":"Telinha"},"sameAs":["https:\/\/portaltela.pt\/"],"url":"https:\/\/portaltela.pt\/por\/367410592786\/"}]}},"_links":{"self":[{"href":"https:\/\/portaltela.pt\/api\/wp\/v2\/posts\/435169","targetHints":{"allow":["GET"]}}],"collection":[{"href":"https:\/\/portaltela.pt\/api\/wp\/v2\/posts"}],"about":[{"href":"https:\/\/portaltela.pt\/api\/wp\/v2\/types\/post"}],"author":[{"embeddable":true,"href":"https:\/\/portaltela.pt\/api\/wp\/v2\/users\/2"}],"replies":[{"embeddable":true,"href":"https:\/\/portaltela.pt\/api\/wp\/v2\/comments?post=435169"}],"version-history":[{"count":0,"href":"https:\/\/portaltela.pt\/api\/wp\/v2\/posts\/435169\/revisions"}],"wp:featuredmedia":[{"embeddable":true,"href":"https:\/\/portaltela.pt\/api\/wp\/v2\/media\/435170"}],"wp:attachment":[{"href":"https:\/\/portaltela.pt\/api\/wp\/v2\/media?parent=435169"}],"wp:term":[{"taxonomy":"category","embeddable":true,"href":"https:\/\/portaltela.pt\/api\/wp\/v2\/categories?post=435169"},{"taxonomy":"post_tag","embeddable":true,"href":"https:\/\/portaltela.pt\/api\/wp\/v2\/tags?post=435169"}],"curies":[{"name":"wp","href":"https:\/\/api.w.org\/{rel}","templated":true}]}}