{"id":435141,"date":"2026-04-07T07:32:18","date_gmt":"2026-04-07T10:32:18","guid":{"rendered":"https:\/\/portaltela.pt\/noticias\/2026\/04\/07\/lili-canecas-celebra-aniversario-de-luxo-em-paris-com-champanhe-e-joias\/"},"modified":"2026-04-07T07:32:18","modified_gmt":"2026-04-07T10:32:18","slug":"lili-canecas-celebra-aniversario-de-luxo-em-paris-com-champanhe-e-joias","status":"publish","type":"post","link":"https:\/\/portaltela.pt\/celebridades\/2026\/04\/07\/lili-canecas-celebra-aniversario-de-luxo-em-paris-com-champanhe-e-joias\/","title":{"rendered":"Lili Cane\u00e7as celebra anivers\u00e1rio de luxo em Paris com champanhe e joias"},"content":{"rendered":"<p>Lili Cane\u00e7as celebrou o 82.\u00ba anivers\u00e1rio no \u00faltimo s\u00e1bado, 4 de abril, num passeio a Paris em fam\u00edlia, numa celebra\u00e7\u00e3o marcada pelo luxo e pela anima\u00e7\u00e3o. A ocasi\u00e3o decorreu ao longo de v\u00e1rios dias em solo parisiense.<\/p>\n<p>Entre as noites especiais, a famosa socialite descreve um jantar de anos no Maxim\u2019s de Paris, acompanhado de um elenco de convidados e de um espet\u00e1culo de blues. Antes, houve uma refei\u00e7\u00e3o no Lap\u00e9rouse, segundo a sua publica\u00e7\u00e3o, para iniciar a comemora\u00e7\u00e3o.<\/p>\n<p>No dia do anivers\u00e1rio, a celebra\u00e7\u00e3o prosseguiu com almo\u00e7o no Hotel Ritz, hist\u00f3rico endere\u00e7o associado a Coco Chanel. A filha de Cane\u00e7as presenteou-a com um rel\u00f3gio Cartier, estimado entre 9 500 e 11 800 euros, acompanhado de palavras de gratid\u00e3o e emo\u00e7\u00e3o pela vida mantida em pleno entusiasmo.<\/p>\n<p>Da parte de Cane\u00e7as, ainda houve agradecimentos a Deus pela sa\u00fade e pelos sonhos por realizar, bem como votos de celebra\u00e7\u00e3o para a P\u00e1scoa. A mensagem foi partilhada nas redes sociais na segunda-feira seguinte \u00e0 data festiva.<\/p>\n","protected":false},"excerpt":{"rendered":"<ul>\n<li>Lili Cane\u00e7as fez setenta e dois anos no s\u00e1bado, quatro, e rumou a Paris com a fam\u00edlia para v\u00e1rios dias de luxo.<\/li>\n<li>O jantar de anivers\u00e1rio aconteceu no Maxim&#8217;s de Paris, com apresenta\u00e7\u00e3o de artistas e anima\u00e7\u00e3o, depois de um almo\u00e7o no Lap\u00e9rouse e de meia-noite celebrada com champanhe.<\/li>\n<li>No s\u00e1bado seguinte, o grupo almo\u00e7ou no Hotel Ritz, onde estiveram na presen\u00e7a de Cartier; a filha de Lili presenteou-a com um rel\u00f3gio Cartier, avaliado entre nove mil e quinhentos euros e onze mil e oitocentos euros.<\/li>\n<li>A filha \u00e9 descrita como uma pessoa incr\u00edvel que gosta de fazer as pessoas felizes.<\/li>\n<li>A celebra\u00e7\u00e3o terminou com agradecimentos a Deus e votos de uma Santa P\u00e1scoa, de Paris, cidade da luz.<\/li>\n<\/ul>\n","protected":false},"author":2,"featured_media":435147,"comment_status":"closed","ping_status":"closed","sticky":false,"template":"","format":"standard","meta":{"footnotes":""},"categories":[6675],"tags":[7756,3259,145,78,188,169],"class_list":["post-435141","post","type-post","status-publish","format-standard","has-post-thumbnail","hentry","category-celebridades","tag-_cultura","tag-celebidades","tag-cultura","tag-famosos","tag-joalharia","tag-turismo"],"yoast_head":"<!-- This site is optimized with the Yoast SEO plugin v27.2 - https:\/\/yoast.com\/product\/yoast-seo-wordpress\/ -->\n<title>Lili Cane\u00e7as celebra anivers\u00e1rio de luxo em Paris com champanhe e joias - Portal Tela Portugal<\/title>\n<meta name=\"robots\" content=\"index, follow, max-snippet:-1, max-image-preview:large, max-video-preview:-1\" \/>\n<meta property=\"og:locale\" content=\"pt_PT\" \/>\n<meta property=\"og:type\" content=\"article\" \/>\n<meta property=\"og:title\" content=\"Lili Cane\u00e7as celebra anivers\u00e1rio de luxo em Paris com champanhe e joias - Portal Tela Portugal\" \/>\n<meta property=\"og:description\" content=\"Lili Cane\u00e7as fez setenta e dois anos no s\u00e1bado, quatro, e rumou a Paris com a fam\u00edlia para v\u00e1rios dias de luxo. O jantar de anivers\u00e1rio aconteceu no Maxim&#039;s de Paris, com apresenta\u00e7\u00e3o de artistas e anima\u00e7\u00e3o, depois de um almo\u00e7o no Lap\u00e9rouse e de meia-noite celebrada com champanhe. No s\u00e1bado seguinte, o grupo almo\u00e7ou no Hotel Ritz, onde estiveram na presen\u00e7a de Cartier; a filha de Lili presenteou-a com um rel\u00f3gio Cartier, avaliado entre nove mil e quinhentos euros e onze mil e oitocentos euros. A filha \u00e9 descrita como uma pessoa incr\u00edvel que gosta de fazer as pessoas felizes. A celebra\u00e7\u00e3o terminou com agradecimentos a Deus e votos de uma Santa P\u00e1scoa, de Paris, cidade da luz.\" \/>\n<meta property=\"og:url\" content=\"https:\/\/portaltela.pt\/noticias\/2026\/04\/07\/lili-canecas-celebra-aniversario-de-luxo-em-paris-com-champanhe-e-joias\/\" \/>\n<meta property=\"og:site_name\" content=\"Portal Tela Portugal\" \/>\n<meta property=\"article:published_time\" content=\"2026-04-07T10:32:18+00:00\" \/>\n<meta name=\"author\" content=\"Telinha\" \/>\n<meta name=\"twitter:card\" content=\"summary_large_image\" \/>\n<meta name=\"twitter:label1\" content=\"Escrito por\" \/>\n\t<meta name=\"twitter:data1\" content=\"Telinha\" \/>\n\t<meta name=\"twitter:label2\" content=\"Tempo estimado de leitura\" \/>\n\t<meta name=\"twitter:data2\" content=\"1 minuto\" \/>\n<script type=\"application\/ld+json\" class=\"yoast-schema-graph\">{\"@context\":\"https:\/\/schema.org\",\"@graph\":[{\"@type\":\"Article\",\"@id\":\"https:\/\/portaltela.pt\/noticias\/2026\/04\/07\/lili-canecas-celebra-aniversario-de-luxo-em-paris-com-champanhe-e-joias\/#article\",\"isPartOf\":{\"@id\":\"https:\/\/portaltela.pt\/noticias\/2026\/04\/07\/lili-canecas-celebra-aniversario-de-luxo-em-paris-com-champanhe-e-joias\/\"},\"author\":{\"name\":\"Telinha\",\"@id\":\"https:\/\/portaltela.pt\/#\/schema\/person\/c4278d4a6028830caff9ee44b42d32ed\"},\"headline\":\"Lili Cane\u00e7as celebra anivers\u00e1rio de luxo em Paris com champanhe e joias\",\"datePublished\":\"2026-04-07T10:32:18+00:00\",\"mainEntityOfPage\":{\"@id\":\"https:\/\/portaltela.pt\/noticias\/2026\/04\/07\/lili-canecas-celebra-aniversario-de-luxo-em-paris-com-champanhe-e-joias\/\"},\"wordCount\":198,\"image\":{\"@id\":\"https:\/\/portaltela.pt\/noticias\/2026\/04\/07\/lili-canecas-celebra-aniversario-de-luxo-em-paris-com-champanhe-e-joias\/#primaryimage\"},\"thumbnailUrl\":\"https:\/\/portaltela.pt\/s.01k8rhncp4jt1\/2026\/04\/img_1280x718uu2026-04-07-10-36-59-2276989-im-639111550510822908.jpg\",\"keywords\":[\"_cultura\",\"celebidades\",\"cultura\",\"famosos\",\"joalharia\",\"turismo\"],\"articleSection\":[\"Celebridades\"],\"inLanguage\":\"pt-PT\"},{\"@type\":\"WebPage\",\"@id\":\"https:\/\/portaltela.pt\/noticias\/2026\/04\/07\/lili-canecas-celebra-aniversario-de-luxo-em-paris-com-champanhe-e-joias\/\",\"url\":\"https:\/\/portaltela.pt\/noticias\/2026\/04\/07\/lili-canecas-celebra-aniversario-de-luxo-em-paris-com-champanhe-e-joias\/\",\"name\":\"Lili Cane\u00e7as celebra anivers\u00e1rio de luxo em Paris com champanhe e joias - Portal Tela Portugal\",\"isPartOf\":{\"@id\":\"https:\/\/portaltela.pt\/#website\"},\"primaryImageOfPage\":{\"@id\":\"https:\/\/portaltela.pt\/noticias\/2026\/04\/07\/lili-canecas-celebra-aniversario-de-luxo-em-paris-com-champanhe-e-joias\/#primaryimage\"},\"image\":{\"@id\":\"https:\/\/portaltela.pt\/noticias\/2026\/04\/07\/lili-canecas-celebra-aniversario-de-luxo-em-paris-com-champanhe-e-joias\/#primaryimage\"},\"thumbnailUrl\":\"https:\/\/portaltela.pt\/s.01k8rhncp4jt1\/2026\/04\/img_1280x718uu2026-04-07-10-36-59-2276989-im-639111550510822908.jpg\",\"datePublished\":\"2026-04-07T10:32:18+00:00\",\"author\":{\"@id\":\"https:\/\/portaltela.pt\/#\/schema\/person\/c4278d4a6028830caff9ee44b42d32ed\"},\"breadcrumb\":{\"@id\":\"https:\/\/portaltela.pt\/noticias\/2026\/04\/07\/lili-canecas-celebra-aniversario-de-luxo-em-paris-com-champanhe-e-joias\/#breadcrumb\"},\"inLanguage\":\"pt-PT\",\"potentialAction\":[{\"@type\":\"ReadAction\",\"target\":[\"https:\/\/portaltela.pt\/noticias\/2026\/04\/07\/lili-canecas-celebra-aniversario-de-luxo-em-paris-com-champanhe-e-joias\/\"]}]},{\"@type\":\"ImageObject\",\"inLanguage\":\"pt-PT\",\"@id\":\"https:\/\/portaltela.pt\/noticias\/2026\/04\/07\/lili-canecas-celebra-aniversario-de-luxo-em-paris-com-champanhe-e-joias\/#primaryimage\",\"url\":\"https:\/\/portaltela.pt\/s.01k8rhncp4jt1\/2026\/04\/img_1280x718uu2026-04-07-10-36-59-2276989-im-639111550510822908.jpg\",\"contentUrl\":\"https:\/\/portaltela.pt\/s.01k8rhncp4jt1\/2026\/04\/img_1280x718uu2026-04-07-10-36-59-2276989-im-639111550510822908.jpg\",\"width\":796,\"height\":448,\"caption\":\"Lili Cane\u00e7as\"},{\"@type\":\"BreadcrumbList\",\"@id\":\"https:\/\/portaltela.pt\/noticias\/2026\/04\/07\/lili-canecas-celebra-aniversario-de-luxo-em-paris-com-champanhe-e-joias\/#breadcrumb\",\"itemListElement\":[{\"@type\":\"ListItem\",\"position\":1,\"name\":\"In\u00edcio\",\"item\":\"https:\/\/portaltela.pt\/\"},{\"@type\":\"ListItem\",\"position\":2,\"name\":\"Lili Cane\u00e7as celebra anivers\u00e1rio de luxo em Paris com champanhe e joias\"}]},{\"@type\":\"WebSite\",\"@id\":\"https:\/\/portaltela.pt\/#website\",\"url\":\"https:\/\/portaltela.pt\/\",\"name\":\"Portal Tela Portugal\",\"description\":\"\",\"potentialAction\":[{\"@type\":\"SearchAction\",\"target\":{\"@type\":\"EntryPoint\",\"urlTemplate\":\"https:\/\/portaltela.pt\/?s={search_term_string}\"},\"query-input\":{\"@type\":\"PropertyValueSpecification\",\"valueRequired\":true,\"valueName\":\"search_term_string\"}}],\"inLanguage\":\"pt-PT\"},{\"@type\":\"Person\",\"@id\":\"https:\/\/portaltela.pt\/#\/schema\/person\/c4278d4a6028830caff9ee44b42d32ed\",\"name\":\"Telinha\",\"image\":{\"@type\":\"ImageObject\",\"inLanguage\":\"pt-PT\",\"@id\":\"https:\/\/portaltela.pt\/s.01k8rhncp4jt1\/2025\/11\/talking-bot-125x125.png\",\"url\":\"https:\/\/portaltela.pt\/s.01k8rhncp4jt1\/2025\/11\/talking-bot-125x125.png\",\"contentUrl\":\"https:\/\/portaltela.pt\/s.01k8rhncp4jt1\/2025\/11\/talking-bot-125x125.png\",\"caption\":\"Telinha\"},\"sameAs\":[\"https:\/\/portaltela.pt\/\"],\"url\":\"https:\/\/portaltela.pt\/por\/367410592786\/\"}]}<\/script>\n<!-- \/ Yoast SEO plugin. -->","yoast_head_json":{"title":"Lili Cane\u00e7as celebra anivers\u00e1rio de luxo em Paris com champanhe e joias - Portal Tela Portugal","robots":{"index":"index","follow":"follow","max-snippet":"max-snippet:-1","max-image-preview":"max-image-preview:large","max-video-preview":"max-video-preview:-1"},"og_locale":"pt_PT","og_type":"article","og_title":"Lili Cane\u00e7as celebra anivers\u00e1rio de luxo em Paris com champanhe e joias - Portal Tela Portugal","og_description":"Lili Cane\u00e7as fez setenta e dois anos no s\u00e1bado, quatro, e rumou a Paris com a fam\u00edlia para v\u00e1rios dias de luxo. O jantar de anivers\u00e1rio aconteceu no Maxim's de Paris, com apresenta\u00e7\u00e3o de artistas e anima\u00e7\u00e3o, depois de um almo\u00e7o no Lap\u00e9rouse e de meia-noite celebrada com champanhe. No s\u00e1bado seguinte, o grupo almo\u00e7ou no Hotel Ritz, onde estiveram na presen\u00e7a de Cartier; a filha de Lili presenteou-a com um rel\u00f3gio Cartier, avaliado entre nove mil e quinhentos euros e onze mil e oitocentos euros. A filha \u00e9 descrita como uma pessoa incr\u00edvel que gosta de fazer as pessoas felizes. A celebra\u00e7\u00e3o terminou com agradecimentos a Deus e votos de uma Santa P\u00e1scoa, de Paris, cidade da luz.","og_url":"https:\/\/portaltela.pt\/noticias\/2026\/04\/07\/lili-canecas-celebra-aniversario-de-luxo-em-paris-com-champanhe-e-joias\/","og_site_name":"Portal Tela Portugal","article_published_time":"2026-04-07T10:32:18+00:00","author":"Telinha","twitter_card":"summary_large_image","twitter_misc":{"Escrito por":"Telinha","Tempo estimado de leitura":"1 minuto"},"schema":{"@context":"https:\/\/schema.org","@graph":[{"@type":"Article","@id":"https:\/\/portaltela.pt\/noticias\/2026\/04\/07\/lili-canecas-celebra-aniversario-de-luxo-em-paris-com-champanhe-e-joias\/#article","isPartOf":{"@id":"https:\/\/portaltela.pt\/noticias\/2026\/04\/07\/lili-canecas-celebra-aniversario-de-luxo-em-paris-com-champanhe-e-joias\/"},"author":{"name":"Telinha","@id":"https:\/\/portaltela.pt\/#\/schema\/person\/c4278d4a6028830caff9ee44b42d32ed"},"headline":"Lili Cane\u00e7as celebra anivers\u00e1rio de luxo em Paris com champanhe e joias","datePublished":"2026-04-07T10:32:18+00:00","mainEntityOfPage":{"@id":"https:\/\/portaltela.pt\/noticias\/2026\/04\/07\/lili-canecas-celebra-aniversario-de-luxo-em-paris-com-champanhe-e-joias\/"},"wordCount":198,"image":{"@id":"https:\/\/portaltela.pt\/noticias\/2026\/04\/07\/lili-canecas-celebra-aniversario-de-luxo-em-paris-com-champanhe-e-joias\/#primaryimage"},"thumbnailUrl":"https:\/\/portaltela.pt\/s.01k8rhncp4jt1\/2026\/04\/img_1280x718uu2026-04-07-10-36-59-2276989-im-639111550510822908.jpg","keywords":["_cultura","celebidades","cultura","famosos","joalharia","turismo"],"articleSection":["Celebridades"],"inLanguage":"pt-PT"},{"@type":"WebPage","@id":"https:\/\/portaltela.pt\/noticias\/2026\/04\/07\/lili-canecas-celebra-aniversario-de-luxo-em-paris-com-champanhe-e-joias\/","url":"https:\/\/portaltela.pt\/noticias\/2026\/04\/07\/lili-canecas-celebra-aniversario-de-luxo-em-paris-com-champanhe-e-joias\/","name":"Lili Cane\u00e7as celebra anivers\u00e1rio de luxo em Paris com champanhe e joias - Portal Tela Portugal","isPartOf":{"@id":"https:\/\/portaltela.pt\/#website"},"primaryImageOfPage":{"@id":"https:\/\/portaltela.pt\/noticias\/2026\/04\/07\/lili-canecas-celebra-aniversario-de-luxo-em-paris-com-champanhe-e-joias\/#primaryimage"},"image":{"@id":"https:\/\/portaltela.pt\/noticias\/2026\/04\/07\/lili-canecas-celebra-aniversario-de-luxo-em-paris-com-champanhe-e-joias\/#primaryimage"},"thumbnailUrl":"https:\/\/portaltela.pt\/s.01k8rhncp4jt1\/2026\/04\/img_1280x718uu2026-04-07-10-36-59-2276989-im-639111550510822908.jpg","datePublished":"2026-04-07T10:32:18+00:00","author":{"@id":"https:\/\/portaltela.pt\/#\/schema\/person\/c4278d4a6028830caff9ee44b42d32ed"},"breadcrumb":{"@id":"https:\/\/portaltela.pt\/noticias\/2026\/04\/07\/lili-canecas-celebra-aniversario-de-luxo-em-paris-com-champanhe-e-joias\/#breadcrumb"},"inLanguage":"pt-PT","potentialAction":[{"@type":"ReadAction","target":["https:\/\/portaltela.pt\/noticias\/2026\/04\/07\/lili-canecas-celebra-aniversario-de-luxo-em-paris-com-champanhe-e-joias\/"]}]},{"@type":"ImageObject","inLanguage":"pt-PT","@id":"https:\/\/portaltela.pt\/noticias\/2026\/04\/07\/lili-canecas-celebra-aniversario-de-luxo-em-paris-com-champanhe-e-joias\/#primaryimage","url":"https:\/\/portaltela.pt\/s.01k8rhncp4jt1\/2026\/04\/img_1280x718uu2026-04-07-10-36-59-2276989-im-639111550510822908.jpg","contentUrl":"https:\/\/portaltela.pt\/s.01k8rhncp4jt1\/2026\/04\/img_1280x718uu2026-04-07-10-36-59-2276989-im-639111550510822908.jpg","width":796,"height":448,"caption":"Lili Cane\u00e7as"},{"@type":"BreadcrumbList","@id":"https:\/\/portaltela.pt\/noticias\/2026\/04\/07\/lili-canecas-celebra-aniversario-de-luxo-em-paris-com-champanhe-e-joias\/#breadcrumb","itemListElement":[{"@type":"ListItem","position":1,"name":"In\u00edcio","item":"https:\/\/portaltela.pt\/"},{"@type":"ListItem","position":2,"name":"Lili Cane\u00e7as celebra anivers\u00e1rio de luxo em Paris com champanhe e joias"}]},{"@type":"WebSite","@id":"https:\/\/portaltela.pt\/#website","url":"https:\/\/portaltela.pt\/","name":"Portal Tela Portugal","description":"","potentialAction":[{"@type":"SearchAction","target":{"@type":"EntryPoint","urlTemplate":"https:\/\/portaltela.pt\/?s={search_term_string}"},"query-input":{"@type":"PropertyValueSpecification","valueRequired":true,"valueName":"search_term_string"}}],"inLanguage":"pt-PT"},{"@type":"Person","@id":"https:\/\/portaltela.pt\/#\/schema\/person\/c4278d4a6028830caff9ee44b42d32ed","name":"Telinha","image":{"@type":"ImageObject","inLanguage":"pt-PT","@id":"https:\/\/portaltela.pt\/s.01k8rhncp4jt1\/2025\/11\/talking-bot-125x125.png","url":"https:\/\/portaltela.pt\/s.01k8rhncp4jt1\/2025\/11\/talking-bot-125x125.png","contentUrl":"https:\/\/portaltela.pt\/s.01k8rhncp4jt1\/2025\/11\/talking-bot-125x125.png","caption":"Telinha"},"sameAs":["https:\/\/portaltela.pt\/"],"url":"https:\/\/portaltela.pt\/por\/367410592786\/"}]}},"_links":{"self":[{"href":"https:\/\/portaltela.pt\/api\/wp\/v2\/posts\/435141","targetHints":{"allow":["GET"]}}],"collection":[{"href":"https:\/\/portaltela.pt\/api\/wp\/v2\/posts"}],"about":[{"href":"https:\/\/portaltela.pt\/api\/wp\/v2\/types\/post"}],"author":[{"embeddable":true,"href":"https:\/\/portaltela.pt\/api\/wp\/v2\/users\/2"}],"replies":[{"embeddable":true,"href":"https:\/\/portaltela.pt\/api\/wp\/v2\/comments?post=435141"}],"version-history":[{"count":0,"href":"https:\/\/portaltela.pt\/api\/wp\/v2\/posts\/435141\/revisions"}],"wp:featuredmedia":[{"embeddable":true,"href":"https:\/\/portaltela.pt\/api\/wp\/v2\/media\/435147"}],"wp:attachment":[{"href":"https:\/\/portaltela.pt\/api\/wp\/v2\/media?parent=435141"}],"wp:term":[{"taxonomy":"category","embeddable":true,"href":"https:\/\/portaltela.pt\/api\/wp\/v2\/categories?post=435141"},{"taxonomy":"post_tag","embeddable":true,"href":"https:\/\/portaltela.pt\/api\/wp\/v2\/tags?post=435141"}],"curies":[{"name":"wp","href":"https:\/\/api.w.org\/{rel}","templated":true}]}}