{"id":435139,"date":"2026-04-07T07:32:16","date_gmt":"2026-04-07T10:32:16","guid":{"rendered":"https:\/\/portaltela.pt\/noticias\/2026\/04\/07\/colera-em-mocambique-mais-de-8-3-mil-casos-sem-mortes-ha-um-mes\/"},"modified":"2026-04-07T07:32:16","modified_gmt":"2026-04-07T10:32:16","slug":"colera-em-mocambique-mais-de-8-3-mil-casos-sem-mortes-ha-um-mes","status":"publish","type":"post","link":"https:\/\/portaltela.pt\/saude\/2026\/04\/07\/colera-em-mocambique-mais-de-8-3-mil-casos-sem-mortes-ha-um-mes\/","title":{"rendered":"C\u00f3lera em Mo\u00e7ambique: mais de 8.3 mil casos sem mortes h\u00e1 um m\u00eas"},"content":{"rendered":"<p>Mo\u00e7ambique regista mais de 8.300 casos de c\u00f3lera na atual epidemia, com 83 \u00f3bitos desde o in\u00edcio do surto, embora n\u00e3o haja registo de mortes no \u00faltimo m\u00eas. Os dados s\u00e3o da Dire\u00e7\u00e3o Nacional de Sa\u00fade P\u00fablica (DNSP) e referem-se a 3 de setembro a 4 de abril.<\/p>\n<p>Do total de casos, a maior parte concentra-se na prov\u00edncia de Nampula, com 3.696 infec\u00e7\u00f5es e 39 mortes. Em Tete verificam-se 2.815 casos e 32 \u00f3bitos, e em Cabo Delgado h\u00e1 1.071 casos com oito mortes. Registos adicionais aparecem na Zamb\u00e9zia, Manica, Sofala, Maputo (cidade e prov\u00edncia) e Gaza.<\/p>\n<p>Entre o final de fevereiro e o in\u00edcio de mar\u00e7o, houve per\u00edodos com mais de 100 novos casos di\u00e1rios, mas os n\u00fameros t\u00eam vindo a cair nas semanas seguintes. A taxa de letalidade geral permanece em 1%, com 42 pessoas internadas no momento do relat\u00f3rio.<\/p>\n<h3>Vacina\u00e7\u00e3o de segunda dose<\/h3>\n<p>O Governo anunciou a realiza\u00e7\u00e3o de uma segunda dose de vacina contra a c\u00f3lera para 3,5 milh\u00f5es de pessoas, em nove distritos, at\u00e9 9 de abril. A iniciativa, que abrange Beira e Morrumbala, Moatize, Tete, Nampula e Cabo Delgado, visa conter o surto nas \u00e1reas com registos recentes. O an\u00fancio foi feito pelo porta-voz do Conselho de Ministros, Inoc\u00eancio Impissa, ap\u00f3s a sess\u00e3o em Maputo.<\/p>\n","protected":false},"excerpt":{"rendered":"<ul>\n<li>Mo\u00e7ambique regista mais de oito mil casos de c\u00f3lera na atual epidemia, com 83 mortos, mas nenhum \u00f3bito no \u00faltimo m\u00eas; dados de 3 de setembro a 4 de abril indicam 8.369 casos e 60 mortes neste per\u00edodo.<\/li>\n<li>As maiores concentra\u00e7\u00f5es est\u00e3o em Nampula (3.696 casos; 39 mortes) e Tete (2.815 casos; 32 mortes); Cabo Delgado soma 1.071 casos e oito mortes.<\/li>\n<li>H\u00e1 registos adicionais em Zamb\u00e9zia (136 casos, 1 morto), Manica (153 casos, 2 mortos), Sofala (495 casos, 1 morto) e em Maputo (2 casos entre cidade e prov\u00edncia) mais um caso em Gaza.<\/li>\n<li>Nas \u00faltimas 24 horas, foram confirmados 22 novos casos; a taxa de letalidade global permanece em um por cento e h\u00e1 42 internamentos, sem \u00f3bitos h\u00e1 quase um m\u00eas.<\/li>\n<li>O Governo anuncia segunda dose da vacina contra a c\u00f3lera para cerca de 3,5 milh\u00f5es de pessoas em nove distritos at\u00e9 9 de abril, abrangendo Beira, Morrumbala, Moatize, Tete, Nacala Porto, Er\u00e1ti, Monapo, Pemba e Metuge.<\/li>\n<\/ul>\n","protected":false},"author":2,"featured_media":435145,"comment_status":"closed","ping_status":"closed","sticky":false,"template":"","format":"standard","meta":{"footnotes":""},"categories":[1,6745],"tags":[5227,6483,5928,172,271,3949],"class_list":["post-435139","post","type-post","status-publish","format-standard","has-post-thumbnail","hentry","category-noticias","category-saude","tag-africa","tag-doencas-infecciosas-e-parasitarias","tag-emergencia","tag-saude","tag-saude-publica","tag-vacinacoes"],"yoast_head":"<!-- This site is optimized with the Yoast SEO plugin v27.2 - https:\/\/yoast.com\/product\/yoast-seo-wordpress\/ -->\n<title>C\u00f3lera em Mo\u00e7ambique: mais de 8.3 mil casos sem mortes h\u00e1 um m\u00eas - Portal Tela Portugal<\/title>\n<meta name=\"robots\" content=\"index, follow, max-snippet:-1, max-image-preview:large, max-video-preview:-1\" \/>\n<meta property=\"og:locale\" content=\"pt_PT\" \/>\n<meta property=\"og:type\" content=\"article\" \/>\n<meta property=\"og:title\" content=\"C\u00f3lera em Mo\u00e7ambique: mais de 8.3 mil casos sem mortes h\u00e1 um m\u00eas - Portal Tela Portugal\" \/>\n<meta property=\"og:description\" content=\"Mo\u00e7ambique regista mais de oito mil casos de c\u00f3lera na atual epidemia, com 83 mortos, mas nenhum \u00f3bito no \u00faltimo m\u00eas; dados de 3 de setembro a 4 de abril indicam 8.369 casos e 60 mortes neste per\u00edodo. As maiores concentra\u00e7\u00f5es est\u00e3o em Nampula (3.696 casos; 39 mortes) e Tete (2.815 casos; 32 mortes); Cabo Delgado soma 1.071 casos e oito mortes. H\u00e1 registos adicionais em Zamb\u00e9zia (136 casos, 1 morto), Manica (153 casos, 2 mortos), Sofala (495 casos, 1 morto) e em Maputo (2 casos entre cidade e prov\u00edncia) mais um caso em Gaza. Nas \u00faltimas 24 horas, foram confirmados 22 novos casos; a taxa de letalidade global permanece em um por cento e h\u00e1 42 internamentos, sem \u00f3bitos h\u00e1 quase um m\u00eas. O Governo anuncia segunda dose da vacina contra a c\u00f3lera para cerca de 3,5 milh\u00f5es de pessoas em nove distritos at\u00e9 9 de abril, abrangendo Beira, Morrumbala, Moatize, Tete, Nacala Porto, Er\u00e1ti, Monapo, Pemba e Metuge.\" \/>\n<meta property=\"og:url\" content=\"https:\/\/portaltela.pt\/noticias\/2026\/04\/07\/colera-em-mocambique-mais-de-8-3-mil-casos-sem-mortes-ha-um-mes\/\" \/>\n<meta property=\"og:site_name\" content=\"Portal Tela Portugal\" \/>\n<meta property=\"article:published_time\" content=\"2026-04-07T10:32:16+00:00\" \/>\n<meta name=\"author\" content=\"Telinha\" \/>\n<meta name=\"twitter:card\" content=\"summary_large_image\" \/>\n<meta name=\"twitter:label1\" content=\"Escrito por\" \/>\n\t<meta name=\"twitter:data1\" content=\"Telinha\" \/>\n\t<meta name=\"twitter:label2\" content=\"Tempo estimado de leitura\" \/>\n\t<meta name=\"twitter:data2\" content=\"1 minuto\" \/>\n<script type=\"application\/ld+json\" class=\"yoast-schema-graph\">{\"@context\":\"https:\/\/schema.org\",\"@graph\":[{\"@type\":\"Article\",\"@id\":\"https:\/\/portaltela.pt\/noticias\/2026\/04\/07\/colera-em-mocambique-mais-de-8-3-mil-casos-sem-mortes-ha-um-mes\/#article\",\"isPartOf\":{\"@id\":\"https:\/\/portaltela.pt\/noticias\/2026\/04\/07\/colera-em-mocambique-mais-de-8-3-mil-casos-sem-mortes-ha-um-mes\/\"},\"author\":{\"name\":\"Telinha\",\"@id\":\"https:\/\/portaltela.pt\/#\/schema\/person\/c4278d4a6028830caff9ee44b42d32ed\"},\"headline\":\"C\u00f3lera em Mo\u00e7ambique: mais de 8.3 mil casos sem mortes h\u00e1 um m\u00eas\",\"datePublished\":\"2026-04-07T10:32:16+00:00\",\"mainEntityOfPage\":{\"@id\":\"https:\/\/portaltela.pt\/noticias\/2026\/04\/07\/colera-em-mocambique-mais-de-8-3-mil-casos-sem-mortes-ha-um-mes\/\"},\"wordCount\":240,\"image\":{\"@id\":\"https:\/\/portaltela.pt\/noticias\/2026\/04\/07\/colera-em-mocambique-mais-de-8-3-mil-casos-sem-mortes-ha-um-mes\/#primaryimage\"},\"thumbnailUrl\":\"https:\/\/portaltela.pt\/s.01k8rhncp4jt1\/2026\/04\/img_1500x1000uu2024-12-03-17-56-46-2180896.jpg\",\"keywords\":[\"\u00c1frica\",\"Doen\u00e7as infecciosas e parasit\u00e1rias\",\"emerg\u00eancia\",\"sa\u00fade\",\"sa\u00fade p\u00fablica\",\"vacina\u00e7\u00f5es\"],\"articleSection\":[\"Not\u00edcias\",\"Sa\u00fade\"],\"inLanguage\":\"pt-PT\"},{\"@type\":\"WebPage\",\"@id\":\"https:\/\/portaltela.pt\/noticias\/2026\/04\/07\/colera-em-mocambique-mais-de-8-3-mil-casos-sem-mortes-ha-um-mes\/\",\"url\":\"https:\/\/portaltela.pt\/noticias\/2026\/04\/07\/colera-em-mocambique-mais-de-8-3-mil-casos-sem-mortes-ha-um-mes\/\",\"name\":\"C\u00f3lera em Mo\u00e7ambique: mais de 8.3 mil casos sem mortes h\u00e1 um m\u00eas - Portal Tela Portugal\",\"isPartOf\":{\"@id\":\"https:\/\/portaltela.pt\/#website\"},\"primaryImageOfPage\":{\"@id\":\"https:\/\/portaltela.pt\/noticias\/2026\/04\/07\/colera-em-mocambique-mais-de-8-3-mil-casos-sem-mortes-ha-um-mes\/#primaryimage\"},\"image\":{\"@id\":\"https:\/\/portaltela.pt\/noticias\/2026\/04\/07\/colera-em-mocambique-mais-de-8-3-mil-casos-sem-mortes-ha-um-mes\/#primaryimage\"},\"thumbnailUrl\":\"https:\/\/portaltela.pt\/s.01k8rhncp4jt1\/2026\/04\/img_1500x1000uu2024-12-03-17-56-46-2180896.jpg\",\"datePublished\":\"2026-04-07T10:32:16+00:00\",\"author\":{\"@id\":\"https:\/\/portaltela.pt\/#\/schema\/person\/c4278d4a6028830caff9ee44b42d32ed\"},\"breadcrumb\":{\"@id\":\"https:\/\/portaltela.pt\/noticias\/2026\/04\/07\/colera-em-mocambique-mais-de-8-3-mil-casos-sem-mortes-ha-um-mes\/#breadcrumb\"},\"inLanguage\":\"pt-PT\",\"potentialAction\":[{\"@type\":\"ReadAction\",\"target\":[\"https:\/\/portaltela.pt\/noticias\/2026\/04\/07\/colera-em-mocambique-mais-de-8-3-mil-casos-sem-mortes-ha-um-mes\/\"]}]},{\"@type\":\"ImageObject\",\"inLanguage\":\"pt-PT\",\"@id\":\"https:\/\/portaltela.pt\/noticias\/2026\/04\/07\/colera-em-mocambique-mais-de-8-3-mil-casos-sem-mortes-ha-um-mes\/#primaryimage\",\"url\":\"https:\/\/portaltela.pt\/s.01k8rhncp4jt1\/2026\/04\/img_1500x1000uu2024-12-03-17-56-46-2180896.jpg\",\"contentUrl\":\"https:\/\/portaltela.pt\/s.01k8rhncp4jt1\/2026\/04\/img_1500x1000uu2024-12-03-17-56-46-2180896.jpg\",\"width\":796,\"height\":448,\"caption\":\"Mo\u00e7ambique\"},{\"@type\":\"BreadcrumbList\",\"@id\":\"https:\/\/portaltela.pt\/noticias\/2026\/04\/07\/colera-em-mocambique-mais-de-8-3-mil-casos-sem-mortes-ha-um-mes\/#breadcrumb\",\"itemListElement\":[{\"@type\":\"ListItem\",\"position\":1,\"name\":\"In\u00edcio\",\"item\":\"https:\/\/portaltela.pt\/\"},{\"@type\":\"ListItem\",\"position\":2,\"name\":\"C\u00f3lera em Mo\u00e7ambique: mais de 8.3 mil casos sem mortes h\u00e1 um m\u00eas\"}]},{\"@type\":\"WebSite\",\"@id\":\"https:\/\/portaltela.pt\/#website\",\"url\":\"https:\/\/portaltela.pt\/\",\"name\":\"Portal Tela Portugal\",\"description\":\"\",\"potentialAction\":[{\"@type\":\"SearchAction\",\"target\":{\"@type\":\"EntryPoint\",\"urlTemplate\":\"https:\/\/portaltela.pt\/?s={search_term_string}\"},\"query-input\":{\"@type\":\"PropertyValueSpecification\",\"valueRequired\":true,\"valueName\":\"search_term_string\"}}],\"inLanguage\":\"pt-PT\"},{\"@type\":\"Person\",\"@id\":\"https:\/\/portaltela.pt\/#\/schema\/person\/c4278d4a6028830caff9ee44b42d32ed\",\"name\":\"Telinha\",\"image\":{\"@type\":\"ImageObject\",\"inLanguage\":\"pt-PT\",\"@id\":\"https:\/\/portaltela.pt\/s.01k8rhncp4jt1\/2025\/11\/talking-bot-125x125.png\",\"url\":\"https:\/\/portaltela.pt\/s.01k8rhncp4jt1\/2025\/11\/talking-bot-125x125.png\",\"contentUrl\":\"https:\/\/portaltela.pt\/s.01k8rhncp4jt1\/2025\/11\/talking-bot-125x125.png\",\"caption\":\"Telinha\"},\"sameAs\":[\"https:\/\/portaltela.pt\/\"],\"url\":\"https:\/\/portaltela.pt\/por\/367410592786\/\"}]}<\/script>\n<!-- \/ Yoast SEO plugin. -->","yoast_head_json":{"title":"C\u00f3lera em Mo\u00e7ambique: mais de 8.3 mil casos sem mortes h\u00e1 um m\u00eas - Portal Tela Portugal","robots":{"index":"index","follow":"follow","max-snippet":"max-snippet:-1","max-image-preview":"max-image-preview:large","max-video-preview":"max-video-preview:-1"},"og_locale":"pt_PT","og_type":"article","og_title":"C\u00f3lera em Mo\u00e7ambique: mais de 8.3 mil casos sem mortes h\u00e1 um m\u00eas - Portal Tela Portugal","og_description":"Mo\u00e7ambique regista mais de oito mil casos de c\u00f3lera na atual epidemia, com 83 mortos, mas nenhum \u00f3bito no \u00faltimo m\u00eas; dados de 3 de setembro a 4 de abril indicam 8.369 casos e 60 mortes neste per\u00edodo. As maiores concentra\u00e7\u00f5es est\u00e3o em Nampula (3.696 casos; 39 mortes) e Tete (2.815 casos; 32 mortes); Cabo Delgado soma 1.071 casos e oito mortes. H\u00e1 registos adicionais em Zamb\u00e9zia (136 casos, 1 morto), Manica (153 casos, 2 mortos), Sofala (495 casos, 1 morto) e em Maputo (2 casos entre cidade e prov\u00edncia) mais um caso em Gaza. Nas \u00faltimas 24 horas, foram confirmados 22 novos casos; a taxa de letalidade global permanece em um por cento e h\u00e1 42 internamentos, sem \u00f3bitos h\u00e1 quase um m\u00eas. O Governo anuncia segunda dose da vacina contra a c\u00f3lera para cerca de 3,5 milh\u00f5es de pessoas em nove distritos at\u00e9 9 de abril, abrangendo Beira, Morrumbala, Moatize, Tete, Nacala Porto, Er\u00e1ti, Monapo, Pemba e Metuge.","og_url":"https:\/\/portaltela.pt\/noticias\/2026\/04\/07\/colera-em-mocambique-mais-de-8-3-mil-casos-sem-mortes-ha-um-mes\/","og_site_name":"Portal Tela Portugal","article_published_time":"2026-04-07T10:32:16+00:00","author":"Telinha","twitter_card":"summary_large_image","twitter_misc":{"Escrito por":"Telinha","Tempo estimado de leitura":"1 minuto"},"schema":{"@context":"https:\/\/schema.org","@graph":[{"@type":"Article","@id":"https:\/\/portaltela.pt\/noticias\/2026\/04\/07\/colera-em-mocambique-mais-de-8-3-mil-casos-sem-mortes-ha-um-mes\/#article","isPartOf":{"@id":"https:\/\/portaltela.pt\/noticias\/2026\/04\/07\/colera-em-mocambique-mais-de-8-3-mil-casos-sem-mortes-ha-um-mes\/"},"author":{"name":"Telinha","@id":"https:\/\/portaltela.pt\/#\/schema\/person\/c4278d4a6028830caff9ee44b42d32ed"},"headline":"C\u00f3lera em Mo\u00e7ambique: mais de 8.3 mil casos sem mortes h\u00e1 um m\u00eas","datePublished":"2026-04-07T10:32:16+00:00","mainEntityOfPage":{"@id":"https:\/\/portaltela.pt\/noticias\/2026\/04\/07\/colera-em-mocambique-mais-de-8-3-mil-casos-sem-mortes-ha-um-mes\/"},"wordCount":240,"image":{"@id":"https:\/\/portaltela.pt\/noticias\/2026\/04\/07\/colera-em-mocambique-mais-de-8-3-mil-casos-sem-mortes-ha-um-mes\/#primaryimage"},"thumbnailUrl":"https:\/\/portaltela.pt\/s.01k8rhncp4jt1\/2026\/04\/img_1500x1000uu2024-12-03-17-56-46-2180896.jpg","keywords":["\u00c1frica","Doen\u00e7as infecciosas e parasit\u00e1rias","emerg\u00eancia","sa\u00fade","sa\u00fade p\u00fablica","vacina\u00e7\u00f5es"],"articleSection":["Not\u00edcias","Sa\u00fade"],"inLanguage":"pt-PT"},{"@type":"WebPage","@id":"https:\/\/portaltela.pt\/noticias\/2026\/04\/07\/colera-em-mocambique-mais-de-8-3-mil-casos-sem-mortes-ha-um-mes\/","url":"https:\/\/portaltela.pt\/noticias\/2026\/04\/07\/colera-em-mocambique-mais-de-8-3-mil-casos-sem-mortes-ha-um-mes\/","name":"C\u00f3lera em Mo\u00e7ambique: mais de 8.3 mil casos sem mortes h\u00e1 um m\u00eas - Portal Tela Portugal","isPartOf":{"@id":"https:\/\/portaltela.pt\/#website"},"primaryImageOfPage":{"@id":"https:\/\/portaltela.pt\/noticias\/2026\/04\/07\/colera-em-mocambique-mais-de-8-3-mil-casos-sem-mortes-ha-um-mes\/#primaryimage"},"image":{"@id":"https:\/\/portaltela.pt\/noticias\/2026\/04\/07\/colera-em-mocambique-mais-de-8-3-mil-casos-sem-mortes-ha-um-mes\/#primaryimage"},"thumbnailUrl":"https:\/\/portaltela.pt\/s.01k8rhncp4jt1\/2026\/04\/img_1500x1000uu2024-12-03-17-56-46-2180896.jpg","datePublished":"2026-04-07T10:32:16+00:00","author":{"@id":"https:\/\/portaltela.pt\/#\/schema\/person\/c4278d4a6028830caff9ee44b42d32ed"},"breadcrumb":{"@id":"https:\/\/portaltela.pt\/noticias\/2026\/04\/07\/colera-em-mocambique-mais-de-8-3-mil-casos-sem-mortes-ha-um-mes\/#breadcrumb"},"inLanguage":"pt-PT","potentialAction":[{"@type":"ReadAction","target":["https:\/\/portaltela.pt\/noticias\/2026\/04\/07\/colera-em-mocambique-mais-de-8-3-mil-casos-sem-mortes-ha-um-mes\/"]}]},{"@type":"ImageObject","inLanguage":"pt-PT","@id":"https:\/\/portaltela.pt\/noticias\/2026\/04\/07\/colera-em-mocambique-mais-de-8-3-mil-casos-sem-mortes-ha-um-mes\/#primaryimage","url":"https:\/\/portaltela.pt\/s.01k8rhncp4jt1\/2026\/04\/img_1500x1000uu2024-12-03-17-56-46-2180896.jpg","contentUrl":"https:\/\/portaltela.pt\/s.01k8rhncp4jt1\/2026\/04\/img_1500x1000uu2024-12-03-17-56-46-2180896.jpg","width":796,"height":448,"caption":"Mo\u00e7ambique"},{"@type":"BreadcrumbList","@id":"https:\/\/portaltela.pt\/noticias\/2026\/04\/07\/colera-em-mocambique-mais-de-8-3-mil-casos-sem-mortes-ha-um-mes\/#breadcrumb","itemListElement":[{"@type":"ListItem","position":1,"name":"In\u00edcio","item":"https:\/\/portaltela.pt\/"},{"@type":"ListItem","position":2,"name":"C\u00f3lera em Mo\u00e7ambique: mais de 8.3 mil casos sem mortes h\u00e1 um m\u00eas"}]},{"@type":"WebSite","@id":"https:\/\/portaltela.pt\/#website","url":"https:\/\/portaltela.pt\/","name":"Portal Tela Portugal","description":"","potentialAction":[{"@type":"SearchAction","target":{"@type":"EntryPoint","urlTemplate":"https:\/\/portaltela.pt\/?s={search_term_string}"},"query-input":{"@type":"PropertyValueSpecification","valueRequired":true,"valueName":"search_term_string"}}],"inLanguage":"pt-PT"},{"@type":"Person","@id":"https:\/\/portaltela.pt\/#\/schema\/person\/c4278d4a6028830caff9ee44b42d32ed","name":"Telinha","image":{"@type":"ImageObject","inLanguage":"pt-PT","@id":"https:\/\/portaltela.pt\/s.01k8rhncp4jt1\/2025\/11\/talking-bot-125x125.png","url":"https:\/\/portaltela.pt\/s.01k8rhncp4jt1\/2025\/11\/talking-bot-125x125.png","contentUrl":"https:\/\/portaltela.pt\/s.01k8rhncp4jt1\/2025\/11\/talking-bot-125x125.png","caption":"Telinha"},"sameAs":["https:\/\/portaltela.pt\/"],"url":"https:\/\/portaltela.pt\/por\/367410592786\/"}]}},"_links":{"self":[{"href":"https:\/\/portaltela.pt\/api\/wp\/v2\/posts\/435139","targetHints":{"allow":["GET"]}}],"collection":[{"href":"https:\/\/portaltela.pt\/api\/wp\/v2\/posts"}],"about":[{"href":"https:\/\/portaltela.pt\/api\/wp\/v2\/types\/post"}],"author":[{"embeddable":true,"href":"https:\/\/portaltela.pt\/api\/wp\/v2\/users\/2"}],"replies":[{"embeddable":true,"href":"https:\/\/portaltela.pt\/api\/wp\/v2\/comments?post=435139"}],"version-history":[{"count":0,"href":"https:\/\/portaltela.pt\/api\/wp\/v2\/posts\/435139\/revisions"}],"wp:featuredmedia":[{"embeddable":true,"href":"https:\/\/portaltela.pt\/api\/wp\/v2\/media\/435145"}],"wp:attachment":[{"href":"https:\/\/portaltela.pt\/api\/wp\/v2\/media?parent=435139"}],"wp:term":[{"taxonomy":"category","embeddable":true,"href":"https:\/\/portaltela.pt\/api\/wp\/v2\/categories?post=435139"},{"taxonomy":"post_tag","embeddable":true,"href":"https:\/\/portaltela.pt\/api\/wp\/v2\/tags?post=435139"}],"curies":[{"name":"wp","href":"https:\/\/api.w.org\/{rel}","templated":true}]}}