{"id":435129,"date":"2026-04-07T07:32:07","date_gmt":"2026-04-07T10:32:07","guid":{"rendered":"https:\/\/portaltela.pt\/noticias\/2026\/04\/07\/joao-soares-afirma-que-a-familia-do-jovem-morto-em-jogo-de-futebol-e-pacifica\/"},"modified":"2026-04-07T07:32:07","modified_gmt":"2026-04-07T10:32:07","slug":"joao-soares-afirma-que-a-familia-do-jovem-morto-em-jogo-de-futebol-e-pacifica","status":"publish","type":"post","link":"https:\/\/portaltela.pt\/justica\/2026\/04\/07\/joao-soares-afirma-que-a-familia-do-jovem-morto-em-jogo-de-futebol-e-pacifica\/","title":{"rendered":"Jo\u00e3o Soares afirma que a fam\u00edlia do jovem morto em jogo de futebol \u00e9 pac\u00edfica"},"content":{"rendered":"<p>Foi realizada nesta segunda-feira uma homenagem a Adeel Mohammad, o jovem que morreu ap\u00f3s ser atacado com uma foice durante um jogo de futebol em Almada. A cerim\u00f3nia serviu para homenagear a v\u00edtima.<\/p>\n<p>Segundo informa\u00e7\u00f5es, Jo\u00e3o Soares assegurou que a fam\u00edlia do jovem se mant\u00e9m pac\u00edfica. A declara\u00e7\u00e3o foi partilhada no seguimento dos acontecimentos que levaram ao ataque durante o encontro desportivo.<\/p>\n<p>O incidente ocorreu em Almada, durante um jogo de futebol, resultando na morte de Adeel Mohammad. A homenagem teve como objetivo prestar apoio \u00e0 fam\u00edlia e recordar o jovem de forma respeitosa.<\/p>\n","protected":false},"excerpt":{"rendered":"<ul>\n<li>Realizou-se esta segunda-feira uma homenagem a Adeel Mohammad, o jovem que morreu ap\u00f3s ser atacado com uma foice durante um jogo de futebol em Almada.<\/li>\n<li>Jo\u00e3o Soares afirmou que a fam\u00edlia do jovem \u00e9 pac\u00edfica.<\/li>\n<li>O incidente aconteceu durante uma partida de futebol no concelho de Almada, resultando na morte de Adeel Mohammad.<\/li>\n<li>O evento destacou-se pela leitura de mensagens de solidariedade e pela presen\u00e7a de membros da comunidade local.<\/li>\n<\/ul>\n","protected":false},"author":2,"featured_media":435132,"comment_status":"closed","ping_status":"closed","sticky":false,"template":"","format":"standard","meta":{"footnotes":""},"categories":[6907,6815],"tags":[1373,5267,147,32,6429,939],"class_list":["post-435129","post","type-post","status-publish","format-standard","has-post-thumbnail","hentry","category-crime","category-justica","tag-almada","tag-ataques","tag-crime","tag-futebol","tag-mortes","tag-violencia"],"yoast_head":"<!-- This site is optimized with the Yoast SEO plugin v27.2 - https:\/\/yoast.com\/product\/yoast-seo-wordpress\/ -->\n<title>Jo\u00e3o Soares afirma que a fam\u00edlia do jovem morto em jogo de futebol \u00e9 pac\u00edfica - Portal Tela Portugal<\/title>\n<meta name=\"robots\" content=\"index, follow, max-snippet:-1, max-image-preview:large, max-video-preview:-1\" \/>\n<meta property=\"og:locale\" content=\"pt_PT\" \/>\n<meta property=\"og:type\" content=\"article\" \/>\n<meta property=\"og:title\" content=\"Jo\u00e3o Soares afirma que a fam\u00edlia do jovem morto em jogo de futebol \u00e9 pac\u00edfica - Portal Tela Portugal\" \/>\n<meta property=\"og:description\" content=\"Realizou-se esta segunda-feira uma homenagem a Adeel Mohammad, o jovem que morreu ap\u00f3s ser atacado com uma foice durante um jogo de futebol em Almada. Jo\u00e3o Soares afirmou que a fam\u00edlia do jovem \u00e9 pac\u00edfica. O incidente aconteceu durante uma partida de futebol no concelho de Almada, resultando na morte de Adeel Mohammad. O evento destacou-se pela leitura de mensagens de solidariedade e pela presen\u00e7a de membros da comunidade local.\" \/>\n<meta property=\"og:url\" content=\"https:\/\/portaltela.pt\/noticias\/2026\/04\/07\/joao-soares-afirma-que-a-familia-do-jovem-morto-em-jogo-de-futebol-e-pacifica\/\" \/>\n<meta property=\"og:site_name\" content=\"Portal Tela Portugal\" \/>\n<meta property=\"article:published_time\" content=\"2026-04-07T10:32:07+00:00\" \/>\n<meta name=\"author\" content=\"Telinha\" \/>\n<meta name=\"twitter:card\" content=\"summary_large_image\" \/>\n<meta name=\"twitter:label1\" content=\"Escrito por\" \/>\n\t<meta name=\"twitter:data1\" content=\"Telinha\" \/>\n\t<meta name=\"twitter:label2\" content=\"Tempo estimado de leitura\" \/>\n\t<meta name=\"twitter:data2\" content=\"1 minuto\" \/>\n<script type=\"application\/ld+json\" class=\"yoast-schema-graph\">{\"@context\":\"https:\/\/schema.org\",\"@graph\":[{\"@type\":\"Article\",\"@id\":\"https:\/\/portaltela.pt\/noticias\/2026\/04\/07\/joao-soares-afirma-que-a-familia-do-jovem-morto-em-jogo-de-futebol-e-pacifica\/#article\",\"isPartOf\":{\"@id\":\"https:\/\/portaltela.pt\/noticias\/2026\/04\/07\/joao-soares-afirma-que-a-familia-do-jovem-morto-em-jogo-de-futebol-e-pacifica\/\"},\"author\":{\"name\":\"Telinha\",\"@id\":\"https:\/\/portaltela.pt\/#\/schema\/person\/c4278d4a6028830caff9ee44b42d32ed\"},\"headline\":\"Jo\u00e3o Soares afirma que a fam\u00edlia do jovem morto em jogo de futebol \u00e9 pac\u00edfica\",\"datePublished\":\"2026-04-07T10:32:07+00:00\",\"mainEntityOfPage\":{\"@id\":\"https:\/\/portaltela.pt\/noticias\/2026\/04\/07\/joao-soares-afirma-que-a-familia-do-jovem-morto-em-jogo-de-futebol-e-pacifica\/\"},\"wordCount\":120,\"image\":{\"@id\":\"https:\/\/portaltela.pt\/noticias\/2026\/04\/07\/joao-soares-afirma-que-a-familia-do-jovem-morto-em-jogo-de-futebol-e-pacifica\/#primaryimage\"},\"thumbnailUrl\":\"https:\/\/portaltela.pt\/s.01k8rhncp4jt1\/2026\/04\/img_1280x722uu2026-04-07-11-27-00-2277007.jpg\",\"keywords\":[\"Almada\",\"ataques\",\"crime\",\"futebol\",\"mortes\",\"viol\u00eancia\"],\"articleSection\":[\"Crime\",\"Justi\u00e7a\"],\"inLanguage\":\"pt-PT\"},{\"@type\":\"WebPage\",\"@id\":\"https:\/\/portaltela.pt\/noticias\/2026\/04\/07\/joao-soares-afirma-que-a-familia-do-jovem-morto-em-jogo-de-futebol-e-pacifica\/\",\"url\":\"https:\/\/portaltela.pt\/noticias\/2026\/04\/07\/joao-soares-afirma-que-a-familia-do-jovem-morto-em-jogo-de-futebol-e-pacifica\/\",\"name\":\"Jo\u00e3o Soares afirma que a fam\u00edlia do jovem morto em jogo de futebol \u00e9 pac\u00edfica - Portal Tela Portugal\",\"isPartOf\":{\"@id\":\"https:\/\/portaltela.pt\/#website\"},\"primaryImageOfPage\":{\"@id\":\"https:\/\/portaltela.pt\/noticias\/2026\/04\/07\/joao-soares-afirma-que-a-familia-do-jovem-morto-em-jogo-de-futebol-e-pacifica\/#primaryimage\"},\"image\":{\"@id\":\"https:\/\/portaltela.pt\/noticias\/2026\/04\/07\/joao-soares-afirma-que-a-familia-do-jovem-morto-em-jogo-de-futebol-e-pacifica\/#primaryimage\"},\"thumbnailUrl\":\"https:\/\/portaltela.pt\/s.01k8rhncp4jt1\/2026\/04\/img_1280x722uu2026-04-07-11-27-00-2277007.jpg\",\"datePublished\":\"2026-04-07T10:32:07+00:00\",\"author\":{\"@id\":\"https:\/\/portaltela.pt\/#\/schema\/person\/c4278d4a6028830caff9ee44b42d32ed\"},\"breadcrumb\":{\"@id\":\"https:\/\/portaltela.pt\/noticias\/2026\/04\/07\/joao-soares-afirma-que-a-familia-do-jovem-morto-em-jogo-de-futebol-e-pacifica\/#breadcrumb\"},\"inLanguage\":\"pt-PT\",\"potentialAction\":[{\"@type\":\"ReadAction\",\"target\":[\"https:\/\/portaltela.pt\/noticias\/2026\/04\/07\/joao-soares-afirma-que-a-familia-do-jovem-morto-em-jogo-de-futebol-e-pacifica\/\"]}]},{\"@type\":\"ImageObject\",\"inLanguage\":\"pt-PT\",\"@id\":\"https:\/\/portaltela.pt\/noticias\/2026\/04\/07\/joao-soares-afirma-que-a-familia-do-jovem-morto-em-jogo-de-futebol-e-pacifica\/#primaryimage\",\"url\":\"https:\/\/portaltela.pt\/s.01k8rhncp4jt1\/2026\/04\/img_1280x722uu2026-04-07-11-27-00-2277007.jpg\",\"contentUrl\":\"https:\/\/portaltela.pt\/s.01k8rhncp4jt1\/2026\/04\/img_1280x722uu2026-04-07-11-27-00-2277007.jpg\",\"width\":1280,\"height\":722,\"caption\":\"Photo\"},{\"@type\":\"BreadcrumbList\",\"@id\":\"https:\/\/portaltela.pt\/noticias\/2026\/04\/07\/joao-soares-afirma-que-a-familia-do-jovem-morto-em-jogo-de-futebol-e-pacifica\/#breadcrumb\",\"itemListElement\":[{\"@type\":\"ListItem\",\"position\":1,\"name\":\"In\u00edcio\",\"item\":\"https:\/\/portaltela.pt\/\"},{\"@type\":\"ListItem\",\"position\":2,\"name\":\"Jo\u00e3o Soares afirma que a fam\u00edlia do jovem morto em jogo de futebol \u00e9 pac\u00edfica\"}]},{\"@type\":\"WebSite\",\"@id\":\"https:\/\/portaltela.pt\/#website\",\"url\":\"https:\/\/portaltela.pt\/\",\"name\":\"Portal Tela Portugal\",\"description\":\"\",\"potentialAction\":[{\"@type\":\"SearchAction\",\"target\":{\"@type\":\"EntryPoint\",\"urlTemplate\":\"https:\/\/portaltela.pt\/?s={search_term_string}\"},\"query-input\":{\"@type\":\"PropertyValueSpecification\",\"valueRequired\":true,\"valueName\":\"search_term_string\"}}],\"inLanguage\":\"pt-PT\"},{\"@type\":\"Person\",\"@id\":\"https:\/\/portaltela.pt\/#\/schema\/person\/c4278d4a6028830caff9ee44b42d32ed\",\"name\":\"Telinha\",\"image\":{\"@type\":\"ImageObject\",\"inLanguage\":\"pt-PT\",\"@id\":\"https:\/\/portaltela.pt\/s.01k8rhncp4jt1\/2025\/11\/talking-bot-125x125.png\",\"url\":\"https:\/\/portaltela.pt\/s.01k8rhncp4jt1\/2025\/11\/talking-bot-125x125.png\",\"contentUrl\":\"https:\/\/portaltela.pt\/s.01k8rhncp4jt1\/2025\/11\/talking-bot-125x125.png\",\"caption\":\"Telinha\"},\"sameAs\":[\"https:\/\/portaltela.pt\/\"],\"url\":\"https:\/\/portaltela.pt\/por\/367410592786\/\"}]}<\/script>\n<!-- \/ Yoast SEO plugin. -->","yoast_head_json":{"title":"Jo\u00e3o Soares afirma que a fam\u00edlia do jovem morto em jogo de futebol \u00e9 pac\u00edfica - Portal Tela Portugal","robots":{"index":"index","follow":"follow","max-snippet":"max-snippet:-1","max-image-preview":"max-image-preview:large","max-video-preview":"max-video-preview:-1"},"og_locale":"pt_PT","og_type":"article","og_title":"Jo\u00e3o Soares afirma que a fam\u00edlia do jovem morto em jogo de futebol \u00e9 pac\u00edfica - Portal Tela Portugal","og_description":"Realizou-se esta segunda-feira uma homenagem a Adeel Mohammad, o jovem que morreu ap\u00f3s ser atacado com uma foice durante um jogo de futebol em Almada. Jo\u00e3o Soares afirmou que a fam\u00edlia do jovem \u00e9 pac\u00edfica. O incidente aconteceu durante uma partida de futebol no concelho de Almada, resultando na morte de Adeel Mohammad. O evento destacou-se pela leitura de mensagens de solidariedade e pela presen\u00e7a de membros da comunidade local.","og_url":"https:\/\/portaltela.pt\/noticias\/2026\/04\/07\/joao-soares-afirma-que-a-familia-do-jovem-morto-em-jogo-de-futebol-e-pacifica\/","og_site_name":"Portal Tela Portugal","article_published_time":"2026-04-07T10:32:07+00:00","author":"Telinha","twitter_card":"summary_large_image","twitter_misc":{"Escrito por":"Telinha","Tempo estimado de leitura":"1 minuto"},"schema":{"@context":"https:\/\/schema.org","@graph":[{"@type":"Article","@id":"https:\/\/portaltela.pt\/noticias\/2026\/04\/07\/joao-soares-afirma-que-a-familia-do-jovem-morto-em-jogo-de-futebol-e-pacifica\/#article","isPartOf":{"@id":"https:\/\/portaltela.pt\/noticias\/2026\/04\/07\/joao-soares-afirma-que-a-familia-do-jovem-morto-em-jogo-de-futebol-e-pacifica\/"},"author":{"name":"Telinha","@id":"https:\/\/portaltela.pt\/#\/schema\/person\/c4278d4a6028830caff9ee44b42d32ed"},"headline":"Jo\u00e3o Soares afirma que a fam\u00edlia do jovem morto em jogo de futebol \u00e9 pac\u00edfica","datePublished":"2026-04-07T10:32:07+00:00","mainEntityOfPage":{"@id":"https:\/\/portaltela.pt\/noticias\/2026\/04\/07\/joao-soares-afirma-que-a-familia-do-jovem-morto-em-jogo-de-futebol-e-pacifica\/"},"wordCount":120,"image":{"@id":"https:\/\/portaltela.pt\/noticias\/2026\/04\/07\/joao-soares-afirma-que-a-familia-do-jovem-morto-em-jogo-de-futebol-e-pacifica\/#primaryimage"},"thumbnailUrl":"https:\/\/portaltela.pt\/s.01k8rhncp4jt1\/2026\/04\/img_1280x722uu2026-04-07-11-27-00-2277007.jpg","keywords":["Almada","ataques","crime","futebol","mortes","viol\u00eancia"],"articleSection":["Crime","Justi\u00e7a"],"inLanguage":"pt-PT"},{"@type":"WebPage","@id":"https:\/\/portaltela.pt\/noticias\/2026\/04\/07\/joao-soares-afirma-que-a-familia-do-jovem-morto-em-jogo-de-futebol-e-pacifica\/","url":"https:\/\/portaltela.pt\/noticias\/2026\/04\/07\/joao-soares-afirma-que-a-familia-do-jovem-morto-em-jogo-de-futebol-e-pacifica\/","name":"Jo\u00e3o Soares afirma que a fam\u00edlia do jovem morto em jogo de futebol \u00e9 pac\u00edfica - Portal Tela Portugal","isPartOf":{"@id":"https:\/\/portaltela.pt\/#website"},"primaryImageOfPage":{"@id":"https:\/\/portaltela.pt\/noticias\/2026\/04\/07\/joao-soares-afirma-que-a-familia-do-jovem-morto-em-jogo-de-futebol-e-pacifica\/#primaryimage"},"image":{"@id":"https:\/\/portaltela.pt\/noticias\/2026\/04\/07\/joao-soares-afirma-que-a-familia-do-jovem-morto-em-jogo-de-futebol-e-pacifica\/#primaryimage"},"thumbnailUrl":"https:\/\/portaltela.pt\/s.01k8rhncp4jt1\/2026\/04\/img_1280x722uu2026-04-07-11-27-00-2277007.jpg","datePublished":"2026-04-07T10:32:07+00:00","author":{"@id":"https:\/\/portaltela.pt\/#\/schema\/person\/c4278d4a6028830caff9ee44b42d32ed"},"breadcrumb":{"@id":"https:\/\/portaltela.pt\/noticias\/2026\/04\/07\/joao-soares-afirma-que-a-familia-do-jovem-morto-em-jogo-de-futebol-e-pacifica\/#breadcrumb"},"inLanguage":"pt-PT","potentialAction":[{"@type":"ReadAction","target":["https:\/\/portaltela.pt\/noticias\/2026\/04\/07\/joao-soares-afirma-que-a-familia-do-jovem-morto-em-jogo-de-futebol-e-pacifica\/"]}]},{"@type":"ImageObject","inLanguage":"pt-PT","@id":"https:\/\/portaltela.pt\/noticias\/2026\/04\/07\/joao-soares-afirma-que-a-familia-do-jovem-morto-em-jogo-de-futebol-e-pacifica\/#primaryimage","url":"https:\/\/portaltela.pt\/s.01k8rhncp4jt1\/2026\/04\/img_1280x722uu2026-04-07-11-27-00-2277007.jpg","contentUrl":"https:\/\/portaltela.pt\/s.01k8rhncp4jt1\/2026\/04\/img_1280x722uu2026-04-07-11-27-00-2277007.jpg","width":1280,"height":722,"caption":"Photo"},{"@type":"BreadcrumbList","@id":"https:\/\/portaltela.pt\/noticias\/2026\/04\/07\/joao-soares-afirma-que-a-familia-do-jovem-morto-em-jogo-de-futebol-e-pacifica\/#breadcrumb","itemListElement":[{"@type":"ListItem","position":1,"name":"In\u00edcio","item":"https:\/\/portaltela.pt\/"},{"@type":"ListItem","position":2,"name":"Jo\u00e3o Soares afirma que a fam\u00edlia do jovem morto em jogo de futebol \u00e9 pac\u00edfica"}]},{"@type":"WebSite","@id":"https:\/\/portaltela.pt\/#website","url":"https:\/\/portaltela.pt\/","name":"Portal Tela Portugal","description":"","potentialAction":[{"@type":"SearchAction","target":{"@type":"EntryPoint","urlTemplate":"https:\/\/portaltela.pt\/?s={search_term_string}"},"query-input":{"@type":"PropertyValueSpecification","valueRequired":true,"valueName":"search_term_string"}}],"inLanguage":"pt-PT"},{"@type":"Person","@id":"https:\/\/portaltela.pt\/#\/schema\/person\/c4278d4a6028830caff9ee44b42d32ed","name":"Telinha","image":{"@type":"ImageObject","inLanguage":"pt-PT","@id":"https:\/\/portaltela.pt\/s.01k8rhncp4jt1\/2025\/11\/talking-bot-125x125.png","url":"https:\/\/portaltela.pt\/s.01k8rhncp4jt1\/2025\/11\/talking-bot-125x125.png","contentUrl":"https:\/\/portaltela.pt\/s.01k8rhncp4jt1\/2025\/11\/talking-bot-125x125.png","caption":"Telinha"},"sameAs":["https:\/\/portaltela.pt\/"],"url":"https:\/\/portaltela.pt\/por\/367410592786\/"}]}},"_links":{"self":[{"href":"https:\/\/portaltela.pt\/api\/wp\/v2\/posts\/435129","targetHints":{"allow":["GET"]}}],"collection":[{"href":"https:\/\/portaltela.pt\/api\/wp\/v2\/posts"}],"about":[{"href":"https:\/\/portaltela.pt\/api\/wp\/v2\/types\/post"}],"author":[{"embeddable":true,"href":"https:\/\/portaltela.pt\/api\/wp\/v2\/users\/2"}],"replies":[{"embeddable":true,"href":"https:\/\/portaltela.pt\/api\/wp\/v2\/comments?post=435129"}],"version-history":[{"count":0,"href":"https:\/\/portaltela.pt\/api\/wp\/v2\/posts\/435129\/revisions"}],"wp:featuredmedia":[{"embeddable":true,"href":"https:\/\/portaltela.pt\/api\/wp\/v2\/media\/435132"}],"wp:attachment":[{"href":"https:\/\/portaltela.pt\/api\/wp\/v2\/media?parent=435129"}],"wp:term":[{"taxonomy":"category","embeddable":true,"href":"https:\/\/portaltela.pt\/api\/wp\/v2\/categories?post=435129"},{"taxonomy":"post_tag","embeddable":true,"href":"https:\/\/portaltela.pt\/api\/wp\/v2\/tags?post=435129"}],"curies":[{"name":"wp","href":"https:\/\/api.w.org\/{rel}","templated":true}]}}