{"id":435127,"date":"2026-04-07T07:17:12","date_gmt":"2026-04-07T10:17:12","guid":{"rendered":"https:\/\/portaltela.pt\/noticias\/2026\/04\/07\/trump-cumprimenta-astronautas-da-artemis-ii-por-facanha-historica\/"},"modified":"2026-04-07T07:17:12","modified_gmt":"2026-04-07T10:17:12","slug":"trump-cumprimenta-astronautas-da-artemis-ii-por-facanha-historica","status":"publish","type":"post","link":"https:\/\/portaltela.pt\/tecnologia\/2026\/04\/07\/trump-cumprimenta-astronautas-da-artemis-ii-por-facanha-historica\/","title":{"rendered":"Trump cumprimenta astronautas da Artemis II por fa\u00e7anha hist\u00f3rica"},"content":{"rendered":"<p>Nesta segunda-feira, os astronautas da miss\u00e3o Artemis II conclu\u00edram a volta \u00e0 volta da Lua, completando com sucesso o percurso em \u00f3rbita ao redor do nosso sat\u00e9lite. A tripula\u00e7\u00e3o confirmou o retorno \u00e0s fases finais da miss\u00e3o, mantendo o foco na navega\u00e7\u00e3o e no controle de voo.<\/p>\n<p>A equipa envolvida inclui os astronautas a bordo da Artemis II, que assim consolidam o marco hist\u00f3rico de ter viajado mais longe da Terra do que qualquer ser humano at\u00e9 \u00e0 data, ultrapassando o recorde anterior da miss\u00e3o Apollo 13.<\/p>\n<p>No final da etapa orbital, o ex-presidente dos Estados Unidos Donald Trump telefonou para felicitar a equipa pelo feito, destacando o impacto hist\u00f3rico da viagem para a Am\u00e9rica e para a explora\u00e7\u00e3o espacial.<\/p>\n<p>A miss\u00e3o Artemis II serve como etapa de prepara\u00e7\u00e3o para futuras atividades humanas na \u00f3rbita lunar e de explora\u00e7\u00e3o mais ampla no espa\u00e7o. A equipa permanece focalizada nos procedimentos de voo e na avalia\u00e7\u00e3o de dados recolhidos durante o percurso.<\/p>\n","protected":false},"excerpt":{"rendered":"<ul>\n<li>Nesta segunda-feira, os astronautas da miss\u00e3o Artemis II conclu\u00edram a viagem \u00e0 volta da Lua.<\/li>\n<li>Receberam um telefonema de Donald Trump, que os felicitou pelo feito hist\u00f3rico.<\/li>\n<li>O feito consistiu em viajar para mais longe da Terra do que qualquer humano tinha alcan\u00e7ado anteriormente.<\/li>\n<li>A marca foi apresentada como superior ao recorde anteriormente estabelecido pela miss\u00e3o Apollo 13.<\/li>\n<\/ul>\n","protected":false},"author":2,"featured_media":435128,"comment_status":"closed","ping_status":"closed","sticky":false,"template":"","format":"standard","meta":{"footnotes":""},"categories":[6716],"tags":[4558,7087,1992,6232,153],"class_list":["post-435127","post","type-post","status-publish","format-standard","has-post-thumbnail","hentry","category-tecnologia","tag-a-aeronautica","tag-a-astronomia","tag-ciencia","tag-nasa","tag-tecnologia"],"yoast_head":"<!-- This site is optimized with the Yoast SEO plugin v27.2 - https:\/\/yoast.com\/product\/yoast-seo-wordpress\/ -->\n<title>Trump cumprimenta astronautas da Artemis II por fa\u00e7anha hist\u00f3rica - Portal Tela Portugal<\/title>\n<meta name=\"robots\" content=\"index, follow, max-snippet:-1, max-image-preview:large, max-video-preview:-1\" \/>\n<meta property=\"og:locale\" content=\"pt_PT\" \/>\n<meta property=\"og:type\" content=\"article\" \/>\n<meta property=\"og:title\" content=\"Trump cumprimenta astronautas da Artemis II por fa\u00e7anha hist\u00f3rica - Portal Tela Portugal\" \/>\n<meta property=\"og:description\" content=\"Nesta segunda-feira, os astronautas da miss\u00e3o Artemis II conclu\u00edram a viagem \u00e0 volta da Lua. Receberam um telefonema de Donald Trump, que os felicitou pelo feito hist\u00f3rico. O feito consistiu em viajar para mais longe da Terra do que qualquer humano tinha alcan\u00e7ado anteriormente. A marca foi apresentada como superior ao recorde anteriormente estabelecido pela miss\u00e3o Apollo 13.\" \/>\n<meta property=\"og:url\" content=\"https:\/\/portaltela.pt\/noticias\/2026\/04\/07\/trump-cumprimenta-astronautas-da-artemis-ii-por-facanha-historica\/\" \/>\n<meta property=\"og:site_name\" content=\"Portal Tela Portugal\" \/>\n<meta property=\"article:published_time\" content=\"2026-04-07T10:17:12+00:00\" \/>\n<meta name=\"author\" content=\"Telinha\" \/>\n<meta name=\"twitter:card\" content=\"summary_large_image\" \/>\n<meta name=\"twitter:label1\" content=\"Escrito por\" \/>\n\t<meta name=\"twitter:data1\" content=\"Telinha\" \/>\n\t<meta name=\"twitter:label2\" content=\"Tempo estimado de leitura\" \/>\n\t<meta name=\"twitter:data2\" content=\"1 minuto\" \/>\n<script type=\"application\/ld+json\" class=\"yoast-schema-graph\">{\"@context\":\"https:\/\/schema.org\",\"@graph\":[{\"@type\":\"Article\",\"@id\":\"https:\/\/portaltela.pt\/noticias\/2026\/04\/07\/trump-cumprimenta-astronautas-da-artemis-ii-por-facanha-historica\/#article\",\"isPartOf\":{\"@id\":\"https:\/\/portaltela.pt\/noticias\/2026\/04\/07\/trump-cumprimenta-astronautas-da-artemis-ii-por-facanha-historica\/\"},\"author\":{\"name\":\"Telinha\",\"@id\":\"https:\/\/portaltela.pt\/#\/schema\/person\/c4278d4a6028830caff9ee44b42d32ed\"},\"headline\":\"Trump cumprimenta astronautas da Artemis II por fa\u00e7anha hist\u00f3rica\",\"datePublished\":\"2026-04-07T10:17:12+00:00\",\"mainEntityOfPage\":{\"@id\":\"https:\/\/portaltela.pt\/noticias\/2026\/04\/07\/trump-cumprimenta-astronautas-da-artemis-ii-por-facanha-historica\/\"},\"wordCount\":184,\"image\":{\"@id\":\"https:\/\/portaltela.pt\/noticias\/2026\/04\/07\/trump-cumprimenta-astronautas-da-artemis-ii-por-facanha-historica\/#primaryimage\"},\"thumbnailUrl\":\"https:\/\/portaltela.pt\/s.01k8rhncp4jt1\/2026\/04\/img_1200x721uu2026-04-07-11-12-33-2431559.jpg\",\"keywords\":[\"a aeron\u00e1utica\",\"a astronomia\",\"ci\u00eancia\",\"NASA\",\"tecnologia\"],\"articleSection\":[\"Tecnologia\"],\"inLanguage\":\"pt-PT\"},{\"@type\":\"WebPage\",\"@id\":\"https:\/\/portaltela.pt\/noticias\/2026\/04\/07\/trump-cumprimenta-astronautas-da-artemis-ii-por-facanha-historica\/\",\"url\":\"https:\/\/portaltela.pt\/noticias\/2026\/04\/07\/trump-cumprimenta-astronautas-da-artemis-ii-por-facanha-historica\/\",\"name\":\"Trump cumprimenta astronautas da Artemis II por fa\u00e7anha hist\u00f3rica - Portal Tela Portugal\",\"isPartOf\":{\"@id\":\"https:\/\/portaltela.pt\/#website\"},\"primaryImageOfPage\":{\"@id\":\"https:\/\/portaltela.pt\/noticias\/2026\/04\/07\/trump-cumprimenta-astronautas-da-artemis-ii-por-facanha-historica\/#primaryimage\"},\"image\":{\"@id\":\"https:\/\/portaltela.pt\/noticias\/2026\/04\/07\/trump-cumprimenta-astronautas-da-artemis-ii-por-facanha-historica\/#primaryimage\"},\"thumbnailUrl\":\"https:\/\/portaltela.pt\/s.01k8rhncp4jt1\/2026\/04\/img_1200x721uu2026-04-07-11-12-33-2431559.jpg\",\"datePublished\":\"2026-04-07T10:17:12+00:00\",\"author\":{\"@id\":\"https:\/\/portaltela.pt\/#\/schema\/person\/c4278d4a6028830caff9ee44b42d32ed\"},\"breadcrumb\":{\"@id\":\"https:\/\/portaltela.pt\/noticias\/2026\/04\/07\/trump-cumprimenta-astronautas-da-artemis-ii-por-facanha-historica\/#breadcrumb\"},\"inLanguage\":\"pt-PT\",\"potentialAction\":[{\"@type\":\"ReadAction\",\"target\":[\"https:\/\/portaltela.pt\/noticias\/2026\/04\/07\/trump-cumprimenta-astronautas-da-artemis-ii-por-facanha-historica\/\"]}]},{\"@type\":\"ImageObject\",\"inLanguage\":\"pt-PT\",\"@id\":\"https:\/\/portaltela.pt\/noticias\/2026\/04\/07\/trump-cumprimenta-astronautas-da-artemis-ii-por-facanha-historica\/#primaryimage\",\"url\":\"https:\/\/portaltela.pt\/s.01k8rhncp4jt1\/2026\/04\/img_1200x721uu2026-04-07-11-12-33-2431559.jpg\",\"contentUrl\":\"https:\/\/portaltela.pt\/s.01k8rhncp4jt1\/2026\/04\/img_1200x721uu2026-04-07-11-12-33-2431559.jpg\",\"width\":796,\"height\":448,\"caption\":\"Trump fala com os astronautas da Artemis II: \u00abVoc\u00eas fizeram Hist\u00f3ria e deixaram toda a Am\u00e9rica muito orgulhosa\u00bb\"},{\"@type\":\"BreadcrumbList\",\"@id\":\"https:\/\/portaltela.pt\/noticias\/2026\/04\/07\/trump-cumprimenta-astronautas-da-artemis-ii-por-facanha-historica\/#breadcrumb\",\"itemListElement\":[{\"@type\":\"ListItem\",\"position\":1,\"name\":\"In\u00edcio\",\"item\":\"https:\/\/portaltela.pt\/\"},{\"@type\":\"ListItem\",\"position\":2,\"name\":\"Trump cumprimenta astronautas da Artemis II por fa\u00e7anha hist\u00f3rica\"}]},{\"@type\":\"WebSite\",\"@id\":\"https:\/\/portaltela.pt\/#website\",\"url\":\"https:\/\/portaltela.pt\/\",\"name\":\"Portal Tela Portugal\",\"description\":\"\",\"potentialAction\":[{\"@type\":\"SearchAction\",\"target\":{\"@type\":\"EntryPoint\",\"urlTemplate\":\"https:\/\/portaltela.pt\/?s={search_term_string}\"},\"query-input\":{\"@type\":\"PropertyValueSpecification\",\"valueRequired\":true,\"valueName\":\"search_term_string\"}}],\"inLanguage\":\"pt-PT\"},{\"@type\":\"Person\",\"@id\":\"https:\/\/portaltela.pt\/#\/schema\/person\/c4278d4a6028830caff9ee44b42d32ed\",\"name\":\"Telinha\",\"image\":{\"@type\":\"ImageObject\",\"inLanguage\":\"pt-PT\",\"@id\":\"https:\/\/portaltela.pt\/s.01k8rhncp4jt1\/2025\/11\/talking-bot-125x125.png\",\"url\":\"https:\/\/portaltela.pt\/s.01k8rhncp4jt1\/2025\/11\/talking-bot-125x125.png\",\"contentUrl\":\"https:\/\/portaltela.pt\/s.01k8rhncp4jt1\/2025\/11\/talking-bot-125x125.png\",\"caption\":\"Telinha\"},\"sameAs\":[\"https:\/\/portaltela.pt\/\"],\"url\":\"https:\/\/portaltela.pt\/por\/367410592786\/\"}]}<\/script>\n<!-- \/ Yoast SEO plugin. -->","yoast_head_json":{"title":"Trump cumprimenta astronautas da Artemis II por fa\u00e7anha hist\u00f3rica - Portal Tela Portugal","robots":{"index":"index","follow":"follow","max-snippet":"max-snippet:-1","max-image-preview":"max-image-preview:large","max-video-preview":"max-video-preview:-1"},"og_locale":"pt_PT","og_type":"article","og_title":"Trump cumprimenta astronautas da Artemis II por fa\u00e7anha hist\u00f3rica - Portal Tela Portugal","og_description":"Nesta segunda-feira, os astronautas da miss\u00e3o Artemis II conclu\u00edram a viagem \u00e0 volta da Lua. Receberam um telefonema de Donald Trump, que os felicitou pelo feito hist\u00f3rico. O feito consistiu em viajar para mais longe da Terra do que qualquer humano tinha alcan\u00e7ado anteriormente. A marca foi apresentada como superior ao recorde anteriormente estabelecido pela miss\u00e3o Apollo 13.","og_url":"https:\/\/portaltela.pt\/noticias\/2026\/04\/07\/trump-cumprimenta-astronautas-da-artemis-ii-por-facanha-historica\/","og_site_name":"Portal Tela Portugal","article_published_time":"2026-04-07T10:17:12+00:00","author":"Telinha","twitter_card":"summary_large_image","twitter_misc":{"Escrito por":"Telinha","Tempo estimado de leitura":"1 minuto"},"schema":{"@context":"https:\/\/schema.org","@graph":[{"@type":"Article","@id":"https:\/\/portaltela.pt\/noticias\/2026\/04\/07\/trump-cumprimenta-astronautas-da-artemis-ii-por-facanha-historica\/#article","isPartOf":{"@id":"https:\/\/portaltela.pt\/noticias\/2026\/04\/07\/trump-cumprimenta-astronautas-da-artemis-ii-por-facanha-historica\/"},"author":{"name":"Telinha","@id":"https:\/\/portaltela.pt\/#\/schema\/person\/c4278d4a6028830caff9ee44b42d32ed"},"headline":"Trump cumprimenta astronautas da Artemis II por fa\u00e7anha hist\u00f3rica","datePublished":"2026-04-07T10:17:12+00:00","mainEntityOfPage":{"@id":"https:\/\/portaltela.pt\/noticias\/2026\/04\/07\/trump-cumprimenta-astronautas-da-artemis-ii-por-facanha-historica\/"},"wordCount":184,"image":{"@id":"https:\/\/portaltela.pt\/noticias\/2026\/04\/07\/trump-cumprimenta-astronautas-da-artemis-ii-por-facanha-historica\/#primaryimage"},"thumbnailUrl":"https:\/\/portaltela.pt\/s.01k8rhncp4jt1\/2026\/04\/img_1200x721uu2026-04-07-11-12-33-2431559.jpg","keywords":["a aeron\u00e1utica","a astronomia","ci\u00eancia","NASA","tecnologia"],"articleSection":["Tecnologia"],"inLanguage":"pt-PT"},{"@type":"WebPage","@id":"https:\/\/portaltela.pt\/noticias\/2026\/04\/07\/trump-cumprimenta-astronautas-da-artemis-ii-por-facanha-historica\/","url":"https:\/\/portaltela.pt\/noticias\/2026\/04\/07\/trump-cumprimenta-astronautas-da-artemis-ii-por-facanha-historica\/","name":"Trump cumprimenta astronautas da Artemis II por fa\u00e7anha hist\u00f3rica - Portal Tela Portugal","isPartOf":{"@id":"https:\/\/portaltela.pt\/#website"},"primaryImageOfPage":{"@id":"https:\/\/portaltela.pt\/noticias\/2026\/04\/07\/trump-cumprimenta-astronautas-da-artemis-ii-por-facanha-historica\/#primaryimage"},"image":{"@id":"https:\/\/portaltela.pt\/noticias\/2026\/04\/07\/trump-cumprimenta-astronautas-da-artemis-ii-por-facanha-historica\/#primaryimage"},"thumbnailUrl":"https:\/\/portaltela.pt\/s.01k8rhncp4jt1\/2026\/04\/img_1200x721uu2026-04-07-11-12-33-2431559.jpg","datePublished":"2026-04-07T10:17:12+00:00","author":{"@id":"https:\/\/portaltela.pt\/#\/schema\/person\/c4278d4a6028830caff9ee44b42d32ed"},"breadcrumb":{"@id":"https:\/\/portaltela.pt\/noticias\/2026\/04\/07\/trump-cumprimenta-astronautas-da-artemis-ii-por-facanha-historica\/#breadcrumb"},"inLanguage":"pt-PT","potentialAction":[{"@type":"ReadAction","target":["https:\/\/portaltela.pt\/noticias\/2026\/04\/07\/trump-cumprimenta-astronautas-da-artemis-ii-por-facanha-historica\/"]}]},{"@type":"ImageObject","inLanguage":"pt-PT","@id":"https:\/\/portaltela.pt\/noticias\/2026\/04\/07\/trump-cumprimenta-astronautas-da-artemis-ii-por-facanha-historica\/#primaryimage","url":"https:\/\/portaltela.pt\/s.01k8rhncp4jt1\/2026\/04\/img_1200x721uu2026-04-07-11-12-33-2431559.jpg","contentUrl":"https:\/\/portaltela.pt\/s.01k8rhncp4jt1\/2026\/04\/img_1200x721uu2026-04-07-11-12-33-2431559.jpg","width":796,"height":448,"caption":"Trump fala com os astronautas da Artemis II: \u00abVoc\u00eas fizeram Hist\u00f3ria e deixaram toda a Am\u00e9rica muito orgulhosa\u00bb"},{"@type":"BreadcrumbList","@id":"https:\/\/portaltela.pt\/noticias\/2026\/04\/07\/trump-cumprimenta-astronautas-da-artemis-ii-por-facanha-historica\/#breadcrumb","itemListElement":[{"@type":"ListItem","position":1,"name":"In\u00edcio","item":"https:\/\/portaltela.pt\/"},{"@type":"ListItem","position":2,"name":"Trump cumprimenta astronautas da Artemis II por fa\u00e7anha hist\u00f3rica"}]},{"@type":"WebSite","@id":"https:\/\/portaltela.pt\/#website","url":"https:\/\/portaltela.pt\/","name":"Portal Tela Portugal","description":"","potentialAction":[{"@type":"SearchAction","target":{"@type":"EntryPoint","urlTemplate":"https:\/\/portaltela.pt\/?s={search_term_string}"},"query-input":{"@type":"PropertyValueSpecification","valueRequired":true,"valueName":"search_term_string"}}],"inLanguage":"pt-PT"},{"@type":"Person","@id":"https:\/\/portaltela.pt\/#\/schema\/person\/c4278d4a6028830caff9ee44b42d32ed","name":"Telinha","image":{"@type":"ImageObject","inLanguage":"pt-PT","@id":"https:\/\/portaltela.pt\/s.01k8rhncp4jt1\/2025\/11\/talking-bot-125x125.png","url":"https:\/\/portaltela.pt\/s.01k8rhncp4jt1\/2025\/11\/talking-bot-125x125.png","contentUrl":"https:\/\/portaltela.pt\/s.01k8rhncp4jt1\/2025\/11\/talking-bot-125x125.png","caption":"Telinha"},"sameAs":["https:\/\/portaltela.pt\/"],"url":"https:\/\/portaltela.pt\/por\/367410592786\/"}]}},"_links":{"self":[{"href":"https:\/\/portaltela.pt\/api\/wp\/v2\/posts\/435127","targetHints":{"allow":["GET"]}}],"collection":[{"href":"https:\/\/portaltela.pt\/api\/wp\/v2\/posts"}],"about":[{"href":"https:\/\/portaltela.pt\/api\/wp\/v2\/types\/post"}],"author":[{"embeddable":true,"href":"https:\/\/portaltela.pt\/api\/wp\/v2\/users\/2"}],"replies":[{"embeddable":true,"href":"https:\/\/portaltela.pt\/api\/wp\/v2\/comments?post=435127"}],"version-history":[{"count":0,"href":"https:\/\/portaltela.pt\/api\/wp\/v2\/posts\/435127\/revisions"}],"wp:featuredmedia":[{"embeddable":true,"href":"https:\/\/portaltela.pt\/api\/wp\/v2\/media\/435128"}],"wp:attachment":[{"href":"https:\/\/portaltela.pt\/api\/wp\/v2\/media?parent=435127"}],"wp:term":[{"taxonomy":"category","embeddable":true,"href":"https:\/\/portaltela.pt\/api\/wp\/v2\/categories?post=435127"},{"taxonomy":"post_tag","embeddable":true,"href":"https:\/\/portaltela.pt\/api\/wp\/v2\/tags?post=435127"}],"curies":[{"name":"wp","href":"https:\/\/api.w.org\/{rel}","templated":true}]}}