{"id":435119,"date":"2026-04-07T07:17:01","date_gmt":"2026-04-07T10:17:01","guid":{"rendered":"https:\/\/portaltela.pt\/noticias\/2026\/04\/07\/tres-suspeitos-neutralizados-apos-tiroteio-ao-consulado-de-israel-em-istambul\/"},"modified":"2026-04-07T07:17:01","modified_gmt":"2026-04-07T10:17:01","slug":"tres-suspeitos-neutralizados-apos-tiroteio-ao-consulado-de-israel-em-istambul","status":"publish","type":"post","link":"https:\/\/portaltela.pt\/noticias\/politica\/2026\/04\/07\/tres-suspeitos-neutralizados-apos-tiroteio-ao-consulado-de-israel-em-istambul\/","title":{"rendered":"Tr\u00eas suspeitos neutralizados ap\u00f3s tiroteio ao consulado de Israel em Istambul"},"content":{"rendered":"<p>Tr\u00eas suspeitos foram neutralizados pela pol\u00edcia ap\u00f3s um tiroteio junto ao consulado de Israel em Istambul, Turquia, nesta ter\u00e7a-feira. Um dos suspeitos morreu, outro ficou ferido e foi detido, e um terceiro conseguiu escapar, segundo a ag\u00eancia Reuters.<\/p>\n<p>As autoridades indicam que os suspeitos dispararam contra agentes que tentavam controlar a situa\u00e7\u00e3o. Al\u00e9m do consulado, a zona abriga v\u00e1rios bancos turcos e \u00e9 uma \u00e1rea de elevada movimenta\u00e7\u00e3o.<\/p>\n<p>N\u00e3o est\u00e1 claro se o consulado foi o alvo do ataque. As autoridades turcas abriram uma investiga\u00e7\u00e3o para apurar as circunst\u00e2ncias, motiva\u00e7\u00f5es e eventuais c\u00famplices.<\/p>\n<h3>Investiga\u00e7\u00e3o em curso<\/h3>\n<p>O Minist\u00e9rio dos Neg\u00f3cios Estrangeiros de Israel est\u00e1 a acompanhar a situa\u00e7\u00e3o, conforme reportado pelo The Times of Israel. As informa\u00e7\u00f5es iniciais sobre disparos foram confirmadas pela Reuters e monitorizadas por outras parte interessadas.<\/p>\n","protected":false},"excerpt":{"rendered":"<ul>\n<li>Tr\u00eas indiv\u00edduos foram neutralizados ap\u00f3s tiroteio junto ao consulado de Israel em Istambul, Turquia.<\/li>\n<li>Um suspeito foi morto, outro ficou ferido e capturado, segundo informa\u00e7\u00f5es das autoridades.<\/li>\n<li>Os suspeitos teriam disparado contra pol\u00edcias que tentavam controlar a situa\u00e7\u00e3o.<\/li>\n<li>Al\u00e9m do consulado, a zona abriga v\u00e1rios bancos turcos nas imedia\u00e7\u00f5es.<\/li>\n<li>O Minist\u00e9rio dos Neg\u00f3cios Estrangeiros de Israel est\u00e1 a acompanhar a situa\u00e7\u00e3o; Reuters trouxe a informa\u00e7\u00e3o inicial sobre os disparos. Em atualiza\u00e7\u00e3o.<\/li>\n<\/ul>\n","protected":false},"author":2,"featured_media":435122,"comment_status":"closed","ping_status":"closed","sticky":false,"template":"","format":"standard","meta":{"footnotes":""},"categories":[6912,5],"tags":[2198,147,3708,1821,4536,4989],"class_list":["post-435119","post","type-post","status-publish","format-standard","has-post-thumbnail","hentry","category-internacionais","category-politica","tag-conflitos-internacionais","tag-crime","tag-israel","tag-istambul","tag-seguranca","tag-terrorismo"],"yoast_head":"<!-- This site is optimized with the Yoast SEO plugin v27.2 - https:\/\/yoast.com\/product\/yoast-seo-wordpress\/ -->\n<title>Tr\u00eas suspeitos neutralizados ap\u00f3s tiroteio ao consulado de Israel em Istambul - Portal Tela Portugal<\/title>\n<meta name=\"robots\" content=\"index, follow, max-snippet:-1, max-image-preview:large, max-video-preview:-1\" \/>\n<meta property=\"og:locale\" content=\"pt_PT\" \/>\n<meta property=\"og:type\" content=\"article\" \/>\n<meta property=\"og:title\" content=\"Tr\u00eas suspeitos neutralizados ap\u00f3s tiroteio ao consulado de Israel em Istambul - Portal Tela Portugal\" \/>\n<meta property=\"og:description\" content=\"Tr\u00eas indiv\u00edduos foram neutralizados ap\u00f3s tiroteio junto ao consulado de Israel em Istambul, Turquia. Um suspeito foi morto, outro ficou ferido e capturado, segundo informa\u00e7\u00f5es das autoridades. Os suspeitos teriam disparado contra pol\u00edcias que tentavam controlar a situa\u00e7\u00e3o. Al\u00e9m do consulado, a zona abriga v\u00e1rios bancos turcos nas imedia\u00e7\u00f5es. O Minist\u00e9rio dos Neg\u00f3cios Estrangeiros de Israel est\u00e1 a acompanhar a situa\u00e7\u00e3o; Reuters trouxe a informa\u00e7\u00e3o inicial sobre os disparos. Em atualiza\u00e7\u00e3o.\" \/>\n<meta property=\"og:url\" content=\"https:\/\/portaltela.pt\/noticias\/2026\/04\/07\/tres-suspeitos-neutralizados-apos-tiroteio-ao-consulado-de-israel-em-istambul\/\" \/>\n<meta property=\"og:site_name\" content=\"Portal Tela Portugal\" \/>\n<meta property=\"article:published_time\" content=\"2026-04-07T10:17:01+00:00\" \/>\n<meta name=\"author\" content=\"Telinha\" \/>\n<meta name=\"twitter:card\" content=\"summary_large_image\" \/>\n<meta name=\"twitter:label1\" content=\"Escrito por\" \/>\n\t<meta name=\"twitter:data1\" content=\"Telinha\" \/>\n\t<meta name=\"twitter:label2\" content=\"Tempo estimado de leitura\" \/>\n\t<meta name=\"twitter:data2\" content=\"1 minuto\" \/>\n<script type=\"application\/ld+json\" class=\"yoast-schema-graph\">{\"@context\":\"https:\/\/schema.org\",\"@graph\":[{\"@type\":\"Article\",\"@id\":\"https:\/\/portaltela.pt\/noticias\/2026\/04\/07\/tres-suspeitos-neutralizados-apos-tiroteio-ao-consulado-de-israel-em-istambul\/#article\",\"isPartOf\":{\"@id\":\"https:\/\/portaltela.pt\/noticias\/2026\/04\/07\/tres-suspeitos-neutralizados-apos-tiroteio-ao-consulado-de-israel-em-istambul\/\"},\"author\":{\"name\":\"Telinha\",\"@id\":\"https:\/\/portaltela.pt\/#\/schema\/person\/c4278d4a6028830caff9ee44b42d32ed\"},\"headline\":\"Tr\u00eas suspeitos neutralizados ap\u00f3s tiroteio ao consulado de Israel em Istambul\",\"datePublished\":\"2026-04-07T10:17:01+00:00\",\"mainEntityOfPage\":{\"@id\":\"https:\/\/portaltela.pt\/noticias\/2026\/04\/07\/tres-suspeitos-neutralizados-apos-tiroteio-ao-consulado-de-israel-em-istambul\/\"},\"wordCount\":161,\"image\":{\"@id\":\"https:\/\/portaltela.pt\/noticias\/2026\/04\/07\/tres-suspeitos-neutralizados-apos-tiroteio-ao-consulado-de-israel-em-istambul\/#primaryimage\"},\"thumbnailUrl\":\"https:\/\/portaltela.pt\/s.01k8rhncp4jt1\/2026\/04\/img_1280x721uu2016-11-10-21-02-00-575283.jpg\",\"keywords\":[\"conflitos internacionais\",\"crime\",\"Israel\",\"Istambul\",\"seguran\u00e7a\",\"terrorismo\"],\"articleSection\":[\"Internacionais\",\"Pol\u00edtica\"],\"inLanguage\":\"pt-PT\"},{\"@type\":\"WebPage\",\"@id\":\"https:\/\/portaltela.pt\/noticias\/2026\/04\/07\/tres-suspeitos-neutralizados-apos-tiroteio-ao-consulado-de-israel-em-istambul\/\",\"url\":\"https:\/\/portaltela.pt\/noticias\/2026\/04\/07\/tres-suspeitos-neutralizados-apos-tiroteio-ao-consulado-de-israel-em-istambul\/\",\"name\":\"Tr\u00eas suspeitos neutralizados ap\u00f3s tiroteio ao consulado de Israel em Istambul - Portal Tela Portugal\",\"isPartOf\":{\"@id\":\"https:\/\/portaltela.pt\/#website\"},\"primaryImageOfPage\":{\"@id\":\"https:\/\/portaltela.pt\/noticias\/2026\/04\/07\/tres-suspeitos-neutralizados-apos-tiroteio-ao-consulado-de-israel-em-istambul\/#primaryimage\"},\"image\":{\"@id\":\"https:\/\/portaltela.pt\/noticias\/2026\/04\/07\/tres-suspeitos-neutralizados-apos-tiroteio-ao-consulado-de-israel-em-istambul\/#primaryimage\"},\"thumbnailUrl\":\"https:\/\/portaltela.pt\/s.01k8rhncp4jt1\/2026\/04\/img_1280x721uu2016-11-10-21-02-00-575283.jpg\",\"datePublished\":\"2026-04-07T10:17:01+00:00\",\"author\":{\"@id\":\"https:\/\/portaltela.pt\/#\/schema\/person\/c4278d4a6028830caff9ee44b42d32ed\"},\"breadcrumb\":{\"@id\":\"https:\/\/portaltela.pt\/noticias\/2026\/04\/07\/tres-suspeitos-neutralizados-apos-tiroteio-ao-consulado-de-israel-em-istambul\/#breadcrumb\"},\"inLanguage\":\"pt-PT\",\"potentialAction\":[{\"@type\":\"ReadAction\",\"target\":[\"https:\/\/portaltela.pt\/noticias\/2026\/04\/07\/tres-suspeitos-neutralizados-apos-tiroteio-ao-consulado-de-israel-em-istambul\/\"]}]},{\"@type\":\"ImageObject\",\"inLanguage\":\"pt-PT\",\"@id\":\"https:\/\/portaltela.pt\/noticias\/2026\/04\/07\/tres-suspeitos-neutralizados-apos-tiroteio-ao-consulado-de-israel-em-istambul\/#primaryimage\",\"url\":\"https:\/\/portaltela.pt\/s.01k8rhncp4jt1\/2026\/04\/img_1280x721uu2016-11-10-21-02-00-575283.jpg\",\"contentUrl\":\"https:\/\/portaltela.pt\/s.01k8rhncp4jt1\/2026\/04\/img_1280x721uu2016-11-10-21-02-00-575283.jpg\",\"width\":796,\"height\":448,\"caption\":\"Autoridades no local\"},{\"@type\":\"BreadcrumbList\",\"@id\":\"https:\/\/portaltela.pt\/noticias\/2026\/04\/07\/tres-suspeitos-neutralizados-apos-tiroteio-ao-consulado-de-israel-em-istambul\/#breadcrumb\",\"itemListElement\":[{\"@type\":\"ListItem\",\"position\":1,\"name\":\"In\u00edcio\",\"item\":\"https:\/\/portaltela.pt\/\"},{\"@type\":\"ListItem\",\"position\":2,\"name\":\"Tr\u00eas suspeitos neutralizados ap\u00f3s tiroteio ao consulado de Israel em Istambul\"}]},{\"@type\":\"WebSite\",\"@id\":\"https:\/\/portaltela.pt\/#website\",\"url\":\"https:\/\/portaltela.pt\/\",\"name\":\"Portal Tela Portugal\",\"description\":\"\",\"potentialAction\":[{\"@type\":\"SearchAction\",\"target\":{\"@type\":\"EntryPoint\",\"urlTemplate\":\"https:\/\/portaltela.pt\/?s={search_term_string}\"},\"query-input\":{\"@type\":\"PropertyValueSpecification\",\"valueRequired\":true,\"valueName\":\"search_term_string\"}}],\"inLanguage\":\"pt-PT\"},{\"@type\":\"Person\",\"@id\":\"https:\/\/portaltela.pt\/#\/schema\/person\/c4278d4a6028830caff9ee44b42d32ed\",\"name\":\"Telinha\",\"image\":{\"@type\":\"ImageObject\",\"inLanguage\":\"pt-PT\",\"@id\":\"https:\/\/portaltela.pt\/s.01k8rhncp4jt1\/2025\/11\/talking-bot-125x125.png\",\"url\":\"https:\/\/portaltela.pt\/s.01k8rhncp4jt1\/2025\/11\/talking-bot-125x125.png\",\"contentUrl\":\"https:\/\/portaltela.pt\/s.01k8rhncp4jt1\/2025\/11\/talking-bot-125x125.png\",\"caption\":\"Telinha\"},\"sameAs\":[\"https:\/\/portaltela.pt\/\"],\"url\":\"https:\/\/portaltela.pt\/por\/367410592786\/\"}]}<\/script>\n<!-- \/ Yoast SEO plugin. -->","yoast_head_json":{"title":"Tr\u00eas suspeitos neutralizados ap\u00f3s tiroteio ao consulado de Israel em Istambul - Portal Tela Portugal","robots":{"index":"index","follow":"follow","max-snippet":"max-snippet:-1","max-image-preview":"max-image-preview:large","max-video-preview":"max-video-preview:-1"},"og_locale":"pt_PT","og_type":"article","og_title":"Tr\u00eas suspeitos neutralizados ap\u00f3s tiroteio ao consulado de Israel em Istambul - Portal Tela Portugal","og_description":"Tr\u00eas indiv\u00edduos foram neutralizados ap\u00f3s tiroteio junto ao consulado de Israel em Istambul, Turquia. Um suspeito foi morto, outro ficou ferido e capturado, segundo informa\u00e7\u00f5es das autoridades. Os suspeitos teriam disparado contra pol\u00edcias que tentavam controlar a situa\u00e7\u00e3o. Al\u00e9m do consulado, a zona abriga v\u00e1rios bancos turcos nas imedia\u00e7\u00f5es. O Minist\u00e9rio dos Neg\u00f3cios Estrangeiros de Israel est\u00e1 a acompanhar a situa\u00e7\u00e3o; Reuters trouxe a informa\u00e7\u00e3o inicial sobre os disparos. Em atualiza\u00e7\u00e3o.","og_url":"https:\/\/portaltela.pt\/noticias\/2026\/04\/07\/tres-suspeitos-neutralizados-apos-tiroteio-ao-consulado-de-israel-em-istambul\/","og_site_name":"Portal Tela Portugal","article_published_time":"2026-04-07T10:17:01+00:00","author":"Telinha","twitter_card":"summary_large_image","twitter_misc":{"Escrito por":"Telinha","Tempo estimado de leitura":"1 minuto"},"schema":{"@context":"https:\/\/schema.org","@graph":[{"@type":"Article","@id":"https:\/\/portaltela.pt\/noticias\/2026\/04\/07\/tres-suspeitos-neutralizados-apos-tiroteio-ao-consulado-de-israel-em-istambul\/#article","isPartOf":{"@id":"https:\/\/portaltela.pt\/noticias\/2026\/04\/07\/tres-suspeitos-neutralizados-apos-tiroteio-ao-consulado-de-israel-em-istambul\/"},"author":{"name":"Telinha","@id":"https:\/\/portaltela.pt\/#\/schema\/person\/c4278d4a6028830caff9ee44b42d32ed"},"headline":"Tr\u00eas suspeitos neutralizados ap\u00f3s tiroteio ao consulado de Israel em Istambul","datePublished":"2026-04-07T10:17:01+00:00","mainEntityOfPage":{"@id":"https:\/\/portaltela.pt\/noticias\/2026\/04\/07\/tres-suspeitos-neutralizados-apos-tiroteio-ao-consulado-de-israel-em-istambul\/"},"wordCount":161,"image":{"@id":"https:\/\/portaltela.pt\/noticias\/2026\/04\/07\/tres-suspeitos-neutralizados-apos-tiroteio-ao-consulado-de-israel-em-istambul\/#primaryimage"},"thumbnailUrl":"https:\/\/portaltela.pt\/s.01k8rhncp4jt1\/2026\/04\/img_1280x721uu2016-11-10-21-02-00-575283.jpg","keywords":["conflitos internacionais","crime","Israel","Istambul","seguran\u00e7a","terrorismo"],"articleSection":["Internacionais","Pol\u00edtica"],"inLanguage":"pt-PT"},{"@type":"WebPage","@id":"https:\/\/portaltela.pt\/noticias\/2026\/04\/07\/tres-suspeitos-neutralizados-apos-tiroteio-ao-consulado-de-israel-em-istambul\/","url":"https:\/\/portaltela.pt\/noticias\/2026\/04\/07\/tres-suspeitos-neutralizados-apos-tiroteio-ao-consulado-de-israel-em-istambul\/","name":"Tr\u00eas suspeitos neutralizados ap\u00f3s tiroteio ao consulado de Israel em Istambul - Portal Tela Portugal","isPartOf":{"@id":"https:\/\/portaltela.pt\/#website"},"primaryImageOfPage":{"@id":"https:\/\/portaltela.pt\/noticias\/2026\/04\/07\/tres-suspeitos-neutralizados-apos-tiroteio-ao-consulado-de-israel-em-istambul\/#primaryimage"},"image":{"@id":"https:\/\/portaltela.pt\/noticias\/2026\/04\/07\/tres-suspeitos-neutralizados-apos-tiroteio-ao-consulado-de-israel-em-istambul\/#primaryimage"},"thumbnailUrl":"https:\/\/portaltela.pt\/s.01k8rhncp4jt1\/2026\/04\/img_1280x721uu2016-11-10-21-02-00-575283.jpg","datePublished":"2026-04-07T10:17:01+00:00","author":{"@id":"https:\/\/portaltela.pt\/#\/schema\/person\/c4278d4a6028830caff9ee44b42d32ed"},"breadcrumb":{"@id":"https:\/\/portaltela.pt\/noticias\/2026\/04\/07\/tres-suspeitos-neutralizados-apos-tiroteio-ao-consulado-de-israel-em-istambul\/#breadcrumb"},"inLanguage":"pt-PT","potentialAction":[{"@type":"ReadAction","target":["https:\/\/portaltela.pt\/noticias\/2026\/04\/07\/tres-suspeitos-neutralizados-apos-tiroteio-ao-consulado-de-israel-em-istambul\/"]}]},{"@type":"ImageObject","inLanguage":"pt-PT","@id":"https:\/\/portaltela.pt\/noticias\/2026\/04\/07\/tres-suspeitos-neutralizados-apos-tiroteio-ao-consulado-de-israel-em-istambul\/#primaryimage","url":"https:\/\/portaltela.pt\/s.01k8rhncp4jt1\/2026\/04\/img_1280x721uu2016-11-10-21-02-00-575283.jpg","contentUrl":"https:\/\/portaltela.pt\/s.01k8rhncp4jt1\/2026\/04\/img_1280x721uu2016-11-10-21-02-00-575283.jpg","width":796,"height":448,"caption":"Autoridades no local"},{"@type":"BreadcrumbList","@id":"https:\/\/portaltela.pt\/noticias\/2026\/04\/07\/tres-suspeitos-neutralizados-apos-tiroteio-ao-consulado-de-israel-em-istambul\/#breadcrumb","itemListElement":[{"@type":"ListItem","position":1,"name":"In\u00edcio","item":"https:\/\/portaltela.pt\/"},{"@type":"ListItem","position":2,"name":"Tr\u00eas suspeitos neutralizados ap\u00f3s tiroteio ao consulado de Israel em Istambul"}]},{"@type":"WebSite","@id":"https:\/\/portaltela.pt\/#website","url":"https:\/\/portaltela.pt\/","name":"Portal Tela Portugal","description":"","potentialAction":[{"@type":"SearchAction","target":{"@type":"EntryPoint","urlTemplate":"https:\/\/portaltela.pt\/?s={search_term_string}"},"query-input":{"@type":"PropertyValueSpecification","valueRequired":true,"valueName":"search_term_string"}}],"inLanguage":"pt-PT"},{"@type":"Person","@id":"https:\/\/portaltela.pt\/#\/schema\/person\/c4278d4a6028830caff9ee44b42d32ed","name":"Telinha","image":{"@type":"ImageObject","inLanguage":"pt-PT","@id":"https:\/\/portaltela.pt\/s.01k8rhncp4jt1\/2025\/11\/talking-bot-125x125.png","url":"https:\/\/portaltela.pt\/s.01k8rhncp4jt1\/2025\/11\/talking-bot-125x125.png","contentUrl":"https:\/\/portaltela.pt\/s.01k8rhncp4jt1\/2025\/11\/talking-bot-125x125.png","caption":"Telinha"},"sameAs":["https:\/\/portaltela.pt\/"],"url":"https:\/\/portaltela.pt\/por\/367410592786\/"}]}},"_links":{"self":[{"href":"https:\/\/portaltela.pt\/api\/wp\/v2\/posts\/435119","targetHints":{"allow":["GET"]}}],"collection":[{"href":"https:\/\/portaltela.pt\/api\/wp\/v2\/posts"}],"about":[{"href":"https:\/\/portaltela.pt\/api\/wp\/v2\/types\/post"}],"author":[{"embeddable":true,"href":"https:\/\/portaltela.pt\/api\/wp\/v2\/users\/2"}],"replies":[{"embeddable":true,"href":"https:\/\/portaltela.pt\/api\/wp\/v2\/comments?post=435119"}],"version-history":[{"count":0,"href":"https:\/\/portaltela.pt\/api\/wp\/v2\/posts\/435119\/revisions"}],"wp:featuredmedia":[{"embeddable":true,"href":"https:\/\/portaltela.pt\/api\/wp\/v2\/media\/435122"}],"wp:attachment":[{"href":"https:\/\/portaltela.pt\/api\/wp\/v2\/media?parent=435119"}],"wp:term":[{"taxonomy":"category","embeddable":true,"href":"https:\/\/portaltela.pt\/api\/wp\/v2\/categories?post=435119"},{"taxonomy":"post_tag","embeddable":true,"href":"https:\/\/portaltela.pt\/api\/wp\/v2\/tags?post=435119"}],"curies":[{"name":"wp","href":"https:\/\/api.w.org\/{rel}","templated":true}]}}