{"id":435118,"date":"2026-04-07T07:17:01","date_gmt":"2026-04-07T10:17:01","guid":{"rendered":"https:\/\/portaltela.pt\/noticias\/2026\/04\/07\/colera-em-mocambique-8-300-casos-em-um-mes-sem-mortes\/"},"modified":"2026-04-07T07:17:01","modified_gmt":"2026-04-07T10:17:01","slug":"colera-em-mocambique-8-300-casos-em-um-mes-sem-mortes","status":"publish","type":"post","link":"https:\/\/portaltela.pt\/saude\/2026\/04\/07\/colera-em-mocambique-8-300-casos-em-um-mes-sem-mortes\/","title":{"rendered":"C\u00f3lera em Mo\u00e7ambique 8.300 casos em um m\u00eas sem mortes"},"content":{"rendered":"<p>Mo\u00e7ambique regista mais de 8.300 casos de c\u00f3lera na atual epidemia, em sete meses, com 83 mortos, segundo a Dire\u00e7\u00e3o Nacional de Sa\u00fade P\u00fablica. A trajet\u00f3ria mant\u00e9m-se est\u00e1vel em termos de \u00f3bitos nos \u00faltimos meses.<\/p>\n<p>A informa\u00e7\u00e3o dispon\u00edvel aponta para nenhum \u00f3bito registado no \u00faltimo m\u00eas, mantendo o total desde o in\u00edcio da epidemia em 83. Os dados s\u00e3o fornecidos pela autoridade de sa\u00fade do pa\u00eds.<\/p>\n<p>O comunicado n\u00e3o detalha as regi\u00f5es afetadas nem as medidas espec\u00edficas em curso. Mant\u00eam-se, assim, os n\u00fameros oficiais de casos e mortes, enquanto as autoridades de sa\u00fade monitorizam a evolu\u00e7\u00e3o da epidemia.<\/p>\n","protected":false},"excerpt":{"rendered":"<ul>\n<li>Mo\u00e7ambique ultrapassou os oito mil casos de c\u00f3lera na atual epidemia, em sete meses.<\/li>\n<li>O total de mortes reportado \u00e9 de 83 desde o in\u00edcio da crise.<\/li>\n<li>N\u00e3o houve registo de mortes no \u00faltimo m\u00eas.<\/li>\n<li>os dados s\u00e3o da Dire\u00e7\u00e3o Nacional de Sa\u00fade P\u00fablica.<\/li>\n<\/ul>\n","protected":false},"author":2,"featured_media":435123,"comment_status":"closed","ping_status":"closed","sticky":false,"template":"","format":"standard","meta":{"footnotes":""},"categories":[6745],"tags":[61,6483,1911,172,271],"class_list":["post-435118","post","type-post","status-publish","format-standard","has-post-thumbnail","hentry","category-saude","tag-doencas","tag-doencas-infecciosas-e-parasitarias","tag-mocambique","tag-saude","tag-saude-publica"],"yoast_head":"<!-- This site is optimized with the Yoast SEO plugin v27.2 - https:\/\/yoast.com\/product\/yoast-seo-wordpress\/ -->\n<title>C\u00f3lera em Mo\u00e7ambique 8.300 casos em um m\u00eas sem mortes - Portal Tela Portugal<\/title>\n<meta name=\"robots\" content=\"index, follow, max-snippet:-1, max-image-preview:large, max-video-preview:-1\" \/>\n<meta property=\"og:locale\" content=\"pt_PT\" \/>\n<meta property=\"og:type\" content=\"article\" \/>\n<meta property=\"og:title\" content=\"C\u00f3lera em Mo\u00e7ambique 8.300 casos em um m\u00eas sem mortes - Portal Tela Portugal\" \/>\n<meta property=\"og:description\" content=\"Mo\u00e7ambique ultrapassou os oito mil casos de c\u00f3lera na atual epidemia, em sete meses. O total de mortes reportado \u00e9 de 83 desde o in\u00edcio da crise. N\u00e3o houve registo de mortes no \u00faltimo m\u00eas. os dados s\u00e3o da Dire\u00e7\u00e3o Nacional de Sa\u00fade P\u00fablica.\" \/>\n<meta property=\"og:url\" content=\"https:\/\/portaltela.pt\/noticias\/2026\/04\/07\/colera-em-mocambique-8-300-casos-em-um-mes-sem-mortes\/\" \/>\n<meta property=\"og:site_name\" content=\"Portal Tela Portugal\" \/>\n<meta property=\"article:published_time\" content=\"2026-04-07T10:17:01+00:00\" \/>\n<meta name=\"author\" content=\"Telinha\" \/>\n<meta name=\"twitter:card\" content=\"summary_large_image\" \/>\n<meta name=\"twitter:label1\" content=\"Escrito por\" \/>\n\t<meta name=\"twitter:data1\" content=\"Telinha\" \/>\n\t<meta name=\"twitter:label2\" content=\"Tempo estimado de leitura\" \/>\n\t<meta name=\"twitter:data2\" content=\"1 minuto\" \/>\n<script type=\"application\/ld+json\" class=\"yoast-schema-graph\">{\"@context\":\"https:\/\/schema.org\",\"@graph\":[{\"@type\":\"Article\",\"@id\":\"https:\/\/portaltela.pt\/noticias\/2026\/04\/07\/colera-em-mocambique-8-300-casos-em-um-mes-sem-mortes\/#article\",\"isPartOf\":{\"@id\":\"https:\/\/portaltela.pt\/noticias\/2026\/04\/07\/colera-em-mocambique-8-300-casos-em-um-mes-sem-mortes\/\"},\"author\":{\"name\":\"Telinha\",\"@id\":\"https:\/\/portaltela.pt\/#\/schema\/person\/c4278d4a6028830caff9ee44b42d32ed\"},\"headline\":\"C\u00f3lera em Mo\u00e7ambique 8.300 casos em um m\u00eas sem mortes\",\"datePublished\":\"2026-04-07T10:17:01+00:00\",\"mainEntityOfPage\":{\"@id\":\"https:\/\/portaltela.pt\/noticias\/2026\/04\/07\/colera-em-mocambique-8-300-casos-em-um-mes-sem-mortes\/\"},\"wordCount\":129,\"image\":{\"@id\":\"https:\/\/portaltela.pt\/noticias\/2026\/04\/07\/colera-em-mocambique-8-300-casos-em-um-mes-sem-mortes\/#primaryimage\"},\"thumbnailUrl\":\"https:\/\/portaltela.pt\/s.01k8rhncp4jt1\/2026\/04\/CACHE_780X1200_ANALOG_WATERMARKED_9188806_7937567_26042019093922.jpg\",\"keywords\":[\"doen\u00e7as\",\"Doen\u00e7as infecciosas e parasit\u00e1rias\",\"Mo\u00e7ambique\",\"sa\u00fade\",\"sa\u00fade p\u00fablica\"],\"articleSection\":[\"Sa\u00fade\"],\"inLanguage\":\"pt-PT\"},{\"@type\":\"WebPage\",\"@id\":\"https:\/\/portaltela.pt\/noticias\/2026\/04\/07\/colera-em-mocambique-8-300-casos-em-um-mes-sem-mortes\/\",\"url\":\"https:\/\/portaltela.pt\/noticias\/2026\/04\/07\/colera-em-mocambique-8-300-casos-em-um-mes-sem-mortes\/\",\"name\":\"C\u00f3lera em Mo\u00e7ambique 8.300 casos em um m\u00eas sem mortes - Portal Tela Portugal\",\"isPartOf\":{\"@id\":\"https:\/\/portaltela.pt\/#website\"},\"primaryImageOfPage\":{\"@id\":\"https:\/\/portaltela.pt\/noticias\/2026\/04\/07\/colera-em-mocambique-8-300-casos-em-um-mes-sem-mortes\/#primaryimage\"},\"image\":{\"@id\":\"https:\/\/portaltela.pt\/noticias\/2026\/04\/07\/colera-em-mocambique-8-300-casos-em-um-mes-sem-mortes\/#primaryimage\"},\"thumbnailUrl\":\"https:\/\/portaltela.pt\/s.01k8rhncp4jt1\/2026\/04\/CACHE_780X1200_ANALOG_WATERMARKED_9188806_7937567_26042019093922.jpg\",\"datePublished\":\"2026-04-07T10:17:01+00:00\",\"author\":{\"@id\":\"https:\/\/portaltela.pt\/#\/schema\/person\/c4278d4a6028830caff9ee44b42d32ed\"},\"breadcrumb\":{\"@id\":\"https:\/\/portaltela.pt\/noticias\/2026\/04\/07\/colera-em-mocambique-8-300-casos-em-um-mes-sem-mortes\/#breadcrumb\"},\"inLanguage\":\"pt-PT\",\"potentialAction\":[{\"@type\":\"ReadAction\",\"target\":[\"https:\/\/portaltela.pt\/noticias\/2026\/04\/07\/colera-em-mocambique-8-300-casos-em-um-mes-sem-mortes\/\"]}]},{\"@type\":\"ImageObject\",\"inLanguage\":\"pt-PT\",\"@id\":\"https:\/\/portaltela.pt\/noticias\/2026\/04\/07\/colera-em-mocambique-8-300-casos-em-um-mes-sem-mortes\/#primaryimage\",\"url\":\"https:\/\/portaltela.pt\/s.01k8rhncp4jt1\/2026\/04\/CACHE_780X1200_ANALOG_WATERMARKED_9188806_7937567_26042019093922.jpg\",\"contentUrl\":\"https:\/\/portaltela.pt\/s.01k8rhncp4jt1\/2026\/04\/CACHE_780X1200_ANALOG_WATERMARKED_9188806_7937567_26042019093922.jpg\",\"width\":796,\"height\":448,\"caption\":\"Epidemia de c\u00f3lera em Mo\u00e7ambique com mais de 8.300 casos mas sem mortos h\u00e1 um m\u00eas\"},{\"@type\":\"BreadcrumbList\",\"@id\":\"https:\/\/portaltela.pt\/noticias\/2026\/04\/07\/colera-em-mocambique-8-300-casos-em-um-mes-sem-mortes\/#breadcrumb\",\"itemListElement\":[{\"@type\":\"ListItem\",\"position\":1,\"name\":\"In\u00edcio\",\"item\":\"https:\/\/portaltela.pt\/\"},{\"@type\":\"ListItem\",\"position\":2,\"name\":\"C\u00f3lera em Mo\u00e7ambique 8.300 casos em um m\u00eas sem mortes\"}]},{\"@type\":\"WebSite\",\"@id\":\"https:\/\/portaltela.pt\/#website\",\"url\":\"https:\/\/portaltela.pt\/\",\"name\":\"Portal Tela Portugal\",\"description\":\"\",\"potentialAction\":[{\"@type\":\"SearchAction\",\"target\":{\"@type\":\"EntryPoint\",\"urlTemplate\":\"https:\/\/portaltela.pt\/?s={search_term_string}\"},\"query-input\":{\"@type\":\"PropertyValueSpecification\",\"valueRequired\":true,\"valueName\":\"search_term_string\"}}],\"inLanguage\":\"pt-PT\"},{\"@type\":\"Person\",\"@id\":\"https:\/\/portaltela.pt\/#\/schema\/person\/c4278d4a6028830caff9ee44b42d32ed\",\"name\":\"Telinha\",\"image\":{\"@type\":\"ImageObject\",\"inLanguage\":\"pt-PT\",\"@id\":\"https:\/\/portaltela.pt\/s.01k8rhncp4jt1\/2025\/11\/talking-bot-125x125.png\",\"url\":\"https:\/\/portaltela.pt\/s.01k8rhncp4jt1\/2025\/11\/talking-bot-125x125.png\",\"contentUrl\":\"https:\/\/portaltela.pt\/s.01k8rhncp4jt1\/2025\/11\/talking-bot-125x125.png\",\"caption\":\"Telinha\"},\"sameAs\":[\"https:\/\/portaltela.pt\/\"],\"url\":\"https:\/\/portaltela.pt\/por\/367410592786\/\"}]}<\/script>\n<!-- \/ Yoast SEO plugin. -->","yoast_head_json":{"title":"C\u00f3lera em Mo\u00e7ambique 8.300 casos em um m\u00eas sem mortes - Portal Tela Portugal","robots":{"index":"index","follow":"follow","max-snippet":"max-snippet:-1","max-image-preview":"max-image-preview:large","max-video-preview":"max-video-preview:-1"},"og_locale":"pt_PT","og_type":"article","og_title":"C\u00f3lera em Mo\u00e7ambique 8.300 casos em um m\u00eas sem mortes - Portal Tela Portugal","og_description":"Mo\u00e7ambique ultrapassou os oito mil casos de c\u00f3lera na atual epidemia, em sete meses. O total de mortes reportado \u00e9 de 83 desde o in\u00edcio da crise. N\u00e3o houve registo de mortes no \u00faltimo m\u00eas. os dados s\u00e3o da Dire\u00e7\u00e3o Nacional de Sa\u00fade P\u00fablica.","og_url":"https:\/\/portaltela.pt\/noticias\/2026\/04\/07\/colera-em-mocambique-8-300-casos-em-um-mes-sem-mortes\/","og_site_name":"Portal Tela Portugal","article_published_time":"2026-04-07T10:17:01+00:00","author":"Telinha","twitter_card":"summary_large_image","twitter_misc":{"Escrito por":"Telinha","Tempo estimado de leitura":"1 minuto"},"schema":{"@context":"https:\/\/schema.org","@graph":[{"@type":"Article","@id":"https:\/\/portaltela.pt\/noticias\/2026\/04\/07\/colera-em-mocambique-8-300-casos-em-um-mes-sem-mortes\/#article","isPartOf":{"@id":"https:\/\/portaltela.pt\/noticias\/2026\/04\/07\/colera-em-mocambique-8-300-casos-em-um-mes-sem-mortes\/"},"author":{"name":"Telinha","@id":"https:\/\/portaltela.pt\/#\/schema\/person\/c4278d4a6028830caff9ee44b42d32ed"},"headline":"C\u00f3lera em Mo\u00e7ambique 8.300 casos em um m\u00eas sem mortes","datePublished":"2026-04-07T10:17:01+00:00","mainEntityOfPage":{"@id":"https:\/\/portaltela.pt\/noticias\/2026\/04\/07\/colera-em-mocambique-8-300-casos-em-um-mes-sem-mortes\/"},"wordCount":129,"image":{"@id":"https:\/\/portaltela.pt\/noticias\/2026\/04\/07\/colera-em-mocambique-8-300-casos-em-um-mes-sem-mortes\/#primaryimage"},"thumbnailUrl":"https:\/\/portaltela.pt\/s.01k8rhncp4jt1\/2026\/04\/CACHE_780X1200_ANALOG_WATERMARKED_9188806_7937567_26042019093922.jpg","keywords":["doen\u00e7as","Doen\u00e7as infecciosas e parasit\u00e1rias","Mo\u00e7ambique","sa\u00fade","sa\u00fade p\u00fablica"],"articleSection":["Sa\u00fade"],"inLanguage":"pt-PT"},{"@type":"WebPage","@id":"https:\/\/portaltela.pt\/noticias\/2026\/04\/07\/colera-em-mocambique-8-300-casos-em-um-mes-sem-mortes\/","url":"https:\/\/portaltela.pt\/noticias\/2026\/04\/07\/colera-em-mocambique-8-300-casos-em-um-mes-sem-mortes\/","name":"C\u00f3lera em Mo\u00e7ambique 8.300 casos em um m\u00eas sem mortes - Portal Tela Portugal","isPartOf":{"@id":"https:\/\/portaltela.pt\/#website"},"primaryImageOfPage":{"@id":"https:\/\/portaltela.pt\/noticias\/2026\/04\/07\/colera-em-mocambique-8-300-casos-em-um-mes-sem-mortes\/#primaryimage"},"image":{"@id":"https:\/\/portaltela.pt\/noticias\/2026\/04\/07\/colera-em-mocambique-8-300-casos-em-um-mes-sem-mortes\/#primaryimage"},"thumbnailUrl":"https:\/\/portaltela.pt\/s.01k8rhncp4jt1\/2026\/04\/CACHE_780X1200_ANALOG_WATERMARKED_9188806_7937567_26042019093922.jpg","datePublished":"2026-04-07T10:17:01+00:00","author":{"@id":"https:\/\/portaltela.pt\/#\/schema\/person\/c4278d4a6028830caff9ee44b42d32ed"},"breadcrumb":{"@id":"https:\/\/portaltela.pt\/noticias\/2026\/04\/07\/colera-em-mocambique-8-300-casos-em-um-mes-sem-mortes\/#breadcrumb"},"inLanguage":"pt-PT","potentialAction":[{"@type":"ReadAction","target":["https:\/\/portaltela.pt\/noticias\/2026\/04\/07\/colera-em-mocambique-8-300-casos-em-um-mes-sem-mortes\/"]}]},{"@type":"ImageObject","inLanguage":"pt-PT","@id":"https:\/\/portaltela.pt\/noticias\/2026\/04\/07\/colera-em-mocambique-8-300-casos-em-um-mes-sem-mortes\/#primaryimage","url":"https:\/\/portaltela.pt\/s.01k8rhncp4jt1\/2026\/04\/CACHE_780X1200_ANALOG_WATERMARKED_9188806_7937567_26042019093922.jpg","contentUrl":"https:\/\/portaltela.pt\/s.01k8rhncp4jt1\/2026\/04\/CACHE_780X1200_ANALOG_WATERMARKED_9188806_7937567_26042019093922.jpg","width":796,"height":448,"caption":"Epidemia de c\u00f3lera em Mo\u00e7ambique com mais de 8.300 casos mas sem mortos h\u00e1 um m\u00eas"},{"@type":"BreadcrumbList","@id":"https:\/\/portaltela.pt\/noticias\/2026\/04\/07\/colera-em-mocambique-8-300-casos-em-um-mes-sem-mortes\/#breadcrumb","itemListElement":[{"@type":"ListItem","position":1,"name":"In\u00edcio","item":"https:\/\/portaltela.pt\/"},{"@type":"ListItem","position":2,"name":"C\u00f3lera em Mo\u00e7ambique 8.300 casos em um m\u00eas sem mortes"}]},{"@type":"WebSite","@id":"https:\/\/portaltela.pt\/#website","url":"https:\/\/portaltela.pt\/","name":"Portal Tela Portugal","description":"","potentialAction":[{"@type":"SearchAction","target":{"@type":"EntryPoint","urlTemplate":"https:\/\/portaltela.pt\/?s={search_term_string}"},"query-input":{"@type":"PropertyValueSpecification","valueRequired":true,"valueName":"search_term_string"}}],"inLanguage":"pt-PT"},{"@type":"Person","@id":"https:\/\/portaltela.pt\/#\/schema\/person\/c4278d4a6028830caff9ee44b42d32ed","name":"Telinha","image":{"@type":"ImageObject","inLanguage":"pt-PT","@id":"https:\/\/portaltela.pt\/s.01k8rhncp4jt1\/2025\/11\/talking-bot-125x125.png","url":"https:\/\/portaltela.pt\/s.01k8rhncp4jt1\/2025\/11\/talking-bot-125x125.png","contentUrl":"https:\/\/portaltela.pt\/s.01k8rhncp4jt1\/2025\/11\/talking-bot-125x125.png","caption":"Telinha"},"sameAs":["https:\/\/portaltela.pt\/"],"url":"https:\/\/portaltela.pt\/por\/367410592786\/"}]}},"_links":{"self":[{"href":"https:\/\/portaltela.pt\/api\/wp\/v2\/posts\/435118","targetHints":{"allow":["GET"]}}],"collection":[{"href":"https:\/\/portaltela.pt\/api\/wp\/v2\/posts"}],"about":[{"href":"https:\/\/portaltela.pt\/api\/wp\/v2\/types\/post"}],"author":[{"embeddable":true,"href":"https:\/\/portaltela.pt\/api\/wp\/v2\/users\/2"}],"replies":[{"embeddable":true,"href":"https:\/\/portaltela.pt\/api\/wp\/v2\/comments?post=435118"}],"version-history":[{"count":0,"href":"https:\/\/portaltela.pt\/api\/wp\/v2\/posts\/435118\/revisions"}],"wp:featuredmedia":[{"embeddable":true,"href":"https:\/\/portaltela.pt\/api\/wp\/v2\/media\/435123"}],"wp:attachment":[{"href":"https:\/\/portaltela.pt\/api\/wp\/v2\/media?parent=435118"}],"wp:term":[{"taxonomy":"category","embeddable":true,"href":"https:\/\/portaltela.pt\/api\/wp\/v2\/categories?post=435118"},{"taxonomy":"post_tag","embeddable":true,"href":"https:\/\/portaltela.pt\/api\/wp\/v2\/tags?post=435118"}],"curies":[{"name":"wp","href":"https:\/\/api.w.org\/{rel}","templated":true}]}}