{"id":435113,"date":"2026-04-07T07:02:42","date_gmt":"2026-04-07T10:02:42","guid":{"rendered":"https:\/\/portaltela.pt\/noticias\/2026\/04\/07\/entre-budapeste-e-bruxelas-a-posicao-incerta-de-peter-magyar\/"},"modified":"2026-04-07T07:02:42","modified_gmt":"2026-04-07T10:02:42","slug":"entre-budapeste-e-bruxelas-a-posicao-incerta-de-peter-magyar","status":"publish","type":"post","link":"https:\/\/portaltela.pt\/seguranca\/2026\/04\/07\/entre-budapeste-e-bruxelas-a-posicao-incerta-de-peter-magyar\/","title":{"rendered":"Entre Budapeste e Bruxelas: a posi\u00e7\u00e3o incerta de P\u00e9ter Magyar"},"content":{"rendered":"<p>Entre Budapeste e Bruxelas: P\u00e9ter Magyar na corda bamba entre Bruxelas e Budapeste<\/p>\n<p>P\u00e9ter Magyar, eurodeputado e l\u00edder do partido opositor h\u00fangaro Tisza, tem dado prioridade \u00e0 campanha interna para as elei\u00e7\u00f5es de 12 de abril, em detrimento de parte do trabalho parlamentar em Bruxelas. A atua\u00e7\u00e3o tem seguido orienta\u00e7\u00f5es de combate pol\u00edtico interno, embrenhando-se em disputas com o governo de Viktor Orb\u00e1n.<\/p>\n<p>Desde a sua elei\u00e7\u00e3o como eurodeputado em 2024, Magyar n\u00e3o tem produzido relat\u00f3rios parlamentares e raramente participa nas sess\u00f5es das comiss\u00f5es. Registou apenas uma resolu\u00e7\u00e3o e votou a favor de levar o acordo UE-Mercosul ao Tribunal de Justi\u00e7a, em Estrasburgo, em janeiro.<\/p>\n<p>Analistas apontam que a participa\u00e7\u00e3o de Magyar em plen\u00e1rio se mant\u00e9m baixa, com uma taxa de presen\u00e7a estimada em cerca de 21% desde o in\u00edcio do mandato. A observa\u00e7\u00e3o \u00e9 de Doru Frantescu, da EU Matrix, que acompanha dados sobre as institui\u00e7\u00f5es da UE.<\/p>\n<p>A estrat\u00e9gia de Magyar parece clara: usar o Parlamento Europeu como palco para dinamizar a destitui\u00e7\u00e3o de Orb\u00e1n ap\u00f3s 16 anos no poder. O objetivo \u00e9 impulsionar a marca pol\u00edtica do Tisza antes das elei\u00e7\u00f5es nacionais.<\/p>\n<p>No ver\u00e3o de 2024, Magyar j\u00e1 havia mostrado for\u00e7a ao obter 30% dos votos num partido novo nas elei\u00e7\u00f5es europeias. O Tisza acabou integrado no Partido Popular Europeu, fortalecendo a alian\u00e7a com a maior fam\u00edlia pol\u00edtica do continente.<\/p>\n<p>No entanto, a atua\u00e7\u00e3o no Parlamento tem gerado cr\u00edticas entre colegas, com alguns a afirmar que o trabalho de Magyar nas comiss\u00f5es \u00e9 pouco vis\u00edvel. A disputa interna entranhou-se nas din\u00e2micas entre Bruxelas e Budapeste.<\/p>\n<h3>O papel e as limita\u00e7\u00f5es no PPE<\/h3>\n<p>Entre dirigentes do PPE, a aus\u00eancia de Magyar \u00e9 notada, mas geralmente aceite. O grupo tem colocado a prioridade no sucesso eleitoral do Tisza na Hungria, o que reduz a participa\u00e7\u00e3o direta de Magyar em reuni\u00f5es e decis\u00f5es do grupo.<\/p>\n<p>A lideran\u00e7a do PPE destaca que o papel de Magyar no Parlamento permanece relevante apenas na medida em que o Tisza sustenta uma posi\u00e7\u00e3o competitiva para as elei\u00e7\u00f5es nacionais. A coopera\u00e7\u00e3o entre Bruxelas e Budapeste continua em equil\u00edbrio.<\/p>\n<h3>Posicionamento pol\u00edtico e temas sens\u00edveis<\/h3>\n<p>O Tisza \u00e9 visto como mais pr\u00f3-europeu do que o Fidesz, mas Magyar evita em Bruxelas posi\u00e7\u00f5es que possam soar impopulares no pa\u00eds. A ades\u00e3o da Ucr\u00e2nia \u00e0 UE \u00e9 tema sens\u00edvel para o eleitorado h\u00fangaro, ainda que o PPE, em geral, apoie a posi\u00e7\u00e3o de apoio \u00e0 Ucr\u00e2nia.<\/p>\n<p>Em fevereiro de 2026, os eurodeputados do Tisza votaram contra o empr\u00e9stimo de 90 mil milh\u00f5es de euros proposto pela UE \u00e0 Ucr\u00e2nia, acompanhando a posi\u00e7\u00e3o de Orb\u00e1n de veto. A composi\u00e7\u00e3o entre a linha do PPE e a opini\u00e3o p\u00fablica h\u00fangara permanece tensa.<\/p>\n<p>Magyar defende a import\u00e2ncia de proteger as fronteiras externas da UE e op\u00f5e-se \u00e0 redistribui\u00e7\u00e3o de requerentes de asilo, mantendo uma posi\u00e7\u00e3o pr\u00f3xima da linha de governo em certos temas, sem abandonar a perspetiva de confrontar Orb\u00e1n no plano interno.<\/p>\n","protected":false},"excerpt":{"rendered":"<ul>\n<li>P\u00e9ter Magyar, l\u00edder do partido Tisza, tem prioridade na campanha interna h\u00fangara e tende a afastar-se de Bruxelas para atrair eleitores, mantendo dist\u00e2ncia de figuras da UE como von der Leyen.<\/li>\n<li>Desde a elei\u00e7\u00e3o como eurodeputado em 2024, Magyar n\u00e3o redigiu relat\u00f3rios parlamentares, assinou apenas uma resolu\u00e7\u00e3o e raramente participou em sess\u00f5es de comiss\u00f5es; a \u00faltima apari\u00e7\u00e3o em Estrasburgo foi em janeiro.<\/li>\n<li>O objetivo parece claro: usar o Parlamento Europeu como palco para pressionar a destitui\u00e7\u00e3o de Viktor Orb\u00e1n, mantendo-se ao mesmo tempo sens\u00edvel \u00e0s din\u00e2micas pol\u00edticas internas.<\/li>\n<li>No PPE, a aus\u00eancia de Magyar \u00e9 sentida, mas geralmente aceite; a lideran\u00e7a do grupo prioriza o sucesso eleitoral do seu aliado h\u00fangaro, com Zolt\u00e1n Tarr a representar o Tisza em Bruxelas e Estrasburgo.<\/li>\n<li>O Tisza, embora mais pr\u00f3-europeu que o Fidesz, procura equilibrar posi\u00e7\u00f5es entre a UE e a Hungria, incluindo quest\u00f5es como a ades\u00e3o potencial da Ucr\u00e2nia \u00e0 UE e a migra\u00e7\u00e3o, onde o grupo manteve vota\u00e7\u00f5es conservadoras, incluindo o veto a um empr\u00e9stimo \u00e0 Ucr\u00e2nia.<\/li>\n<\/ul>\n","protected":false},"author":2,"featured_media":435114,"comment_status":"closed","ping_status":"closed","sticky":false,"template":"","format":"standard","meta":{"footnotes":""},"categories":[6814,6779],"tags":[2487,2579,7153,2832,2134,2055],"class_list":["post-435113","post","type-post","status-publish","format-standard","has-post-thumbnail","hentry","category-geopolitica","category-seguranca","tag-europa","tag-hungria","tag-parlamento-europeu","tag-politica","tag-ucrania","tag-uniao-europeia"],"yoast_head":"<!-- This site is optimized with the Yoast SEO plugin v27.2 - https:\/\/yoast.com\/product\/yoast-seo-wordpress\/ -->\n<title>Entre Budapeste e Bruxelas: a posi\u00e7\u00e3o incerta de P\u00e9ter Magyar - Portal Tela Portugal<\/title>\n<meta name=\"robots\" content=\"index, follow, max-snippet:-1, max-image-preview:large, max-video-preview:-1\" \/>\n<meta property=\"og:locale\" content=\"pt_PT\" \/>\n<meta property=\"og:type\" content=\"article\" \/>\n<meta property=\"og:title\" content=\"Entre Budapeste e Bruxelas: a posi\u00e7\u00e3o incerta de P\u00e9ter Magyar - Portal Tela Portugal\" \/>\n<meta property=\"og:description\" content=\"P\u00e9ter Magyar, l\u00edder do partido Tisza, tem prioridade na campanha interna h\u00fangara e tende a afastar-se de Bruxelas para atrair eleitores, mantendo dist\u00e2ncia de figuras da UE como von der Leyen. Desde a elei\u00e7\u00e3o como eurodeputado em 2024, Magyar n\u00e3o redigiu relat\u00f3rios parlamentares, assinou apenas uma resolu\u00e7\u00e3o e raramente participou em sess\u00f5es de comiss\u00f5es; a \u00faltima apari\u00e7\u00e3o em Estrasburgo foi em janeiro. O objetivo parece claro: usar o Parlamento Europeu como palco para pressionar a destitui\u00e7\u00e3o de Viktor Orb\u00e1n, mantendo-se ao mesmo tempo sens\u00edvel \u00e0s din\u00e2micas pol\u00edticas internas. No PPE, a aus\u00eancia de Magyar \u00e9 sentida, mas geralmente aceite; a lideran\u00e7a do grupo prioriza o sucesso eleitoral do seu aliado h\u00fangaro, com Zolt\u00e1n Tarr a representar o Tisza em Bruxelas e Estrasburgo. O Tisza, embora mais pr\u00f3-europeu que o Fidesz, procura equilibrar posi\u00e7\u00f5es entre a UE e a Hungria, incluindo quest\u00f5es como a ades\u00e3o potencial da Ucr\u00e2nia \u00e0 UE e a migra\u00e7\u00e3o, onde o grupo manteve vota\u00e7\u00f5es conservadoras, incluindo o veto a um empr\u00e9stimo \u00e0 Ucr\u00e2nia.\" \/>\n<meta property=\"og:url\" content=\"https:\/\/portaltela.pt\/noticias\/2026\/04\/07\/entre-budapeste-e-bruxelas-a-posicao-incerta-de-peter-magyar\/\" \/>\n<meta property=\"og:site_name\" content=\"Portal Tela Portugal\" \/>\n<meta property=\"article:published_time\" content=\"2026-04-07T10:02:42+00:00\" \/>\n<meta name=\"author\" content=\"Telinha\" \/>\n<meta name=\"twitter:card\" content=\"summary_large_image\" \/>\n<meta name=\"twitter:label1\" content=\"Escrito por\" \/>\n\t<meta name=\"twitter:data1\" content=\"Telinha\" \/>\n\t<meta name=\"twitter:label2\" content=\"Tempo estimado de leitura\" \/>\n\t<meta name=\"twitter:data2\" content=\"3 minutos\" \/>\n<script type=\"application\/ld+json\" class=\"yoast-schema-graph\">{\"@context\":\"https:\/\/schema.org\",\"@graph\":[{\"@type\":\"Article\",\"@id\":\"https:\/\/portaltela.pt\/noticias\/2026\/04\/07\/entre-budapeste-e-bruxelas-a-posicao-incerta-de-peter-magyar\/#article\",\"isPartOf\":{\"@id\":\"https:\/\/portaltela.pt\/noticias\/2026\/04\/07\/entre-budapeste-e-bruxelas-a-posicao-incerta-de-peter-magyar\/\"},\"author\":{\"name\":\"Telinha\",\"@id\":\"https:\/\/portaltela.pt\/#\/schema\/person\/c4278d4a6028830caff9ee44b42d32ed\"},\"headline\":\"Entre Budapeste e Bruxelas: a posi\u00e7\u00e3o incerta de P\u00e9ter Magyar\",\"datePublished\":\"2026-04-07T10:02:42+00:00\",\"mainEntityOfPage\":{\"@id\":\"https:\/\/portaltela.pt\/noticias\/2026\/04\/07\/entre-budapeste-e-bruxelas-a-posicao-incerta-de-peter-magyar\/\"},\"wordCount\":550,\"image\":{\"@id\":\"https:\/\/portaltela.pt\/noticias\/2026\/04\/07\/entre-budapeste-e-bruxelas-a-posicao-incerta-de-peter-magyar\/#primaryimage\"},\"thumbnailUrl\":\"https:\/\/portaltela.pt\/s.01k8rhncp4jt1\/2026\/04\/1536x864_cmsv2_78e76260-23aa-5981-9bc1-25ae70464202-9704193.jpg\",\"keywords\":[\"Europa\",\"Hungria\",\"Parlamento Europeu\",\"pol\u00edtica\",\"Ucr\u00e2nia\",\"Uni\u00e3o Europeia\"],\"articleSection\":[\"Geopol\u00edtica\",\"Seguran\u00e7a\"],\"inLanguage\":\"pt-PT\"},{\"@type\":\"WebPage\",\"@id\":\"https:\/\/portaltela.pt\/noticias\/2026\/04\/07\/entre-budapeste-e-bruxelas-a-posicao-incerta-de-peter-magyar\/\",\"url\":\"https:\/\/portaltela.pt\/noticias\/2026\/04\/07\/entre-budapeste-e-bruxelas-a-posicao-incerta-de-peter-magyar\/\",\"name\":\"Entre Budapeste e Bruxelas: a posi\u00e7\u00e3o incerta de P\u00e9ter Magyar - Portal Tela Portugal\",\"isPartOf\":{\"@id\":\"https:\/\/portaltela.pt\/#website\"},\"primaryImageOfPage\":{\"@id\":\"https:\/\/portaltela.pt\/noticias\/2026\/04\/07\/entre-budapeste-e-bruxelas-a-posicao-incerta-de-peter-magyar\/#primaryimage\"},\"image\":{\"@id\":\"https:\/\/portaltela.pt\/noticias\/2026\/04\/07\/entre-budapeste-e-bruxelas-a-posicao-incerta-de-peter-magyar\/#primaryimage\"},\"thumbnailUrl\":\"https:\/\/portaltela.pt\/s.01k8rhncp4jt1\/2026\/04\/1536x864_cmsv2_78e76260-23aa-5981-9bc1-25ae70464202-9704193.jpg\",\"datePublished\":\"2026-04-07T10:02:42+00:00\",\"author\":{\"@id\":\"https:\/\/portaltela.pt\/#\/schema\/person\/c4278d4a6028830caff9ee44b42d32ed\"},\"breadcrumb\":{\"@id\":\"https:\/\/portaltela.pt\/noticias\/2026\/04\/07\/entre-budapeste-e-bruxelas-a-posicao-incerta-de-peter-magyar\/#breadcrumb\"},\"inLanguage\":\"pt-PT\",\"potentialAction\":[{\"@type\":\"ReadAction\",\"target\":[\"https:\/\/portaltela.pt\/noticias\/2026\/04\/07\/entre-budapeste-e-bruxelas-a-posicao-incerta-de-peter-magyar\/\"]}]},{\"@type\":\"ImageObject\",\"inLanguage\":\"pt-PT\",\"@id\":\"https:\/\/portaltela.pt\/noticias\/2026\/04\/07\/entre-budapeste-e-bruxelas-a-posicao-incerta-de-peter-magyar\/#primaryimage\",\"url\":\"https:\/\/portaltela.pt\/s.01k8rhncp4jt1\/2026\/04\/1536x864_cmsv2_78e76260-23aa-5981-9bc1-25ae70464202-9704193.jpg\",\"contentUrl\":\"https:\/\/portaltela.pt\/s.01k8rhncp4jt1\/2026\/04\/1536x864_cmsv2_78e76260-23aa-5981-9bc1-25ae70464202-9704193.jpg\",\"width\":1536,\"height\":864,\"caption\":\"Magyar passa a maior parte do tempo na Hungria antes das elei\u00e7\u00f5es de 12 de abril\"},{\"@type\":\"BreadcrumbList\",\"@id\":\"https:\/\/portaltela.pt\/noticias\/2026\/04\/07\/entre-budapeste-e-bruxelas-a-posicao-incerta-de-peter-magyar\/#breadcrumb\",\"itemListElement\":[{\"@type\":\"ListItem\",\"position\":1,\"name\":\"In\u00edcio\",\"item\":\"https:\/\/portaltela.pt\/\"},{\"@type\":\"ListItem\",\"position\":2,\"name\":\"Entre Budapeste e Bruxelas: a posi\u00e7\u00e3o incerta de P\u00e9ter Magyar\"}]},{\"@type\":\"WebSite\",\"@id\":\"https:\/\/portaltela.pt\/#website\",\"url\":\"https:\/\/portaltela.pt\/\",\"name\":\"Portal Tela Portugal\",\"description\":\"\",\"potentialAction\":[{\"@type\":\"SearchAction\",\"target\":{\"@type\":\"EntryPoint\",\"urlTemplate\":\"https:\/\/portaltela.pt\/?s={search_term_string}\"},\"query-input\":{\"@type\":\"PropertyValueSpecification\",\"valueRequired\":true,\"valueName\":\"search_term_string\"}}],\"inLanguage\":\"pt-PT\"},{\"@type\":\"Person\",\"@id\":\"https:\/\/portaltela.pt\/#\/schema\/person\/c4278d4a6028830caff9ee44b42d32ed\",\"name\":\"Telinha\",\"image\":{\"@type\":\"ImageObject\",\"inLanguage\":\"pt-PT\",\"@id\":\"https:\/\/portaltela.pt\/s.01k8rhncp4jt1\/2025\/11\/talking-bot-125x125.png\",\"url\":\"https:\/\/portaltela.pt\/s.01k8rhncp4jt1\/2025\/11\/talking-bot-125x125.png\",\"contentUrl\":\"https:\/\/portaltela.pt\/s.01k8rhncp4jt1\/2025\/11\/talking-bot-125x125.png\",\"caption\":\"Telinha\"},\"sameAs\":[\"https:\/\/portaltela.pt\/\"],\"url\":\"https:\/\/portaltela.pt\/por\/367410592786\/\"}]}<\/script>\n<!-- \/ Yoast SEO plugin. -->","yoast_head_json":{"title":"Entre Budapeste e Bruxelas: a posi\u00e7\u00e3o incerta de P\u00e9ter Magyar - Portal Tela Portugal","robots":{"index":"index","follow":"follow","max-snippet":"max-snippet:-1","max-image-preview":"max-image-preview:large","max-video-preview":"max-video-preview:-1"},"og_locale":"pt_PT","og_type":"article","og_title":"Entre Budapeste e Bruxelas: a posi\u00e7\u00e3o incerta de P\u00e9ter Magyar - Portal Tela Portugal","og_description":"P\u00e9ter Magyar, l\u00edder do partido Tisza, tem prioridade na campanha interna h\u00fangara e tende a afastar-se de Bruxelas para atrair eleitores, mantendo dist\u00e2ncia de figuras da UE como von der Leyen. Desde a elei\u00e7\u00e3o como eurodeputado em 2024, Magyar n\u00e3o redigiu relat\u00f3rios parlamentares, assinou apenas uma resolu\u00e7\u00e3o e raramente participou em sess\u00f5es de comiss\u00f5es; a \u00faltima apari\u00e7\u00e3o em Estrasburgo foi em janeiro. O objetivo parece claro: usar o Parlamento Europeu como palco para pressionar a destitui\u00e7\u00e3o de Viktor Orb\u00e1n, mantendo-se ao mesmo tempo sens\u00edvel \u00e0s din\u00e2micas pol\u00edticas internas. No PPE, a aus\u00eancia de Magyar \u00e9 sentida, mas geralmente aceite; a lideran\u00e7a do grupo prioriza o sucesso eleitoral do seu aliado h\u00fangaro, com Zolt\u00e1n Tarr a representar o Tisza em Bruxelas e Estrasburgo. O Tisza, embora mais pr\u00f3-europeu que o Fidesz, procura equilibrar posi\u00e7\u00f5es entre a UE e a Hungria, incluindo quest\u00f5es como a ades\u00e3o potencial da Ucr\u00e2nia \u00e0 UE e a migra\u00e7\u00e3o, onde o grupo manteve vota\u00e7\u00f5es conservadoras, incluindo o veto a um empr\u00e9stimo \u00e0 Ucr\u00e2nia.","og_url":"https:\/\/portaltela.pt\/noticias\/2026\/04\/07\/entre-budapeste-e-bruxelas-a-posicao-incerta-de-peter-magyar\/","og_site_name":"Portal Tela Portugal","article_published_time":"2026-04-07T10:02:42+00:00","author":"Telinha","twitter_card":"summary_large_image","twitter_misc":{"Escrito por":"Telinha","Tempo estimado de leitura":"3 minutos"},"schema":{"@context":"https:\/\/schema.org","@graph":[{"@type":"Article","@id":"https:\/\/portaltela.pt\/noticias\/2026\/04\/07\/entre-budapeste-e-bruxelas-a-posicao-incerta-de-peter-magyar\/#article","isPartOf":{"@id":"https:\/\/portaltela.pt\/noticias\/2026\/04\/07\/entre-budapeste-e-bruxelas-a-posicao-incerta-de-peter-magyar\/"},"author":{"name":"Telinha","@id":"https:\/\/portaltela.pt\/#\/schema\/person\/c4278d4a6028830caff9ee44b42d32ed"},"headline":"Entre Budapeste e Bruxelas: a posi\u00e7\u00e3o incerta de P\u00e9ter Magyar","datePublished":"2026-04-07T10:02:42+00:00","mainEntityOfPage":{"@id":"https:\/\/portaltela.pt\/noticias\/2026\/04\/07\/entre-budapeste-e-bruxelas-a-posicao-incerta-de-peter-magyar\/"},"wordCount":550,"image":{"@id":"https:\/\/portaltela.pt\/noticias\/2026\/04\/07\/entre-budapeste-e-bruxelas-a-posicao-incerta-de-peter-magyar\/#primaryimage"},"thumbnailUrl":"https:\/\/portaltela.pt\/s.01k8rhncp4jt1\/2026\/04\/1536x864_cmsv2_78e76260-23aa-5981-9bc1-25ae70464202-9704193.jpg","keywords":["Europa","Hungria","Parlamento Europeu","pol\u00edtica","Ucr\u00e2nia","Uni\u00e3o Europeia"],"articleSection":["Geopol\u00edtica","Seguran\u00e7a"],"inLanguage":"pt-PT"},{"@type":"WebPage","@id":"https:\/\/portaltela.pt\/noticias\/2026\/04\/07\/entre-budapeste-e-bruxelas-a-posicao-incerta-de-peter-magyar\/","url":"https:\/\/portaltela.pt\/noticias\/2026\/04\/07\/entre-budapeste-e-bruxelas-a-posicao-incerta-de-peter-magyar\/","name":"Entre Budapeste e Bruxelas: a posi\u00e7\u00e3o incerta de P\u00e9ter Magyar - Portal Tela Portugal","isPartOf":{"@id":"https:\/\/portaltela.pt\/#website"},"primaryImageOfPage":{"@id":"https:\/\/portaltela.pt\/noticias\/2026\/04\/07\/entre-budapeste-e-bruxelas-a-posicao-incerta-de-peter-magyar\/#primaryimage"},"image":{"@id":"https:\/\/portaltela.pt\/noticias\/2026\/04\/07\/entre-budapeste-e-bruxelas-a-posicao-incerta-de-peter-magyar\/#primaryimage"},"thumbnailUrl":"https:\/\/portaltela.pt\/s.01k8rhncp4jt1\/2026\/04\/1536x864_cmsv2_78e76260-23aa-5981-9bc1-25ae70464202-9704193.jpg","datePublished":"2026-04-07T10:02:42+00:00","author":{"@id":"https:\/\/portaltela.pt\/#\/schema\/person\/c4278d4a6028830caff9ee44b42d32ed"},"breadcrumb":{"@id":"https:\/\/portaltela.pt\/noticias\/2026\/04\/07\/entre-budapeste-e-bruxelas-a-posicao-incerta-de-peter-magyar\/#breadcrumb"},"inLanguage":"pt-PT","potentialAction":[{"@type":"ReadAction","target":["https:\/\/portaltela.pt\/noticias\/2026\/04\/07\/entre-budapeste-e-bruxelas-a-posicao-incerta-de-peter-magyar\/"]}]},{"@type":"ImageObject","inLanguage":"pt-PT","@id":"https:\/\/portaltela.pt\/noticias\/2026\/04\/07\/entre-budapeste-e-bruxelas-a-posicao-incerta-de-peter-magyar\/#primaryimage","url":"https:\/\/portaltela.pt\/s.01k8rhncp4jt1\/2026\/04\/1536x864_cmsv2_78e76260-23aa-5981-9bc1-25ae70464202-9704193.jpg","contentUrl":"https:\/\/portaltela.pt\/s.01k8rhncp4jt1\/2026\/04\/1536x864_cmsv2_78e76260-23aa-5981-9bc1-25ae70464202-9704193.jpg","width":1536,"height":864,"caption":"Magyar passa a maior parte do tempo na Hungria antes das elei\u00e7\u00f5es de 12 de abril"},{"@type":"BreadcrumbList","@id":"https:\/\/portaltela.pt\/noticias\/2026\/04\/07\/entre-budapeste-e-bruxelas-a-posicao-incerta-de-peter-magyar\/#breadcrumb","itemListElement":[{"@type":"ListItem","position":1,"name":"In\u00edcio","item":"https:\/\/portaltela.pt\/"},{"@type":"ListItem","position":2,"name":"Entre Budapeste e Bruxelas: a posi\u00e7\u00e3o incerta de P\u00e9ter Magyar"}]},{"@type":"WebSite","@id":"https:\/\/portaltela.pt\/#website","url":"https:\/\/portaltela.pt\/","name":"Portal Tela Portugal","description":"","potentialAction":[{"@type":"SearchAction","target":{"@type":"EntryPoint","urlTemplate":"https:\/\/portaltela.pt\/?s={search_term_string}"},"query-input":{"@type":"PropertyValueSpecification","valueRequired":true,"valueName":"search_term_string"}}],"inLanguage":"pt-PT"},{"@type":"Person","@id":"https:\/\/portaltela.pt\/#\/schema\/person\/c4278d4a6028830caff9ee44b42d32ed","name":"Telinha","image":{"@type":"ImageObject","inLanguage":"pt-PT","@id":"https:\/\/portaltela.pt\/s.01k8rhncp4jt1\/2025\/11\/talking-bot-125x125.png","url":"https:\/\/portaltela.pt\/s.01k8rhncp4jt1\/2025\/11\/talking-bot-125x125.png","contentUrl":"https:\/\/portaltela.pt\/s.01k8rhncp4jt1\/2025\/11\/talking-bot-125x125.png","caption":"Telinha"},"sameAs":["https:\/\/portaltela.pt\/"],"url":"https:\/\/portaltela.pt\/por\/367410592786\/"}]}},"_links":{"self":[{"href":"https:\/\/portaltela.pt\/api\/wp\/v2\/posts\/435113","targetHints":{"allow":["GET"]}}],"collection":[{"href":"https:\/\/portaltela.pt\/api\/wp\/v2\/posts"}],"about":[{"href":"https:\/\/portaltela.pt\/api\/wp\/v2\/types\/post"}],"author":[{"embeddable":true,"href":"https:\/\/portaltela.pt\/api\/wp\/v2\/users\/2"}],"replies":[{"embeddable":true,"href":"https:\/\/portaltela.pt\/api\/wp\/v2\/comments?post=435113"}],"version-history":[{"count":0,"href":"https:\/\/portaltela.pt\/api\/wp\/v2\/posts\/435113\/revisions"}],"wp:featuredmedia":[{"embeddable":true,"href":"https:\/\/portaltela.pt\/api\/wp\/v2\/media\/435114"}],"wp:attachment":[{"href":"https:\/\/portaltela.pt\/api\/wp\/v2\/media?parent=435113"}],"wp:term":[{"taxonomy":"category","embeddable":true,"href":"https:\/\/portaltela.pt\/api\/wp\/v2\/categories?post=435113"},{"taxonomy":"post_tag","embeddable":true,"href":"https:\/\/portaltela.pt\/api\/wp\/v2\/tags?post=435113"}],"curies":[{"name":"wp","href":"https:\/\/api.w.org\/{rel}","templated":true}]}}