{"id":435102,"date":"2026-04-07T07:02:22","date_gmt":"2026-04-07T10:02:22","guid":{"rendered":"https:\/\/portaltela.pt\/noticias\/2026\/04\/07\/fugitivo-do-tren-de-aragua-detido-em-espanha-procurado-pelos-eua\/"},"modified":"2026-04-07T07:02:22","modified_gmt":"2026-04-07T10:02:22","slug":"fugitivo-do-tren-de-aragua-detido-em-espanha-procurado-pelos-eua","status":"publish","type":"post","link":"https:\/\/portaltela.pt\/policia\/2026\/04\/07\/fugitivo-do-tren-de-aragua-detido-em-espanha-procurado-pelos-eua\/","title":{"rendered":"Fugitivo do Tren de Aragua detido em Espanha, procurado pelos EUA"},"content":{"rendered":"<p>Um fugitivo procurado pelos Estados Unidos por pirataria inform\u00e1tica de caixas multibanco foi detido em Espanha pela Pol\u00edcia Nacional. O suspeito \u00e9 acusado de financiar o grupo criminoso Tren de Aragua, sediado na Venezuela. A deten\u00e7\u00e3o ocorreu no \u00e2mbito de opera\u00e7\u00f5es de luta transnacional.<\/p>\n<p>A investiga\u00e7\u00e3o aponta que o indiv\u00edduo participou num esquema nos EUA que visava piratear caixas multibanco com malware espec\u00edfico. Os levantamentos fraudulentos seriam usados para sustentar atividades do Tren de Aragua, classificado como uma das organiza\u00e7\u00f5es mais violentas da regi\u00e3o.<\/p>\n<p>A deten\u00e7\u00e3o foi efetuada pela For\u00e7a de Interven\u00e7\u00e3o Conjunta da Pol\u00edcia Nacional, criada para combater o grupo transnacional. A opera\u00e7\u00e3o insere-se numa coopera\u00e7\u00e3o internacional em curso contra o gangue.<\/p>\n<h3>Colabora\u00e7\u00e3o internacional com o FBI<\/h3>\n<p>Desde 2022, a Pol\u00edcia Nacional tem participado em f\u00f3runs multilaterais para partilhar informa\u00e7\u00f5es sobre a expans\u00e3o do Tren de Aragua. Um dos grupos \u00e9 o GICCOT, apoiado pelo FBI, com atua\u00e7\u00e3o na Am\u00e9rica Central e na vigil\u00e2ncia de redes que operam em Espanha.<\/p>\n<p>Foi tamb\u00e9m criada a AMERIPOL, com uma A\u00e7\u00e3o Conjunta para enfrentar o Tren de Aragua, com o apoio do projeto PACCTO-AMERIPOL. A Pol\u00edcia Nacional participa nesta iniciativa para intensificar o combate \u00e0 organiza\u00e7\u00e3o.<\/p>\n<h3>Sobre o Tren de Aragua<\/h3>\n<p>O Tren de Aragua \u00e9 uma organiza\u00e7\u00e3o venezuelana amplamente descrita como uma das mais potentes do pa\u00eds. Surgiu como sindicato de trabalhadores ferrovi\u00e1rios e, desde 2013, expandiu-se pela Am\u00e9rica Latina, com atividades como homic\u00eddio, extors\u00e3o, sequestro e tr\u00e1fico de pessoas.<\/p>\n<p>Segundo investigadores, o grupo procura replicar a sua estrutura em Espanha, com hierarquias e subgrupos dedicados ao tr\u00e1fico de droga e \u00e0 extors\u00e3o. A organiza\u00e7\u00e3o \u00e9 considerada capaz de desestabilizar contextos internos onde atua.<\/p>\n","protected":false},"excerpt":{"rendered":"<ul>\n<li>A Pol\u00edcia Nacional espanhola deteve em Espanha um fugitivo procurado pelos Estados Unidos por crimes contra institui\u00e7\u00f5es banc\u00e1rias, relacionados com pirataria inform\u00e1tica para financiar o Tren de Aragua.<\/li>\n<li>A deten\u00e7\u00e3o foi realizada pela For\u00e7a de Interven\u00e7\u00e3o Conjunta da Pol\u00edcia Nacional, criada para combater a organiza\u00e7\u00e3o criminosa transnacional.<\/li>\n<li>A coopera\u00e7\u00e3o internacional inclui o FBI, atrav\u00e9s do Grupo Internacional contra o Crime Organizado Transnacional (GICCOT), com Espanha a partilhar informa\u00e7\u00f5es desde 2022.<\/li>\n<li>Foi criada, no \u00e2mbito da AMERIPOL, uma A\u00e7\u00e3o Conjunta e Sustentada para combater o Tren de Aragua, com apoio do projeto PACCTO-AMERIPOL.<\/li>\n<li>O Tren de Aragua \u00e9 uma das mais violentas e influentes organiza\u00e7\u00f5es criminosas da Am\u00e9rica, com atua\u00e7\u00e3o antiga em diversos pa\u00edses e inten\u00e7\u00e3o de se expandir para Espanha.<\/li>\n<\/ul>\n","protected":false},"author":2,"featured_media":435107,"comment_status":"closed","ping_status":"closed","sticky":false,"template":"","format":"standard","meta":{"footnotes":""},"categories":[7374,6781],"tags":[4787,147,3081,2441,2031,2758],"class_list":["post-435102","post","type-post","status-publish","format-standard","has-post-thumbnail","hentry","category-criminalidade","category-policia","tag-colaboracao-internacional","tag-crime","tag-crimes-internacionais","tag-cybercrime","tag-espanha","tag-venezuela"],"yoast_head":"<!-- This site is optimized with the Yoast SEO plugin v27.2 - https:\/\/yoast.com\/product\/yoast-seo-wordpress\/ -->\n<title>Fugitivo do Tren de Aragua detido em Espanha, procurado pelos EUA - Portal Tela Portugal<\/title>\n<meta name=\"robots\" content=\"index, follow, max-snippet:-1, max-image-preview:large, max-video-preview:-1\" \/>\n<meta property=\"og:locale\" content=\"pt_PT\" \/>\n<meta property=\"og:type\" content=\"article\" \/>\n<meta property=\"og:title\" content=\"Fugitivo do Tren de Aragua detido em Espanha, procurado pelos EUA - Portal Tela Portugal\" \/>\n<meta property=\"og:description\" content=\"A Pol\u00edcia Nacional espanhola deteve em Espanha um fugitivo procurado pelos Estados Unidos por crimes contra institui\u00e7\u00f5es banc\u00e1rias, relacionados com pirataria inform\u00e1tica para financiar o Tren de Aragua. A deten\u00e7\u00e3o foi realizada pela For\u00e7a de Interven\u00e7\u00e3o Conjunta da Pol\u00edcia Nacional, criada para combater a organiza\u00e7\u00e3o criminosa transnacional. A coopera\u00e7\u00e3o internacional inclui o FBI, atrav\u00e9s do Grupo Internacional contra o Crime Organizado Transnacional (GICCOT), com Espanha a partilhar informa\u00e7\u00f5es desde 2022. Foi criada, no \u00e2mbito da AMERIPOL, uma A\u00e7\u00e3o Conjunta e Sustentada para combater o Tren de Aragua, com apoio do projeto PACCTO-AMERIPOL. O Tren de Aragua \u00e9 uma das mais violentas e influentes organiza\u00e7\u00f5es criminosas da Am\u00e9rica, com atua\u00e7\u00e3o antiga em diversos pa\u00edses e inten\u00e7\u00e3o de se expandir para Espanha.\" \/>\n<meta property=\"og:url\" content=\"https:\/\/portaltela.pt\/noticias\/2026\/04\/07\/fugitivo-do-tren-de-aragua-detido-em-espanha-procurado-pelos-eua\/\" \/>\n<meta property=\"og:site_name\" content=\"Portal Tela Portugal\" \/>\n<meta property=\"article:published_time\" content=\"2026-04-07T10:02:22+00:00\" \/>\n<meta name=\"author\" content=\"Telinha\" \/>\n<meta name=\"twitter:card\" content=\"summary_large_image\" \/>\n<meta name=\"twitter:label1\" content=\"Escrito por\" \/>\n\t<meta name=\"twitter:data1\" content=\"Telinha\" \/>\n\t<meta name=\"twitter:label2\" content=\"Tempo estimado de leitura\" \/>\n\t<meta name=\"twitter:data2\" content=\"2 minutos\" \/>\n<script type=\"application\/ld+json\" class=\"yoast-schema-graph\">{\"@context\":\"https:\/\/schema.org\",\"@graph\":[{\"@type\":\"Article\",\"@id\":\"https:\/\/portaltela.pt\/noticias\/2026\/04\/07\/fugitivo-do-tren-de-aragua-detido-em-espanha-procurado-pelos-eua\/#article\",\"isPartOf\":{\"@id\":\"https:\/\/portaltela.pt\/noticias\/2026\/04\/07\/fugitivo-do-tren-de-aragua-detido-em-espanha-procurado-pelos-eua\/\"},\"author\":{\"name\":\"Telinha\",\"@id\":\"https:\/\/portaltela.pt\/#\/schema\/person\/c4278d4a6028830caff9ee44b42d32ed\"},\"headline\":\"Fugitivo do Tren de Aragua detido em Espanha, procurado pelos EUA\",\"datePublished\":\"2026-04-07T10:02:22+00:00\",\"mainEntityOfPage\":{\"@id\":\"https:\/\/portaltela.pt\/noticias\/2026\/04\/07\/fugitivo-do-tren-de-aragua-detido-em-espanha-procurado-pelos-eua\/\"},\"wordCount\":313,\"image\":{\"@id\":\"https:\/\/portaltela.pt\/noticias\/2026\/04\/07\/fugitivo-do-tren-de-aragua-detido-em-espanha-procurado-pelos-eua\/#primaryimage\"},\"thumbnailUrl\":\"https:\/\/portaltela.pt\/s.01k8rhncp4jt1\/2026\/04\/1536x864_cmsv2_1715d268-6f84-5212-ac36-0aba7483e596-9712714.jpg\",\"keywords\":[\"colabora\u00e7\u00e3o internacional\",\"crime\",\"crimes internacionais\",\"cybercrime\",\"Espanha\",\"Venezuela\"],\"articleSection\":[\"Criminalidade\",\"Pol\u00edcia\"],\"inLanguage\":\"pt-PT\"},{\"@type\":\"WebPage\",\"@id\":\"https:\/\/portaltela.pt\/noticias\/2026\/04\/07\/fugitivo-do-tren-de-aragua-detido-em-espanha-procurado-pelos-eua\/\",\"url\":\"https:\/\/portaltela.pt\/noticias\/2026\/04\/07\/fugitivo-do-tren-de-aragua-detido-em-espanha-procurado-pelos-eua\/\",\"name\":\"Fugitivo do Tren de Aragua detido em Espanha, procurado pelos EUA - Portal Tela Portugal\",\"isPartOf\":{\"@id\":\"https:\/\/portaltela.pt\/#website\"},\"primaryImageOfPage\":{\"@id\":\"https:\/\/portaltela.pt\/noticias\/2026\/04\/07\/fugitivo-do-tren-de-aragua-detido-em-espanha-procurado-pelos-eua\/#primaryimage\"},\"image\":{\"@id\":\"https:\/\/portaltela.pt\/noticias\/2026\/04\/07\/fugitivo-do-tren-de-aragua-detido-em-espanha-procurado-pelos-eua\/#primaryimage\"},\"thumbnailUrl\":\"https:\/\/portaltela.pt\/s.01k8rhncp4jt1\/2026\/04\/1536x864_cmsv2_1715d268-6f84-5212-ac36-0aba7483e596-9712714.jpg\",\"datePublished\":\"2026-04-07T10:02:22+00:00\",\"author\":{\"@id\":\"https:\/\/portaltela.pt\/#\/schema\/person\/c4278d4a6028830caff9ee44b42d32ed\"},\"breadcrumb\":{\"@id\":\"https:\/\/portaltela.pt\/noticias\/2026\/04\/07\/fugitivo-do-tren-de-aragua-detido-em-espanha-procurado-pelos-eua\/#breadcrumb\"},\"inLanguage\":\"pt-PT\",\"potentialAction\":[{\"@type\":\"ReadAction\",\"target\":[\"https:\/\/portaltela.pt\/noticias\/2026\/04\/07\/fugitivo-do-tren-de-aragua-detido-em-espanha-procurado-pelos-eua\/\"]}]},{\"@type\":\"ImageObject\",\"inLanguage\":\"pt-PT\",\"@id\":\"https:\/\/portaltela.pt\/noticias\/2026\/04\/07\/fugitivo-do-tren-de-aragua-detido-em-espanha-procurado-pelos-eua\/#primaryimage\",\"url\":\"https:\/\/portaltela.pt\/s.01k8rhncp4jt1\/2026\/04\/1536x864_cmsv2_1715d268-6f84-5212-ac36-0aba7483e596-9712714.jpg\",\"contentUrl\":\"https:\/\/portaltela.pt\/s.01k8rhncp4jt1\/2026\/04\/1536x864_cmsv2_1715d268-6f84-5212-ac36-0aba7483e596-9712714.jpg\",\"width\":1536,\"height\":864,\"caption\":\"Imagem do Comboio de Aragua, em Madrid, em abril de 2026.\"},{\"@type\":\"BreadcrumbList\",\"@id\":\"https:\/\/portaltela.pt\/noticias\/2026\/04\/07\/fugitivo-do-tren-de-aragua-detido-em-espanha-procurado-pelos-eua\/#breadcrumb\",\"itemListElement\":[{\"@type\":\"ListItem\",\"position\":1,\"name\":\"In\u00edcio\",\"item\":\"https:\/\/portaltela.pt\/\"},{\"@type\":\"ListItem\",\"position\":2,\"name\":\"Fugitivo do Tren de Aragua detido em Espanha, procurado pelos EUA\"}]},{\"@type\":\"WebSite\",\"@id\":\"https:\/\/portaltela.pt\/#website\",\"url\":\"https:\/\/portaltela.pt\/\",\"name\":\"Portal Tela Portugal\",\"description\":\"\",\"potentialAction\":[{\"@type\":\"SearchAction\",\"target\":{\"@type\":\"EntryPoint\",\"urlTemplate\":\"https:\/\/portaltela.pt\/?s={search_term_string}\"},\"query-input\":{\"@type\":\"PropertyValueSpecification\",\"valueRequired\":true,\"valueName\":\"search_term_string\"}}],\"inLanguage\":\"pt-PT\"},{\"@type\":\"Person\",\"@id\":\"https:\/\/portaltela.pt\/#\/schema\/person\/c4278d4a6028830caff9ee44b42d32ed\",\"name\":\"Telinha\",\"image\":{\"@type\":\"ImageObject\",\"inLanguage\":\"pt-PT\",\"@id\":\"https:\/\/portaltela.pt\/s.01k8rhncp4jt1\/2025\/11\/talking-bot-125x125.png\",\"url\":\"https:\/\/portaltela.pt\/s.01k8rhncp4jt1\/2025\/11\/talking-bot-125x125.png\",\"contentUrl\":\"https:\/\/portaltela.pt\/s.01k8rhncp4jt1\/2025\/11\/talking-bot-125x125.png\",\"caption\":\"Telinha\"},\"sameAs\":[\"https:\/\/portaltela.pt\/\"],\"url\":\"https:\/\/portaltela.pt\/por\/367410592786\/\"}]}<\/script>\n<!-- \/ Yoast SEO plugin. -->","yoast_head_json":{"title":"Fugitivo do Tren de Aragua detido em Espanha, procurado pelos EUA - Portal Tela Portugal","robots":{"index":"index","follow":"follow","max-snippet":"max-snippet:-1","max-image-preview":"max-image-preview:large","max-video-preview":"max-video-preview:-1"},"og_locale":"pt_PT","og_type":"article","og_title":"Fugitivo do Tren de Aragua detido em Espanha, procurado pelos EUA - Portal Tela Portugal","og_description":"A Pol\u00edcia Nacional espanhola deteve em Espanha um fugitivo procurado pelos Estados Unidos por crimes contra institui\u00e7\u00f5es banc\u00e1rias, relacionados com pirataria inform\u00e1tica para financiar o Tren de Aragua. A deten\u00e7\u00e3o foi realizada pela For\u00e7a de Interven\u00e7\u00e3o Conjunta da Pol\u00edcia Nacional, criada para combater a organiza\u00e7\u00e3o criminosa transnacional. A coopera\u00e7\u00e3o internacional inclui o FBI, atrav\u00e9s do Grupo Internacional contra o Crime Organizado Transnacional (GICCOT), com Espanha a partilhar informa\u00e7\u00f5es desde 2022. Foi criada, no \u00e2mbito da AMERIPOL, uma A\u00e7\u00e3o Conjunta e Sustentada para combater o Tren de Aragua, com apoio do projeto PACCTO-AMERIPOL. O Tren de Aragua \u00e9 uma das mais violentas e influentes organiza\u00e7\u00f5es criminosas da Am\u00e9rica, com atua\u00e7\u00e3o antiga em diversos pa\u00edses e inten\u00e7\u00e3o de se expandir para Espanha.","og_url":"https:\/\/portaltela.pt\/noticias\/2026\/04\/07\/fugitivo-do-tren-de-aragua-detido-em-espanha-procurado-pelos-eua\/","og_site_name":"Portal Tela Portugal","article_published_time":"2026-04-07T10:02:22+00:00","author":"Telinha","twitter_card":"summary_large_image","twitter_misc":{"Escrito por":"Telinha","Tempo estimado de leitura":"2 minutos"},"schema":{"@context":"https:\/\/schema.org","@graph":[{"@type":"Article","@id":"https:\/\/portaltela.pt\/noticias\/2026\/04\/07\/fugitivo-do-tren-de-aragua-detido-em-espanha-procurado-pelos-eua\/#article","isPartOf":{"@id":"https:\/\/portaltela.pt\/noticias\/2026\/04\/07\/fugitivo-do-tren-de-aragua-detido-em-espanha-procurado-pelos-eua\/"},"author":{"name":"Telinha","@id":"https:\/\/portaltela.pt\/#\/schema\/person\/c4278d4a6028830caff9ee44b42d32ed"},"headline":"Fugitivo do Tren de Aragua detido em Espanha, procurado pelos EUA","datePublished":"2026-04-07T10:02:22+00:00","mainEntityOfPage":{"@id":"https:\/\/portaltela.pt\/noticias\/2026\/04\/07\/fugitivo-do-tren-de-aragua-detido-em-espanha-procurado-pelos-eua\/"},"wordCount":313,"image":{"@id":"https:\/\/portaltela.pt\/noticias\/2026\/04\/07\/fugitivo-do-tren-de-aragua-detido-em-espanha-procurado-pelos-eua\/#primaryimage"},"thumbnailUrl":"https:\/\/portaltela.pt\/s.01k8rhncp4jt1\/2026\/04\/1536x864_cmsv2_1715d268-6f84-5212-ac36-0aba7483e596-9712714.jpg","keywords":["colabora\u00e7\u00e3o internacional","crime","crimes internacionais","cybercrime","Espanha","Venezuela"],"articleSection":["Criminalidade","Pol\u00edcia"],"inLanguage":"pt-PT"},{"@type":"WebPage","@id":"https:\/\/portaltela.pt\/noticias\/2026\/04\/07\/fugitivo-do-tren-de-aragua-detido-em-espanha-procurado-pelos-eua\/","url":"https:\/\/portaltela.pt\/noticias\/2026\/04\/07\/fugitivo-do-tren-de-aragua-detido-em-espanha-procurado-pelos-eua\/","name":"Fugitivo do Tren de Aragua detido em Espanha, procurado pelos EUA - Portal Tela Portugal","isPartOf":{"@id":"https:\/\/portaltela.pt\/#website"},"primaryImageOfPage":{"@id":"https:\/\/portaltela.pt\/noticias\/2026\/04\/07\/fugitivo-do-tren-de-aragua-detido-em-espanha-procurado-pelos-eua\/#primaryimage"},"image":{"@id":"https:\/\/portaltela.pt\/noticias\/2026\/04\/07\/fugitivo-do-tren-de-aragua-detido-em-espanha-procurado-pelos-eua\/#primaryimage"},"thumbnailUrl":"https:\/\/portaltela.pt\/s.01k8rhncp4jt1\/2026\/04\/1536x864_cmsv2_1715d268-6f84-5212-ac36-0aba7483e596-9712714.jpg","datePublished":"2026-04-07T10:02:22+00:00","author":{"@id":"https:\/\/portaltela.pt\/#\/schema\/person\/c4278d4a6028830caff9ee44b42d32ed"},"breadcrumb":{"@id":"https:\/\/portaltela.pt\/noticias\/2026\/04\/07\/fugitivo-do-tren-de-aragua-detido-em-espanha-procurado-pelos-eua\/#breadcrumb"},"inLanguage":"pt-PT","potentialAction":[{"@type":"ReadAction","target":["https:\/\/portaltela.pt\/noticias\/2026\/04\/07\/fugitivo-do-tren-de-aragua-detido-em-espanha-procurado-pelos-eua\/"]}]},{"@type":"ImageObject","inLanguage":"pt-PT","@id":"https:\/\/portaltela.pt\/noticias\/2026\/04\/07\/fugitivo-do-tren-de-aragua-detido-em-espanha-procurado-pelos-eua\/#primaryimage","url":"https:\/\/portaltela.pt\/s.01k8rhncp4jt1\/2026\/04\/1536x864_cmsv2_1715d268-6f84-5212-ac36-0aba7483e596-9712714.jpg","contentUrl":"https:\/\/portaltela.pt\/s.01k8rhncp4jt1\/2026\/04\/1536x864_cmsv2_1715d268-6f84-5212-ac36-0aba7483e596-9712714.jpg","width":1536,"height":864,"caption":"Imagem do Comboio de Aragua, em Madrid, em abril de 2026."},{"@type":"BreadcrumbList","@id":"https:\/\/portaltela.pt\/noticias\/2026\/04\/07\/fugitivo-do-tren-de-aragua-detido-em-espanha-procurado-pelos-eua\/#breadcrumb","itemListElement":[{"@type":"ListItem","position":1,"name":"In\u00edcio","item":"https:\/\/portaltela.pt\/"},{"@type":"ListItem","position":2,"name":"Fugitivo do Tren de Aragua detido em Espanha, procurado pelos EUA"}]},{"@type":"WebSite","@id":"https:\/\/portaltela.pt\/#website","url":"https:\/\/portaltela.pt\/","name":"Portal Tela Portugal","description":"","potentialAction":[{"@type":"SearchAction","target":{"@type":"EntryPoint","urlTemplate":"https:\/\/portaltela.pt\/?s={search_term_string}"},"query-input":{"@type":"PropertyValueSpecification","valueRequired":true,"valueName":"search_term_string"}}],"inLanguage":"pt-PT"},{"@type":"Person","@id":"https:\/\/portaltela.pt\/#\/schema\/person\/c4278d4a6028830caff9ee44b42d32ed","name":"Telinha","image":{"@type":"ImageObject","inLanguage":"pt-PT","@id":"https:\/\/portaltela.pt\/s.01k8rhncp4jt1\/2025\/11\/talking-bot-125x125.png","url":"https:\/\/portaltela.pt\/s.01k8rhncp4jt1\/2025\/11\/talking-bot-125x125.png","contentUrl":"https:\/\/portaltela.pt\/s.01k8rhncp4jt1\/2025\/11\/talking-bot-125x125.png","caption":"Telinha"},"sameAs":["https:\/\/portaltela.pt\/"],"url":"https:\/\/portaltela.pt\/por\/367410592786\/"}]}},"_links":{"self":[{"href":"https:\/\/portaltela.pt\/api\/wp\/v2\/posts\/435102","targetHints":{"allow":["GET"]}}],"collection":[{"href":"https:\/\/portaltela.pt\/api\/wp\/v2\/posts"}],"about":[{"href":"https:\/\/portaltela.pt\/api\/wp\/v2\/types\/post"}],"author":[{"embeddable":true,"href":"https:\/\/portaltela.pt\/api\/wp\/v2\/users\/2"}],"replies":[{"embeddable":true,"href":"https:\/\/portaltela.pt\/api\/wp\/v2\/comments?post=435102"}],"version-history":[{"count":0,"href":"https:\/\/portaltela.pt\/api\/wp\/v2\/posts\/435102\/revisions"}],"wp:featuredmedia":[{"embeddable":true,"href":"https:\/\/portaltela.pt\/api\/wp\/v2\/media\/435107"}],"wp:attachment":[{"href":"https:\/\/portaltela.pt\/api\/wp\/v2\/media?parent=435102"}],"wp:term":[{"taxonomy":"category","embeddable":true,"href":"https:\/\/portaltela.pt\/api\/wp\/v2\/categories?post=435102"},{"taxonomy":"post_tag","embeddable":true,"href":"https:\/\/portaltela.pt\/api\/wp\/v2\/tags?post=435102"}],"curies":[{"name":"wp","href":"https:\/\/api.w.org\/{rel}","templated":true}]}}