{"id":435095,"date":"2026-04-07T07:02:14","date_gmt":"2026-04-07T10:02:14","guid":{"rendered":"https:\/\/portaltela.pt\/noticias\/2026\/04\/07\/artemis-ii-batizar-cratera-lunar-com-o-nome-da-esposa-falecida-do-comandante\/"},"modified":"2026-04-07T07:02:14","modified_gmt":"2026-04-07T10:02:14","slug":"artemis-ii-batizar-cratera-lunar-com-o-nome-da-esposa-falecida-do-comandante","status":"publish","type":"post","link":"https:\/\/portaltela.pt\/noticias\/internacional\/2026\/04\/07\/artemis-ii-batizar-cratera-lunar-com-o-nome-da-esposa-falecida-do-comandante\/","title":{"rendered":"Artemis II: batizar cratera lunar com o nome da esposa falecida do comandante"},"content":{"rendered":"<p>Durante o sobrevoo da Lua na Artemis II, a tripula\u00e7\u00e3o contactou o controlo de miss\u00e3o, na Terra, na segunda-feira. A equipa pediu que uma cratera receba o nome de Carroll, mulher do comandante Reid Wiseman.<\/p>\n<p>A iniciativa pretende homenagear Carroll Wiseman, que faleceu devido a um cancro. A decis\u00e3o ainda depende de aprova\u00e7\u00e3o institucional, conforme o protocolo normalmente seguido em nomea\u00e7\u00f5es lunares.<\/p>\n<p>Reid Wiseman lidera a miss\u00e3o como comandante, e a comunica\u00e7\u00e3o ocorreu durante a fase de aproxima\u00e7\u00e3o ao corpo celeste. A equipa confirmou o pedido ao contacto com o centro de opera\u00e7\u00f5es da miss\u00e3o.<\/p>\n","protected":false},"excerpt":{"rendered":"<ul>\n<li>Durante o sobrevoo da Lua, a tripula\u00e7\u00e3o da Artemis II contactou o controlo de miss\u00e3o na Terra.<\/li>\n<li>Pediram que uma cratera lunar fosse batizada com o nome de Carroll, mulher do comandante Reid Wiseman.<\/li>\n<li>Carroll Wiseman faleceu de cancro.<\/li>\n<li>Reid Wiseman \u00e9 o comandante da miss\u00e3o Artemis II.<\/li>\n<li>A not\u00edcia descreve o pedido feito pela tripula\u00e7\u00e3o, sem indicar se ser\u00e1 ou n\u00e3o autorizado.<\/li>\n<\/ul>\n","protected":false},"author":2,"featured_media":435096,"comment_status":"closed","ping_status":"closed","sticky":false,"template":"","format":"standard","meta":{"footnotes":""},"categories":[4,1],"tags":[2625,7186,1992,54,7444,6232],"class_list":["post-435095","post","type-post","status-publish","format-standard","has-post-thumbnail","hentry","category-internacional","category-noticias","tag-aeronautica","tag-astronomia","tag-ciencia","tag-descobertas","tag-missoes","tag-nasa"],"yoast_head":"<!-- This site is optimized with the Yoast SEO plugin v27.2 - https:\/\/yoast.com\/product\/yoast-seo-wordpress\/ -->\n<title>Artemis II: batizar cratera lunar com o nome da esposa falecida do comandante - Portal Tela Portugal<\/title>\n<meta name=\"robots\" content=\"index, follow, max-snippet:-1, max-image-preview:large, max-video-preview:-1\" \/>\n<meta property=\"og:locale\" content=\"pt_PT\" \/>\n<meta property=\"og:type\" content=\"article\" \/>\n<meta property=\"og:title\" content=\"Artemis II: batizar cratera lunar com o nome da esposa falecida do comandante - Portal Tela Portugal\" \/>\n<meta property=\"og:description\" content=\"Durante o sobrevoo da Lua, a tripula\u00e7\u00e3o da Artemis II contactou o controlo de miss\u00e3o na Terra. Pediram que uma cratera lunar fosse batizada com o nome de Carroll, mulher do comandante Reid Wiseman. Carroll Wiseman faleceu de cancro. Reid Wiseman \u00e9 o comandante da miss\u00e3o Artemis II. A not\u00edcia descreve o pedido feito pela tripula\u00e7\u00e3o, sem indicar se ser\u00e1 ou n\u00e3o autorizado.\" \/>\n<meta property=\"og:url\" content=\"https:\/\/portaltela.pt\/noticias\/2026\/04\/07\/artemis-ii-batizar-cratera-lunar-com-o-nome-da-esposa-falecida-do-comandante\/\" \/>\n<meta property=\"og:site_name\" content=\"Portal Tela Portugal\" \/>\n<meta property=\"article:published_time\" content=\"2026-04-07T10:02:14+00:00\" \/>\n<meta name=\"author\" content=\"Telinha\" \/>\n<meta name=\"twitter:card\" content=\"summary_large_image\" \/>\n<meta name=\"twitter:label1\" content=\"Escrito por\" \/>\n\t<meta name=\"twitter:data1\" content=\"Telinha\" \/>\n\t<meta name=\"twitter:label2\" content=\"Tempo estimado de leitura\" \/>\n\t<meta name=\"twitter:data2\" content=\"1 minuto\" \/>\n<script type=\"application\/ld+json\" class=\"yoast-schema-graph\">{\"@context\":\"https:\/\/schema.org\",\"@graph\":[{\"@type\":\"Article\",\"@id\":\"https:\/\/portaltela.pt\/noticias\/2026\/04\/07\/artemis-ii-batizar-cratera-lunar-com-o-nome-da-esposa-falecida-do-comandante\/#article\",\"isPartOf\":{\"@id\":\"https:\/\/portaltela.pt\/noticias\/2026\/04\/07\/artemis-ii-batizar-cratera-lunar-com-o-nome-da-esposa-falecida-do-comandante\/\"},\"author\":{\"name\":\"Telinha\",\"@id\":\"https:\/\/portaltela.pt\/#\/schema\/person\/c4278d4a6028830caff9ee44b42d32ed\"},\"headline\":\"Artemis II: batizar cratera lunar com o nome da esposa falecida do comandante\",\"datePublished\":\"2026-04-07T10:02:14+00:00\",\"mainEntityOfPage\":{\"@id\":\"https:\/\/portaltela.pt\/noticias\/2026\/04\/07\/artemis-ii-batizar-cratera-lunar-com-o-nome-da-esposa-falecida-do-comandante\/\"},\"wordCount\":118,\"image\":{\"@id\":\"https:\/\/portaltela.pt\/noticias\/2026\/04\/07\/artemis-ii-batizar-cratera-lunar-com-o-nome-da-esposa-falecida-do-comandante\/#primaryimage\"},\"thumbnailUrl\":\"https:\/\/portaltela.pt\/s.01k8rhncp4jt1\/2026\/04\/img_1280x722uu2026-04-07-10-53-50-2276998.jpg\",\"keywords\":[\"aeron\u00e1utica\",\"astronomia\",\"ci\u00eancia\",\"descobertas\",\"Miss\u00f5es\",\"NASA\"],\"articleSection\":[\"Internacional\",\"Not\u00edcias\"],\"inLanguage\":\"pt-PT\"},{\"@type\":\"WebPage\",\"@id\":\"https:\/\/portaltela.pt\/noticias\/2026\/04\/07\/artemis-ii-batizar-cratera-lunar-com-o-nome-da-esposa-falecida-do-comandante\/\",\"url\":\"https:\/\/portaltela.pt\/noticias\/2026\/04\/07\/artemis-ii-batizar-cratera-lunar-com-o-nome-da-esposa-falecida-do-comandante\/\",\"name\":\"Artemis II: batizar cratera lunar com o nome da esposa falecida do comandante - Portal Tela Portugal\",\"isPartOf\":{\"@id\":\"https:\/\/portaltela.pt\/#website\"},\"primaryImageOfPage\":{\"@id\":\"https:\/\/portaltela.pt\/noticias\/2026\/04\/07\/artemis-ii-batizar-cratera-lunar-com-o-nome-da-esposa-falecida-do-comandante\/#primaryimage\"},\"image\":{\"@id\":\"https:\/\/portaltela.pt\/noticias\/2026\/04\/07\/artemis-ii-batizar-cratera-lunar-com-o-nome-da-esposa-falecida-do-comandante\/#primaryimage\"},\"thumbnailUrl\":\"https:\/\/portaltela.pt\/s.01k8rhncp4jt1\/2026\/04\/img_1280x722uu2026-04-07-10-53-50-2276998.jpg\",\"datePublished\":\"2026-04-07T10:02:14+00:00\",\"author\":{\"@id\":\"https:\/\/portaltela.pt\/#\/schema\/person\/c4278d4a6028830caff9ee44b42d32ed\"},\"breadcrumb\":{\"@id\":\"https:\/\/portaltela.pt\/noticias\/2026\/04\/07\/artemis-ii-batizar-cratera-lunar-com-o-nome-da-esposa-falecida-do-comandante\/#breadcrumb\"},\"inLanguage\":\"pt-PT\",\"potentialAction\":[{\"@type\":\"ReadAction\",\"target\":[\"https:\/\/portaltela.pt\/noticias\/2026\/04\/07\/artemis-ii-batizar-cratera-lunar-com-o-nome-da-esposa-falecida-do-comandante\/\"]}]},{\"@type\":\"ImageObject\",\"inLanguage\":\"pt-PT\",\"@id\":\"https:\/\/portaltela.pt\/noticias\/2026\/04\/07\/artemis-ii-batizar-cratera-lunar-com-o-nome-da-esposa-falecida-do-comandante\/#primaryimage\",\"url\":\"https:\/\/portaltela.pt\/s.01k8rhncp4jt1\/2026\/04\/img_1280x722uu2026-04-07-10-53-50-2276998.jpg\",\"contentUrl\":\"https:\/\/portaltela.pt\/s.01k8rhncp4jt1\/2026\/04\/img_1280x722uu2026-04-07-10-53-50-2276998.jpg\",\"width\":796,\"height\":448,\"caption\":\"Photo\"},{\"@type\":\"BreadcrumbList\",\"@id\":\"https:\/\/portaltela.pt\/noticias\/2026\/04\/07\/artemis-ii-batizar-cratera-lunar-com-o-nome-da-esposa-falecida-do-comandante\/#breadcrumb\",\"itemListElement\":[{\"@type\":\"ListItem\",\"position\":1,\"name\":\"In\u00edcio\",\"item\":\"https:\/\/portaltela.pt\/\"},{\"@type\":\"ListItem\",\"position\":2,\"name\":\"Artemis II: batizar cratera lunar com o nome da esposa falecida do comandante\"}]},{\"@type\":\"WebSite\",\"@id\":\"https:\/\/portaltela.pt\/#website\",\"url\":\"https:\/\/portaltela.pt\/\",\"name\":\"Portal Tela Portugal\",\"description\":\"\",\"potentialAction\":[{\"@type\":\"SearchAction\",\"target\":{\"@type\":\"EntryPoint\",\"urlTemplate\":\"https:\/\/portaltela.pt\/?s={search_term_string}\"},\"query-input\":{\"@type\":\"PropertyValueSpecification\",\"valueRequired\":true,\"valueName\":\"search_term_string\"}}],\"inLanguage\":\"pt-PT\"},{\"@type\":\"Person\",\"@id\":\"https:\/\/portaltela.pt\/#\/schema\/person\/c4278d4a6028830caff9ee44b42d32ed\",\"name\":\"Telinha\",\"image\":{\"@type\":\"ImageObject\",\"inLanguage\":\"pt-PT\",\"@id\":\"https:\/\/portaltela.pt\/s.01k8rhncp4jt1\/2025\/11\/talking-bot-125x125.png\",\"url\":\"https:\/\/portaltela.pt\/s.01k8rhncp4jt1\/2025\/11\/talking-bot-125x125.png\",\"contentUrl\":\"https:\/\/portaltela.pt\/s.01k8rhncp4jt1\/2025\/11\/talking-bot-125x125.png\",\"caption\":\"Telinha\"},\"sameAs\":[\"https:\/\/portaltela.pt\/\"],\"url\":\"https:\/\/portaltela.pt\/por\/367410592786\/\"}]}<\/script>\n<!-- \/ Yoast SEO plugin. -->","yoast_head_json":{"title":"Artemis II: batizar cratera lunar com o nome da esposa falecida do comandante - Portal Tela Portugal","robots":{"index":"index","follow":"follow","max-snippet":"max-snippet:-1","max-image-preview":"max-image-preview:large","max-video-preview":"max-video-preview:-1"},"og_locale":"pt_PT","og_type":"article","og_title":"Artemis II: batizar cratera lunar com o nome da esposa falecida do comandante - Portal Tela Portugal","og_description":"Durante o sobrevoo da Lua, a tripula\u00e7\u00e3o da Artemis II contactou o controlo de miss\u00e3o na Terra. Pediram que uma cratera lunar fosse batizada com o nome de Carroll, mulher do comandante Reid Wiseman. Carroll Wiseman faleceu de cancro. Reid Wiseman \u00e9 o comandante da miss\u00e3o Artemis II. A not\u00edcia descreve o pedido feito pela tripula\u00e7\u00e3o, sem indicar se ser\u00e1 ou n\u00e3o autorizado.","og_url":"https:\/\/portaltela.pt\/noticias\/2026\/04\/07\/artemis-ii-batizar-cratera-lunar-com-o-nome-da-esposa-falecida-do-comandante\/","og_site_name":"Portal Tela Portugal","article_published_time":"2026-04-07T10:02:14+00:00","author":"Telinha","twitter_card":"summary_large_image","twitter_misc":{"Escrito por":"Telinha","Tempo estimado de leitura":"1 minuto"},"schema":{"@context":"https:\/\/schema.org","@graph":[{"@type":"Article","@id":"https:\/\/portaltela.pt\/noticias\/2026\/04\/07\/artemis-ii-batizar-cratera-lunar-com-o-nome-da-esposa-falecida-do-comandante\/#article","isPartOf":{"@id":"https:\/\/portaltela.pt\/noticias\/2026\/04\/07\/artemis-ii-batizar-cratera-lunar-com-o-nome-da-esposa-falecida-do-comandante\/"},"author":{"name":"Telinha","@id":"https:\/\/portaltela.pt\/#\/schema\/person\/c4278d4a6028830caff9ee44b42d32ed"},"headline":"Artemis II: batizar cratera lunar com o nome da esposa falecida do comandante","datePublished":"2026-04-07T10:02:14+00:00","mainEntityOfPage":{"@id":"https:\/\/portaltela.pt\/noticias\/2026\/04\/07\/artemis-ii-batizar-cratera-lunar-com-o-nome-da-esposa-falecida-do-comandante\/"},"wordCount":118,"image":{"@id":"https:\/\/portaltela.pt\/noticias\/2026\/04\/07\/artemis-ii-batizar-cratera-lunar-com-o-nome-da-esposa-falecida-do-comandante\/#primaryimage"},"thumbnailUrl":"https:\/\/portaltela.pt\/s.01k8rhncp4jt1\/2026\/04\/img_1280x722uu2026-04-07-10-53-50-2276998.jpg","keywords":["aeron\u00e1utica","astronomia","ci\u00eancia","descobertas","Miss\u00f5es","NASA"],"articleSection":["Internacional","Not\u00edcias"],"inLanguage":"pt-PT"},{"@type":"WebPage","@id":"https:\/\/portaltela.pt\/noticias\/2026\/04\/07\/artemis-ii-batizar-cratera-lunar-com-o-nome-da-esposa-falecida-do-comandante\/","url":"https:\/\/portaltela.pt\/noticias\/2026\/04\/07\/artemis-ii-batizar-cratera-lunar-com-o-nome-da-esposa-falecida-do-comandante\/","name":"Artemis II: batizar cratera lunar com o nome da esposa falecida do comandante - Portal Tela Portugal","isPartOf":{"@id":"https:\/\/portaltela.pt\/#website"},"primaryImageOfPage":{"@id":"https:\/\/portaltela.pt\/noticias\/2026\/04\/07\/artemis-ii-batizar-cratera-lunar-com-o-nome-da-esposa-falecida-do-comandante\/#primaryimage"},"image":{"@id":"https:\/\/portaltela.pt\/noticias\/2026\/04\/07\/artemis-ii-batizar-cratera-lunar-com-o-nome-da-esposa-falecida-do-comandante\/#primaryimage"},"thumbnailUrl":"https:\/\/portaltela.pt\/s.01k8rhncp4jt1\/2026\/04\/img_1280x722uu2026-04-07-10-53-50-2276998.jpg","datePublished":"2026-04-07T10:02:14+00:00","author":{"@id":"https:\/\/portaltela.pt\/#\/schema\/person\/c4278d4a6028830caff9ee44b42d32ed"},"breadcrumb":{"@id":"https:\/\/portaltela.pt\/noticias\/2026\/04\/07\/artemis-ii-batizar-cratera-lunar-com-o-nome-da-esposa-falecida-do-comandante\/#breadcrumb"},"inLanguage":"pt-PT","potentialAction":[{"@type":"ReadAction","target":["https:\/\/portaltela.pt\/noticias\/2026\/04\/07\/artemis-ii-batizar-cratera-lunar-com-o-nome-da-esposa-falecida-do-comandante\/"]}]},{"@type":"ImageObject","inLanguage":"pt-PT","@id":"https:\/\/portaltela.pt\/noticias\/2026\/04\/07\/artemis-ii-batizar-cratera-lunar-com-o-nome-da-esposa-falecida-do-comandante\/#primaryimage","url":"https:\/\/portaltela.pt\/s.01k8rhncp4jt1\/2026\/04\/img_1280x722uu2026-04-07-10-53-50-2276998.jpg","contentUrl":"https:\/\/portaltela.pt\/s.01k8rhncp4jt1\/2026\/04\/img_1280x722uu2026-04-07-10-53-50-2276998.jpg","width":796,"height":448,"caption":"Photo"},{"@type":"BreadcrumbList","@id":"https:\/\/portaltela.pt\/noticias\/2026\/04\/07\/artemis-ii-batizar-cratera-lunar-com-o-nome-da-esposa-falecida-do-comandante\/#breadcrumb","itemListElement":[{"@type":"ListItem","position":1,"name":"In\u00edcio","item":"https:\/\/portaltela.pt\/"},{"@type":"ListItem","position":2,"name":"Artemis II: batizar cratera lunar com o nome da esposa falecida do comandante"}]},{"@type":"WebSite","@id":"https:\/\/portaltela.pt\/#website","url":"https:\/\/portaltela.pt\/","name":"Portal Tela Portugal","description":"","potentialAction":[{"@type":"SearchAction","target":{"@type":"EntryPoint","urlTemplate":"https:\/\/portaltela.pt\/?s={search_term_string}"},"query-input":{"@type":"PropertyValueSpecification","valueRequired":true,"valueName":"search_term_string"}}],"inLanguage":"pt-PT"},{"@type":"Person","@id":"https:\/\/portaltela.pt\/#\/schema\/person\/c4278d4a6028830caff9ee44b42d32ed","name":"Telinha","image":{"@type":"ImageObject","inLanguage":"pt-PT","@id":"https:\/\/portaltela.pt\/s.01k8rhncp4jt1\/2025\/11\/talking-bot-125x125.png","url":"https:\/\/portaltela.pt\/s.01k8rhncp4jt1\/2025\/11\/talking-bot-125x125.png","contentUrl":"https:\/\/portaltela.pt\/s.01k8rhncp4jt1\/2025\/11\/talking-bot-125x125.png","caption":"Telinha"},"sameAs":["https:\/\/portaltela.pt\/"],"url":"https:\/\/portaltela.pt\/por\/367410592786\/"}]}},"_links":{"self":[{"href":"https:\/\/portaltela.pt\/api\/wp\/v2\/posts\/435095","targetHints":{"allow":["GET"]}}],"collection":[{"href":"https:\/\/portaltela.pt\/api\/wp\/v2\/posts"}],"about":[{"href":"https:\/\/portaltela.pt\/api\/wp\/v2\/types\/post"}],"author":[{"embeddable":true,"href":"https:\/\/portaltela.pt\/api\/wp\/v2\/users\/2"}],"replies":[{"embeddable":true,"href":"https:\/\/portaltela.pt\/api\/wp\/v2\/comments?post=435095"}],"version-history":[{"count":0,"href":"https:\/\/portaltela.pt\/api\/wp\/v2\/posts\/435095\/revisions"}],"wp:featuredmedia":[{"embeddable":true,"href":"https:\/\/portaltela.pt\/api\/wp\/v2\/media\/435096"}],"wp:attachment":[{"href":"https:\/\/portaltela.pt\/api\/wp\/v2\/media?parent=435095"}],"wp:term":[{"taxonomy":"category","embeddable":true,"href":"https:\/\/portaltela.pt\/api\/wp\/v2\/categories?post=435095"},{"taxonomy":"post_tag","embeddable":true,"href":"https:\/\/portaltela.pt\/api\/wp\/v2\/tags?post=435095"}],"curies":[{"name":"wp","href":"https:\/\/api.w.org\/{rel}","templated":true}]}}