{"id":435073,"date":"2026-04-07T06:32:25","date_gmt":"2026-04-07T09:32:25","guid":{"rendered":"https:\/\/portaltela.pt\/noticias\/2026\/04\/07\/maquinista-de-tgv-morre-em-colisao-com-camiao-que-transportava-veiculos-militares-27-feridos-na-franca\/"},"modified":"2026-04-07T06:32:25","modified_gmt":"2026-04-07T09:32:25","slug":"maquinista-de-tgv-morre-em-colisao-com-camiao-que-transportava-veiculos-militares-27-feridos-na-franca","status":"publish","type":"post","link":"https:\/\/portaltela.pt\/noticias\/2026\/04\/07\/maquinista-de-tgv-morre-em-colisao-com-camiao-que-transportava-veiculos-militares-27-feridos-na-franca\/","title":{"rendered":"Maquinista de TGV morre em colis\u00e3o com cami\u00e3o que transportava ve\u00edculos militares; 27 feridos na Fran\u00e7a"},"content":{"rendered":"<p>Um motorista de um TGV morreu ap\u00f3s uma colis\u00e3o com um cami\u00e3o que transportava ve\u00edculos militares numa passagem de n\u00edvel na linha B\u00e9thune-Lens, em Noeux-les-Mines, Fran\u00e7a, por volta das 7h00. O acidente ocorreu num local de manobra de comboios.<\/p>\n<p>Foram registados 27 feridos, segundo a administra\u00e7\u00e3o. O TGV transportava cerca de 350 passageiros no momento da colis\u00e3o.<\/p>\n<p>A SNCF comunicou via redes sociais o local do acidente. A linha entre B\u00e9thune e Lens ficar\u00e1 encerrada durante o dia. Al\u00e9m disso, Lille-B\u00e9thune, Lille-Lens e Lille-Douai est\u00e3o paralisadas por uma falha de energia associada ao acidente.<\/p>\n<h3>Impacto na circula\u00e7\u00e3o<\/h3>\n<p>As autoridades informam que a interrup\u00e7\u00e3o afeta v\u00e1rias liga\u00e7\u00f5es na regi\u00e3o, com desvio de servi\u00e7os e atrasos significativos. A circula\u00e7\u00e3o de comboios pode manter-se suspensa at\u00e9 novos avisos.<\/p>\n<h3>A\u00e7\u00e3o das autoridades<\/h3>\n<p>O ministro dos Transportes, Philippe Tabarot, anunciou uma visita ao local acompanhado pelo presidente da SNCF, Jean Castex. As causas do acidente est\u00e3o a ser investigadas pelas autoridades competentes.<\/p>\n","protected":false},"excerpt":{"rendered":"<ul>\n<li>Um maquinista de TGV morreu ap\u00f3s colis\u00e3o com um cami\u00e3o que transportava ve\u00edculos militares em Noeux-les-Mines, Fran\u00e7a.<\/li>\n<li>O acidente ocorreu numa passagem de n\u00edvel na linha B\u00e9thune-Lens, por volta das 7h00 da manh\u00e3.<\/li>\n<li>O TGV transportava 350 passageiros e h\u00e1 27 feridos, segundo a SNCF.<\/li>\n<li>A linha entre B\u00e9thune e Lens permanece encerrada at\u00e9 ao final do dia; as linhas Lille-B\u00e9thune, Lille-Lens e Lille-Douai tamb\u00e9m est\u00e3o paradas devido a uma falha de energia provocada pelo acidente.<\/li>\n<li>O ministro dos transportes, Philippe Tabarot, anunciou uma visita ao local acompanhada pelo presidente da SNCF, Jean Castex.<\/li>\n<\/ul>\n","protected":false},"author":2,"featured_media":435080,"comment_status":"closed","ping_status":"closed","sticky":false,"template":"","format":"standard","meta":{"footnotes":""},"categories":[6849,1],"tags":[5487,3622,3683,3449,1856,192],"class_list":["post-435073","post","type-post","status-publish","format-standard","has-post-thumbnail","hentry","category-acidentes","category-noticias","tag-acidente","tag-acidentes-ferroviarios","tag-comboios","tag-feridos","tag-franca","tag-transporte"],"yoast_head":"<!-- This site is optimized with the Yoast SEO plugin v27.2 - https:\/\/yoast.com\/product\/yoast-seo-wordpress\/ -->\n<title>Maquinista de TGV morre em colis\u00e3o com cami\u00e3o que transportava ve\u00edculos militares; 27 feridos na Fran\u00e7a - Portal Tela Portugal<\/title>\n<meta name=\"robots\" content=\"index, follow, max-snippet:-1, max-image-preview:large, max-video-preview:-1\" \/>\n<meta property=\"og:locale\" content=\"pt_PT\" \/>\n<meta property=\"og:type\" content=\"article\" \/>\n<meta property=\"og:title\" content=\"Maquinista de TGV morre em colis\u00e3o com cami\u00e3o que transportava ve\u00edculos militares; 27 feridos na Fran\u00e7a - Portal Tela Portugal\" \/>\n<meta property=\"og:description\" content=\"Um maquinista de TGV morreu ap\u00f3s colis\u00e3o com um cami\u00e3o que transportava ve\u00edculos militares em Noeux-les-Mines, Fran\u00e7a. O acidente ocorreu numa passagem de n\u00edvel na linha B\u00e9thune-Lens, por volta das 7h00 da manh\u00e3. O TGV transportava 350 passageiros e h\u00e1 27 feridos, segundo a SNCF. A linha entre B\u00e9thune e Lens permanece encerrada at\u00e9 ao final do dia; as linhas Lille-B\u00e9thune, Lille-Lens e Lille-Douai tamb\u00e9m est\u00e3o paradas devido a uma falha de energia provocada pelo acidente. O ministro dos transportes, Philippe Tabarot, anunciou uma visita ao local acompanhada pelo presidente da SNCF, Jean Castex.\" \/>\n<meta property=\"og:url\" content=\"https:\/\/portaltela.pt\/noticias\/2026\/04\/07\/maquinista-de-tgv-morre-em-colisao-com-camiao-que-transportava-veiculos-militares-27-feridos-na-franca\/\" \/>\n<meta property=\"og:site_name\" content=\"Portal Tela Portugal\" \/>\n<meta property=\"article:published_time\" content=\"2026-04-07T09:32:25+00:00\" \/>\n<meta name=\"author\" content=\"Telinha\" \/>\n<meta name=\"twitter:card\" content=\"summary_large_image\" \/>\n<meta name=\"twitter:label1\" content=\"Escrito por\" \/>\n\t<meta name=\"twitter:data1\" content=\"Telinha\" \/>\n\t<meta name=\"twitter:label2\" content=\"Tempo estimado de leitura\" \/>\n\t<meta name=\"twitter:data2\" content=\"1 minuto\" \/>\n<script type=\"application\/ld+json\" class=\"yoast-schema-graph\">{\"@context\":\"https:\/\/schema.org\",\"@graph\":[{\"@type\":\"Article\",\"@id\":\"https:\/\/portaltela.pt\/noticias\/2026\/04\/07\/maquinista-de-tgv-morre-em-colisao-com-camiao-que-transportava-veiculos-militares-27-feridos-na-franca\/#article\",\"isPartOf\":{\"@id\":\"https:\/\/portaltela.pt\/noticias\/2026\/04\/07\/maquinista-de-tgv-morre-em-colisao-com-camiao-que-transportava-veiculos-militares-27-feridos-na-franca\/\"},\"author\":{\"name\":\"Telinha\",\"@id\":\"https:\/\/portaltela.pt\/#\/schema\/person\/c4278d4a6028830caff9ee44b42d32ed\"},\"headline\":\"Maquinista de TGV morre em colis\u00e3o com cami\u00e3o que transportava ve\u00edculos militares; 27 feridos na Fran\u00e7a\",\"datePublished\":\"2026-04-07T09:32:25+00:00\",\"mainEntityOfPage\":{\"@id\":\"https:\/\/portaltela.pt\/noticias\/2026\/04\/07\/maquinista-de-tgv-morre-em-colisao-com-camiao-que-transportava-veiculos-militares-27-feridos-na-franca\/\"},\"wordCount\":196,\"image\":{\"@id\":\"https:\/\/portaltela.pt\/noticias\/2026\/04\/07\/maquinista-de-tgv-morre-em-colisao-com-camiao-que-transportava-veiculos-militares-27-feridos-na-franca\/#primaryimage\"},\"thumbnailUrl\":\"https:\/\/portaltela.pt\/s.01k8rhncp4jt1\/2026\/04\/img_920x518uu2026-04-07-10-22-02-2431555.jpg\",\"keywords\":[\"acidente\",\"acidentes ferrovi\u00e1rios\",\"comboios\",\"feridos\",\"Fran\u00e7a\",\"transporte\"],\"articleSection\":[\"Acidentes\",\"Not\u00edcias\"],\"inLanguage\":\"pt-PT\"},{\"@type\":\"WebPage\",\"@id\":\"https:\/\/portaltela.pt\/noticias\/2026\/04\/07\/maquinista-de-tgv-morre-em-colisao-com-camiao-que-transportava-veiculos-militares-27-feridos-na-franca\/\",\"url\":\"https:\/\/portaltela.pt\/noticias\/2026\/04\/07\/maquinista-de-tgv-morre-em-colisao-com-camiao-que-transportava-veiculos-militares-27-feridos-na-franca\/\",\"name\":\"Maquinista de TGV morre em colis\u00e3o com cami\u00e3o que transportava ve\u00edculos militares; 27 feridos na Fran\u00e7a - Portal Tela Portugal\",\"isPartOf\":{\"@id\":\"https:\/\/portaltela.pt\/#website\"},\"primaryImageOfPage\":{\"@id\":\"https:\/\/portaltela.pt\/noticias\/2026\/04\/07\/maquinista-de-tgv-morre-em-colisao-com-camiao-que-transportava-veiculos-militares-27-feridos-na-franca\/#primaryimage\"},\"image\":{\"@id\":\"https:\/\/portaltela.pt\/noticias\/2026\/04\/07\/maquinista-de-tgv-morre-em-colisao-com-camiao-que-transportava-veiculos-militares-27-feridos-na-franca\/#primaryimage\"},\"thumbnailUrl\":\"https:\/\/portaltela.pt\/s.01k8rhncp4jt1\/2026\/04\/img_920x518uu2026-04-07-10-22-02-2431555.jpg\",\"datePublished\":\"2026-04-07T09:32:25+00:00\",\"author\":{\"@id\":\"https:\/\/portaltela.pt\/#\/schema\/person\/c4278d4a6028830caff9ee44b42d32ed\"},\"breadcrumb\":{\"@id\":\"https:\/\/portaltela.pt\/noticias\/2026\/04\/07\/maquinista-de-tgv-morre-em-colisao-com-camiao-que-transportava-veiculos-militares-27-feridos-na-franca\/#breadcrumb\"},\"inLanguage\":\"pt-PT\",\"potentialAction\":[{\"@type\":\"ReadAction\",\"target\":[\"https:\/\/portaltela.pt\/noticias\/2026\/04\/07\/maquinista-de-tgv-morre-em-colisao-com-camiao-que-transportava-veiculos-militares-27-feridos-na-franca\/\"]}]},{\"@type\":\"ImageObject\",\"inLanguage\":\"pt-PT\",\"@id\":\"https:\/\/portaltela.pt\/noticias\/2026\/04\/07\/maquinista-de-tgv-morre-em-colisao-com-camiao-que-transportava-veiculos-militares-27-feridos-na-franca\/#primaryimage\",\"url\":\"https:\/\/portaltela.pt\/s.01k8rhncp4jt1\/2026\/04\/img_920x518uu2026-04-07-10-22-02-2431555.jpg\",\"contentUrl\":\"https:\/\/portaltela.pt\/s.01k8rhncp4jt1\/2026\/04\/img_920x518uu2026-04-07-10-22-02-2431555.jpg\",\"width\":796,\"height\":448,\"caption\":\"Pol\u00edcia francesa\"},{\"@type\":\"BreadcrumbList\",\"@id\":\"https:\/\/portaltela.pt\/noticias\/2026\/04\/07\/maquinista-de-tgv-morre-em-colisao-com-camiao-que-transportava-veiculos-militares-27-feridos-na-franca\/#breadcrumb\",\"itemListElement\":[{\"@type\":\"ListItem\",\"position\":1,\"name\":\"In\u00edcio\",\"item\":\"https:\/\/portaltela.pt\/\"},{\"@type\":\"ListItem\",\"position\":2,\"name\":\"Maquinista de TGV morre em colis\u00e3o com cami\u00e3o que transportava ve\u00edculos militares; 27 feridos na Fran\u00e7a\"}]},{\"@type\":\"WebSite\",\"@id\":\"https:\/\/portaltela.pt\/#website\",\"url\":\"https:\/\/portaltela.pt\/\",\"name\":\"Portal Tela Portugal\",\"description\":\"\",\"potentialAction\":[{\"@type\":\"SearchAction\",\"target\":{\"@type\":\"EntryPoint\",\"urlTemplate\":\"https:\/\/portaltela.pt\/?s={search_term_string}\"},\"query-input\":{\"@type\":\"PropertyValueSpecification\",\"valueRequired\":true,\"valueName\":\"search_term_string\"}}],\"inLanguage\":\"pt-PT\"},{\"@type\":\"Person\",\"@id\":\"https:\/\/portaltela.pt\/#\/schema\/person\/c4278d4a6028830caff9ee44b42d32ed\",\"name\":\"Telinha\",\"image\":{\"@type\":\"ImageObject\",\"inLanguage\":\"pt-PT\",\"@id\":\"https:\/\/portaltela.pt\/s.01k8rhncp4jt1\/2025\/11\/talking-bot-125x125.png\",\"url\":\"https:\/\/portaltela.pt\/s.01k8rhncp4jt1\/2025\/11\/talking-bot-125x125.png\",\"contentUrl\":\"https:\/\/portaltela.pt\/s.01k8rhncp4jt1\/2025\/11\/talking-bot-125x125.png\",\"caption\":\"Telinha\"},\"sameAs\":[\"https:\/\/portaltela.pt\/\"],\"url\":\"https:\/\/portaltela.pt\/por\/367410592786\/\"}]}<\/script>\n<!-- \/ Yoast SEO plugin. -->","yoast_head_json":{"title":"Maquinista de TGV morre em colis\u00e3o com cami\u00e3o que transportava ve\u00edculos militares; 27 feridos na Fran\u00e7a - Portal Tela Portugal","robots":{"index":"index","follow":"follow","max-snippet":"max-snippet:-1","max-image-preview":"max-image-preview:large","max-video-preview":"max-video-preview:-1"},"og_locale":"pt_PT","og_type":"article","og_title":"Maquinista de TGV morre em colis\u00e3o com cami\u00e3o que transportava ve\u00edculos militares; 27 feridos na Fran\u00e7a - Portal Tela Portugal","og_description":"Um maquinista de TGV morreu ap\u00f3s colis\u00e3o com um cami\u00e3o que transportava ve\u00edculos militares em Noeux-les-Mines, Fran\u00e7a. O acidente ocorreu numa passagem de n\u00edvel na linha B\u00e9thune-Lens, por volta das 7h00 da manh\u00e3. O TGV transportava 350 passageiros e h\u00e1 27 feridos, segundo a SNCF. A linha entre B\u00e9thune e Lens permanece encerrada at\u00e9 ao final do dia; as linhas Lille-B\u00e9thune, Lille-Lens e Lille-Douai tamb\u00e9m est\u00e3o paradas devido a uma falha de energia provocada pelo acidente. O ministro dos transportes, Philippe Tabarot, anunciou uma visita ao local acompanhada pelo presidente da SNCF, Jean Castex.","og_url":"https:\/\/portaltela.pt\/noticias\/2026\/04\/07\/maquinista-de-tgv-morre-em-colisao-com-camiao-que-transportava-veiculos-militares-27-feridos-na-franca\/","og_site_name":"Portal Tela Portugal","article_published_time":"2026-04-07T09:32:25+00:00","author":"Telinha","twitter_card":"summary_large_image","twitter_misc":{"Escrito por":"Telinha","Tempo estimado de leitura":"1 minuto"},"schema":{"@context":"https:\/\/schema.org","@graph":[{"@type":"Article","@id":"https:\/\/portaltela.pt\/noticias\/2026\/04\/07\/maquinista-de-tgv-morre-em-colisao-com-camiao-que-transportava-veiculos-militares-27-feridos-na-franca\/#article","isPartOf":{"@id":"https:\/\/portaltela.pt\/noticias\/2026\/04\/07\/maquinista-de-tgv-morre-em-colisao-com-camiao-que-transportava-veiculos-militares-27-feridos-na-franca\/"},"author":{"name":"Telinha","@id":"https:\/\/portaltela.pt\/#\/schema\/person\/c4278d4a6028830caff9ee44b42d32ed"},"headline":"Maquinista de TGV morre em colis\u00e3o com cami\u00e3o que transportava ve\u00edculos militares; 27 feridos na Fran\u00e7a","datePublished":"2026-04-07T09:32:25+00:00","mainEntityOfPage":{"@id":"https:\/\/portaltela.pt\/noticias\/2026\/04\/07\/maquinista-de-tgv-morre-em-colisao-com-camiao-que-transportava-veiculos-militares-27-feridos-na-franca\/"},"wordCount":196,"image":{"@id":"https:\/\/portaltela.pt\/noticias\/2026\/04\/07\/maquinista-de-tgv-morre-em-colisao-com-camiao-que-transportava-veiculos-militares-27-feridos-na-franca\/#primaryimage"},"thumbnailUrl":"https:\/\/portaltela.pt\/s.01k8rhncp4jt1\/2026\/04\/img_920x518uu2026-04-07-10-22-02-2431555.jpg","keywords":["acidente","acidentes ferrovi\u00e1rios","comboios","feridos","Fran\u00e7a","transporte"],"articleSection":["Acidentes","Not\u00edcias"],"inLanguage":"pt-PT"},{"@type":"WebPage","@id":"https:\/\/portaltela.pt\/noticias\/2026\/04\/07\/maquinista-de-tgv-morre-em-colisao-com-camiao-que-transportava-veiculos-militares-27-feridos-na-franca\/","url":"https:\/\/portaltela.pt\/noticias\/2026\/04\/07\/maquinista-de-tgv-morre-em-colisao-com-camiao-que-transportava-veiculos-militares-27-feridos-na-franca\/","name":"Maquinista de TGV morre em colis\u00e3o com cami\u00e3o que transportava ve\u00edculos militares; 27 feridos na Fran\u00e7a - Portal Tela Portugal","isPartOf":{"@id":"https:\/\/portaltela.pt\/#website"},"primaryImageOfPage":{"@id":"https:\/\/portaltela.pt\/noticias\/2026\/04\/07\/maquinista-de-tgv-morre-em-colisao-com-camiao-que-transportava-veiculos-militares-27-feridos-na-franca\/#primaryimage"},"image":{"@id":"https:\/\/portaltela.pt\/noticias\/2026\/04\/07\/maquinista-de-tgv-morre-em-colisao-com-camiao-que-transportava-veiculos-militares-27-feridos-na-franca\/#primaryimage"},"thumbnailUrl":"https:\/\/portaltela.pt\/s.01k8rhncp4jt1\/2026\/04\/img_920x518uu2026-04-07-10-22-02-2431555.jpg","datePublished":"2026-04-07T09:32:25+00:00","author":{"@id":"https:\/\/portaltela.pt\/#\/schema\/person\/c4278d4a6028830caff9ee44b42d32ed"},"breadcrumb":{"@id":"https:\/\/portaltela.pt\/noticias\/2026\/04\/07\/maquinista-de-tgv-morre-em-colisao-com-camiao-que-transportava-veiculos-militares-27-feridos-na-franca\/#breadcrumb"},"inLanguage":"pt-PT","potentialAction":[{"@type":"ReadAction","target":["https:\/\/portaltela.pt\/noticias\/2026\/04\/07\/maquinista-de-tgv-morre-em-colisao-com-camiao-que-transportava-veiculos-militares-27-feridos-na-franca\/"]}]},{"@type":"ImageObject","inLanguage":"pt-PT","@id":"https:\/\/portaltela.pt\/noticias\/2026\/04\/07\/maquinista-de-tgv-morre-em-colisao-com-camiao-que-transportava-veiculos-militares-27-feridos-na-franca\/#primaryimage","url":"https:\/\/portaltela.pt\/s.01k8rhncp4jt1\/2026\/04\/img_920x518uu2026-04-07-10-22-02-2431555.jpg","contentUrl":"https:\/\/portaltela.pt\/s.01k8rhncp4jt1\/2026\/04\/img_920x518uu2026-04-07-10-22-02-2431555.jpg","width":796,"height":448,"caption":"Pol\u00edcia francesa"},{"@type":"BreadcrumbList","@id":"https:\/\/portaltela.pt\/noticias\/2026\/04\/07\/maquinista-de-tgv-morre-em-colisao-com-camiao-que-transportava-veiculos-militares-27-feridos-na-franca\/#breadcrumb","itemListElement":[{"@type":"ListItem","position":1,"name":"In\u00edcio","item":"https:\/\/portaltela.pt\/"},{"@type":"ListItem","position":2,"name":"Maquinista de TGV morre em colis\u00e3o com cami\u00e3o que transportava ve\u00edculos militares; 27 feridos na Fran\u00e7a"}]},{"@type":"WebSite","@id":"https:\/\/portaltela.pt\/#website","url":"https:\/\/portaltela.pt\/","name":"Portal Tela Portugal","description":"","potentialAction":[{"@type":"SearchAction","target":{"@type":"EntryPoint","urlTemplate":"https:\/\/portaltela.pt\/?s={search_term_string}"},"query-input":{"@type":"PropertyValueSpecification","valueRequired":true,"valueName":"search_term_string"}}],"inLanguage":"pt-PT"},{"@type":"Person","@id":"https:\/\/portaltela.pt\/#\/schema\/person\/c4278d4a6028830caff9ee44b42d32ed","name":"Telinha","image":{"@type":"ImageObject","inLanguage":"pt-PT","@id":"https:\/\/portaltela.pt\/s.01k8rhncp4jt1\/2025\/11\/talking-bot-125x125.png","url":"https:\/\/portaltela.pt\/s.01k8rhncp4jt1\/2025\/11\/talking-bot-125x125.png","contentUrl":"https:\/\/portaltela.pt\/s.01k8rhncp4jt1\/2025\/11\/talking-bot-125x125.png","caption":"Telinha"},"sameAs":["https:\/\/portaltela.pt\/"],"url":"https:\/\/portaltela.pt\/por\/367410592786\/"}]}},"_links":{"self":[{"href":"https:\/\/portaltela.pt\/api\/wp\/v2\/posts\/435073","targetHints":{"allow":["GET"]}}],"collection":[{"href":"https:\/\/portaltela.pt\/api\/wp\/v2\/posts"}],"about":[{"href":"https:\/\/portaltela.pt\/api\/wp\/v2\/types\/post"}],"author":[{"embeddable":true,"href":"https:\/\/portaltela.pt\/api\/wp\/v2\/users\/2"}],"replies":[{"embeddable":true,"href":"https:\/\/portaltela.pt\/api\/wp\/v2\/comments?post=435073"}],"version-history":[{"count":0,"href":"https:\/\/portaltela.pt\/api\/wp\/v2\/posts\/435073\/revisions"}],"wp:featuredmedia":[{"embeddable":true,"href":"https:\/\/portaltela.pt\/api\/wp\/v2\/media\/435080"}],"wp:attachment":[{"href":"https:\/\/portaltela.pt\/api\/wp\/v2\/media?parent=435073"}],"wp:term":[{"taxonomy":"category","embeddable":true,"href":"https:\/\/portaltela.pt\/api\/wp\/v2\/categories?post=435073"},{"taxonomy":"post_tag","embeddable":true,"href":"https:\/\/portaltela.pt\/api\/wp\/v2\/tags?post=435073"}],"curies":[{"name":"wp","href":"https:\/\/api.w.org\/{rel}","templated":true}]}}