{"id":435066,"date":"2026-04-07T06:32:17","date_gmt":"2026-04-07T09:32:17","guid":{"rendered":"https:\/\/portaltela.pt\/noticias\/2026\/04\/07\/candidaturas-a-apoios-para-habitacao-terminam-devido-ao-mau-tempo\/"},"modified":"2026-04-07T06:32:17","modified_gmt":"2026-04-07T09:32:17","slug":"candidaturas-a-apoios-para-habitacao-terminam-devido-ao-mau-tempo","status":"publish","type":"post","link":"https:\/\/portaltela.pt\/noticias\/economia\/2026\/04\/07\/candidaturas-a-apoios-para-habitacao-terminam-devido-ao-mau-tempo\/","title":{"rendered":"Candidaturas a apoios para habita\u00e7\u00e3o terminam devido ao mau tempo"},"content":{"rendered":"<p>O prazo para candidatar-se aos apoios destinados \u00e0 reconstru\u00e7\u00e3o de habita\u00e7\u00f5es pr\u00f3prias afetadas pelo mau tempo que atingou Portugal em janeiro e fevereiro termina nesta ter\u00e7a-feira. O aviso foi fixado por despacho do ministro da Economia e da Coes\u00e3o Territorial, Manuel Castro Almeida, publicado a 30 de mar\u00e7o. O governante comprometeu-se a concluir os processos at\u00e9 30 de junho.<\/p>\n<p>At\u00e9 ao momento, das cerca de 30 mil candidaturas recebidas desde a tempestade Kristin, apenas 3.200 tinham decis\u00e3o tomada, o que representa pouco mais de 10%. Foram pagos 4 milh\u00f5es de euros, num cen\u00e1rio em que est\u00e3o dispon\u00edveis 250 milh\u00f5es de euros nas Comiss\u00f5es de Coordena\u00e7\u00e3o e Desenvolvimento Regional do Centro e de Lisboa e Vale do Tejo.<\/p>\n<p>As intemp\u00e9ries provocaram 19 mortes, centenas de feridos e desalojados. A passagem de Kristin, Leonardo e Marta ocorreu no final de janeiro e in\u00edcio de fevereiro, com danos generalizados a casas, empresas e infraestruturas, afetando sobretudo as regi\u00f5es Centro, Lisboa e Vale do Tejo, e Alentejo.<\/p>\n<h3>Estado atual das candidaturas<\/h3>\n<p>O objetivo \u00e9 acelerar o processo de apoio financeiro \u00e0s habita\u00e7\u00f5es atingidas, mesmo diante de entraves na chegada de fundos. O ministro sublinhou a urg\u00eancia de avan\u00e7ar com as decis\u00f5es, mantendo o foco na rapididade de resposta aos leg\u00edtimos pedidos de reconstru\u00e7\u00e3o.<\/p>\n","protected":false},"excerpt":{"rendered":"<ul>\n<li>O prazo para candidaturas aos apoios para reconstru\u00e7\u00e3o de habita\u00e7\u00f5es afetadas pelo mau tempo termina nesta ter\u00e7a-feira.<\/li>\n<li>Das trinta mil candidaturas apresentadas, apenas tr\u00eas mil e duzentas estavam decididas, com quatro milh\u00f5es de euros j\u00e1 pagos.<\/li>\n<li>Existem duzentos e cinquenta milh\u00f5es de euros dispon\u00edveis nas Comiss\u00f5es de Coordena\u00e7\u00e3o e Desenvolvimento Regional do Centro e de Lisboa e Vale do Tejo.<\/li>\n<li>Pelo menos dezenove pessoas morreram na sequ\u00eancia das depress\u00f5es Kristin, Leonardo e Marta; o tempo deixou centenas de feridos, desalojados e deslocados.<\/li>\n<li>O objetivo \u00e9 concluir os processos de apoio at\u00e9 30 de junho, com o ministro da Economia e da Coes\u00e3o Territorial, Manuel Castro Almeida, a reconhecer que o dinheiro tem demorado a chegar.<\/li>\n<\/ul>\n","protected":false},"author":2,"featured_media":435068,"comment_status":"closed","ping_status":"closed","sticky":false,"template":"","format":"standard","meta":{"footnotes":""},"categories":[2,6850],"tags":[6115,7791,883,1309,981,1014],"class_list":["post-435066","post","type-post","status-publish","format-standard","has-post-thumbnail","hentry","category-economia","category-financas","tag-_economia","tag-_habitacao","tag-alentejo","tag-centro","tag-lisboa","tag-portugal"],"yoast_head":"<!-- This site is optimized with the Yoast SEO plugin v27.2 - https:\/\/yoast.com\/product\/yoast-seo-wordpress\/ -->\n<title>Candidaturas a apoios para habita\u00e7\u00e3o terminam devido ao mau tempo - Portal Tela Portugal<\/title>\n<meta name=\"robots\" content=\"index, follow, max-snippet:-1, max-image-preview:large, max-video-preview:-1\" \/>\n<meta property=\"og:locale\" content=\"pt_PT\" \/>\n<meta property=\"og:type\" content=\"article\" \/>\n<meta property=\"og:title\" content=\"Candidaturas a apoios para habita\u00e7\u00e3o terminam devido ao mau tempo - Portal Tela Portugal\" \/>\n<meta property=\"og:description\" content=\"O prazo para candidaturas aos apoios para reconstru\u00e7\u00e3o de habita\u00e7\u00f5es afetadas pelo mau tempo termina nesta ter\u00e7a-feira. Das trinta mil candidaturas apresentadas, apenas tr\u00eas mil e duzentas estavam decididas, com quatro milh\u00f5es de euros j\u00e1 pagos. Existem duzentos e cinquenta milh\u00f5es de euros dispon\u00edveis nas Comiss\u00f5es de Coordena\u00e7\u00e3o e Desenvolvimento Regional do Centro e de Lisboa e Vale do Tejo. Pelo menos dezenove pessoas morreram na sequ\u00eancia das depress\u00f5es Kristin, Leonardo e Marta; o tempo deixou centenas de feridos, desalojados e deslocados. O objetivo \u00e9 concluir os processos de apoio at\u00e9 30 de junho, com o ministro da Economia e da Coes\u00e3o Territorial, Manuel Castro Almeida, a reconhecer que o dinheiro tem demorado a chegar.\" \/>\n<meta property=\"og:url\" content=\"https:\/\/portaltela.pt\/noticias\/2026\/04\/07\/candidaturas-a-apoios-para-habitacao-terminam-devido-ao-mau-tempo\/\" \/>\n<meta property=\"og:site_name\" content=\"Portal Tela Portugal\" \/>\n<meta property=\"article:published_time\" content=\"2026-04-07T09:32:17+00:00\" \/>\n<meta name=\"author\" content=\"Telinha\" \/>\n<meta name=\"twitter:card\" content=\"summary_large_image\" \/>\n<meta name=\"twitter:label1\" content=\"Escrito por\" \/>\n\t<meta name=\"twitter:data1\" content=\"Telinha\" \/>\n\t<meta name=\"twitter:label2\" content=\"Tempo estimado de leitura\" \/>\n\t<meta name=\"twitter:data2\" content=\"1 minuto\" \/>\n<script type=\"application\/ld+json\" class=\"yoast-schema-graph\">{\"@context\":\"https:\/\/schema.org\",\"@graph\":[{\"@type\":\"Article\",\"@id\":\"https:\/\/portaltela.pt\/noticias\/2026\/04\/07\/candidaturas-a-apoios-para-habitacao-terminam-devido-ao-mau-tempo\/#article\",\"isPartOf\":{\"@id\":\"https:\/\/portaltela.pt\/noticias\/2026\/04\/07\/candidaturas-a-apoios-para-habitacao-terminam-devido-ao-mau-tempo\/\"},\"author\":{\"name\":\"Telinha\",\"@id\":\"https:\/\/portaltela.pt\/#\/schema\/person\/c4278d4a6028830caff9ee44b42d32ed\"},\"headline\":\"Candidaturas a apoios para habita\u00e7\u00e3o terminam devido ao mau tempo\",\"datePublished\":\"2026-04-07T09:32:17+00:00\",\"mainEntityOfPage\":{\"@id\":\"https:\/\/portaltela.pt\/noticias\/2026\/04\/07\/candidaturas-a-apoios-para-habitacao-terminam-devido-ao-mau-tempo\/\"},\"wordCount\":233,\"image\":{\"@id\":\"https:\/\/portaltela.pt\/noticias\/2026\/04\/07\/candidaturas-a-apoios-para-habitacao-terminam-devido-ao-mau-tempo\/#primaryimage\"},\"thumbnailUrl\":\"https:\/\/portaltela.pt\/s.01k8rhncp4jt1\/2026\/04\/image-362.jpg\",\"keywords\":[\"_economia\",\"_habita\u00e7\u00e3o\",\"Alentejo\",\"Centro\",\"Lisboa\",\"Portugal\"],\"articleSection\":[\"Economia\",\"Finan\u00e7as\"],\"inLanguage\":\"pt-PT\"},{\"@type\":\"WebPage\",\"@id\":\"https:\/\/portaltela.pt\/noticias\/2026\/04\/07\/candidaturas-a-apoios-para-habitacao-terminam-devido-ao-mau-tempo\/\",\"url\":\"https:\/\/portaltela.pt\/noticias\/2026\/04\/07\/candidaturas-a-apoios-para-habitacao-terminam-devido-ao-mau-tempo\/\",\"name\":\"Candidaturas a apoios para habita\u00e7\u00e3o terminam devido ao mau tempo - Portal Tela Portugal\",\"isPartOf\":{\"@id\":\"https:\/\/portaltela.pt\/#website\"},\"primaryImageOfPage\":{\"@id\":\"https:\/\/portaltela.pt\/noticias\/2026\/04\/07\/candidaturas-a-apoios-para-habitacao-terminam-devido-ao-mau-tempo\/#primaryimage\"},\"image\":{\"@id\":\"https:\/\/portaltela.pt\/noticias\/2026\/04\/07\/candidaturas-a-apoios-para-habitacao-terminam-devido-ao-mau-tempo\/#primaryimage\"},\"thumbnailUrl\":\"https:\/\/portaltela.pt\/s.01k8rhncp4jt1\/2026\/04\/image-362.jpg\",\"datePublished\":\"2026-04-07T09:32:17+00:00\",\"author\":{\"@id\":\"https:\/\/portaltela.pt\/#\/schema\/person\/c4278d4a6028830caff9ee44b42d32ed\"},\"breadcrumb\":{\"@id\":\"https:\/\/portaltela.pt\/noticias\/2026\/04\/07\/candidaturas-a-apoios-para-habitacao-terminam-devido-ao-mau-tempo\/#breadcrumb\"},\"inLanguage\":\"pt-PT\",\"potentialAction\":[{\"@type\":\"ReadAction\",\"target\":[\"https:\/\/portaltela.pt\/noticias\/2026\/04\/07\/candidaturas-a-apoios-para-habitacao-terminam-devido-ao-mau-tempo\/\"]}]},{\"@type\":\"ImageObject\",\"inLanguage\":\"pt-PT\",\"@id\":\"https:\/\/portaltela.pt\/noticias\/2026\/04\/07\/candidaturas-a-apoios-para-habitacao-terminam-devido-ao-mau-tempo\/#primaryimage\",\"url\":\"https:\/\/portaltela.pt\/s.01k8rhncp4jt1\/2026\/04\/image-362.jpg\",\"contentUrl\":\"https:\/\/portaltela.pt\/s.01k8rhncp4jt1\/2026\/04\/image-362.jpg\",\"width\":796,\"height\":448,\"caption\":\"Apenas 10% das candidaturas para a reconstru\u00e7\u00e3o de casas j\u00e1 tiveram o apoio decidido.\"},{\"@type\":\"BreadcrumbList\",\"@id\":\"https:\/\/portaltela.pt\/noticias\/2026\/04\/07\/candidaturas-a-apoios-para-habitacao-terminam-devido-ao-mau-tempo\/#breadcrumb\",\"itemListElement\":[{\"@type\":\"ListItem\",\"position\":1,\"name\":\"In\u00edcio\",\"item\":\"https:\/\/portaltela.pt\/\"},{\"@type\":\"ListItem\",\"position\":2,\"name\":\"Candidaturas a apoios para habita\u00e7\u00e3o terminam devido ao mau tempo\"}]},{\"@type\":\"WebSite\",\"@id\":\"https:\/\/portaltela.pt\/#website\",\"url\":\"https:\/\/portaltela.pt\/\",\"name\":\"Portal Tela Portugal\",\"description\":\"\",\"potentialAction\":[{\"@type\":\"SearchAction\",\"target\":{\"@type\":\"EntryPoint\",\"urlTemplate\":\"https:\/\/portaltela.pt\/?s={search_term_string}\"},\"query-input\":{\"@type\":\"PropertyValueSpecification\",\"valueRequired\":true,\"valueName\":\"search_term_string\"}}],\"inLanguage\":\"pt-PT\"},{\"@type\":\"Person\",\"@id\":\"https:\/\/portaltela.pt\/#\/schema\/person\/c4278d4a6028830caff9ee44b42d32ed\",\"name\":\"Telinha\",\"image\":{\"@type\":\"ImageObject\",\"inLanguage\":\"pt-PT\",\"@id\":\"https:\/\/portaltela.pt\/s.01k8rhncp4jt1\/2025\/11\/talking-bot-125x125.png\",\"url\":\"https:\/\/portaltela.pt\/s.01k8rhncp4jt1\/2025\/11\/talking-bot-125x125.png\",\"contentUrl\":\"https:\/\/portaltela.pt\/s.01k8rhncp4jt1\/2025\/11\/talking-bot-125x125.png\",\"caption\":\"Telinha\"},\"sameAs\":[\"https:\/\/portaltela.pt\/\"],\"url\":\"https:\/\/portaltela.pt\/por\/367410592786\/\"}]}<\/script>\n<!-- \/ Yoast SEO plugin. -->","yoast_head_json":{"title":"Candidaturas a apoios para habita\u00e7\u00e3o terminam devido ao mau tempo - Portal Tela Portugal","robots":{"index":"index","follow":"follow","max-snippet":"max-snippet:-1","max-image-preview":"max-image-preview:large","max-video-preview":"max-video-preview:-1"},"og_locale":"pt_PT","og_type":"article","og_title":"Candidaturas a apoios para habita\u00e7\u00e3o terminam devido ao mau tempo - Portal Tela Portugal","og_description":"O prazo para candidaturas aos apoios para reconstru\u00e7\u00e3o de habita\u00e7\u00f5es afetadas pelo mau tempo termina nesta ter\u00e7a-feira. Das trinta mil candidaturas apresentadas, apenas tr\u00eas mil e duzentas estavam decididas, com quatro milh\u00f5es de euros j\u00e1 pagos. Existem duzentos e cinquenta milh\u00f5es de euros dispon\u00edveis nas Comiss\u00f5es de Coordena\u00e7\u00e3o e Desenvolvimento Regional do Centro e de Lisboa e Vale do Tejo. Pelo menos dezenove pessoas morreram na sequ\u00eancia das depress\u00f5es Kristin, Leonardo e Marta; o tempo deixou centenas de feridos, desalojados e deslocados. O objetivo \u00e9 concluir os processos de apoio at\u00e9 30 de junho, com o ministro da Economia e da Coes\u00e3o Territorial, Manuel Castro Almeida, a reconhecer que o dinheiro tem demorado a chegar.","og_url":"https:\/\/portaltela.pt\/noticias\/2026\/04\/07\/candidaturas-a-apoios-para-habitacao-terminam-devido-ao-mau-tempo\/","og_site_name":"Portal Tela Portugal","article_published_time":"2026-04-07T09:32:17+00:00","author":"Telinha","twitter_card":"summary_large_image","twitter_misc":{"Escrito por":"Telinha","Tempo estimado de leitura":"1 minuto"},"schema":{"@context":"https:\/\/schema.org","@graph":[{"@type":"Article","@id":"https:\/\/portaltela.pt\/noticias\/2026\/04\/07\/candidaturas-a-apoios-para-habitacao-terminam-devido-ao-mau-tempo\/#article","isPartOf":{"@id":"https:\/\/portaltela.pt\/noticias\/2026\/04\/07\/candidaturas-a-apoios-para-habitacao-terminam-devido-ao-mau-tempo\/"},"author":{"name":"Telinha","@id":"https:\/\/portaltela.pt\/#\/schema\/person\/c4278d4a6028830caff9ee44b42d32ed"},"headline":"Candidaturas a apoios para habita\u00e7\u00e3o terminam devido ao mau tempo","datePublished":"2026-04-07T09:32:17+00:00","mainEntityOfPage":{"@id":"https:\/\/portaltela.pt\/noticias\/2026\/04\/07\/candidaturas-a-apoios-para-habitacao-terminam-devido-ao-mau-tempo\/"},"wordCount":233,"image":{"@id":"https:\/\/portaltela.pt\/noticias\/2026\/04\/07\/candidaturas-a-apoios-para-habitacao-terminam-devido-ao-mau-tempo\/#primaryimage"},"thumbnailUrl":"https:\/\/portaltela.pt\/s.01k8rhncp4jt1\/2026\/04\/image-362.jpg","keywords":["_economia","_habita\u00e7\u00e3o","Alentejo","Centro","Lisboa","Portugal"],"articleSection":["Economia","Finan\u00e7as"],"inLanguage":"pt-PT"},{"@type":"WebPage","@id":"https:\/\/portaltela.pt\/noticias\/2026\/04\/07\/candidaturas-a-apoios-para-habitacao-terminam-devido-ao-mau-tempo\/","url":"https:\/\/portaltela.pt\/noticias\/2026\/04\/07\/candidaturas-a-apoios-para-habitacao-terminam-devido-ao-mau-tempo\/","name":"Candidaturas a apoios para habita\u00e7\u00e3o terminam devido ao mau tempo - Portal Tela Portugal","isPartOf":{"@id":"https:\/\/portaltela.pt\/#website"},"primaryImageOfPage":{"@id":"https:\/\/portaltela.pt\/noticias\/2026\/04\/07\/candidaturas-a-apoios-para-habitacao-terminam-devido-ao-mau-tempo\/#primaryimage"},"image":{"@id":"https:\/\/portaltela.pt\/noticias\/2026\/04\/07\/candidaturas-a-apoios-para-habitacao-terminam-devido-ao-mau-tempo\/#primaryimage"},"thumbnailUrl":"https:\/\/portaltela.pt\/s.01k8rhncp4jt1\/2026\/04\/image-362.jpg","datePublished":"2026-04-07T09:32:17+00:00","author":{"@id":"https:\/\/portaltela.pt\/#\/schema\/person\/c4278d4a6028830caff9ee44b42d32ed"},"breadcrumb":{"@id":"https:\/\/portaltela.pt\/noticias\/2026\/04\/07\/candidaturas-a-apoios-para-habitacao-terminam-devido-ao-mau-tempo\/#breadcrumb"},"inLanguage":"pt-PT","potentialAction":[{"@type":"ReadAction","target":["https:\/\/portaltela.pt\/noticias\/2026\/04\/07\/candidaturas-a-apoios-para-habitacao-terminam-devido-ao-mau-tempo\/"]}]},{"@type":"ImageObject","inLanguage":"pt-PT","@id":"https:\/\/portaltela.pt\/noticias\/2026\/04\/07\/candidaturas-a-apoios-para-habitacao-terminam-devido-ao-mau-tempo\/#primaryimage","url":"https:\/\/portaltela.pt\/s.01k8rhncp4jt1\/2026\/04\/image-362.jpg","contentUrl":"https:\/\/portaltela.pt\/s.01k8rhncp4jt1\/2026\/04\/image-362.jpg","width":796,"height":448,"caption":"Apenas 10% das candidaturas para a reconstru\u00e7\u00e3o de casas j\u00e1 tiveram o apoio decidido."},{"@type":"BreadcrumbList","@id":"https:\/\/portaltela.pt\/noticias\/2026\/04\/07\/candidaturas-a-apoios-para-habitacao-terminam-devido-ao-mau-tempo\/#breadcrumb","itemListElement":[{"@type":"ListItem","position":1,"name":"In\u00edcio","item":"https:\/\/portaltela.pt\/"},{"@type":"ListItem","position":2,"name":"Candidaturas a apoios para habita\u00e7\u00e3o terminam devido ao mau tempo"}]},{"@type":"WebSite","@id":"https:\/\/portaltela.pt\/#website","url":"https:\/\/portaltela.pt\/","name":"Portal Tela Portugal","description":"","potentialAction":[{"@type":"SearchAction","target":{"@type":"EntryPoint","urlTemplate":"https:\/\/portaltela.pt\/?s={search_term_string}"},"query-input":{"@type":"PropertyValueSpecification","valueRequired":true,"valueName":"search_term_string"}}],"inLanguage":"pt-PT"},{"@type":"Person","@id":"https:\/\/portaltela.pt\/#\/schema\/person\/c4278d4a6028830caff9ee44b42d32ed","name":"Telinha","image":{"@type":"ImageObject","inLanguage":"pt-PT","@id":"https:\/\/portaltela.pt\/s.01k8rhncp4jt1\/2025\/11\/talking-bot-125x125.png","url":"https:\/\/portaltela.pt\/s.01k8rhncp4jt1\/2025\/11\/talking-bot-125x125.png","contentUrl":"https:\/\/portaltela.pt\/s.01k8rhncp4jt1\/2025\/11\/talking-bot-125x125.png","caption":"Telinha"},"sameAs":["https:\/\/portaltela.pt\/"],"url":"https:\/\/portaltela.pt\/por\/367410592786\/"}]}},"_links":{"self":[{"href":"https:\/\/portaltela.pt\/api\/wp\/v2\/posts\/435066","targetHints":{"allow":["GET"]}}],"collection":[{"href":"https:\/\/portaltela.pt\/api\/wp\/v2\/posts"}],"about":[{"href":"https:\/\/portaltela.pt\/api\/wp\/v2\/types\/post"}],"author":[{"embeddable":true,"href":"https:\/\/portaltela.pt\/api\/wp\/v2\/users\/2"}],"replies":[{"embeddable":true,"href":"https:\/\/portaltela.pt\/api\/wp\/v2\/comments?post=435066"}],"version-history":[{"count":0,"href":"https:\/\/portaltela.pt\/api\/wp\/v2\/posts\/435066\/revisions"}],"wp:featuredmedia":[{"embeddable":true,"href":"https:\/\/portaltela.pt\/api\/wp\/v2\/media\/435068"}],"wp:attachment":[{"href":"https:\/\/portaltela.pt\/api\/wp\/v2\/media?parent=435066"}],"wp:term":[{"taxonomy":"category","embeddable":true,"href":"https:\/\/portaltela.pt\/api\/wp\/v2\/categories?post=435066"},{"taxonomy":"post_tag","embeddable":true,"href":"https:\/\/portaltela.pt\/api\/wp\/v2\/tags?post=435066"}],"curies":[{"name":"wp","href":"https:\/\/api.w.org\/{rel}","templated":true}]}}