{"id":435057,"date":"2026-04-07T06:16:52","date_gmt":"2026-04-07T09:16:52","guid":{"rendered":"https:\/\/portaltela.pt\/noticias\/2026\/04\/07\/um-morto-e-dezenas-de-feridos-em-colisao-de-tgv-com-camiao-militar-na-franca\/"},"modified":"2026-04-07T06:16:52","modified_gmt":"2026-04-07T09:16:52","slug":"um-morto-e-dezenas-de-feridos-em-colisao-de-tgv-com-camiao-militar-na-franca","status":"publish","type":"post","link":"https:\/\/portaltela.pt\/noticias\/2026\/04\/07\/um-morto-e-dezenas-de-feridos-em-colisao-de-tgv-com-camiao-militar-na-franca\/","title":{"rendered":"Um morto e dezenas de feridos em colis\u00e3o de TGV com cami\u00e3o militar na Fran\u00e7a"},"content":{"rendered":"<p>Um morto e 27 feridos ap\u00f3s a colis\u00e3o entre um TGV e um cami\u00e3o militar numa passagem de n\u00edvel, em Bully-les-Mines, Pas-de-Calais, no norte de Fran\u00e7a. O acidente ocorreu por volta das 7h, envolvendo cerca de 350 passageiros a bordo.<\/p>\n<p>Segundo a SNCF, o maquinista faleceu e 27 pessoas ficaram feridas. A colis\u00e3o teve lugar numa passagem de n\u00edvel entre B\u00e9thune e Lens, numa regi\u00e3o de tr\u00e1fego ferrovi\u00e1rio intenso.<\/p>\n<p>O ministro dos Transportes, Philippe Tabarot, confirmou os dados e anunciou que ir\u00e1 ao local com Jean Castex, atual diretor-geral da SNCF, para acompanhar as opera\u00e7\u00f5es e a an\u00e1lise inicial.<\/p>\n<h3>Investiga\u00e7\u00e3o e pr\u00f3ximos passos<\/h3>\n<p>As autoridades investigam as circunst\u00e2ncias do impacto, incluindo o estado do ve\u00edculo pesado de mercadorias. N\u00e3o houve indica\u00e7\u00e3o de ferimentos graves entre passageiros al\u00e9m dos j\u00e1 reportados. A circula\u00e7\u00e3o ferrovi\u00e1ria ainda est\u00e1 a ser avaliadas.<\/p>\n","protected":false},"excerpt":{"rendered":"<ul>\n<li>Um maquinista do TGV faleceu e vinte e sete pessoas ficaram feridas num acidente com um cami\u00e3o militar numa passagem de n\u00edvel em Bully-les-Mines, perto das sete horas.<\/li>\n<li>O choque ocorreu entre B\u00e9thune e Lens, na regi\u00e3o de Pas-de-Calais.<\/li>\n<li>A SNCF confirmou as v\u00edtimas: o maquinista morto e vinte e sete feridos; cerca de trezentos e cinquenta passageiros seguiam a bordo.<\/li>\n<li>O ministro dos Transportes, Philippe Tabarot, comunicou a not\u00edcia no X e disse que vai visitar o local acompanhado do diretor-geral da SNCF, Jean Castex.<\/li>\n<li>As causas do acidente est\u00e3o a ser apuradas pelas autoridades.<\/li>\n<\/ul>\n","protected":false},"author":2,"featured_media":435058,"comment_status":"closed","ping_status":"closed","sticky":false,"template":"","format":"standard","meta":{"footnotes":""},"categories":[6849,1],"tags":[5487,3622,3449,1856,250,192],"class_list":["post-435057","post","type-post","status-publish","format-standard","has-post-thumbnail","hentry","category-acidentes","category-noticias","tag-acidente","tag-acidentes-ferroviarios","tag-feridos","tag-franca","tag-seguranca-publica","tag-transporte"],"yoast_head":"<!-- This site is optimized with the Yoast SEO plugin v27.2 - https:\/\/yoast.com\/product\/yoast-seo-wordpress\/ -->\n<title>Um morto e dezenas de feridos em colis\u00e3o de TGV com cami\u00e3o militar na Fran\u00e7a - Portal Tela Portugal<\/title>\n<meta name=\"robots\" content=\"index, follow, max-snippet:-1, max-image-preview:large, max-video-preview:-1\" \/>\n<meta property=\"og:locale\" content=\"pt_PT\" \/>\n<meta property=\"og:type\" content=\"article\" \/>\n<meta property=\"og:title\" content=\"Um morto e dezenas de feridos em colis\u00e3o de TGV com cami\u00e3o militar na Fran\u00e7a - Portal Tela Portugal\" \/>\n<meta property=\"og:description\" content=\"Um maquinista do TGV faleceu e vinte e sete pessoas ficaram feridas num acidente com um cami\u00e3o militar numa passagem de n\u00edvel em Bully-les-Mines, perto das sete horas. O choque ocorreu entre B\u00e9thune e Lens, na regi\u00e3o de Pas-de-Calais. A SNCF confirmou as v\u00edtimas: o maquinista morto e vinte e sete feridos; cerca de trezentos e cinquenta passageiros seguiam a bordo. O ministro dos Transportes, Philippe Tabarot, comunicou a not\u00edcia no X e disse que vai visitar o local acompanhado do diretor-geral da SNCF, Jean Castex. As causas do acidente est\u00e3o a ser apuradas pelas autoridades.\" \/>\n<meta property=\"og:url\" content=\"https:\/\/portaltela.pt\/noticias\/2026\/04\/07\/um-morto-e-dezenas-de-feridos-em-colisao-de-tgv-com-camiao-militar-na-franca\/\" \/>\n<meta property=\"og:site_name\" content=\"Portal Tela Portugal\" \/>\n<meta property=\"article:published_time\" content=\"2026-04-07T09:16:52+00:00\" \/>\n<meta name=\"author\" content=\"Telinha\" \/>\n<meta name=\"twitter:card\" content=\"summary_large_image\" \/>\n<meta name=\"twitter:label1\" content=\"Escrito por\" \/>\n\t<meta name=\"twitter:data1\" content=\"Telinha\" \/>\n\t<meta name=\"twitter:label2\" content=\"Tempo estimado de leitura\" \/>\n\t<meta name=\"twitter:data2\" content=\"1 minuto\" \/>\n<script type=\"application\/ld+json\" class=\"yoast-schema-graph\">{\"@context\":\"https:\/\/schema.org\",\"@graph\":[{\"@type\":\"Article\",\"@id\":\"https:\/\/portaltela.pt\/noticias\/2026\/04\/07\/um-morto-e-dezenas-de-feridos-em-colisao-de-tgv-com-camiao-militar-na-franca\/#article\",\"isPartOf\":{\"@id\":\"https:\/\/portaltela.pt\/noticias\/2026\/04\/07\/um-morto-e-dezenas-de-feridos-em-colisao-de-tgv-com-camiao-militar-na-franca\/\"},\"author\":{\"name\":\"Telinha\",\"@id\":\"https:\/\/portaltela.pt\/#\/schema\/person\/c4278d4a6028830caff9ee44b42d32ed\"},\"headline\":\"Um morto e dezenas de feridos em colis\u00e3o de TGV com cami\u00e3o militar na Fran\u00e7a\",\"datePublished\":\"2026-04-07T09:16:52+00:00\",\"mainEntityOfPage\":{\"@id\":\"https:\/\/portaltela.pt\/noticias\/2026\/04\/07\/um-morto-e-dezenas-de-feridos-em-colisao-de-tgv-com-camiao-militar-na-franca\/\"},\"wordCount\":175,\"image\":{\"@id\":\"https:\/\/portaltela.pt\/noticias\/2026\/04\/07\/um-morto-e-dezenas-de-feridos-em-colisao-de-tgv-com-camiao-militar-na-franca\/#primaryimage\"},\"thumbnailUrl\":\"https:\/\/portaltela.pt\/s.01k8rhncp4jt1\/2026\/04\/1536x864_cmsv2_c9b8af5d-2481-54fc-8223-9ddc2bf636e3-9712711.jpg\",\"keywords\":[\"acidente\",\"acidentes ferrovi\u00e1rios\",\"feridos\",\"Fran\u00e7a\",\"seguran\u00e7a p\u00fablica\",\"transporte\"],\"articleSection\":[\"Acidentes\",\"Not\u00edcias\"],\"inLanguage\":\"pt-PT\"},{\"@type\":\"WebPage\",\"@id\":\"https:\/\/portaltela.pt\/noticias\/2026\/04\/07\/um-morto-e-dezenas-de-feridos-em-colisao-de-tgv-com-camiao-militar-na-franca\/\",\"url\":\"https:\/\/portaltela.pt\/noticias\/2026\/04\/07\/um-morto-e-dezenas-de-feridos-em-colisao-de-tgv-com-camiao-militar-na-franca\/\",\"name\":\"Um morto e dezenas de feridos em colis\u00e3o de TGV com cami\u00e3o militar na Fran\u00e7a - Portal Tela Portugal\",\"isPartOf\":{\"@id\":\"https:\/\/portaltela.pt\/#website\"},\"primaryImageOfPage\":{\"@id\":\"https:\/\/portaltela.pt\/noticias\/2026\/04\/07\/um-morto-e-dezenas-de-feridos-em-colisao-de-tgv-com-camiao-militar-na-franca\/#primaryimage\"},\"image\":{\"@id\":\"https:\/\/portaltela.pt\/noticias\/2026\/04\/07\/um-morto-e-dezenas-de-feridos-em-colisao-de-tgv-com-camiao-militar-na-franca\/#primaryimage\"},\"thumbnailUrl\":\"https:\/\/portaltela.pt\/s.01k8rhncp4jt1\/2026\/04\/1536x864_cmsv2_c9b8af5d-2481-54fc-8223-9ddc2bf636e3-9712711.jpg\",\"datePublished\":\"2026-04-07T09:16:52+00:00\",\"author\":{\"@id\":\"https:\/\/portaltela.pt\/#\/schema\/person\/c4278d4a6028830caff9ee44b42d32ed\"},\"breadcrumb\":{\"@id\":\"https:\/\/portaltela.pt\/noticias\/2026\/04\/07\/um-morto-e-dezenas-de-feridos-em-colisao-de-tgv-com-camiao-militar-na-franca\/#breadcrumb\"},\"inLanguage\":\"pt-PT\",\"potentialAction\":[{\"@type\":\"ReadAction\",\"target\":[\"https:\/\/portaltela.pt\/noticias\/2026\/04\/07\/um-morto-e-dezenas-de-feridos-em-colisao-de-tgv-com-camiao-militar-na-franca\/\"]}]},{\"@type\":\"ImageObject\",\"inLanguage\":\"pt-PT\",\"@id\":\"https:\/\/portaltela.pt\/noticias\/2026\/04\/07\/um-morto-e-dezenas-de-feridos-em-colisao-de-tgv-com-camiao-militar-na-franca\/#primaryimage\",\"url\":\"https:\/\/portaltela.pt\/s.01k8rhncp4jt1\/2026\/04\/1536x864_cmsv2_c9b8af5d-2481-54fc-8223-9ddc2bf636e3-9712711.jpg\",\"contentUrl\":\"https:\/\/portaltela.pt\/s.01k8rhncp4jt1\/2026\/04\/1536x864_cmsv2_c9b8af5d-2481-54fc-8223-9ddc2bf636e3-9712711.jpg\",\"width\":796,\"height\":448,\"caption\":\"Funcion\u00e1rios da SNCF inspeccionam o TGV depois de ter descarrilado a caminho de Paris, em Ingenheim, perto de Estrasburgo, na quinta-feira, 5 de mar\u00e7o de 2020.\"},{\"@type\":\"BreadcrumbList\",\"@id\":\"https:\/\/portaltela.pt\/noticias\/2026\/04\/07\/um-morto-e-dezenas-de-feridos-em-colisao-de-tgv-com-camiao-militar-na-franca\/#breadcrumb\",\"itemListElement\":[{\"@type\":\"ListItem\",\"position\":1,\"name\":\"In\u00edcio\",\"item\":\"https:\/\/portaltela.pt\/\"},{\"@type\":\"ListItem\",\"position\":2,\"name\":\"Um morto e dezenas de feridos em colis\u00e3o de TGV com cami\u00e3o militar na Fran\u00e7a\"}]},{\"@type\":\"WebSite\",\"@id\":\"https:\/\/portaltela.pt\/#website\",\"url\":\"https:\/\/portaltela.pt\/\",\"name\":\"Portal Tela Portugal\",\"description\":\"\",\"potentialAction\":[{\"@type\":\"SearchAction\",\"target\":{\"@type\":\"EntryPoint\",\"urlTemplate\":\"https:\/\/portaltela.pt\/?s={search_term_string}\"},\"query-input\":{\"@type\":\"PropertyValueSpecification\",\"valueRequired\":true,\"valueName\":\"search_term_string\"}}],\"inLanguage\":\"pt-PT\"},{\"@type\":\"Person\",\"@id\":\"https:\/\/portaltela.pt\/#\/schema\/person\/c4278d4a6028830caff9ee44b42d32ed\",\"name\":\"Telinha\",\"image\":{\"@type\":\"ImageObject\",\"inLanguage\":\"pt-PT\",\"@id\":\"https:\/\/portaltela.pt\/s.01k8rhncp4jt1\/2025\/11\/talking-bot-125x125.png\",\"url\":\"https:\/\/portaltela.pt\/s.01k8rhncp4jt1\/2025\/11\/talking-bot-125x125.png\",\"contentUrl\":\"https:\/\/portaltela.pt\/s.01k8rhncp4jt1\/2025\/11\/talking-bot-125x125.png\",\"caption\":\"Telinha\"},\"sameAs\":[\"https:\/\/portaltela.pt\/\"],\"url\":\"https:\/\/portaltela.pt\/por\/367410592786\/\"}]}<\/script>\n<!-- \/ Yoast SEO plugin. -->","yoast_head_json":{"title":"Um morto e dezenas de feridos em colis\u00e3o de TGV com cami\u00e3o militar na Fran\u00e7a - Portal Tela Portugal","robots":{"index":"index","follow":"follow","max-snippet":"max-snippet:-1","max-image-preview":"max-image-preview:large","max-video-preview":"max-video-preview:-1"},"og_locale":"pt_PT","og_type":"article","og_title":"Um morto e dezenas de feridos em colis\u00e3o de TGV com cami\u00e3o militar na Fran\u00e7a - Portal Tela Portugal","og_description":"Um maquinista do TGV faleceu e vinte e sete pessoas ficaram feridas num acidente com um cami\u00e3o militar numa passagem de n\u00edvel em Bully-les-Mines, perto das sete horas. O choque ocorreu entre B\u00e9thune e Lens, na regi\u00e3o de Pas-de-Calais. A SNCF confirmou as v\u00edtimas: o maquinista morto e vinte e sete feridos; cerca de trezentos e cinquenta passageiros seguiam a bordo. O ministro dos Transportes, Philippe Tabarot, comunicou a not\u00edcia no X e disse que vai visitar o local acompanhado do diretor-geral da SNCF, Jean Castex. As causas do acidente est\u00e3o a ser apuradas pelas autoridades.","og_url":"https:\/\/portaltela.pt\/noticias\/2026\/04\/07\/um-morto-e-dezenas-de-feridos-em-colisao-de-tgv-com-camiao-militar-na-franca\/","og_site_name":"Portal Tela Portugal","article_published_time":"2026-04-07T09:16:52+00:00","author":"Telinha","twitter_card":"summary_large_image","twitter_misc":{"Escrito por":"Telinha","Tempo estimado de leitura":"1 minuto"},"schema":{"@context":"https:\/\/schema.org","@graph":[{"@type":"Article","@id":"https:\/\/portaltela.pt\/noticias\/2026\/04\/07\/um-morto-e-dezenas-de-feridos-em-colisao-de-tgv-com-camiao-militar-na-franca\/#article","isPartOf":{"@id":"https:\/\/portaltela.pt\/noticias\/2026\/04\/07\/um-morto-e-dezenas-de-feridos-em-colisao-de-tgv-com-camiao-militar-na-franca\/"},"author":{"name":"Telinha","@id":"https:\/\/portaltela.pt\/#\/schema\/person\/c4278d4a6028830caff9ee44b42d32ed"},"headline":"Um morto e dezenas de feridos em colis\u00e3o de TGV com cami\u00e3o militar na Fran\u00e7a","datePublished":"2026-04-07T09:16:52+00:00","mainEntityOfPage":{"@id":"https:\/\/portaltela.pt\/noticias\/2026\/04\/07\/um-morto-e-dezenas-de-feridos-em-colisao-de-tgv-com-camiao-militar-na-franca\/"},"wordCount":175,"image":{"@id":"https:\/\/portaltela.pt\/noticias\/2026\/04\/07\/um-morto-e-dezenas-de-feridos-em-colisao-de-tgv-com-camiao-militar-na-franca\/#primaryimage"},"thumbnailUrl":"https:\/\/portaltela.pt\/s.01k8rhncp4jt1\/2026\/04\/1536x864_cmsv2_c9b8af5d-2481-54fc-8223-9ddc2bf636e3-9712711.jpg","keywords":["acidente","acidentes ferrovi\u00e1rios","feridos","Fran\u00e7a","seguran\u00e7a p\u00fablica","transporte"],"articleSection":["Acidentes","Not\u00edcias"],"inLanguage":"pt-PT"},{"@type":"WebPage","@id":"https:\/\/portaltela.pt\/noticias\/2026\/04\/07\/um-morto-e-dezenas-de-feridos-em-colisao-de-tgv-com-camiao-militar-na-franca\/","url":"https:\/\/portaltela.pt\/noticias\/2026\/04\/07\/um-morto-e-dezenas-de-feridos-em-colisao-de-tgv-com-camiao-militar-na-franca\/","name":"Um morto e dezenas de feridos em colis\u00e3o de TGV com cami\u00e3o militar na Fran\u00e7a - Portal Tela Portugal","isPartOf":{"@id":"https:\/\/portaltela.pt\/#website"},"primaryImageOfPage":{"@id":"https:\/\/portaltela.pt\/noticias\/2026\/04\/07\/um-morto-e-dezenas-de-feridos-em-colisao-de-tgv-com-camiao-militar-na-franca\/#primaryimage"},"image":{"@id":"https:\/\/portaltela.pt\/noticias\/2026\/04\/07\/um-morto-e-dezenas-de-feridos-em-colisao-de-tgv-com-camiao-militar-na-franca\/#primaryimage"},"thumbnailUrl":"https:\/\/portaltela.pt\/s.01k8rhncp4jt1\/2026\/04\/1536x864_cmsv2_c9b8af5d-2481-54fc-8223-9ddc2bf636e3-9712711.jpg","datePublished":"2026-04-07T09:16:52+00:00","author":{"@id":"https:\/\/portaltela.pt\/#\/schema\/person\/c4278d4a6028830caff9ee44b42d32ed"},"breadcrumb":{"@id":"https:\/\/portaltela.pt\/noticias\/2026\/04\/07\/um-morto-e-dezenas-de-feridos-em-colisao-de-tgv-com-camiao-militar-na-franca\/#breadcrumb"},"inLanguage":"pt-PT","potentialAction":[{"@type":"ReadAction","target":["https:\/\/portaltela.pt\/noticias\/2026\/04\/07\/um-morto-e-dezenas-de-feridos-em-colisao-de-tgv-com-camiao-militar-na-franca\/"]}]},{"@type":"ImageObject","inLanguage":"pt-PT","@id":"https:\/\/portaltela.pt\/noticias\/2026\/04\/07\/um-morto-e-dezenas-de-feridos-em-colisao-de-tgv-com-camiao-militar-na-franca\/#primaryimage","url":"https:\/\/portaltela.pt\/s.01k8rhncp4jt1\/2026\/04\/1536x864_cmsv2_c9b8af5d-2481-54fc-8223-9ddc2bf636e3-9712711.jpg","contentUrl":"https:\/\/portaltela.pt\/s.01k8rhncp4jt1\/2026\/04\/1536x864_cmsv2_c9b8af5d-2481-54fc-8223-9ddc2bf636e3-9712711.jpg","width":796,"height":448,"caption":"Funcion\u00e1rios da SNCF inspeccionam o TGV depois de ter descarrilado a caminho de Paris, em Ingenheim, perto de Estrasburgo, na quinta-feira, 5 de mar\u00e7o de 2020."},{"@type":"BreadcrumbList","@id":"https:\/\/portaltela.pt\/noticias\/2026\/04\/07\/um-morto-e-dezenas-de-feridos-em-colisao-de-tgv-com-camiao-militar-na-franca\/#breadcrumb","itemListElement":[{"@type":"ListItem","position":1,"name":"In\u00edcio","item":"https:\/\/portaltela.pt\/"},{"@type":"ListItem","position":2,"name":"Um morto e dezenas de feridos em colis\u00e3o de TGV com cami\u00e3o militar na Fran\u00e7a"}]},{"@type":"WebSite","@id":"https:\/\/portaltela.pt\/#website","url":"https:\/\/portaltela.pt\/","name":"Portal Tela Portugal","description":"","potentialAction":[{"@type":"SearchAction","target":{"@type":"EntryPoint","urlTemplate":"https:\/\/portaltela.pt\/?s={search_term_string}"},"query-input":{"@type":"PropertyValueSpecification","valueRequired":true,"valueName":"search_term_string"}}],"inLanguage":"pt-PT"},{"@type":"Person","@id":"https:\/\/portaltela.pt\/#\/schema\/person\/c4278d4a6028830caff9ee44b42d32ed","name":"Telinha","image":{"@type":"ImageObject","inLanguage":"pt-PT","@id":"https:\/\/portaltela.pt\/s.01k8rhncp4jt1\/2025\/11\/talking-bot-125x125.png","url":"https:\/\/portaltela.pt\/s.01k8rhncp4jt1\/2025\/11\/talking-bot-125x125.png","contentUrl":"https:\/\/portaltela.pt\/s.01k8rhncp4jt1\/2025\/11\/talking-bot-125x125.png","caption":"Telinha"},"sameAs":["https:\/\/portaltela.pt\/"],"url":"https:\/\/portaltela.pt\/por\/367410592786\/"}]}},"_links":{"self":[{"href":"https:\/\/portaltela.pt\/api\/wp\/v2\/posts\/435057","targetHints":{"allow":["GET"]}}],"collection":[{"href":"https:\/\/portaltela.pt\/api\/wp\/v2\/posts"}],"about":[{"href":"https:\/\/portaltela.pt\/api\/wp\/v2\/types\/post"}],"author":[{"embeddable":true,"href":"https:\/\/portaltela.pt\/api\/wp\/v2\/users\/2"}],"replies":[{"embeddable":true,"href":"https:\/\/portaltela.pt\/api\/wp\/v2\/comments?post=435057"}],"version-history":[{"count":0,"href":"https:\/\/portaltela.pt\/api\/wp\/v2\/posts\/435057\/revisions"}],"wp:featuredmedia":[{"embeddable":true,"href":"https:\/\/portaltela.pt\/api\/wp\/v2\/media\/435058"}],"wp:attachment":[{"href":"https:\/\/portaltela.pt\/api\/wp\/v2\/media?parent=435057"}],"wp:term":[{"taxonomy":"category","embeddable":true,"href":"https:\/\/portaltela.pt\/api\/wp\/v2\/categories?post=435057"},{"taxonomy":"post_tag","embeddable":true,"href":"https:\/\/portaltela.pt\/api\/wp\/v2\/tags?post=435057"}],"curies":[{"name":"wp","href":"https:\/\/api.w.org\/{rel}","templated":true}]}}