{"id":435049,"date":"2026-04-07T06:16:40","date_gmt":"2026-04-07T09:16:40","guid":{"rendered":"https:\/\/portaltela.pt\/noticias\/2026\/04\/07\/david-guetta-leva-o-espetaculo-the-monolith-ao-parque-papa-francisco\/"},"modified":"2026-04-07T06:16:40","modified_gmt":"2026-04-07T09:16:40","slug":"david-guetta-leva-o-espetaculo-the-monolith-ao-parque-papa-francisco","status":"publish","type":"post","link":"https:\/\/portaltela.pt\/noticias\/2026\/04\/07\/david-guetta-leva-o-espetaculo-the-monolith-ao-parque-papa-francisco\/","title":{"rendered":"David Guetta leva o espet\u00e1culo The Monolith ao Parque Papa Francisco"},"content":{"rendered":"<p>David Guetta traz a Portugal a digress\u00e3o The Monolith, descrita como uma experi\u00eancia audiovisual inovadora. O concerto acontece a 2 de agosto no Parque Papa Francisco, em Loures, numa produ\u00e7\u00e3o de grande escala. O objetivo \u00e9 apresentar uma experi\u00eancia que funde som, imagem e emo\u00e7\u00e3o.<\/p>\n<p>O espet\u00e1culo centra-se numa estrutura gigante em LED, em formato de mon\u00f3lito, com tecnologia de ponta, mapping 3D e conte\u00fados visuais sincronizados. Luzes imersivas e desenho coreografado prometem envolver o p\u00fablico em espa\u00e7os abertos de grandes dimens\u00f5es.<\/p>\n<p>A setlist combina sucessos de Guetta com temas da fase Future Rave, que mistura techno com elementos pop. O conceito j\u00e1 passou por locais ic\u00f3nicos, incluindo um deserto na Ar\u00e1bia Saudita e o est\u00e1dio de Marselha, atraindo grandes multid\u00f5es.<\/p>\n<h3>Detalhes de produ\u00e7\u00e3o e elenco<\/h3>\n<p>O evento apresenta artistas convidados, cujo lineup de Loures deve ser anunciado em breve. Guetta, ativo desde os anos 2000, tem mais de 80 milh\u00f5es de ouvintes mensais no Spotify, com colabora\u00e7\u00f5es com Sia, Rihanna, Nicki Minaj, Justin Bieber e Black Eyed Peas.<\/p>\n<h3>Bilhetes e informa\u00e7\u00f5es<\/h3>\n<p>Os bilhetes para The Monolith abrem a venda a 9 de abril, \u00e0s 9h, atrav\u00e9s da BOL e pontos de venda habituais. Os pre\u00e7os ainda n\u00e3o foram divulgados. O organizador informa que o show re\u00fane tecnologia de ponta e produ\u00e7\u00e3o de grande escala.<\/p>\n","protected":false},"excerpt":{"rendered":"<ul>\n<li>O DJ franc\u00eas David Guetta atua a 2 de agosto no Parque Papa Francisco, em Loures, com o espet\u00e1culo &#8220;The Monolith&#8221;.<\/li>\n<li>O show \u00e9 uma experi\u00eancia audiovisual de grande envergadura, com mon\u00f3lito gigante em LED, mapping 3D e luzes imersivas.<\/li>\n<li>O formato combina som, imagem e emo\u00e7\u00e3o, incluindo \u00eaxitos da carreira e temas da fase &#8220;Future Rave&#8221;.<\/li>\n<li>O espet\u00e1culo j\u00e1 passou por locais de grande dimens\u00e3o, como um deserto na Ar\u00e1bia Saudita e o est\u00e1dio de Marselha, e costuma ter convidados anunciados para cada apresenta\u00e7\u00e3o.<\/li>\n<li>Os bilhetes ficam \u00e0 venda a partir de 9 de abril, \u00e0s 9h, na BOL e locais habituais; os pre\u00e7os ainda n\u00e3o foram divulgados; Guetta tem mais de 80 milh\u00f5es de ouvintes mensais no Spotify.<\/li>\n<\/ul>\n","protected":false},"author":2,"featured_media":435050,"comment_status":"closed","ping_status":"closed","sticky":false,"template":"","format":"standard","meta":{"footnotes":""},"categories":[6676,1],"tags":[593,2116,1680,122,1014,153],"class_list":["post-435049","post","type-post","status-publish","format-standard","has-post-thumbnail","hentry","category-musica","category-noticias","tag-concertos","tag-espetaculos","tag-loures","tag-musica","tag-portugal","tag-tecnologia"],"yoast_head":"<!-- This site is optimized with the Yoast SEO plugin v27.2 - https:\/\/yoast.com\/product\/yoast-seo-wordpress\/ -->\n<title>David Guetta leva o espet\u00e1culo The Monolith ao Parque Papa Francisco - Portal Tela Portugal<\/title>\n<meta name=\"robots\" content=\"index, follow, max-snippet:-1, max-image-preview:large, max-video-preview:-1\" \/>\n<meta property=\"og:locale\" content=\"pt_PT\" \/>\n<meta property=\"og:type\" content=\"article\" \/>\n<meta property=\"og:title\" content=\"David Guetta leva o espet\u00e1culo The Monolith ao Parque Papa Francisco - Portal Tela Portugal\" \/>\n<meta property=\"og:description\" content=\"O DJ franc\u00eas David Guetta atua a 2 de agosto no Parque Papa Francisco, em Loures, com o espet\u00e1culo &quot;The Monolith&quot;. O show \u00e9 uma experi\u00eancia audiovisual de grande envergadura, com mon\u00f3lito gigante em LED, mapping 3D e luzes imersivas. O formato combina som, imagem e emo\u00e7\u00e3o, incluindo \u00eaxitos da carreira e temas da fase &quot;Future Rave&quot;. O espet\u00e1culo j\u00e1 passou por locais de grande dimens\u00e3o, como um deserto na Ar\u00e1bia Saudita e o est\u00e1dio de Marselha, e costuma ter convidados anunciados para cada apresenta\u00e7\u00e3o. Os bilhetes ficam \u00e0 venda a partir de 9 de abril, \u00e0s 9h, na BOL e locais habituais; os pre\u00e7os ainda n\u00e3o foram divulgados; Guetta tem mais de 80 milh\u00f5es de ouvintes mensais no Spotify.\" \/>\n<meta property=\"og:url\" content=\"https:\/\/portaltela.pt\/noticias\/2026\/04\/07\/david-guetta-leva-o-espetaculo-the-monolith-ao-parque-papa-francisco\/\" \/>\n<meta property=\"og:site_name\" content=\"Portal Tela Portugal\" \/>\n<meta property=\"article:published_time\" content=\"2026-04-07T09:16:40+00:00\" \/>\n<meta name=\"author\" content=\"Telinha\" \/>\n<meta name=\"twitter:card\" content=\"summary_large_image\" \/>\n<meta name=\"twitter:label1\" content=\"Escrito por\" \/>\n\t<meta name=\"twitter:data1\" content=\"Telinha\" \/>\n\t<meta name=\"twitter:label2\" content=\"Tempo estimado de leitura\" \/>\n\t<meta name=\"twitter:data2\" content=\"1 minuto\" \/>\n<script type=\"application\/ld+json\" class=\"yoast-schema-graph\">{\"@context\":\"https:\/\/schema.org\",\"@graph\":[{\"@type\":\"Article\",\"@id\":\"https:\/\/portaltela.pt\/noticias\/2026\/04\/07\/david-guetta-leva-o-espetaculo-the-monolith-ao-parque-papa-francisco\/#article\",\"isPartOf\":{\"@id\":\"https:\/\/portaltela.pt\/noticias\/2026\/04\/07\/david-guetta-leva-o-espetaculo-the-monolith-ao-parque-papa-francisco\/\"},\"author\":{\"name\":\"Telinha\",\"@id\":\"https:\/\/portaltela.pt\/#\/schema\/person\/c4278d4a6028830caff9ee44b42d32ed\"},\"headline\":\"David Guetta leva o espet\u00e1culo The Monolith ao Parque Papa Francisco\",\"datePublished\":\"2026-04-07T09:16:40+00:00\",\"mainEntityOfPage\":{\"@id\":\"https:\/\/portaltela.pt\/noticias\/2026\/04\/07\/david-guetta-leva-o-espetaculo-the-monolith-ao-parque-papa-francisco\/\"},\"wordCount\":246,\"image\":{\"@id\":\"https:\/\/portaltela.pt\/noticias\/2026\/04\/07\/david-guetta-leva-o-espetaculo-the-monolith-ao-parque-papa-francisco\/#primaryimage\"},\"thumbnailUrl\":\"https:\/\/portaltela.pt\/s.01k8rhncp4jt1\/2026\/04\/image-13.webp\",\"keywords\":[\"concertos\",\"espet\u00e1culos\",\"Loures\",\"m\u00fasica\",\"Portugal\",\"tecnologia\"],\"articleSection\":[\"M\u00fasica\",\"Not\u00edcias\"],\"inLanguage\":\"pt-PT\"},{\"@type\":\"WebPage\",\"@id\":\"https:\/\/portaltela.pt\/noticias\/2026\/04\/07\/david-guetta-leva-o-espetaculo-the-monolith-ao-parque-papa-francisco\/\",\"url\":\"https:\/\/portaltela.pt\/noticias\/2026\/04\/07\/david-guetta-leva-o-espetaculo-the-monolith-ao-parque-papa-francisco\/\",\"name\":\"David Guetta leva o espet\u00e1culo The Monolith ao Parque Papa Francisco - Portal Tela Portugal\",\"isPartOf\":{\"@id\":\"https:\/\/portaltela.pt\/#website\"},\"primaryImageOfPage\":{\"@id\":\"https:\/\/portaltela.pt\/noticias\/2026\/04\/07\/david-guetta-leva-o-espetaculo-the-monolith-ao-parque-papa-francisco\/#primaryimage\"},\"image\":{\"@id\":\"https:\/\/portaltela.pt\/noticias\/2026\/04\/07\/david-guetta-leva-o-espetaculo-the-monolith-ao-parque-papa-francisco\/#primaryimage\"},\"thumbnailUrl\":\"https:\/\/portaltela.pt\/s.01k8rhncp4jt1\/2026\/04\/image-13.webp\",\"datePublished\":\"2026-04-07T09:16:40+00:00\",\"author\":{\"@id\":\"https:\/\/portaltela.pt\/#\/schema\/person\/c4278d4a6028830caff9ee44b42d32ed\"},\"breadcrumb\":{\"@id\":\"https:\/\/portaltela.pt\/noticias\/2026\/04\/07\/david-guetta-leva-o-espetaculo-the-monolith-ao-parque-papa-francisco\/#breadcrumb\"},\"inLanguage\":\"pt-PT\",\"potentialAction\":[{\"@type\":\"ReadAction\",\"target\":[\"https:\/\/portaltela.pt\/noticias\/2026\/04\/07\/david-guetta-leva-o-espetaculo-the-monolith-ao-parque-papa-francisco\/\"]}]},{\"@type\":\"ImageObject\",\"inLanguage\":\"pt-PT\",\"@id\":\"https:\/\/portaltela.pt\/noticias\/2026\/04\/07\/david-guetta-leva-o-espetaculo-the-monolith-ao-parque-papa-francisco\/#primaryimage\",\"url\":\"https:\/\/portaltela.pt\/s.01k8rhncp4jt1\/2026\/04\/image-13.webp\",\"contentUrl\":\"https:\/\/portaltela.pt\/s.01k8rhncp4jt1\/2026\/04\/image-13.webp\",\"width\":1200,\"height\":841,\"caption\":\"David Guetta vai atuar em Portugal a 2 de agosto\"},{\"@type\":\"BreadcrumbList\",\"@id\":\"https:\/\/portaltela.pt\/noticias\/2026\/04\/07\/david-guetta-leva-o-espetaculo-the-monolith-ao-parque-papa-francisco\/#breadcrumb\",\"itemListElement\":[{\"@type\":\"ListItem\",\"position\":1,\"name\":\"In\u00edcio\",\"item\":\"https:\/\/portaltela.pt\/\"},{\"@type\":\"ListItem\",\"position\":2,\"name\":\"David Guetta leva o espet\u00e1culo The Monolith ao Parque Papa Francisco\"}]},{\"@type\":\"WebSite\",\"@id\":\"https:\/\/portaltela.pt\/#website\",\"url\":\"https:\/\/portaltela.pt\/\",\"name\":\"Portal Tela Portugal\",\"description\":\"\",\"potentialAction\":[{\"@type\":\"SearchAction\",\"target\":{\"@type\":\"EntryPoint\",\"urlTemplate\":\"https:\/\/portaltela.pt\/?s={search_term_string}\"},\"query-input\":{\"@type\":\"PropertyValueSpecification\",\"valueRequired\":true,\"valueName\":\"search_term_string\"}}],\"inLanguage\":\"pt-PT\"},{\"@type\":\"Person\",\"@id\":\"https:\/\/portaltela.pt\/#\/schema\/person\/c4278d4a6028830caff9ee44b42d32ed\",\"name\":\"Telinha\",\"image\":{\"@type\":\"ImageObject\",\"inLanguage\":\"pt-PT\",\"@id\":\"https:\/\/portaltela.pt\/s.01k8rhncp4jt1\/2025\/11\/talking-bot-125x125.png\",\"url\":\"https:\/\/portaltela.pt\/s.01k8rhncp4jt1\/2025\/11\/talking-bot-125x125.png\",\"contentUrl\":\"https:\/\/portaltela.pt\/s.01k8rhncp4jt1\/2025\/11\/talking-bot-125x125.png\",\"caption\":\"Telinha\"},\"sameAs\":[\"https:\/\/portaltela.pt\/\"],\"url\":\"https:\/\/portaltela.pt\/por\/367410592786\/\"}]}<\/script>\n<!-- \/ Yoast SEO plugin. -->","yoast_head_json":{"title":"David Guetta leva o espet\u00e1culo The Monolith ao Parque Papa Francisco - Portal Tela Portugal","robots":{"index":"index","follow":"follow","max-snippet":"max-snippet:-1","max-image-preview":"max-image-preview:large","max-video-preview":"max-video-preview:-1"},"og_locale":"pt_PT","og_type":"article","og_title":"David Guetta leva o espet\u00e1culo The Monolith ao Parque Papa Francisco - Portal Tela Portugal","og_description":"O DJ franc\u00eas David Guetta atua a 2 de agosto no Parque Papa Francisco, em Loures, com o espet\u00e1culo \"The Monolith\". O show \u00e9 uma experi\u00eancia audiovisual de grande envergadura, com mon\u00f3lito gigante em LED, mapping 3D e luzes imersivas. O formato combina som, imagem e emo\u00e7\u00e3o, incluindo \u00eaxitos da carreira e temas da fase \"Future Rave\". O espet\u00e1culo j\u00e1 passou por locais de grande dimens\u00e3o, como um deserto na Ar\u00e1bia Saudita e o est\u00e1dio de Marselha, e costuma ter convidados anunciados para cada apresenta\u00e7\u00e3o. Os bilhetes ficam \u00e0 venda a partir de 9 de abril, \u00e0s 9h, na BOL e locais habituais; os pre\u00e7os ainda n\u00e3o foram divulgados; Guetta tem mais de 80 milh\u00f5es de ouvintes mensais no Spotify.","og_url":"https:\/\/portaltela.pt\/noticias\/2026\/04\/07\/david-guetta-leva-o-espetaculo-the-monolith-ao-parque-papa-francisco\/","og_site_name":"Portal Tela Portugal","article_published_time":"2026-04-07T09:16:40+00:00","author":"Telinha","twitter_card":"summary_large_image","twitter_misc":{"Escrito por":"Telinha","Tempo estimado de leitura":"1 minuto"},"schema":{"@context":"https:\/\/schema.org","@graph":[{"@type":"Article","@id":"https:\/\/portaltela.pt\/noticias\/2026\/04\/07\/david-guetta-leva-o-espetaculo-the-monolith-ao-parque-papa-francisco\/#article","isPartOf":{"@id":"https:\/\/portaltela.pt\/noticias\/2026\/04\/07\/david-guetta-leva-o-espetaculo-the-monolith-ao-parque-papa-francisco\/"},"author":{"name":"Telinha","@id":"https:\/\/portaltela.pt\/#\/schema\/person\/c4278d4a6028830caff9ee44b42d32ed"},"headline":"David Guetta leva o espet\u00e1culo The Monolith ao Parque Papa Francisco","datePublished":"2026-04-07T09:16:40+00:00","mainEntityOfPage":{"@id":"https:\/\/portaltela.pt\/noticias\/2026\/04\/07\/david-guetta-leva-o-espetaculo-the-monolith-ao-parque-papa-francisco\/"},"wordCount":246,"image":{"@id":"https:\/\/portaltela.pt\/noticias\/2026\/04\/07\/david-guetta-leva-o-espetaculo-the-monolith-ao-parque-papa-francisco\/#primaryimage"},"thumbnailUrl":"https:\/\/portaltela.pt\/s.01k8rhncp4jt1\/2026\/04\/image-13.webp","keywords":["concertos","espet\u00e1culos","Loures","m\u00fasica","Portugal","tecnologia"],"articleSection":["M\u00fasica","Not\u00edcias"],"inLanguage":"pt-PT"},{"@type":"WebPage","@id":"https:\/\/portaltela.pt\/noticias\/2026\/04\/07\/david-guetta-leva-o-espetaculo-the-monolith-ao-parque-papa-francisco\/","url":"https:\/\/portaltela.pt\/noticias\/2026\/04\/07\/david-guetta-leva-o-espetaculo-the-monolith-ao-parque-papa-francisco\/","name":"David Guetta leva o espet\u00e1culo The Monolith ao Parque Papa Francisco - Portal Tela Portugal","isPartOf":{"@id":"https:\/\/portaltela.pt\/#website"},"primaryImageOfPage":{"@id":"https:\/\/portaltela.pt\/noticias\/2026\/04\/07\/david-guetta-leva-o-espetaculo-the-monolith-ao-parque-papa-francisco\/#primaryimage"},"image":{"@id":"https:\/\/portaltela.pt\/noticias\/2026\/04\/07\/david-guetta-leva-o-espetaculo-the-monolith-ao-parque-papa-francisco\/#primaryimage"},"thumbnailUrl":"https:\/\/portaltela.pt\/s.01k8rhncp4jt1\/2026\/04\/image-13.webp","datePublished":"2026-04-07T09:16:40+00:00","author":{"@id":"https:\/\/portaltela.pt\/#\/schema\/person\/c4278d4a6028830caff9ee44b42d32ed"},"breadcrumb":{"@id":"https:\/\/portaltela.pt\/noticias\/2026\/04\/07\/david-guetta-leva-o-espetaculo-the-monolith-ao-parque-papa-francisco\/#breadcrumb"},"inLanguage":"pt-PT","potentialAction":[{"@type":"ReadAction","target":["https:\/\/portaltela.pt\/noticias\/2026\/04\/07\/david-guetta-leva-o-espetaculo-the-monolith-ao-parque-papa-francisco\/"]}]},{"@type":"ImageObject","inLanguage":"pt-PT","@id":"https:\/\/portaltela.pt\/noticias\/2026\/04\/07\/david-guetta-leva-o-espetaculo-the-monolith-ao-parque-papa-francisco\/#primaryimage","url":"https:\/\/portaltela.pt\/s.01k8rhncp4jt1\/2026\/04\/image-13.webp","contentUrl":"https:\/\/portaltela.pt\/s.01k8rhncp4jt1\/2026\/04\/image-13.webp","width":1200,"height":841,"caption":"David Guetta vai atuar em Portugal a 2 de agosto"},{"@type":"BreadcrumbList","@id":"https:\/\/portaltela.pt\/noticias\/2026\/04\/07\/david-guetta-leva-o-espetaculo-the-monolith-ao-parque-papa-francisco\/#breadcrumb","itemListElement":[{"@type":"ListItem","position":1,"name":"In\u00edcio","item":"https:\/\/portaltela.pt\/"},{"@type":"ListItem","position":2,"name":"David Guetta leva o espet\u00e1culo The Monolith ao Parque Papa Francisco"}]},{"@type":"WebSite","@id":"https:\/\/portaltela.pt\/#website","url":"https:\/\/portaltela.pt\/","name":"Portal Tela Portugal","description":"","potentialAction":[{"@type":"SearchAction","target":{"@type":"EntryPoint","urlTemplate":"https:\/\/portaltela.pt\/?s={search_term_string}"},"query-input":{"@type":"PropertyValueSpecification","valueRequired":true,"valueName":"search_term_string"}}],"inLanguage":"pt-PT"},{"@type":"Person","@id":"https:\/\/portaltela.pt\/#\/schema\/person\/c4278d4a6028830caff9ee44b42d32ed","name":"Telinha","image":{"@type":"ImageObject","inLanguage":"pt-PT","@id":"https:\/\/portaltela.pt\/s.01k8rhncp4jt1\/2025\/11\/talking-bot-125x125.png","url":"https:\/\/portaltela.pt\/s.01k8rhncp4jt1\/2025\/11\/talking-bot-125x125.png","contentUrl":"https:\/\/portaltela.pt\/s.01k8rhncp4jt1\/2025\/11\/talking-bot-125x125.png","caption":"Telinha"},"sameAs":["https:\/\/portaltela.pt\/"],"url":"https:\/\/portaltela.pt\/por\/367410592786\/"}]}},"_links":{"self":[{"href":"https:\/\/portaltela.pt\/api\/wp\/v2\/posts\/435049","targetHints":{"allow":["GET"]}}],"collection":[{"href":"https:\/\/portaltela.pt\/api\/wp\/v2\/posts"}],"about":[{"href":"https:\/\/portaltela.pt\/api\/wp\/v2\/types\/post"}],"author":[{"embeddable":true,"href":"https:\/\/portaltela.pt\/api\/wp\/v2\/users\/2"}],"replies":[{"embeddable":true,"href":"https:\/\/portaltela.pt\/api\/wp\/v2\/comments?post=435049"}],"version-history":[{"count":0,"href":"https:\/\/portaltela.pt\/api\/wp\/v2\/posts\/435049\/revisions"}],"wp:featuredmedia":[{"embeddable":true,"href":"https:\/\/portaltela.pt\/api\/wp\/v2\/media\/435050"}],"wp:attachment":[{"href":"https:\/\/portaltela.pt\/api\/wp\/v2\/media?parent=435049"}],"wp:term":[{"taxonomy":"category","embeddable":true,"href":"https:\/\/portaltela.pt\/api\/wp\/v2\/categories?post=435049"},{"taxonomy":"post_tag","embeddable":true,"href":"https:\/\/portaltela.pt\/api\/wp\/v2\/tags?post=435049"}],"curies":[{"name":"wp","href":"https:\/\/api.w.org\/{rel}","templated":true}]}}