{"id":435043,"date":"2026-04-07T06:02:14","date_gmt":"2026-04-07T09:02:14","guid":{"rendered":"https:\/\/portaltela.pt\/noticias\/2026\/04\/07\/gasto-medio-por-familia-na-saude-1397-euros\/"},"modified":"2026-04-07T06:02:14","modified_gmt":"2026-04-07T09:02:14","slug":"gasto-medio-por-familia-na-saude-1397-euros","status":"publish","type":"post","link":"https:\/\/portaltela.pt\/saude\/2026\/04\/07\/gasto-medio-por-familia-na-saude-1397-euros\/","title":{"rendered":"Gasto m\u00e9dio por fam\u00edlia na sa\u00fade: 1397 euros"},"content":{"rendered":"<p>O gasto m\u00e9dio por fam\u00edlia na sa\u00fade \u00e9 de 1397 euros por ano, segundo um estudo divulgado pela Deco PROteste. A an\u00e1lise foca o peso financeiro dos cuidados de sa\u00fade para os agregados familiares em Portugal.<\/p>\n<p>O estudo indica que um ter\u00e7o dos portugueses enfrenta dificuldades para pagar custos m\u00e9dicos. O problema preocupa especialmente quem tem rendimentos mais baixos e maiores necessidades de sa\u00fade.<\/p>\n<p>O relat\u00f3rio da Deco PROteste aponta ainda que os encargos variam conforme a estrutura familiar e a regi\u00e3o, refletindo desigualdades no acesso a servi\u00e7os e produtos de sa\u00fade.<\/p>\n<h3>Dados do estudo<\/h3>\n<p>O estudo \u00e9 conduzido pela Deco PROteste e analisa despesas de fam\u00edlias portuguesas relacionadas com sa\u00fade, revelando o peso financeiro associado aos cuidados m\u00e9dicos.<\/p>\n","protected":false},"excerpt":{"rendered":"<ul>\n<li>O gasto m\u00e9dio por fam\u00edlia com sa\u00fade \u00e9 de 1397 euros.<\/li>\n<li>Um ter\u00e7o dos portugueses enfrenta dificuldades para pagar custos m\u00e9dicos.<\/li>\n<li>O estudo \u00e9 da Deco PROteste e analisa encargos relacionados com a sa\u00fade.<\/li>\n<li>Os resultados indicam impactos financeiros significativos nas fam\u00edlias.<\/li>\n<\/ul>\n","protected":false},"author":2,"featured_media":435045,"comment_status":"closed","ping_status":"closed","sticky":false,"template":"","format":"standard","meta":{"footnotes":""},"categories":[6745],"tags":[6115,5437,1014,6126,172,271],"class_list":["post-435043","post","type-post","status-publish","format-standard","has-post-thumbnail","hentry","category-saude","tag-_economia","tag-desigualdades-sociais","tag-portugal","tag-publico","tag-saude","tag-saude-publica"],"yoast_head":"<!-- This site is optimized with the Yoast SEO plugin v27.2 - https:\/\/yoast.com\/product\/yoast-seo-wordpress\/ -->\n<title>Gasto m\u00e9dio por fam\u00edlia na sa\u00fade: 1397 euros - Portal Tela Portugal<\/title>\n<meta name=\"robots\" content=\"index, follow, max-snippet:-1, max-image-preview:large, max-video-preview:-1\" \/>\n<meta property=\"og:locale\" content=\"pt_PT\" \/>\n<meta property=\"og:type\" content=\"article\" \/>\n<meta property=\"og:title\" content=\"Gasto m\u00e9dio por fam\u00edlia na sa\u00fade: 1397 euros - Portal Tela Portugal\" \/>\n<meta property=\"og:description\" content=\"O gasto m\u00e9dio por fam\u00edlia com sa\u00fade \u00e9 de 1397 euros. Um ter\u00e7o dos portugueses enfrenta dificuldades para pagar custos m\u00e9dicos. O estudo \u00e9 da Deco PROteste e analisa encargos relacionados com a sa\u00fade. Os resultados indicam impactos financeiros significativos nas fam\u00edlias.\" \/>\n<meta property=\"og:url\" content=\"https:\/\/portaltela.pt\/noticias\/2026\/04\/07\/gasto-medio-por-familia-na-saude-1397-euros\/\" \/>\n<meta property=\"og:site_name\" content=\"Portal Tela Portugal\" \/>\n<meta property=\"article:published_time\" content=\"2026-04-07T09:02:14+00:00\" \/>\n<meta name=\"author\" content=\"Telinha\" \/>\n<meta name=\"twitter:card\" content=\"summary_large_image\" \/>\n<meta name=\"twitter:label1\" content=\"Escrito por\" \/>\n\t<meta name=\"twitter:data1\" content=\"Telinha\" \/>\n\t<meta name=\"twitter:label2\" content=\"Tempo estimado de leitura\" \/>\n\t<meta name=\"twitter:data2\" content=\"1 minuto\" \/>\n<script type=\"application\/ld+json\" class=\"yoast-schema-graph\">{\"@context\":\"https:\/\/schema.org\",\"@graph\":[{\"@type\":\"Article\",\"@id\":\"https:\/\/portaltela.pt\/noticias\/2026\/04\/07\/gasto-medio-por-familia-na-saude-1397-euros\/#article\",\"isPartOf\":{\"@id\":\"https:\/\/portaltela.pt\/noticias\/2026\/04\/07\/gasto-medio-por-familia-na-saude-1397-euros\/\"},\"author\":{\"name\":\"Telinha\",\"@id\":\"https:\/\/portaltela.pt\/#\/schema\/person\/c4278d4a6028830caff9ee44b42d32ed\"},\"headline\":\"Gasto m\u00e9dio por fam\u00edlia na sa\u00fade: 1397 euros\",\"datePublished\":\"2026-04-07T09:02:14+00:00\",\"mainEntityOfPage\":{\"@id\":\"https:\/\/portaltela.pt\/noticias\/2026\/04\/07\/gasto-medio-por-familia-na-saude-1397-euros\/\"},\"wordCount\":141,\"image\":{\"@id\":\"https:\/\/portaltela.pt\/noticias\/2026\/04\/07\/gasto-medio-por-familia-na-saude-1397-euros\/#primaryimage\"},\"thumbnailUrl\":\"https:\/\/portaltela.pt\/s.01k8rhncp4jt1\/2026\/04\/img_1280x722uu2026-01-30-11-26-00-2248517.jpg\",\"keywords\":[\"_economia\",\"desigualdades sociais\",\"Portugal\",\"p\u00fablico\",\"sa\u00fade\",\"sa\u00fade p\u00fablica\"],\"articleSection\":[\"Sa\u00fade\"],\"inLanguage\":\"pt-PT\"},{\"@type\":\"WebPage\",\"@id\":\"https:\/\/portaltela.pt\/noticias\/2026\/04\/07\/gasto-medio-por-familia-na-saude-1397-euros\/\",\"url\":\"https:\/\/portaltela.pt\/noticias\/2026\/04\/07\/gasto-medio-por-familia-na-saude-1397-euros\/\",\"name\":\"Gasto m\u00e9dio por fam\u00edlia na sa\u00fade: 1397 euros - Portal Tela Portugal\",\"isPartOf\":{\"@id\":\"https:\/\/portaltela.pt\/#website\"},\"primaryImageOfPage\":{\"@id\":\"https:\/\/portaltela.pt\/noticias\/2026\/04\/07\/gasto-medio-por-familia-na-saude-1397-euros\/#primaryimage\"},\"image\":{\"@id\":\"https:\/\/portaltela.pt\/noticias\/2026\/04\/07\/gasto-medio-por-familia-na-saude-1397-euros\/#primaryimage\"},\"thumbnailUrl\":\"https:\/\/portaltela.pt\/s.01k8rhncp4jt1\/2026\/04\/img_1280x722uu2026-01-30-11-26-00-2248517.jpg\",\"datePublished\":\"2026-04-07T09:02:14+00:00\",\"author\":{\"@id\":\"https:\/\/portaltela.pt\/#\/schema\/person\/c4278d4a6028830caff9ee44b42d32ed\"},\"breadcrumb\":{\"@id\":\"https:\/\/portaltela.pt\/noticias\/2026\/04\/07\/gasto-medio-por-familia-na-saude-1397-euros\/#breadcrumb\"},\"inLanguage\":\"pt-PT\",\"potentialAction\":[{\"@type\":\"ReadAction\",\"target\":[\"https:\/\/portaltela.pt\/noticias\/2026\/04\/07\/gasto-medio-por-familia-na-saude-1397-euros\/\"]}]},{\"@type\":\"ImageObject\",\"inLanguage\":\"pt-PT\",\"@id\":\"https:\/\/portaltela.pt\/noticias\/2026\/04\/07\/gasto-medio-por-familia-na-saude-1397-euros\/#primaryimage\",\"url\":\"https:\/\/portaltela.pt\/s.01k8rhncp4jt1\/2026\/04\/img_1280x722uu2026-01-30-11-26-00-2248517.jpg\",\"contentUrl\":\"https:\/\/portaltela.pt\/s.01k8rhncp4jt1\/2026\/04\/img_1280x722uu2026-01-30-11-26-00-2248517.jpg\",\"width\":1280,\"height\":722,\"caption\":\"Photo\"},{\"@type\":\"BreadcrumbList\",\"@id\":\"https:\/\/portaltela.pt\/noticias\/2026\/04\/07\/gasto-medio-por-familia-na-saude-1397-euros\/#breadcrumb\",\"itemListElement\":[{\"@type\":\"ListItem\",\"position\":1,\"name\":\"In\u00edcio\",\"item\":\"https:\/\/portaltela.pt\/\"},{\"@type\":\"ListItem\",\"position\":2,\"name\":\"Gasto m\u00e9dio por fam\u00edlia na sa\u00fade: 1397 euros\"}]},{\"@type\":\"WebSite\",\"@id\":\"https:\/\/portaltela.pt\/#website\",\"url\":\"https:\/\/portaltela.pt\/\",\"name\":\"Portal Tela Portugal\",\"description\":\"\",\"potentialAction\":[{\"@type\":\"SearchAction\",\"target\":{\"@type\":\"EntryPoint\",\"urlTemplate\":\"https:\/\/portaltela.pt\/?s={search_term_string}\"},\"query-input\":{\"@type\":\"PropertyValueSpecification\",\"valueRequired\":true,\"valueName\":\"search_term_string\"}}],\"inLanguage\":\"pt-PT\"},{\"@type\":\"Person\",\"@id\":\"https:\/\/portaltela.pt\/#\/schema\/person\/c4278d4a6028830caff9ee44b42d32ed\",\"name\":\"Telinha\",\"image\":{\"@type\":\"ImageObject\",\"inLanguage\":\"pt-PT\",\"@id\":\"https:\/\/portaltela.pt\/s.01k8rhncp4jt1\/2025\/11\/talking-bot-125x125.png\",\"url\":\"https:\/\/portaltela.pt\/s.01k8rhncp4jt1\/2025\/11\/talking-bot-125x125.png\",\"contentUrl\":\"https:\/\/portaltela.pt\/s.01k8rhncp4jt1\/2025\/11\/talking-bot-125x125.png\",\"caption\":\"Telinha\"},\"sameAs\":[\"https:\/\/portaltela.pt\/\"],\"url\":\"https:\/\/portaltela.pt\/por\/367410592786\/\"}]}<\/script>\n<!-- \/ Yoast SEO plugin. -->","yoast_head_json":{"title":"Gasto m\u00e9dio por fam\u00edlia na sa\u00fade: 1397 euros - Portal Tela Portugal","robots":{"index":"index","follow":"follow","max-snippet":"max-snippet:-1","max-image-preview":"max-image-preview:large","max-video-preview":"max-video-preview:-1"},"og_locale":"pt_PT","og_type":"article","og_title":"Gasto m\u00e9dio por fam\u00edlia na sa\u00fade: 1397 euros - Portal Tela Portugal","og_description":"O gasto m\u00e9dio por fam\u00edlia com sa\u00fade \u00e9 de 1397 euros. Um ter\u00e7o dos portugueses enfrenta dificuldades para pagar custos m\u00e9dicos. O estudo \u00e9 da Deco PROteste e analisa encargos relacionados com a sa\u00fade. Os resultados indicam impactos financeiros significativos nas fam\u00edlias.","og_url":"https:\/\/portaltela.pt\/noticias\/2026\/04\/07\/gasto-medio-por-familia-na-saude-1397-euros\/","og_site_name":"Portal Tela Portugal","article_published_time":"2026-04-07T09:02:14+00:00","author":"Telinha","twitter_card":"summary_large_image","twitter_misc":{"Escrito por":"Telinha","Tempo estimado de leitura":"1 minuto"},"schema":{"@context":"https:\/\/schema.org","@graph":[{"@type":"Article","@id":"https:\/\/portaltela.pt\/noticias\/2026\/04\/07\/gasto-medio-por-familia-na-saude-1397-euros\/#article","isPartOf":{"@id":"https:\/\/portaltela.pt\/noticias\/2026\/04\/07\/gasto-medio-por-familia-na-saude-1397-euros\/"},"author":{"name":"Telinha","@id":"https:\/\/portaltela.pt\/#\/schema\/person\/c4278d4a6028830caff9ee44b42d32ed"},"headline":"Gasto m\u00e9dio por fam\u00edlia na sa\u00fade: 1397 euros","datePublished":"2026-04-07T09:02:14+00:00","mainEntityOfPage":{"@id":"https:\/\/portaltela.pt\/noticias\/2026\/04\/07\/gasto-medio-por-familia-na-saude-1397-euros\/"},"wordCount":141,"image":{"@id":"https:\/\/portaltela.pt\/noticias\/2026\/04\/07\/gasto-medio-por-familia-na-saude-1397-euros\/#primaryimage"},"thumbnailUrl":"https:\/\/portaltela.pt\/s.01k8rhncp4jt1\/2026\/04\/img_1280x722uu2026-01-30-11-26-00-2248517.jpg","keywords":["_economia","desigualdades sociais","Portugal","p\u00fablico","sa\u00fade","sa\u00fade p\u00fablica"],"articleSection":["Sa\u00fade"],"inLanguage":"pt-PT"},{"@type":"WebPage","@id":"https:\/\/portaltela.pt\/noticias\/2026\/04\/07\/gasto-medio-por-familia-na-saude-1397-euros\/","url":"https:\/\/portaltela.pt\/noticias\/2026\/04\/07\/gasto-medio-por-familia-na-saude-1397-euros\/","name":"Gasto m\u00e9dio por fam\u00edlia na sa\u00fade: 1397 euros - Portal Tela Portugal","isPartOf":{"@id":"https:\/\/portaltela.pt\/#website"},"primaryImageOfPage":{"@id":"https:\/\/portaltela.pt\/noticias\/2026\/04\/07\/gasto-medio-por-familia-na-saude-1397-euros\/#primaryimage"},"image":{"@id":"https:\/\/portaltela.pt\/noticias\/2026\/04\/07\/gasto-medio-por-familia-na-saude-1397-euros\/#primaryimage"},"thumbnailUrl":"https:\/\/portaltela.pt\/s.01k8rhncp4jt1\/2026\/04\/img_1280x722uu2026-01-30-11-26-00-2248517.jpg","datePublished":"2026-04-07T09:02:14+00:00","author":{"@id":"https:\/\/portaltela.pt\/#\/schema\/person\/c4278d4a6028830caff9ee44b42d32ed"},"breadcrumb":{"@id":"https:\/\/portaltela.pt\/noticias\/2026\/04\/07\/gasto-medio-por-familia-na-saude-1397-euros\/#breadcrumb"},"inLanguage":"pt-PT","potentialAction":[{"@type":"ReadAction","target":["https:\/\/portaltela.pt\/noticias\/2026\/04\/07\/gasto-medio-por-familia-na-saude-1397-euros\/"]}]},{"@type":"ImageObject","inLanguage":"pt-PT","@id":"https:\/\/portaltela.pt\/noticias\/2026\/04\/07\/gasto-medio-por-familia-na-saude-1397-euros\/#primaryimage","url":"https:\/\/portaltela.pt\/s.01k8rhncp4jt1\/2026\/04\/img_1280x722uu2026-01-30-11-26-00-2248517.jpg","contentUrl":"https:\/\/portaltela.pt\/s.01k8rhncp4jt1\/2026\/04\/img_1280x722uu2026-01-30-11-26-00-2248517.jpg","width":1280,"height":722,"caption":"Photo"},{"@type":"BreadcrumbList","@id":"https:\/\/portaltela.pt\/noticias\/2026\/04\/07\/gasto-medio-por-familia-na-saude-1397-euros\/#breadcrumb","itemListElement":[{"@type":"ListItem","position":1,"name":"In\u00edcio","item":"https:\/\/portaltela.pt\/"},{"@type":"ListItem","position":2,"name":"Gasto m\u00e9dio por fam\u00edlia na sa\u00fade: 1397 euros"}]},{"@type":"WebSite","@id":"https:\/\/portaltela.pt\/#website","url":"https:\/\/portaltela.pt\/","name":"Portal Tela Portugal","description":"","potentialAction":[{"@type":"SearchAction","target":{"@type":"EntryPoint","urlTemplate":"https:\/\/portaltela.pt\/?s={search_term_string}"},"query-input":{"@type":"PropertyValueSpecification","valueRequired":true,"valueName":"search_term_string"}}],"inLanguage":"pt-PT"},{"@type":"Person","@id":"https:\/\/portaltela.pt\/#\/schema\/person\/c4278d4a6028830caff9ee44b42d32ed","name":"Telinha","image":{"@type":"ImageObject","inLanguage":"pt-PT","@id":"https:\/\/portaltela.pt\/s.01k8rhncp4jt1\/2025\/11\/talking-bot-125x125.png","url":"https:\/\/portaltela.pt\/s.01k8rhncp4jt1\/2025\/11\/talking-bot-125x125.png","contentUrl":"https:\/\/portaltela.pt\/s.01k8rhncp4jt1\/2025\/11\/talking-bot-125x125.png","caption":"Telinha"},"sameAs":["https:\/\/portaltela.pt\/"],"url":"https:\/\/portaltela.pt\/por\/367410592786\/"}]}},"_links":{"self":[{"href":"https:\/\/portaltela.pt\/api\/wp\/v2\/posts\/435043","targetHints":{"allow":["GET"]}}],"collection":[{"href":"https:\/\/portaltela.pt\/api\/wp\/v2\/posts"}],"about":[{"href":"https:\/\/portaltela.pt\/api\/wp\/v2\/types\/post"}],"author":[{"embeddable":true,"href":"https:\/\/portaltela.pt\/api\/wp\/v2\/users\/2"}],"replies":[{"embeddable":true,"href":"https:\/\/portaltela.pt\/api\/wp\/v2\/comments?post=435043"}],"version-history":[{"count":0,"href":"https:\/\/portaltela.pt\/api\/wp\/v2\/posts\/435043\/revisions"}],"wp:featuredmedia":[{"embeddable":true,"href":"https:\/\/portaltela.pt\/api\/wp\/v2\/media\/435045"}],"wp:attachment":[{"href":"https:\/\/portaltela.pt\/api\/wp\/v2\/media?parent=435043"}],"wp:term":[{"taxonomy":"category","embeddable":true,"href":"https:\/\/portaltela.pt\/api\/wp\/v2\/categories?post=435043"},{"taxonomy":"post_tag","embeddable":true,"href":"https:\/\/portaltela.pt\/api\/wp\/v2\/tags?post=435043"}],"curies":[{"name":"wp","href":"https:\/\/api.w.org\/{rel}","templated":true}]}}