{"id":435028,"date":"2026-04-07T05:47:19","date_gmt":"2026-04-07T08:47:19","guid":{"rendered":"https:\/\/portaltela.pt\/noticias\/2026\/04\/07\/calema-regressam-ao-mares-a-19-de-julho\/"},"modified":"2026-04-07T05:47:19","modified_gmt":"2026-04-07T08:47:19","slug":"calema-regressam-ao-mares-a-19-de-julho","status":"publish","type":"post","link":"https:\/\/portaltela.pt\/musica\/2026\/04\/07\/calema-regressam-ao-mares-a-19-de-julho\/","title":{"rendered":"Calema regressam ao Mar\u00e9s a 19 de julho"},"content":{"rendered":"<p>Calema v\u00e3o retornar ao palco principal do Mar\u00e9s, em Matosinhos, no terceiro e \u00faltimo dia do festival. A atua\u00e7\u00e3o est\u00e1 marcada para 19 de julho, na praia do Aterro, com Ozuna e Danny Ocean j\u00e1 confirmados no cartaz.<\/p>\n<p>Os irm\u00e3os Fradique e Ant\u00f3nio prometem novidades, repetindo a presen\u00e7a no festival ap\u00f3s lota\u00e7\u00e3o esgotada no ano passado, quando cerca de 40 mil pessoas assistiram \u00e0 performance.<\/p>\n<p>Al\u00e9m dos Calema, o line-up de Mar\u00e9s Matosinhos inclui artistas nacionais e internacionais como Da Weasel com Rui Massena &amp; Orquestra, Plutonio, Dealema e James, distribu\u00eddos ao longo dos tr\u00eas dias.<\/p>\n<h3>Bilhetes e op\u00e7\u00f5es<\/h3>\n<p>Os bilhetes est\u00e3o dispon\u00edveis no site do festival, com valores que variam entre 50 euros (di\u00e1rio) e 100 euros (passe de tr\u00eas dias). O evento ocorre pela primeira vez em Matosinhos, mantendo a presen\u00e7a de grandes nomes da m\u00fasica urbana e latina.<\/p>\n<h3>Contexto de mercado<\/h3>\n<p>Pouco mais de um m\u00eas antes do Mar\u00e9s, o grupo j\u00e1 tem outra atua\u00e7\u00e3o marcante no Norte: a 6 de junho, a Origin Tour Stadium leva os Calema ao Est\u00e1dio Municipal de Braga, repetindo o concerto hist\u00f3rico no Est\u00e1dio da Luz.<\/p>\n","protected":false},"excerpt":{"rendered":"<ul>\n<li>Os Calema v\u00e3o atuar no \u00faltimo dia do festival Mar\u00e9s em Matosinhos, no dia 19 de julho, ao lado de Ozuna e Danny Ocean.<\/li>\n<li>Pela primeira vez o Mar\u00e9s realiza-se em Matosinhos, na praia do Aterro.<\/li>\n<li>Al\u00e9m dos Calema, o cartaz inclui Da Weasel com Rui Massena &amp; Orquestra, Plutonio, Dealema e James.<\/li>\n<li>No ano passado, os Calema esgotaram a lota\u00e7\u00e3o do festival, com cerca de 40 mil espectadores.<\/li>\n<li>Os bilhetes v\u00e3o de 50 euros por dia a 100 euros para o passe de tr\u00eas dias; a digress\u00e3o Origin Tour Stadium passa pelo Braga, a 6 de junho.<\/li>\n<\/ul>\n","protected":false},"author":2,"featured_media":435030,"comment_status":"closed","ping_status":"closed","sticky":false,"template":"","format":"standard","meta":{"footnotes":""},"categories":[6676],"tags":[145,3674,1709,122,2765,982],"class_list":["post-435028","post","type-post","status-publish","format-standard","has-post-thumbnail","hentry","category-musica","tag-cultura","tag-festival","tag-matosinhos","tag-musica","tag-norte","tag-porto"],"yoast_head":"<!-- This site is optimized with the Yoast SEO plugin v27.2 - https:\/\/yoast.com\/product\/yoast-seo-wordpress\/ -->\n<title>Calema regressam ao Mar\u00e9s a 19 de julho - Portal Tela Portugal<\/title>\n<meta name=\"robots\" content=\"index, follow, max-snippet:-1, max-image-preview:large, max-video-preview:-1\" \/>\n<meta property=\"og:locale\" content=\"pt_PT\" \/>\n<meta property=\"og:type\" content=\"article\" \/>\n<meta property=\"og:title\" content=\"Calema regressam ao Mar\u00e9s a 19 de julho - Portal Tela Portugal\" \/>\n<meta property=\"og:description\" content=\"Os Calema v\u00e3o atuar no \u00faltimo dia do festival Mar\u00e9s em Matosinhos, no dia 19 de julho, ao lado de Ozuna e Danny Ocean. Pela primeira vez o Mar\u00e9s realiza-se em Matosinhos, na praia do Aterro. Al\u00e9m dos Calema, o cartaz inclui Da Weasel com Rui Massena &amp; Orquestra, Plutonio, Dealema e James. No ano passado, os Calema esgotaram a lota\u00e7\u00e3o do festival, com cerca de 40 mil espectadores. Os bilhetes v\u00e3o de 50 euros por dia a 100 euros para o passe de tr\u00eas dias; a digress\u00e3o Origin Tour Stadium passa pelo Braga, a 6 de junho.\" \/>\n<meta property=\"og:url\" content=\"https:\/\/portaltela.pt\/noticias\/2026\/04\/07\/calema-regressam-ao-mares-a-19-de-julho\/\" \/>\n<meta property=\"og:site_name\" content=\"Portal Tela Portugal\" \/>\n<meta property=\"article:published_time\" content=\"2026-04-07T08:47:19+00:00\" \/>\n<meta name=\"author\" content=\"Telinha\" \/>\n<meta name=\"twitter:card\" content=\"summary_large_image\" \/>\n<meta name=\"twitter:label1\" content=\"Escrito por\" \/>\n\t<meta name=\"twitter:data1\" content=\"Telinha\" \/>\n\t<meta name=\"twitter:label2\" content=\"Tempo estimado de leitura\" \/>\n\t<meta name=\"twitter:data2\" content=\"1 minuto\" \/>\n<script type=\"application\/ld+json\" class=\"yoast-schema-graph\">{\"@context\":\"https:\/\/schema.org\",\"@graph\":[{\"@type\":\"Article\",\"@id\":\"https:\/\/portaltela.pt\/noticias\/2026\/04\/07\/calema-regressam-ao-mares-a-19-de-julho\/#article\",\"isPartOf\":{\"@id\":\"https:\/\/portaltela.pt\/noticias\/2026\/04\/07\/calema-regressam-ao-mares-a-19-de-julho\/\"},\"author\":{\"name\":\"Telinha\",\"@id\":\"https:\/\/portaltela.pt\/#\/schema\/person\/c4278d4a6028830caff9ee44b42d32ed\"},\"headline\":\"Calema regressam ao Mar\u00e9s a 19 de julho\",\"datePublished\":\"2026-04-07T08:47:19+00:00\",\"mainEntityOfPage\":{\"@id\":\"https:\/\/portaltela.pt\/noticias\/2026\/04\/07\/calema-regressam-ao-mares-a-19-de-julho\/\"},\"wordCount\":212,\"image\":{\"@id\":\"https:\/\/portaltela.pt\/noticias\/2026\/04\/07\/calema-regressam-ao-mares-a-19-de-julho\/#primaryimage\"},\"thumbnailUrl\":\"https:\/\/portaltela.pt\/s.01k8rhncp4jt1\/2026\/04\/image-360.jpg\",\"keywords\":[\"cultura\",\"festival\",\"Matosinhos\",\"m\u00fasica\",\"Norte\",\"Porto\"],\"articleSection\":[\"M\u00fasica\"],\"inLanguage\":\"pt-PT\"},{\"@type\":\"WebPage\",\"@id\":\"https:\/\/portaltela.pt\/noticias\/2026\/04\/07\/calema-regressam-ao-mares-a-19-de-julho\/\",\"url\":\"https:\/\/portaltela.pt\/noticias\/2026\/04\/07\/calema-regressam-ao-mares-a-19-de-julho\/\",\"name\":\"Calema regressam ao Mar\u00e9s a 19 de julho - Portal Tela Portugal\",\"isPartOf\":{\"@id\":\"https:\/\/portaltela.pt\/#website\"},\"primaryImageOfPage\":{\"@id\":\"https:\/\/portaltela.pt\/noticias\/2026\/04\/07\/calema-regressam-ao-mares-a-19-de-julho\/#primaryimage\"},\"image\":{\"@id\":\"https:\/\/portaltela.pt\/noticias\/2026\/04\/07\/calema-regressam-ao-mares-a-19-de-julho\/#primaryimage\"},\"thumbnailUrl\":\"https:\/\/portaltela.pt\/s.01k8rhncp4jt1\/2026\/04\/image-360.jpg\",\"datePublished\":\"2026-04-07T08:47:19+00:00\",\"author\":{\"@id\":\"https:\/\/portaltela.pt\/#\/schema\/person\/c4278d4a6028830caff9ee44b42d32ed\"},\"breadcrumb\":{\"@id\":\"https:\/\/portaltela.pt\/noticias\/2026\/04\/07\/calema-regressam-ao-mares-a-19-de-julho\/#breadcrumb\"},\"inLanguage\":\"pt-PT\",\"potentialAction\":[{\"@type\":\"ReadAction\",\"target\":[\"https:\/\/portaltela.pt\/noticias\/2026\/04\/07\/calema-regressam-ao-mares-a-19-de-julho\/\"]}]},{\"@type\":\"ImageObject\",\"inLanguage\":\"pt-PT\",\"@id\":\"https:\/\/portaltela.pt\/noticias\/2026\/04\/07\/calema-regressam-ao-mares-a-19-de-julho\/#primaryimage\",\"url\":\"https:\/\/portaltela.pt\/s.01k8rhncp4jt1\/2026\/04\/image-360.jpg\",\"contentUrl\":\"https:\/\/portaltela.pt\/s.01k8rhncp4jt1\/2026\/04\/image-360.jpg\",\"width\":796,\"height\":448,\"caption\":\"Calema continuam a esgotar recintos de Norte a Sul do pa\u00eds\"},{\"@type\":\"BreadcrumbList\",\"@id\":\"https:\/\/portaltela.pt\/noticias\/2026\/04\/07\/calema-regressam-ao-mares-a-19-de-julho\/#breadcrumb\",\"itemListElement\":[{\"@type\":\"ListItem\",\"position\":1,\"name\":\"In\u00edcio\",\"item\":\"https:\/\/portaltela.pt\/\"},{\"@type\":\"ListItem\",\"position\":2,\"name\":\"Calema regressam ao Mar\u00e9s a 19 de julho\"}]},{\"@type\":\"WebSite\",\"@id\":\"https:\/\/portaltela.pt\/#website\",\"url\":\"https:\/\/portaltela.pt\/\",\"name\":\"Portal Tela Portugal\",\"description\":\"\",\"potentialAction\":[{\"@type\":\"SearchAction\",\"target\":{\"@type\":\"EntryPoint\",\"urlTemplate\":\"https:\/\/portaltela.pt\/?s={search_term_string}\"},\"query-input\":{\"@type\":\"PropertyValueSpecification\",\"valueRequired\":true,\"valueName\":\"search_term_string\"}}],\"inLanguage\":\"pt-PT\"},{\"@type\":\"Person\",\"@id\":\"https:\/\/portaltela.pt\/#\/schema\/person\/c4278d4a6028830caff9ee44b42d32ed\",\"name\":\"Telinha\",\"image\":{\"@type\":\"ImageObject\",\"inLanguage\":\"pt-PT\",\"@id\":\"https:\/\/portaltela.pt\/s.01k8rhncp4jt1\/2025\/11\/talking-bot-125x125.png\",\"url\":\"https:\/\/portaltela.pt\/s.01k8rhncp4jt1\/2025\/11\/talking-bot-125x125.png\",\"contentUrl\":\"https:\/\/portaltela.pt\/s.01k8rhncp4jt1\/2025\/11\/talking-bot-125x125.png\",\"caption\":\"Telinha\"},\"sameAs\":[\"https:\/\/portaltela.pt\/\"],\"url\":\"https:\/\/portaltela.pt\/por\/367410592786\/\"}]}<\/script>\n<!-- \/ Yoast SEO plugin. -->","yoast_head_json":{"title":"Calema regressam ao Mar\u00e9s a 19 de julho - Portal Tela Portugal","robots":{"index":"index","follow":"follow","max-snippet":"max-snippet:-1","max-image-preview":"max-image-preview:large","max-video-preview":"max-video-preview:-1"},"og_locale":"pt_PT","og_type":"article","og_title":"Calema regressam ao Mar\u00e9s a 19 de julho - Portal Tela Portugal","og_description":"Os Calema v\u00e3o atuar no \u00faltimo dia do festival Mar\u00e9s em Matosinhos, no dia 19 de julho, ao lado de Ozuna e Danny Ocean. Pela primeira vez o Mar\u00e9s realiza-se em Matosinhos, na praia do Aterro. Al\u00e9m dos Calema, o cartaz inclui Da Weasel com Rui Massena &amp; Orquestra, Plutonio, Dealema e James. No ano passado, os Calema esgotaram a lota\u00e7\u00e3o do festival, com cerca de 40 mil espectadores. Os bilhetes v\u00e3o de 50 euros por dia a 100 euros para o passe de tr\u00eas dias; a digress\u00e3o Origin Tour Stadium passa pelo Braga, a 6 de junho.","og_url":"https:\/\/portaltela.pt\/noticias\/2026\/04\/07\/calema-regressam-ao-mares-a-19-de-julho\/","og_site_name":"Portal Tela Portugal","article_published_time":"2026-04-07T08:47:19+00:00","author":"Telinha","twitter_card":"summary_large_image","twitter_misc":{"Escrito por":"Telinha","Tempo estimado de leitura":"1 minuto"},"schema":{"@context":"https:\/\/schema.org","@graph":[{"@type":"Article","@id":"https:\/\/portaltela.pt\/noticias\/2026\/04\/07\/calema-regressam-ao-mares-a-19-de-julho\/#article","isPartOf":{"@id":"https:\/\/portaltela.pt\/noticias\/2026\/04\/07\/calema-regressam-ao-mares-a-19-de-julho\/"},"author":{"name":"Telinha","@id":"https:\/\/portaltela.pt\/#\/schema\/person\/c4278d4a6028830caff9ee44b42d32ed"},"headline":"Calema regressam ao Mar\u00e9s a 19 de julho","datePublished":"2026-04-07T08:47:19+00:00","mainEntityOfPage":{"@id":"https:\/\/portaltela.pt\/noticias\/2026\/04\/07\/calema-regressam-ao-mares-a-19-de-julho\/"},"wordCount":212,"image":{"@id":"https:\/\/portaltela.pt\/noticias\/2026\/04\/07\/calema-regressam-ao-mares-a-19-de-julho\/#primaryimage"},"thumbnailUrl":"https:\/\/portaltela.pt\/s.01k8rhncp4jt1\/2026\/04\/image-360.jpg","keywords":["cultura","festival","Matosinhos","m\u00fasica","Norte","Porto"],"articleSection":["M\u00fasica"],"inLanguage":"pt-PT"},{"@type":"WebPage","@id":"https:\/\/portaltela.pt\/noticias\/2026\/04\/07\/calema-regressam-ao-mares-a-19-de-julho\/","url":"https:\/\/portaltela.pt\/noticias\/2026\/04\/07\/calema-regressam-ao-mares-a-19-de-julho\/","name":"Calema regressam ao Mar\u00e9s a 19 de julho - Portal Tela Portugal","isPartOf":{"@id":"https:\/\/portaltela.pt\/#website"},"primaryImageOfPage":{"@id":"https:\/\/portaltela.pt\/noticias\/2026\/04\/07\/calema-regressam-ao-mares-a-19-de-julho\/#primaryimage"},"image":{"@id":"https:\/\/portaltela.pt\/noticias\/2026\/04\/07\/calema-regressam-ao-mares-a-19-de-julho\/#primaryimage"},"thumbnailUrl":"https:\/\/portaltela.pt\/s.01k8rhncp4jt1\/2026\/04\/image-360.jpg","datePublished":"2026-04-07T08:47:19+00:00","author":{"@id":"https:\/\/portaltela.pt\/#\/schema\/person\/c4278d4a6028830caff9ee44b42d32ed"},"breadcrumb":{"@id":"https:\/\/portaltela.pt\/noticias\/2026\/04\/07\/calema-regressam-ao-mares-a-19-de-julho\/#breadcrumb"},"inLanguage":"pt-PT","potentialAction":[{"@type":"ReadAction","target":["https:\/\/portaltela.pt\/noticias\/2026\/04\/07\/calema-regressam-ao-mares-a-19-de-julho\/"]}]},{"@type":"ImageObject","inLanguage":"pt-PT","@id":"https:\/\/portaltela.pt\/noticias\/2026\/04\/07\/calema-regressam-ao-mares-a-19-de-julho\/#primaryimage","url":"https:\/\/portaltela.pt\/s.01k8rhncp4jt1\/2026\/04\/image-360.jpg","contentUrl":"https:\/\/portaltela.pt\/s.01k8rhncp4jt1\/2026\/04\/image-360.jpg","width":796,"height":448,"caption":"Calema continuam a esgotar recintos de Norte a Sul do pa\u00eds"},{"@type":"BreadcrumbList","@id":"https:\/\/portaltela.pt\/noticias\/2026\/04\/07\/calema-regressam-ao-mares-a-19-de-julho\/#breadcrumb","itemListElement":[{"@type":"ListItem","position":1,"name":"In\u00edcio","item":"https:\/\/portaltela.pt\/"},{"@type":"ListItem","position":2,"name":"Calema regressam ao Mar\u00e9s a 19 de julho"}]},{"@type":"WebSite","@id":"https:\/\/portaltela.pt\/#website","url":"https:\/\/portaltela.pt\/","name":"Portal Tela Portugal","description":"","potentialAction":[{"@type":"SearchAction","target":{"@type":"EntryPoint","urlTemplate":"https:\/\/portaltela.pt\/?s={search_term_string}"},"query-input":{"@type":"PropertyValueSpecification","valueRequired":true,"valueName":"search_term_string"}}],"inLanguage":"pt-PT"},{"@type":"Person","@id":"https:\/\/portaltela.pt\/#\/schema\/person\/c4278d4a6028830caff9ee44b42d32ed","name":"Telinha","image":{"@type":"ImageObject","inLanguage":"pt-PT","@id":"https:\/\/portaltela.pt\/s.01k8rhncp4jt1\/2025\/11\/talking-bot-125x125.png","url":"https:\/\/portaltela.pt\/s.01k8rhncp4jt1\/2025\/11\/talking-bot-125x125.png","contentUrl":"https:\/\/portaltela.pt\/s.01k8rhncp4jt1\/2025\/11\/talking-bot-125x125.png","caption":"Telinha"},"sameAs":["https:\/\/portaltela.pt\/"],"url":"https:\/\/portaltela.pt\/por\/367410592786\/"}]}},"_links":{"self":[{"href":"https:\/\/portaltela.pt\/api\/wp\/v2\/posts\/435028","targetHints":{"allow":["GET"]}}],"collection":[{"href":"https:\/\/portaltela.pt\/api\/wp\/v2\/posts"}],"about":[{"href":"https:\/\/portaltela.pt\/api\/wp\/v2\/types\/post"}],"author":[{"embeddable":true,"href":"https:\/\/portaltela.pt\/api\/wp\/v2\/users\/2"}],"replies":[{"embeddable":true,"href":"https:\/\/portaltela.pt\/api\/wp\/v2\/comments?post=435028"}],"version-history":[{"count":0,"href":"https:\/\/portaltela.pt\/api\/wp\/v2\/posts\/435028\/revisions"}],"wp:featuredmedia":[{"embeddable":true,"href":"https:\/\/portaltela.pt\/api\/wp\/v2\/media\/435030"}],"wp:attachment":[{"href":"https:\/\/portaltela.pt\/api\/wp\/v2\/media?parent=435028"}],"wp:term":[{"taxonomy":"category","embeddable":true,"href":"https:\/\/portaltela.pt\/api\/wp\/v2\/categories?post=435028"},{"taxonomy":"post_tag","embeddable":true,"href":"https:\/\/portaltela.pt\/api\/wp\/v2\/tags?post=435028"}],"curies":[{"name":"wp","href":"https:\/\/api.w.org\/{rel}","templated":true}]}}