{"id":434998,"date":"2026-04-07T05:17:22","date_gmt":"2026-04-07T08:17:22","guid":{"rendered":"https:\/\/portaltela.pt\/noticias\/2026\/04\/07\/arteta-comenta-treino-do-arsenal-com-canetas-e-a-mensagem-por-tras\/"},"modified":"2026-04-07T05:17:22","modified_gmt":"2026-04-07T08:17:22","slug":"arteta-comenta-treino-do-arsenal-com-canetas-e-a-mensagem-por-tras","status":"publish","type":"post","link":"https:\/\/portaltela.pt\/desporto\/futebol\/2026\/04\/07\/arteta-comenta-treino-do-arsenal-com-canetas-e-a-mensagem-por-tras\/","title":{"rendered":"Arteta comenta treino do Arsenal com canetas e a mensagem por tr\u00e1s"},"content":{"rendered":"<p>O Arsenal realizou treino com uma sess\u00e3o de equil\u00edbrio usando canetas, explicado por Mikel Arteta como uma forma de diversificar as t\u00e9cnicas e refor\u00e7ar mensagens e compromissos do grupo. O t\u00e9cnico n\u00e3o revelou o significado completo do exerc\u00edcio.<\/p>\n<p>Arteta destacou o registo do Sporting em Alvalade e dirigiu elogios a Gy\u00f6keres antes do embate de hoje, em Lisboa, a partir das 20h00. O treinador sublinhou a qualidade do advers\u00e1rio e a prepara\u00e7\u00e3o para o encontro.<\/p>\n<p>No frente a frente com o clube de Alvalade, o t\u00e9cnico referiu ainda que os momentos menos positivos do Arsenal n\u00e3o devem provocar p\u00e2nico, mas sim explicar o que est\u00e1 a acontecer e manter os padr\u00f5es do clube.<\/p>\n<p>Sporting e Arsenal encontram-se esta ter\u00e7a-feira, em Alvalade, na 1.\u00aa m\u00e3o dos quartos-de-final da Liga dos Campe\u00f5es, num duelo que coloca frente a frente duas formas distintas de medir o desempenho europeu.<\/p>\n","protected":false},"excerpt":{"rendered":"<ul>\n<li>O Arsenal visita o Sporting em Alvalade esta ter\u00e7a-feira, \u00e0s 20h00, para a primeira m\u00e3o dos quartos de final da Liga dos Campe\u00f5es.<\/li>\n<li>O treinador Mikel Arteta explicou que houve exerc\u00edcios de equil\u00edbrio com canetas durante o treino, ligados \u00e0s mensagens e ao compromisso dentro da equipa, sem revelar o significado.<\/li>\n<li>Arteta saudou o registo do Sporting em Alvalade e elogiou Gy\u00f6keres, preparando-se para o duelo com os le\u00f5es.<\/li>\n<li>Foi destacado tamb\u00e9m o momento menos positivo do Arsenal e a necessidade de manter a cabe\u00e7a fria, sem entrar em p\u00e2nico.<\/li>\n<li>O duelo entre Sporting e Arsenal realiza-se no Est\u00e1dio Jos\u00e9 Alvalade, esta noite, a partir das 20h00.<\/li>\n<\/ul>\n","protected":false},"author":2,"featured_media":435001,"comment_status":"closed","ping_status":"closed","sticky":false,"template":"","format":"standard","meta":{"footnotes":""},"categories":[21,24],"tags":[1588,3577,32,6487,981,1652],"class_list":["post-434998","post","type-post","status-publish","format-standard","has-post-thumbnail","hentry","category-desporto","category-futebol","tag-alvalade","tag-champions-league","tag-futebol","tag-gyokeres","tag-lisboa","tag-sporting"],"yoast_head":"<!-- This site is optimized with the Yoast SEO plugin v27.2 - https:\/\/yoast.com\/product\/yoast-seo-wordpress\/ -->\n<title>Arteta comenta treino do Arsenal com canetas e a mensagem por tr\u00e1s - Portal Tela Portugal<\/title>\n<meta name=\"robots\" content=\"index, follow, max-snippet:-1, max-image-preview:large, max-video-preview:-1\" \/>\n<meta property=\"og:locale\" content=\"pt_PT\" \/>\n<meta property=\"og:type\" content=\"article\" \/>\n<meta property=\"og:title\" content=\"Arteta comenta treino do Arsenal com canetas e a mensagem por tr\u00e1s - Portal Tela Portugal\" \/>\n<meta property=\"og:description\" content=\"O Arsenal visita o Sporting em Alvalade esta ter\u00e7a-feira, \u00e0s 20h00, para a primeira m\u00e3o dos quartos de final da Liga dos Campe\u00f5es. O treinador Mikel Arteta explicou que houve exerc\u00edcios de equil\u00edbrio com canetas durante o treino, ligados \u00e0s mensagens e ao compromisso dentro da equipa, sem revelar o significado. Arteta saudou o registo do Sporting em Alvalade e elogiou Gy\u00f6keres, preparando-se para o duelo com os le\u00f5es. Foi destacado tamb\u00e9m o momento menos positivo do Arsenal e a necessidade de manter a cabe\u00e7a fria, sem entrar em p\u00e2nico. O duelo entre Sporting e Arsenal realiza-se no Est\u00e1dio Jos\u00e9 Alvalade, esta noite, a partir das 20h00.\" \/>\n<meta property=\"og:url\" content=\"https:\/\/portaltela.pt\/noticias\/2026\/04\/07\/arteta-comenta-treino-do-arsenal-com-canetas-e-a-mensagem-por-tras\/\" \/>\n<meta property=\"og:site_name\" content=\"Portal Tela Portugal\" \/>\n<meta property=\"article:published_time\" content=\"2026-04-07T08:17:22+00:00\" \/>\n<meta name=\"author\" content=\"Telinha\" \/>\n<meta name=\"twitter:card\" content=\"summary_large_image\" \/>\n<meta name=\"twitter:label1\" content=\"Escrito por\" \/>\n\t<meta name=\"twitter:data1\" content=\"Telinha\" \/>\n\t<meta name=\"twitter:label2\" content=\"Tempo estimado de leitura\" \/>\n\t<meta name=\"twitter:data2\" content=\"1 minuto\" \/>\n<script type=\"application\/ld+json\" class=\"yoast-schema-graph\">{\"@context\":\"https:\/\/schema.org\",\"@graph\":[{\"@type\":\"Article\",\"@id\":\"https:\/\/portaltela.pt\/noticias\/2026\/04\/07\/arteta-comenta-treino-do-arsenal-com-canetas-e-a-mensagem-por-tras\/#article\",\"isPartOf\":{\"@id\":\"https:\/\/portaltela.pt\/noticias\/2026\/04\/07\/arteta-comenta-treino-do-arsenal-com-canetas-e-a-mensagem-por-tras\/\"},\"author\":{\"name\":\"Telinha\",\"@id\":\"https:\/\/portaltela.pt\/#\/schema\/person\/c4278d4a6028830caff9ee44b42d32ed\"},\"headline\":\"Arteta comenta treino do Arsenal com canetas e a mensagem por tr\u00e1s\",\"datePublished\":\"2026-04-07T08:17:22+00:00\",\"mainEntityOfPage\":{\"@id\":\"https:\/\/portaltela.pt\/noticias\/2026\/04\/07\/arteta-comenta-treino-do-arsenal-com-canetas-e-a-mensagem-por-tras\/\"},\"wordCount\":174,\"image\":{\"@id\":\"https:\/\/portaltela.pt\/noticias\/2026\/04\/07\/arteta-comenta-treino-do-arsenal-com-canetas-e-a-mensagem-por-tras\/#primaryimage\"},\"thumbnailUrl\":\"https:\/\/portaltela.pt\/s.01k8rhncp4jt1\/2026\/04\/img_1200x721uu2026-04-07-09-15-32-2431535.jpg\",\"keywords\":[\"Alvalade\",\"Champions League\",\"futebol\",\"Gy\u00f6keres\",\"Lisboa\",\"Sporting\"],\"articleSection\":[\"Desporto\",\"Futebol\"],\"inLanguage\":\"pt-PT\"},{\"@type\":\"WebPage\",\"@id\":\"https:\/\/portaltela.pt\/noticias\/2026\/04\/07\/arteta-comenta-treino-do-arsenal-com-canetas-e-a-mensagem-por-tras\/\",\"url\":\"https:\/\/portaltela.pt\/noticias\/2026\/04\/07\/arteta-comenta-treino-do-arsenal-com-canetas-e-a-mensagem-por-tras\/\",\"name\":\"Arteta comenta treino do Arsenal com canetas e a mensagem por tr\u00e1s - Portal Tela Portugal\",\"isPartOf\":{\"@id\":\"https:\/\/portaltela.pt\/#website\"},\"primaryImageOfPage\":{\"@id\":\"https:\/\/portaltela.pt\/noticias\/2026\/04\/07\/arteta-comenta-treino-do-arsenal-com-canetas-e-a-mensagem-por-tras\/#primaryimage\"},\"image\":{\"@id\":\"https:\/\/portaltela.pt\/noticias\/2026\/04\/07\/arteta-comenta-treino-do-arsenal-com-canetas-e-a-mensagem-por-tras\/#primaryimage\"},\"thumbnailUrl\":\"https:\/\/portaltela.pt\/s.01k8rhncp4jt1\/2026\/04\/img_1200x721uu2026-04-07-09-15-32-2431535.jpg\",\"datePublished\":\"2026-04-07T08:17:22+00:00\",\"author\":{\"@id\":\"https:\/\/portaltela.pt\/#\/schema\/person\/c4278d4a6028830caff9ee44b42d32ed\"},\"breadcrumb\":{\"@id\":\"https:\/\/portaltela.pt\/noticias\/2026\/04\/07\/arteta-comenta-treino-do-arsenal-com-canetas-e-a-mensagem-por-tras\/#breadcrumb\"},\"inLanguage\":\"pt-PT\",\"potentialAction\":[{\"@type\":\"ReadAction\",\"target\":[\"https:\/\/portaltela.pt\/noticias\/2026\/04\/07\/arteta-comenta-treino-do-arsenal-com-canetas-e-a-mensagem-por-tras\/\"]}]},{\"@type\":\"ImageObject\",\"inLanguage\":\"pt-PT\",\"@id\":\"https:\/\/portaltela.pt\/noticias\/2026\/04\/07\/arteta-comenta-treino-do-arsenal-com-canetas-e-a-mensagem-por-tras\/#primaryimage\",\"url\":\"https:\/\/portaltela.pt\/s.01k8rhncp4jt1\/2026\/04\/img_1200x721uu2026-04-07-09-15-32-2431535.jpg\",\"contentUrl\":\"https:\/\/portaltela.pt\/s.01k8rhncp4jt1\/2026\/04\/img_1200x721uu2026-04-07-09-15-32-2431535.jpg\",\"width\":796,\"height\":448,\"caption\":\"Photo\"},{\"@type\":\"BreadcrumbList\",\"@id\":\"https:\/\/portaltela.pt\/noticias\/2026\/04\/07\/arteta-comenta-treino-do-arsenal-com-canetas-e-a-mensagem-por-tras\/#breadcrumb\",\"itemListElement\":[{\"@type\":\"ListItem\",\"position\":1,\"name\":\"In\u00edcio\",\"item\":\"https:\/\/portaltela.pt\/\"},{\"@type\":\"ListItem\",\"position\":2,\"name\":\"Arteta comenta treino do Arsenal com canetas e a mensagem por tr\u00e1s\"}]},{\"@type\":\"WebSite\",\"@id\":\"https:\/\/portaltela.pt\/#website\",\"url\":\"https:\/\/portaltela.pt\/\",\"name\":\"Portal Tela Portugal\",\"description\":\"\",\"potentialAction\":[{\"@type\":\"SearchAction\",\"target\":{\"@type\":\"EntryPoint\",\"urlTemplate\":\"https:\/\/portaltela.pt\/?s={search_term_string}\"},\"query-input\":{\"@type\":\"PropertyValueSpecification\",\"valueRequired\":true,\"valueName\":\"search_term_string\"}}],\"inLanguage\":\"pt-PT\"},{\"@type\":\"Person\",\"@id\":\"https:\/\/portaltela.pt\/#\/schema\/person\/c4278d4a6028830caff9ee44b42d32ed\",\"name\":\"Telinha\",\"image\":{\"@type\":\"ImageObject\",\"inLanguage\":\"pt-PT\",\"@id\":\"https:\/\/portaltela.pt\/s.01k8rhncp4jt1\/2025\/11\/talking-bot-125x125.png\",\"url\":\"https:\/\/portaltela.pt\/s.01k8rhncp4jt1\/2025\/11\/talking-bot-125x125.png\",\"contentUrl\":\"https:\/\/portaltela.pt\/s.01k8rhncp4jt1\/2025\/11\/talking-bot-125x125.png\",\"caption\":\"Telinha\"},\"sameAs\":[\"https:\/\/portaltela.pt\/\"],\"url\":\"https:\/\/portaltela.pt\/por\/367410592786\/\"}]}<\/script>\n<!-- \/ Yoast SEO plugin. -->","yoast_head_json":{"title":"Arteta comenta treino do Arsenal com canetas e a mensagem por tr\u00e1s - Portal Tela Portugal","robots":{"index":"index","follow":"follow","max-snippet":"max-snippet:-1","max-image-preview":"max-image-preview:large","max-video-preview":"max-video-preview:-1"},"og_locale":"pt_PT","og_type":"article","og_title":"Arteta comenta treino do Arsenal com canetas e a mensagem por tr\u00e1s - Portal Tela Portugal","og_description":"O Arsenal visita o Sporting em Alvalade esta ter\u00e7a-feira, \u00e0s 20h00, para a primeira m\u00e3o dos quartos de final da Liga dos Campe\u00f5es. O treinador Mikel Arteta explicou que houve exerc\u00edcios de equil\u00edbrio com canetas durante o treino, ligados \u00e0s mensagens e ao compromisso dentro da equipa, sem revelar o significado. Arteta saudou o registo do Sporting em Alvalade e elogiou Gy\u00f6keres, preparando-se para o duelo com os le\u00f5es. Foi destacado tamb\u00e9m o momento menos positivo do Arsenal e a necessidade de manter a cabe\u00e7a fria, sem entrar em p\u00e2nico. O duelo entre Sporting e Arsenal realiza-se no Est\u00e1dio Jos\u00e9 Alvalade, esta noite, a partir das 20h00.","og_url":"https:\/\/portaltela.pt\/noticias\/2026\/04\/07\/arteta-comenta-treino-do-arsenal-com-canetas-e-a-mensagem-por-tras\/","og_site_name":"Portal Tela Portugal","article_published_time":"2026-04-07T08:17:22+00:00","author":"Telinha","twitter_card":"summary_large_image","twitter_misc":{"Escrito por":"Telinha","Tempo estimado de leitura":"1 minuto"},"schema":{"@context":"https:\/\/schema.org","@graph":[{"@type":"Article","@id":"https:\/\/portaltela.pt\/noticias\/2026\/04\/07\/arteta-comenta-treino-do-arsenal-com-canetas-e-a-mensagem-por-tras\/#article","isPartOf":{"@id":"https:\/\/portaltela.pt\/noticias\/2026\/04\/07\/arteta-comenta-treino-do-arsenal-com-canetas-e-a-mensagem-por-tras\/"},"author":{"name":"Telinha","@id":"https:\/\/portaltela.pt\/#\/schema\/person\/c4278d4a6028830caff9ee44b42d32ed"},"headline":"Arteta comenta treino do Arsenal com canetas e a mensagem por tr\u00e1s","datePublished":"2026-04-07T08:17:22+00:00","mainEntityOfPage":{"@id":"https:\/\/portaltela.pt\/noticias\/2026\/04\/07\/arteta-comenta-treino-do-arsenal-com-canetas-e-a-mensagem-por-tras\/"},"wordCount":174,"image":{"@id":"https:\/\/portaltela.pt\/noticias\/2026\/04\/07\/arteta-comenta-treino-do-arsenal-com-canetas-e-a-mensagem-por-tras\/#primaryimage"},"thumbnailUrl":"https:\/\/portaltela.pt\/s.01k8rhncp4jt1\/2026\/04\/img_1200x721uu2026-04-07-09-15-32-2431535.jpg","keywords":["Alvalade","Champions League","futebol","Gy\u00f6keres","Lisboa","Sporting"],"articleSection":["Desporto","Futebol"],"inLanguage":"pt-PT"},{"@type":"WebPage","@id":"https:\/\/portaltela.pt\/noticias\/2026\/04\/07\/arteta-comenta-treino-do-arsenal-com-canetas-e-a-mensagem-por-tras\/","url":"https:\/\/portaltela.pt\/noticias\/2026\/04\/07\/arteta-comenta-treino-do-arsenal-com-canetas-e-a-mensagem-por-tras\/","name":"Arteta comenta treino do Arsenal com canetas e a mensagem por tr\u00e1s - Portal Tela Portugal","isPartOf":{"@id":"https:\/\/portaltela.pt\/#website"},"primaryImageOfPage":{"@id":"https:\/\/portaltela.pt\/noticias\/2026\/04\/07\/arteta-comenta-treino-do-arsenal-com-canetas-e-a-mensagem-por-tras\/#primaryimage"},"image":{"@id":"https:\/\/portaltela.pt\/noticias\/2026\/04\/07\/arteta-comenta-treino-do-arsenal-com-canetas-e-a-mensagem-por-tras\/#primaryimage"},"thumbnailUrl":"https:\/\/portaltela.pt\/s.01k8rhncp4jt1\/2026\/04\/img_1200x721uu2026-04-07-09-15-32-2431535.jpg","datePublished":"2026-04-07T08:17:22+00:00","author":{"@id":"https:\/\/portaltela.pt\/#\/schema\/person\/c4278d4a6028830caff9ee44b42d32ed"},"breadcrumb":{"@id":"https:\/\/portaltela.pt\/noticias\/2026\/04\/07\/arteta-comenta-treino-do-arsenal-com-canetas-e-a-mensagem-por-tras\/#breadcrumb"},"inLanguage":"pt-PT","potentialAction":[{"@type":"ReadAction","target":["https:\/\/portaltela.pt\/noticias\/2026\/04\/07\/arteta-comenta-treino-do-arsenal-com-canetas-e-a-mensagem-por-tras\/"]}]},{"@type":"ImageObject","inLanguage":"pt-PT","@id":"https:\/\/portaltela.pt\/noticias\/2026\/04\/07\/arteta-comenta-treino-do-arsenal-com-canetas-e-a-mensagem-por-tras\/#primaryimage","url":"https:\/\/portaltela.pt\/s.01k8rhncp4jt1\/2026\/04\/img_1200x721uu2026-04-07-09-15-32-2431535.jpg","contentUrl":"https:\/\/portaltela.pt\/s.01k8rhncp4jt1\/2026\/04\/img_1200x721uu2026-04-07-09-15-32-2431535.jpg","width":796,"height":448,"caption":"Photo"},{"@type":"BreadcrumbList","@id":"https:\/\/portaltela.pt\/noticias\/2026\/04\/07\/arteta-comenta-treino-do-arsenal-com-canetas-e-a-mensagem-por-tras\/#breadcrumb","itemListElement":[{"@type":"ListItem","position":1,"name":"In\u00edcio","item":"https:\/\/portaltela.pt\/"},{"@type":"ListItem","position":2,"name":"Arteta comenta treino do Arsenal com canetas e a mensagem por tr\u00e1s"}]},{"@type":"WebSite","@id":"https:\/\/portaltela.pt\/#website","url":"https:\/\/portaltela.pt\/","name":"Portal Tela Portugal","description":"","potentialAction":[{"@type":"SearchAction","target":{"@type":"EntryPoint","urlTemplate":"https:\/\/portaltela.pt\/?s={search_term_string}"},"query-input":{"@type":"PropertyValueSpecification","valueRequired":true,"valueName":"search_term_string"}}],"inLanguage":"pt-PT"},{"@type":"Person","@id":"https:\/\/portaltela.pt\/#\/schema\/person\/c4278d4a6028830caff9ee44b42d32ed","name":"Telinha","image":{"@type":"ImageObject","inLanguage":"pt-PT","@id":"https:\/\/portaltela.pt\/s.01k8rhncp4jt1\/2025\/11\/talking-bot-125x125.png","url":"https:\/\/portaltela.pt\/s.01k8rhncp4jt1\/2025\/11\/talking-bot-125x125.png","contentUrl":"https:\/\/portaltela.pt\/s.01k8rhncp4jt1\/2025\/11\/talking-bot-125x125.png","caption":"Telinha"},"sameAs":["https:\/\/portaltela.pt\/"],"url":"https:\/\/portaltela.pt\/por\/367410592786\/"}]}},"_links":{"self":[{"href":"https:\/\/portaltela.pt\/api\/wp\/v2\/posts\/434998","targetHints":{"allow":["GET"]}}],"collection":[{"href":"https:\/\/portaltela.pt\/api\/wp\/v2\/posts"}],"about":[{"href":"https:\/\/portaltela.pt\/api\/wp\/v2\/types\/post"}],"author":[{"embeddable":true,"href":"https:\/\/portaltela.pt\/api\/wp\/v2\/users\/2"}],"replies":[{"embeddable":true,"href":"https:\/\/portaltela.pt\/api\/wp\/v2\/comments?post=434998"}],"version-history":[{"count":0,"href":"https:\/\/portaltela.pt\/api\/wp\/v2\/posts\/434998\/revisions"}],"wp:featuredmedia":[{"embeddable":true,"href":"https:\/\/portaltela.pt\/api\/wp\/v2\/media\/435001"}],"wp:attachment":[{"href":"https:\/\/portaltela.pt\/api\/wp\/v2\/media?parent=434998"}],"wp:term":[{"taxonomy":"category","embeddable":true,"href":"https:\/\/portaltela.pt\/api\/wp\/v2\/categories?post=434998"},{"taxonomy":"post_tag","embeddable":true,"href":"https:\/\/portaltela.pt\/api\/wp\/v2\/tags?post=434998"}],"curies":[{"name":"wp","href":"https:\/\/api.w.org\/{rel}","templated":true}]}}