{"id":434997,"date":"2026-04-07T03:10:00","date_gmt":"2026-04-07T06:10:00","guid":{"rendered":"https:\/\/portaltela.pt\/noticias\/2026\/04\/07\/prazo-para-entrega-de-listas-a-orgaos-externos-do-parlamento-termina-hoje\/"},"modified":"2026-04-07T03:10:00","modified_gmt":"2026-04-07T06:10:00","slug":"prazo-para-entrega-de-listas-a-orgaos-externos-do-parlamento-termina-hoje","status":"publish","type":"post","link":"https:\/\/portaltela.pt\/noticias\/politica\/2026\/04\/07\/prazo-para-entrega-de-listas-a-orgaos-externos-do-parlamento-termina-hoje\/","title":{"rendered":"Prazo para entrega de listas a \u00f3rg\u00e3os externos do parlamento termina hoje"},"content":{"rendered":"<p>O prazo para a entrega de listas para \u00f3rg\u00e3os externos do parlamento termina hoje. O processo envolve os servi\u00e7os administrativos da institui\u00e7\u00e3o e os pr\u00f3prios deputados, que devem submeter as informa\u00e7\u00f5es necess\u00e1rias para a circula\u00e7\u00e3o externa. A conclus\u00e3o depende do envio atempado pelos respons\u00e1veis.<\/p>\n<p>A janela temporal vigente decorre no \u00e2mbito das atividades do parlamento, com a finalidade de manter a base de dados atualizada e facilitar contactos institucionais. A organiza\u00e7\u00e3o das listas \u00e9 indicada como parte de procedimentos administrativos regulares.<\/p>\n<p>Conte\u00fado completo dispon\u00edvel apenas para subscritores. Aceda ao portal para ficar a par de todos os detalhes, incluindo prazos espec\u00edficos e orienta\u00e7\u00f5es oficiais.<\/p>\n<h3>Acesso ao conte\u00fado completo<\/h3>\n<p>Para obter a not\u00edcia integral, \u00e9 necess\u00e1rio iniciar sess\u00e3o como subscritor. A informa\u00e7\u00e3o adicional inclui datas, contactos oficiais e eventuais mudan\u00e7as no calend\u00e1rio interno.<\/p>\n","protected":false},"excerpt":{"rendered":"<ul>\n<li>O prazo para entrega de listas para \u00f3rg\u00e3os externos do parlamento termina hoje.<\/li>\n<li>O conte\u00fado completo est\u00e1 dispon\u00edvel apenas para subscritores.<\/li>\n<li>Para aceder ao texto completo \u00e9 necess\u00e1rio iniciar sess\u00e3o (Entrar).<\/li>\n<\/ul>\n","protected":false},"author":2,"featured_media":434999,"comment_status":"closed","ping_status":"closed","sticky":false,"template":"","format":"standard","meta":{"footnotes":""},"categories":[1,5],"tags":[168,637,42,6851,5563,2832],"class_list":["post-434997","post","type-post","status-publish","format-standard","has-post-thumbnail","hentry","category-noticias","category-politica","tag-administracao-publica","tag-assuntos-internacionais","tag-congresso","tag-contactos-internacionais","tag-informacao-publica","tag-politica"],"yoast_head":"<!-- This site is optimized with the Yoast SEO plugin v27.2 - https:\/\/yoast.com\/product\/yoast-seo-wordpress\/ -->\n<title>Prazo para entrega de listas a \u00f3rg\u00e3os externos do parlamento termina hoje - Portal Tela Portugal<\/title>\n<meta name=\"robots\" content=\"index, follow, max-snippet:-1, max-image-preview:large, max-video-preview:-1\" \/>\n<meta property=\"og:locale\" content=\"pt_PT\" \/>\n<meta property=\"og:type\" content=\"article\" \/>\n<meta property=\"og:title\" content=\"Prazo para entrega de listas a \u00f3rg\u00e3os externos do parlamento termina hoje - Portal Tela Portugal\" \/>\n<meta property=\"og:description\" content=\"O prazo para entrega de listas para \u00f3rg\u00e3os externos do parlamento termina hoje. O conte\u00fado completo est\u00e1 dispon\u00edvel apenas para subscritores. Para aceder ao texto completo \u00e9 necess\u00e1rio iniciar sess\u00e3o (Entrar).\" \/>\n<meta property=\"og:url\" content=\"https:\/\/portaltela.pt\/noticias\/2026\/04\/07\/prazo-para-entrega-de-listas-a-orgaos-externos-do-parlamento-termina-hoje\/\" \/>\n<meta property=\"og:site_name\" content=\"Portal Tela Portugal\" \/>\n<meta property=\"article:published_time\" content=\"2026-04-07T06:10:00+00:00\" \/>\n<meta name=\"author\" content=\"Telinha\" \/>\n<meta name=\"twitter:card\" content=\"summary_large_image\" \/>\n<meta name=\"twitter:label1\" content=\"Escrito por\" \/>\n\t<meta name=\"twitter:data1\" content=\"Telinha\" \/>\n\t<meta name=\"twitter:label2\" content=\"Tempo estimado de leitura\" \/>\n\t<meta name=\"twitter:data2\" content=\"1 minuto\" \/>\n<script type=\"application\/ld+json\" class=\"yoast-schema-graph\">{\"@context\":\"https:\/\/schema.org\",\"@graph\":[{\"@type\":\"Article\",\"@id\":\"https:\/\/portaltela.pt\/noticias\/2026\/04\/07\/prazo-para-entrega-de-listas-a-orgaos-externos-do-parlamento-termina-hoje\/#article\",\"isPartOf\":{\"@id\":\"https:\/\/portaltela.pt\/noticias\/2026\/04\/07\/prazo-para-entrega-de-listas-a-orgaos-externos-do-parlamento-termina-hoje\/\"},\"author\":{\"name\":\"Telinha\",\"@id\":\"https:\/\/portaltela.pt\/#\/schema\/person\/c4278d4a6028830caff9ee44b42d32ed\"},\"headline\":\"Prazo para entrega de listas a \u00f3rg\u00e3os externos do parlamento termina hoje\",\"datePublished\":\"2026-04-07T06:10:00+00:00\",\"mainEntityOfPage\":{\"@id\":\"https:\/\/portaltela.pt\/noticias\/2026\/04\/07\/prazo-para-entrega-de-listas-a-orgaos-externos-do-parlamento-termina-hoje\/\"},\"wordCount\":164,\"image\":{\"@id\":\"https:\/\/portaltela.pt\/noticias\/2026\/04\/07\/prazo-para-entrega-de-listas-a-orgaos-externos-do-parlamento-termina-hoje\/#primaryimage\"},\"thumbnailUrl\":\"https:\/\/portaltela.pt\/s.01k8rhncp4jt1\/2026\/04\/CACHE_780X1200_ANALOG_WATERMARKED_29750737_2974014_07092021044553.jpg\",\"keywords\":[\"administra\u00e7\u00e3o p\u00fablica\",\"assuntos internacionais\",\"congresso\",\"contactos internacionais\",\"informa\u00e7\u00e3o p\u00fablica\",\"pol\u00edtica\"],\"articleSection\":[\"Not\u00edcias\",\"Pol\u00edtica\"],\"inLanguage\":\"pt-PT\"},{\"@type\":\"WebPage\",\"@id\":\"https:\/\/portaltela.pt\/noticias\/2026\/04\/07\/prazo-para-entrega-de-listas-a-orgaos-externos-do-parlamento-termina-hoje\/\",\"url\":\"https:\/\/portaltela.pt\/noticias\/2026\/04\/07\/prazo-para-entrega-de-listas-a-orgaos-externos-do-parlamento-termina-hoje\/\",\"name\":\"Prazo para entrega de listas a \u00f3rg\u00e3os externos do parlamento termina hoje - Portal Tela Portugal\",\"isPartOf\":{\"@id\":\"https:\/\/portaltela.pt\/#website\"},\"primaryImageOfPage\":{\"@id\":\"https:\/\/portaltela.pt\/noticias\/2026\/04\/07\/prazo-para-entrega-de-listas-a-orgaos-externos-do-parlamento-termina-hoje\/#primaryimage\"},\"image\":{\"@id\":\"https:\/\/portaltela.pt\/noticias\/2026\/04\/07\/prazo-para-entrega-de-listas-a-orgaos-externos-do-parlamento-termina-hoje\/#primaryimage\"},\"thumbnailUrl\":\"https:\/\/portaltela.pt\/s.01k8rhncp4jt1\/2026\/04\/CACHE_780X1200_ANALOG_WATERMARKED_29750737_2974014_07092021044553.jpg\",\"datePublished\":\"2026-04-07T06:10:00+00:00\",\"author\":{\"@id\":\"https:\/\/portaltela.pt\/#\/schema\/person\/c4278d4a6028830caff9ee44b42d32ed\"},\"breadcrumb\":{\"@id\":\"https:\/\/portaltela.pt\/noticias\/2026\/04\/07\/prazo-para-entrega-de-listas-a-orgaos-externos-do-parlamento-termina-hoje\/#breadcrumb\"},\"inLanguage\":\"pt-PT\",\"potentialAction\":[{\"@type\":\"ReadAction\",\"target\":[\"https:\/\/portaltela.pt\/noticias\/2026\/04\/07\/prazo-para-entrega-de-listas-a-orgaos-externos-do-parlamento-termina-hoje\/\"]}]},{\"@type\":\"ImageObject\",\"inLanguage\":\"pt-PT\",\"@id\":\"https:\/\/portaltela.pt\/noticias\/2026\/04\/07\/prazo-para-entrega-de-listas-a-orgaos-externos-do-parlamento-termina-hoje\/#primaryimage\",\"url\":\"https:\/\/portaltela.pt\/s.01k8rhncp4jt1\/2026\/04\/CACHE_780X1200_ANALOG_WATERMARKED_29750737_2974014_07092021044553.jpg\",\"contentUrl\":\"https:\/\/portaltela.pt\/s.01k8rhncp4jt1\/2026\/04\/CACHE_780X1200_ANALOG_WATERMARKED_29750737_2974014_07092021044553.jpg\",\"width\":796,\"height\":448,\"caption\":\"Prazo para entrega de listas para \u00f3rg\u00e3os externos do parlamento termina hoje\"},{\"@type\":\"BreadcrumbList\",\"@id\":\"https:\/\/portaltela.pt\/noticias\/2026\/04\/07\/prazo-para-entrega-de-listas-a-orgaos-externos-do-parlamento-termina-hoje\/#breadcrumb\",\"itemListElement\":[{\"@type\":\"ListItem\",\"position\":1,\"name\":\"In\u00edcio\",\"item\":\"https:\/\/portaltela.pt\/\"},{\"@type\":\"ListItem\",\"position\":2,\"name\":\"Prazo para entrega de listas a \u00f3rg\u00e3os externos do parlamento termina hoje\"}]},{\"@type\":\"WebSite\",\"@id\":\"https:\/\/portaltela.pt\/#website\",\"url\":\"https:\/\/portaltela.pt\/\",\"name\":\"Portal Tela Portugal\",\"description\":\"\",\"potentialAction\":[{\"@type\":\"SearchAction\",\"target\":{\"@type\":\"EntryPoint\",\"urlTemplate\":\"https:\/\/portaltela.pt\/?s={search_term_string}\"},\"query-input\":{\"@type\":\"PropertyValueSpecification\",\"valueRequired\":true,\"valueName\":\"search_term_string\"}}],\"inLanguage\":\"pt-PT\"},{\"@type\":\"Person\",\"@id\":\"https:\/\/portaltela.pt\/#\/schema\/person\/c4278d4a6028830caff9ee44b42d32ed\",\"name\":\"Telinha\",\"image\":{\"@type\":\"ImageObject\",\"inLanguage\":\"pt-PT\",\"@id\":\"https:\/\/portaltela.pt\/s.01k8rhncp4jt1\/2025\/11\/talking-bot-125x125.png\",\"url\":\"https:\/\/portaltela.pt\/s.01k8rhncp4jt1\/2025\/11\/talking-bot-125x125.png\",\"contentUrl\":\"https:\/\/portaltela.pt\/s.01k8rhncp4jt1\/2025\/11\/talking-bot-125x125.png\",\"caption\":\"Telinha\"},\"sameAs\":[\"https:\/\/portaltela.pt\/\"],\"url\":\"https:\/\/portaltela.pt\/por\/367410592786\/\"}]}<\/script>\n<!-- \/ Yoast SEO plugin. -->","yoast_head_json":{"title":"Prazo para entrega de listas a \u00f3rg\u00e3os externos do parlamento termina hoje - Portal Tela Portugal","robots":{"index":"index","follow":"follow","max-snippet":"max-snippet:-1","max-image-preview":"max-image-preview:large","max-video-preview":"max-video-preview:-1"},"og_locale":"pt_PT","og_type":"article","og_title":"Prazo para entrega de listas a \u00f3rg\u00e3os externos do parlamento termina hoje - Portal Tela Portugal","og_description":"O prazo para entrega de listas para \u00f3rg\u00e3os externos do parlamento termina hoje. O conte\u00fado completo est\u00e1 dispon\u00edvel apenas para subscritores. Para aceder ao texto completo \u00e9 necess\u00e1rio iniciar sess\u00e3o (Entrar).","og_url":"https:\/\/portaltela.pt\/noticias\/2026\/04\/07\/prazo-para-entrega-de-listas-a-orgaos-externos-do-parlamento-termina-hoje\/","og_site_name":"Portal Tela Portugal","article_published_time":"2026-04-07T06:10:00+00:00","author":"Telinha","twitter_card":"summary_large_image","twitter_misc":{"Escrito por":"Telinha","Tempo estimado de leitura":"1 minuto"},"schema":{"@context":"https:\/\/schema.org","@graph":[{"@type":"Article","@id":"https:\/\/portaltela.pt\/noticias\/2026\/04\/07\/prazo-para-entrega-de-listas-a-orgaos-externos-do-parlamento-termina-hoje\/#article","isPartOf":{"@id":"https:\/\/portaltela.pt\/noticias\/2026\/04\/07\/prazo-para-entrega-de-listas-a-orgaos-externos-do-parlamento-termina-hoje\/"},"author":{"name":"Telinha","@id":"https:\/\/portaltela.pt\/#\/schema\/person\/c4278d4a6028830caff9ee44b42d32ed"},"headline":"Prazo para entrega de listas a \u00f3rg\u00e3os externos do parlamento termina hoje","datePublished":"2026-04-07T06:10:00+00:00","mainEntityOfPage":{"@id":"https:\/\/portaltela.pt\/noticias\/2026\/04\/07\/prazo-para-entrega-de-listas-a-orgaos-externos-do-parlamento-termina-hoje\/"},"wordCount":164,"image":{"@id":"https:\/\/portaltela.pt\/noticias\/2026\/04\/07\/prazo-para-entrega-de-listas-a-orgaos-externos-do-parlamento-termina-hoje\/#primaryimage"},"thumbnailUrl":"https:\/\/portaltela.pt\/s.01k8rhncp4jt1\/2026\/04\/CACHE_780X1200_ANALOG_WATERMARKED_29750737_2974014_07092021044553.jpg","keywords":["administra\u00e7\u00e3o p\u00fablica","assuntos internacionais","congresso","contactos internacionais","informa\u00e7\u00e3o p\u00fablica","pol\u00edtica"],"articleSection":["Not\u00edcias","Pol\u00edtica"],"inLanguage":"pt-PT"},{"@type":"WebPage","@id":"https:\/\/portaltela.pt\/noticias\/2026\/04\/07\/prazo-para-entrega-de-listas-a-orgaos-externos-do-parlamento-termina-hoje\/","url":"https:\/\/portaltela.pt\/noticias\/2026\/04\/07\/prazo-para-entrega-de-listas-a-orgaos-externos-do-parlamento-termina-hoje\/","name":"Prazo para entrega de listas a \u00f3rg\u00e3os externos do parlamento termina hoje - Portal Tela Portugal","isPartOf":{"@id":"https:\/\/portaltela.pt\/#website"},"primaryImageOfPage":{"@id":"https:\/\/portaltela.pt\/noticias\/2026\/04\/07\/prazo-para-entrega-de-listas-a-orgaos-externos-do-parlamento-termina-hoje\/#primaryimage"},"image":{"@id":"https:\/\/portaltela.pt\/noticias\/2026\/04\/07\/prazo-para-entrega-de-listas-a-orgaos-externos-do-parlamento-termina-hoje\/#primaryimage"},"thumbnailUrl":"https:\/\/portaltela.pt\/s.01k8rhncp4jt1\/2026\/04\/CACHE_780X1200_ANALOG_WATERMARKED_29750737_2974014_07092021044553.jpg","datePublished":"2026-04-07T06:10:00+00:00","author":{"@id":"https:\/\/portaltela.pt\/#\/schema\/person\/c4278d4a6028830caff9ee44b42d32ed"},"breadcrumb":{"@id":"https:\/\/portaltela.pt\/noticias\/2026\/04\/07\/prazo-para-entrega-de-listas-a-orgaos-externos-do-parlamento-termina-hoje\/#breadcrumb"},"inLanguage":"pt-PT","potentialAction":[{"@type":"ReadAction","target":["https:\/\/portaltela.pt\/noticias\/2026\/04\/07\/prazo-para-entrega-de-listas-a-orgaos-externos-do-parlamento-termina-hoje\/"]}]},{"@type":"ImageObject","inLanguage":"pt-PT","@id":"https:\/\/portaltela.pt\/noticias\/2026\/04\/07\/prazo-para-entrega-de-listas-a-orgaos-externos-do-parlamento-termina-hoje\/#primaryimage","url":"https:\/\/portaltela.pt\/s.01k8rhncp4jt1\/2026\/04\/CACHE_780X1200_ANALOG_WATERMARKED_29750737_2974014_07092021044553.jpg","contentUrl":"https:\/\/portaltela.pt\/s.01k8rhncp4jt1\/2026\/04\/CACHE_780X1200_ANALOG_WATERMARKED_29750737_2974014_07092021044553.jpg","width":796,"height":448,"caption":"Prazo para entrega de listas para \u00f3rg\u00e3os externos do parlamento termina hoje"},{"@type":"BreadcrumbList","@id":"https:\/\/portaltela.pt\/noticias\/2026\/04\/07\/prazo-para-entrega-de-listas-a-orgaos-externos-do-parlamento-termina-hoje\/#breadcrumb","itemListElement":[{"@type":"ListItem","position":1,"name":"In\u00edcio","item":"https:\/\/portaltela.pt\/"},{"@type":"ListItem","position":2,"name":"Prazo para entrega de listas a \u00f3rg\u00e3os externos do parlamento termina hoje"}]},{"@type":"WebSite","@id":"https:\/\/portaltela.pt\/#website","url":"https:\/\/portaltela.pt\/","name":"Portal Tela Portugal","description":"","potentialAction":[{"@type":"SearchAction","target":{"@type":"EntryPoint","urlTemplate":"https:\/\/portaltela.pt\/?s={search_term_string}"},"query-input":{"@type":"PropertyValueSpecification","valueRequired":true,"valueName":"search_term_string"}}],"inLanguage":"pt-PT"},{"@type":"Person","@id":"https:\/\/portaltela.pt\/#\/schema\/person\/c4278d4a6028830caff9ee44b42d32ed","name":"Telinha","image":{"@type":"ImageObject","inLanguage":"pt-PT","@id":"https:\/\/portaltela.pt\/s.01k8rhncp4jt1\/2025\/11\/talking-bot-125x125.png","url":"https:\/\/portaltela.pt\/s.01k8rhncp4jt1\/2025\/11\/talking-bot-125x125.png","contentUrl":"https:\/\/portaltela.pt\/s.01k8rhncp4jt1\/2025\/11\/talking-bot-125x125.png","caption":"Telinha"},"sameAs":["https:\/\/portaltela.pt\/"],"url":"https:\/\/portaltela.pt\/por\/367410592786\/"}]}},"_links":{"self":[{"href":"https:\/\/portaltela.pt\/api\/wp\/v2\/posts\/434997","targetHints":{"allow":["GET"]}}],"collection":[{"href":"https:\/\/portaltela.pt\/api\/wp\/v2\/posts"}],"about":[{"href":"https:\/\/portaltela.pt\/api\/wp\/v2\/types\/post"}],"author":[{"embeddable":true,"href":"https:\/\/portaltela.pt\/api\/wp\/v2\/users\/2"}],"replies":[{"embeddable":true,"href":"https:\/\/portaltela.pt\/api\/wp\/v2\/comments?post=434997"}],"version-history":[{"count":0,"href":"https:\/\/portaltela.pt\/api\/wp\/v2\/posts\/434997\/revisions"}],"wp:featuredmedia":[{"embeddable":true,"href":"https:\/\/portaltela.pt\/api\/wp\/v2\/media\/434999"}],"wp:attachment":[{"href":"https:\/\/portaltela.pt\/api\/wp\/v2\/media?parent=434997"}],"wp:term":[{"taxonomy":"category","embeddable":true,"href":"https:\/\/portaltela.pt\/api\/wp\/v2\/categories?post=434997"},{"taxonomy":"post_tag","embeddable":true,"href":"https:\/\/portaltela.pt\/api\/wp\/v2\/tags?post=434997"}],"curies":[{"name":"wp","href":"https:\/\/api.w.org\/{rel}","templated":true}]}}