{"id":434994,"date":"2026-04-07T03:10:00","date_gmt":"2026-04-07T06:10:00","guid":{"rendered":"https:\/\/portaltela.pt\/noticias\/2026\/04\/07\/seguro-dedica-o-segundo-dia-da-presidencia-aberta-ao-distrito-de-santarem\/"},"modified":"2026-04-07T03:10:00","modified_gmt":"2026-04-07T06:10:00","slug":"seguro-dedica-o-segundo-dia-da-presidencia-aberta-ao-distrito-de-santarem","status":"publish","type":"post","link":"https:\/\/portaltela.pt\/noticias\/politica\/2026\/04\/07\/seguro-dedica-o-segundo-dia-da-presidencia-aberta-ao-distrito-de-santarem\/","title":{"rendered":"Seguro dedica o segundo dia da presid\u00eancia aberta ao distrito de Santar\u00e9m"},"content":{"rendered":"<p>O segundo dia da presid\u00eancia aberta foi dedicado ao distrito de Santar\u00e9m, conforme anunciado pela organiza\u00e7\u00e3o respons\u00e1vel pela iniciativa. A atividade ocorreu na regi\u00e3o durante o dia, com agenda centrada na proximidade entre a presid\u00eancia e as comunidades locais.<\/p>\n<p>As a\u00e7\u00f5es contemplaram encontros com autarcas e representantes de diversas comunidades, com foco em ouvir preocupa\u00e7\u00f5es e sugerir encaminhamentos. Detalhes sobre os temas discutidos e as respostas apresentadas n\u00e3o foram divulgados de forma ampla.<\/p>\n<p>O conte\u00fado completo da jornada est\u00e1 dispon\u00edvel apenas para subscritores. A organiza\u00e7\u00e3o refor\u00e7ou que mais informa\u00e7\u00f5es poder\u00e3o vir a ser divulgadas \u00e0 medida que o programa avance.<\/p>\n<p>Para al\u00e9m de Santar\u00e9m, n\u00e3o foram anunciadas outras localidades para o segundo dia, mantendo o foco na diversidade de propostas e necessidades da regi\u00e3o.<\/p>\n","protected":false},"excerpt":{"rendered":"<ul>\n<li>O segundo dia da presid\u00eancia aberta foi dedicado ao distrito de Santar\u00e9m.<\/li>\n<li>A not\u00edcia est\u00e1 acess\u00edvel apenas aos subscritores, com o conte\u00fado completo reservado.<\/li>\n<li>No resumo p\u00fablico n\u00e3o constam informa\u00e7\u00f5es adicionais.<\/li>\n<\/ul>\n","protected":false},"author":2,"featured_media":434996,"comment_status":"closed","ping_status":"closed","sticky":false,"template":"","format":"standard","meta":{"footnotes":""},"categories":[1,5],"tags":[168,3057,3035,34,2832,898],"class_list":["post-434994","post","type-post","status-publish","format-standard","has-post-thumbnail","hentry","category-noticias","category-politica","tag-administracao-publica","tag-autarcas","tag-comunidade","tag-governo","tag-politica","tag-santarem"],"yoast_head":"<!-- This site is optimized with the Yoast SEO plugin v27.2 - https:\/\/yoast.com\/product\/yoast-seo-wordpress\/ -->\n<title>Seguro dedica o segundo dia da presid\u00eancia aberta ao distrito de Santar\u00e9m - Portal Tela Portugal<\/title>\n<meta name=\"robots\" content=\"index, follow, max-snippet:-1, max-image-preview:large, max-video-preview:-1\" \/>\n<meta property=\"og:locale\" content=\"pt_PT\" \/>\n<meta property=\"og:type\" content=\"article\" \/>\n<meta property=\"og:title\" content=\"Seguro dedica o segundo dia da presid\u00eancia aberta ao distrito de Santar\u00e9m - Portal Tela Portugal\" \/>\n<meta property=\"og:description\" content=\"O segundo dia da presid\u00eancia aberta foi dedicado ao distrito de Santar\u00e9m. A not\u00edcia est\u00e1 acess\u00edvel apenas aos subscritores, com o conte\u00fado completo reservado. No resumo p\u00fablico n\u00e3o constam informa\u00e7\u00f5es adicionais.\" \/>\n<meta property=\"og:url\" content=\"https:\/\/portaltela.pt\/noticias\/2026\/04\/07\/seguro-dedica-o-segundo-dia-da-presidencia-aberta-ao-distrito-de-santarem\/\" \/>\n<meta property=\"og:site_name\" content=\"Portal Tela Portugal\" \/>\n<meta property=\"article:published_time\" content=\"2026-04-07T06:10:00+00:00\" \/>\n<meta name=\"author\" content=\"Telinha\" \/>\n<meta name=\"twitter:card\" content=\"summary_large_image\" \/>\n<meta name=\"twitter:label1\" content=\"Escrito por\" \/>\n\t<meta name=\"twitter:data1\" content=\"Telinha\" \/>\n\t<meta name=\"twitter:label2\" content=\"Tempo estimado de leitura\" \/>\n\t<meta name=\"twitter:data2\" content=\"1 minuto\" \/>\n<script type=\"application\/ld+json\" class=\"yoast-schema-graph\">{\"@context\":\"https:\/\/schema.org\",\"@graph\":[{\"@type\":\"Article\",\"@id\":\"https:\/\/portaltela.pt\/noticias\/2026\/04\/07\/seguro-dedica-o-segundo-dia-da-presidencia-aberta-ao-distrito-de-santarem\/#article\",\"isPartOf\":{\"@id\":\"https:\/\/portaltela.pt\/noticias\/2026\/04\/07\/seguro-dedica-o-segundo-dia-da-presidencia-aberta-ao-distrito-de-santarem\/\"},\"author\":{\"name\":\"Telinha\",\"@id\":\"https:\/\/portaltela.pt\/#\/schema\/person\/c4278d4a6028830caff9ee44b42d32ed\"},\"headline\":\"Seguro dedica o segundo dia da presid\u00eancia aberta ao distrito de Santar\u00e9m\",\"datePublished\":\"2026-04-07T06:10:00+00:00\",\"mainEntityOfPage\":{\"@id\":\"https:\/\/portaltela.pt\/noticias\/2026\/04\/07\/seguro-dedica-o-segundo-dia-da-presidencia-aberta-ao-distrito-de-santarem\/\"},\"wordCount\":156,\"image\":{\"@id\":\"https:\/\/portaltela.pt\/noticias\/2026\/04\/07\/seguro-dedica-o-segundo-dia-da-presidencia-aberta-ao-distrito-de-santarem\/#primaryimage\"},\"thumbnailUrl\":\"https:\/\/portaltela.pt\/s.01k8rhncp4jt1\/2026\/04\/CACHE_780X1200_ANALOG_WATERMARKED_46883808_3735583_06042026052400.jpg\",\"keywords\":[\"administra\u00e7\u00e3o p\u00fablica\",\"autarcas\",\"comunidade\",\"governo\",\"pol\u00edtica\",\"Santar\u00e9m\"],\"articleSection\":[\"Not\u00edcias\",\"Pol\u00edtica\"],\"inLanguage\":\"pt-PT\"},{\"@type\":\"WebPage\",\"@id\":\"https:\/\/portaltela.pt\/noticias\/2026\/04\/07\/seguro-dedica-o-segundo-dia-da-presidencia-aberta-ao-distrito-de-santarem\/\",\"url\":\"https:\/\/portaltela.pt\/noticias\/2026\/04\/07\/seguro-dedica-o-segundo-dia-da-presidencia-aberta-ao-distrito-de-santarem\/\",\"name\":\"Seguro dedica o segundo dia da presid\u00eancia aberta ao distrito de Santar\u00e9m - Portal Tela Portugal\",\"isPartOf\":{\"@id\":\"https:\/\/portaltela.pt\/#website\"},\"primaryImageOfPage\":{\"@id\":\"https:\/\/portaltela.pt\/noticias\/2026\/04\/07\/seguro-dedica-o-segundo-dia-da-presidencia-aberta-ao-distrito-de-santarem\/#primaryimage\"},\"image\":{\"@id\":\"https:\/\/portaltela.pt\/noticias\/2026\/04\/07\/seguro-dedica-o-segundo-dia-da-presidencia-aberta-ao-distrito-de-santarem\/#primaryimage\"},\"thumbnailUrl\":\"https:\/\/portaltela.pt\/s.01k8rhncp4jt1\/2026\/04\/CACHE_780X1200_ANALOG_WATERMARKED_46883808_3735583_06042026052400.jpg\",\"datePublished\":\"2026-04-07T06:10:00+00:00\",\"author\":{\"@id\":\"https:\/\/portaltela.pt\/#\/schema\/person\/c4278d4a6028830caff9ee44b42d32ed\"},\"breadcrumb\":{\"@id\":\"https:\/\/portaltela.pt\/noticias\/2026\/04\/07\/seguro-dedica-o-segundo-dia-da-presidencia-aberta-ao-distrito-de-santarem\/#breadcrumb\"},\"inLanguage\":\"pt-PT\",\"potentialAction\":[{\"@type\":\"ReadAction\",\"target\":[\"https:\/\/portaltela.pt\/noticias\/2026\/04\/07\/seguro-dedica-o-segundo-dia-da-presidencia-aberta-ao-distrito-de-santarem\/\"]}]},{\"@type\":\"ImageObject\",\"inLanguage\":\"pt-PT\",\"@id\":\"https:\/\/portaltela.pt\/noticias\/2026\/04\/07\/seguro-dedica-o-segundo-dia-da-presidencia-aberta-ao-distrito-de-santarem\/#primaryimage\",\"url\":\"https:\/\/portaltela.pt\/s.01k8rhncp4jt1\/2026\/04\/CACHE_780X1200_ANALOG_WATERMARKED_46883808_3735583_06042026052400.jpg\",\"contentUrl\":\"https:\/\/portaltela.pt\/s.01k8rhncp4jt1\/2026\/04\/CACHE_780X1200_ANALOG_WATERMARKED_46883808_3735583_06042026052400.jpg\",\"width\":796,\"height\":448,\"caption\":\"Photo\"},{\"@type\":\"BreadcrumbList\",\"@id\":\"https:\/\/portaltela.pt\/noticias\/2026\/04\/07\/seguro-dedica-o-segundo-dia-da-presidencia-aberta-ao-distrito-de-santarem\/#breadcrumb\",\"itemListElement\":[{\"@type\":\"ListItem\",\"position\":1,\"name\":\"In\u00edcio\",\"item\":\"https:\/\/portaltela.pt\/\"},{\"@type\":\"ListItem\",\"position\":2,\"name\":\"Seguro dedica o segundo dia da presid\u00eancia aberta ao distrito de Santar\u00e9m\"}]},{\"@type\":\"WebSite\",\"@id\":\"https:\/\/portaltela.pt\/#website\",\"url\":\"https:\/\/portaltela.pt\/\",\"name\":\"Portal Tela Portugal\",\"description\":\"\",\"potentialAction\":[{\"@type\":\"SearchAction\",\"target\":{\"@type\":\"EntryPoint\",\"urlTemplate\":\"https:\/\/portaltela.pt\/?s={search_term_string}\"},\"query-input\":{\"@type\":\"PropertyValueSpecification\",\"valueRequired\":true,\"valueName\":\"search_term_string\"}}],\"inLanguage\":\"pt-PT\"},{\"@type\":\"Person\",\"@id\":\"https:\/\/portaltela.pt\/#\/schema\/person\/c4278d4a6028830caff9ee44b42d32ed\",\"name\":\"Telinha\",\"image\":{\"@type\":\"ImageObject\",\"inLanguage\":\"pt-PT\",\"@id\":\"https:\/\/portaltela.pt\/s.01k8rhncp4jt1\/2025\/11\/talking-bot-125x125.png\",\"url\":\"https:\/\/portaltela.pt\/s.01k8rhncp4jt1\/2025\/11\/talking-bot-125x125.png\",\"contentUrl\":\"https:\/\/portaltela.pt\/s.01k8rhncp4jt1\/2025\/11\/talking-bot-125x125.png\",\"caption\":\"Telinha\"},\"sameAs\":[\"https:\/\/portaltela.pt\/\"],\"url\":\"https:\/\/portaltela.pt\/por\/367410592786\/\"}]}<\/script>\n<!-- \/ Yoast SEO plugin. -->","yoast_head_json":{"title":"Seguro dedica o segundo dia da presid\u00eancia aberta ao distrito de Santar\u00e9m - Portal Tela Portugal","robots":{"index":"index","follow":"follow","max-snippet":"max-snippet:-1","max-image-preview":"max-image-preview:large","max-video-preview":"max-video-preview:-1"},"og_locale":"pt_PT","og_type":"article","og_title":"Seguro dedica o segundo dia da presid\u00eancia aberta ao distrito de Santar\u00e9m - Portal Tela Portugal","og_description":"O segundo dia da presid\u00eancia aberta foi dedicado ao distrito de Santar\u00e9m. A not\u00edcia est\u00e1 acess\u00edvel apenas aos subscritores, com o conte\u00fado completo reservado. No resumo p\u00fablico n\u00e3o constam informa\u00e7\u00f5es adicionais.","og_url":"https:\/\/portaltela.pt\/noticias\/2026\/04\/07\/seguro-dedica-o-segundo-dia-da-presidencia-aberta-ao-distrito-de-santarem\/","og_site_name":"Portal Tela Portugal","article_published_time":"2026-04-07T06:10:00+00:00","author":"Telinha","twitter_card":"summary_large_image","twitter_misc":{"Escrito por":"Telinha","Tempo estimado de leitura":"1 minuto"},"schema":{"@context":"https:\/\/schema.org","@graph":[{"@type":"Article","@id":"https:\/\/portaltela.pt\/noticias\/2026\/04\/07\/seguro-dedica-o-segundo-dia-da-presidencia-aberta-ao-distrito-de-santarem\/#article","isPartOf":{"@id":"https:\/\/portaltela.pt\/noticias\/2026\/04\/07\/seguro-dedica-o-segundo-dia-da-presidencia-aberta-ao-distrito-de-santarem\/"},"author":{"name":"Telinha","@id":"https:\/\/portaltela.pt\/#\/schema\/person\/c4278d4a6028830caff9ee44b42d32ed"},"headline":"Seguro dedica o segundo dia da presid\u00eancia aberta ao distrito de Santar\u00e9m","datePublished":"2026-04-07T06:10:00+00:00","mainEntityOfPage":{"@id":"https:\/\/portaltela.pt\/noticias\/2026\/04\/07\/seguro-dedica-o-segundo-dia-da-presidencia-aberta-ao-distrito-de-santarem\/"},"wordCount":156,"image":{"@id":"https:\/\/portaltela.pt\/noticias\/2026\/04\/07\/seguro-dedica-o-segundo-dia-da-presidencia-aberta-ao-distrito-de-santarem\/#primaryimage"},"thumbnailUrl":"https:\/\/portaltela.pt\/s.01k8rhncp4jt1\/2026\/04\/CACHE_780X1200_ANALOG_WATERMARKED_46883808_3735583_06042026052400.jpg","keywords":["administra\u00e7\u00e3o p\u00fablica","autarcas","comunidade","governo","pol\u00edtica","Santar\u00e9m"],"articleSection":["Not\u00edcias","Pol\u00edtica"],"inLanguage":"pt-PT"},{"@type":"WebPage","@id":"https:\/\/portaltela.pt\/noticias\/2026\/04\/07\/seguro-dedica-o-segundo-dia-da-presidencia-aberta-ao-distrito-de-santarem\/","url":"https:\/\/portaltela.pt\/noticias\/2026\/04\/07\/seguro-dedica-o-segundo-dia-da-presidencia-aberta-ao-distrito-de-santarem\/","name":"Seguro dedica o segundo dia da presid\u00eancia aberta ao distrito de Santar\u00e9m - Portal Tela Portugal","isPartOf":{"@id":"https:\/\/portaltela.pt\/#website"},"primaryImageOfPage":{"@id":"https:\/\/portaltela.pt\/noticias\/2026\/04\/07\/seguro-dedica-o-segundo-dia-da-presidencia-aberta-ao-distrito-de-santarem\/#primaryimage"},"image":{"@id":"https:\/\/portaltela.pt\/noticias\/2026\/04\/07\/seguro-dedica-o-segundo-dia-da-presidencia-aberta-ao-distrito-de-santarem\/#primaryimage"},"thumbnailUrl":"https:\/\/portaltela.pt\/s.01k8rhncp4jt1\/2026\/04\/CACHE_780X1200_ANALOG_WATERMARKED_46883808_3735583_06042026052400.jpg","datePublished":"2026-04-07T06:10:00+00:00","author":{"@id":"https:\/\/portaltela.pt\/#\/schema\/person\/c4278d4a6028830caff9ee44b42d32ed"},"breadcrumb":{"@id":"https:\/\/portaltela.pt\/noticias\/2026\/04\/07\/seguro-dedica-o-segundo-dia-da-presidencia-aberta-ao-distrito-de-santarem\/#breadcrumb"},"inLanguage":"pt-PT","potentialAction":[{"@type":"ReadAction","target":["https:\/\/portaltela.pt\/noticias\/2026\/04\/07\/seguro-dedica-o-segundo-dia-da-presidencia-aberta-ao-distrito-de-santarem\/"]}]},{"@type":"ImageObject","inLanguage":"pt-PT","@id":"https:\/\/portaltela.pt\/noticias\/2026\/04\/07\/seguro-dedica-o-segundo-dia-da-presidencia-aberta-ao-distrito-de-santarem\/#primaryimage","url":"https:\/\/portaltela.pt\/s.01k8rhncp4jt1\/2026\/04\/CACHE_780X1200_ANALOG_WATERMARKED_46883808_3735583_06042026052400.jpg","contentUrl":"https:\/\/portaltela.pt\/s.01k8rhncp4jt1\/2026\/04\/CACHE_780X1200_ANALOG_WATERMARKED_46883808_3735583_06042026052400.jpg","width":796,"height":448,"caption":"Photo"},{"@type":"BreadcrumbList","@id":"https:\/\/portaltela.pt\/noticias\/2026\/04\/07\/seguro-dedica-o-segundo-dia-da-presidencia-aberta-ao-distrito-de-santarem\/#breadcrumb","itemListElement":[{"@type":"ListItem","position":1,"name":"In\u00edcio","item":"https:\/\/portaltela.pt\/"},{"@type":"ListItem","position":2,"name":"Seguro dedica o segundo dia da presid\u00eancia aberta ao distrito de Santar\u00e9m"}]},{"@type":"WebSite","@id":"https:\/\/portaltela.pt\/#website","url":"https:\/\/portaltela.pt\/","name":"Portal Tela Portugal","description":"","potentialAction":[{"@type":"SearchAction","target":{"@type":"EntryPoint","urlTemplate":"https:\/\/portaltela.pt\/?s={search_term_string}"},"query-input":{"@type":"PropertyValueSpecification","valueRequired":true,"valueName":"search_term_string"}}],"inLanguage":"pt-PT"},{"@type":"Person","@id":"https:\/\/portaltela.pt\/#\/schema\/person\/c4278d4a6028830caff9ee44b42d32ed","name":"Telinha","image":{"@type":"ImageObject","inLanguage":"pt-PT","@id":"https:\/\/portaltela.pt\/s.01k8rhncp4jt1\/2025\/11\/talking-bot-125x125.png","url":"https:\/\/portaltela.pt\/s.01k8rhncp4jt1\/2025\/11\/talking-bot-125x125.png","contentUrl":"https:\/\/portaltela.pt\/s.01k8rhncp4jt1\/2025\/11\/talking-bot-125x125.png","caption":"Telinha"},"sameAs":["https:\/\/portaltela.pt\/"],"url":"https:\/\/portaltela.pt\/por\/367410592786\/"}]}},"_links":{"self":[{"href":"https:\/\/portaltela.pt\/api\/wp\/v2\/posts\/434994","targetHints":{"allow":["GET"]}}],"collection":[{"href":"https:\/\/portaltela.pt\/api\/wp\/v2\/posts"}],"about":[{"href":"https:\/\/portaltela.pt\/api\/wp\/v2\/types\/post"}],"author":[{"embeddable":true,"href":"https:\/\/portaltela.pt\/api\/wp\/v2\/users\/2"}],"replies":[{"embeddable":true,"href":"https:\/\/portaltela.pt\/api\/wp\/v2\/comments?post=434994"}],"version-history":[{"count":0,"href":"https:\/\/portaltela.pt\/api\/wp\/v2\/posts\/434994\/revisions"}],"wp:featuredmedia":[{"embeddable":true,"href":"https:\/\/portaltela.pt\/api\/wp\/v2\/media\/434996"}],"wp:attachment":[{"href":"https:\/\/portaltela.pt\/api\/wp\/v2\/media?parent=434994"}],"wp:term":[{"taxonomy":"category","embeddable":true,"href":"https:\/\/portaltela.pt\/api\/wp\/v2\/categories?post=434994"},{"taxonomy":"post_tag","embeddable":true,"href":"https:\/\/portaltela.pt\/api\/wp\/v2\/tags?post=434994"}],"curies":[{"name":"wp","href":"https:\/\/api.w.org\/{rel}","templated":true}]}}