{"id":434970,"date":"2026-04-07T04:47:11","date_gmt":"2026-04-07T07:47:11","guid":{"rendered":"https:\/\/portaltela.pt\/noticias\/2026\/04\/07\/david-guetta-apresenta-em-portugal-o-espetaculo-the-monolith-em-agosto\/"},"modified":"2026-04-07T04:47:11","modified_gmt":"2026-04-07T07:47:11","slug":"david-guetta-apresenta-em-portugal-o-espetaculo-the-monolith-em-agosto","status":"publish","type":"post","link":"https:\/\/portaltela.pt\/musica\/2026\/04\/07\/david-guetta-apresenta-em-portugal-o-espetaculo-the-monolith-em-agosto\/","title":{"rendered":"David Guetta apresenta em Portugal o espet\u00e1culo The Monolith em agosto"},"content":{"rendered":"<p>David Guetta atua em Portugal no ver\u00e3o, com a digress\u00e3o do espet\u00e1culo The Monolith. O concerto est\u00e1 marcado para 2 de agosto, no Parque Papa Francisco, em Loures, e tem sido apresentado pela promotora Sodade como o maior projeto da carreira do DJ franc\u00eas.<\/p>\n<p>The Monolith apresenta-se com uma estrutura central em LED que funciona como palco e elemento visual dominante. O espet\u00e1culo combina som, imagem e emo\u00e7\u00e3o, com cinematografia em mapping 3D e desenho de luz coreografado, visando redefinir a experi\u00eancia ao vivo.<\/p>\n<h3>Detalhes do espet\u00e1culo<\/h3>\n<p>A primeira parte ficar\u00e1 a cargo de artistas convidados por David Guetta, cujos nomes ser\u00e3o divulgados em breve. Para outras datas da digress\u00e3o j\u00e1 foram anunciados nomes como Armin van Buuren, Fisher e Black Coffee.<\/p>\n<h3>Bilhetes e consumo de informa\u00e7\u00e3o<\/h3>\n<p>David Guetta j\u00e1 atuou v\u00e1rias vezes em Portugal, nomeadamente no festival Sudoeste. Bilhetes para o concerto no Parque Papa Francisco entram em venda \u00e0s 09:00 de quinta-feira, sem ter sido revelado o pre\u00e7o inicial.<\/p>\n","protected":false},"excerpt":{"rendered":"<ul>\n<li>O DJ e produtor David Guetta atua a 2 de agosto no Parque Papa Francisco, em Loures, no \u00e2mbito da digress\u00e3o do espet\u00e1culo The Monolith.<\/li>\n<li>O concerto \u00e9 apresentado como o mais ambicioso da carreira do artista, num formato de grande escala com cenografia \u00fanica.<\/li>\n<li>O espet\u00e1culo assenta numa estrutura central em LED que funciona como palco e elemento visual dominante, com mapping 3D, conte\u00fados visuais sincronizados e ilumina\u00e7\u00e3o altamente coreografada.<\/li>\n<li>A primeira parte ficar\u00e1 a cargo de convidados por anunciar; para outras datas j\u00e1 foram confirmados Armin van Buuren, Fisher e Black Coffee.<\/li>\n<li>Os bilhetes estar\u00e3o \u00e0 venda a partir das 09:00 de quinta-feira, com os pre\u00e7os ainda por divulgar.<\/li>\n<\/ul>\n","protected":false},"author":2,"featured_media":434971,"comment_status":"closed","ping_status":"closed","sticky":false,"template":"","format":"standard","meta":{"footnotes":""},"categories":[6676],"tags":[4892,2116,1680,122,7667,1014],"class_list":["post-434970","post","type-post","status-publish","format-standard","has-post-thumbnail","hentry","category-musica","tag-conciertos","tag-espetaculos","tag-loures","tag-musica","tag-musica-ao-vivo","tag-portugal"],"yoast_head":"<!-- This site is optimized with the Yoast SEO plugin v27.2 - https:\/\/yoast.com\/product\/yoast-seo-wordpress\/ -->\n<title>David Guetta apresenta em Portugal o espet\u00e1culo The Monolith em agosto - Portal Tela Portugal<\/title>\n<meta name=\"robots\" content=\"index, follow, max-snippet:-1, max-image-preview:large, max-video-preview:-1\" \/>\n<meta property=\"og:locale\" content=\"pt_PT\" \/>\n<meta property=\"og:type\" content=\"article\" \/>\n<meta property=\"og:title\" content=\"David Guetta apresenta em Portugal o espet\u00e1culo The Monolith em agosto - Portal Tela Portugal\" \/>\n<meta property=\"og:description\" content=\"O DJ e produtor David Guetta atua a 2 de agosto no Parque Papa Francisco, em Loures, no \u00e2mbito da digress\u00e3o do espet\u00e1culo The Monolith. O concerto \u00e9 apresentado como o mais ambicioso da carreira do artista, num formato de grande escala com cenografia \u00fanica. O espet\u00e1culo assenta numa estrutura central em LED que funciona como palco e elemento visual dominante, com mapping 3D, conte\u00fados visuais sincronizados e ilumina\u00e7\u00e3o altamente coreografada. A primeira parte ficar\u00e1 a cargo de convidados por anunciar; para outras datas j\u00e1 foram confirmados Armin van Buuren, Fisher e Black Coffee. Os bilhetes estar\u00e3o \u00e0 venda a partir das 09:00 de quinta-feira, com os pre\u00e7os ainda por divulgar.\" \/>\n<meta property=\"og:url\" content=\"https:\/\/portaltela.pt\/noticias\/2026\/04\/07\/david-guetta-apresenta-em-portugal-o-espetaculo-the-monolith-em-agosto\/\" \/>\n<meta property=\"og:site_name\" content=\"Portal Tela Portugal\" \/>\n<meta property=\"article:published_time\" content=\"2026-04-07T07:47:11+00:00\" \/>\n<meta name=\"author\" content=\"Telinha\" \/>\n<meta name=\"twitter:card\" content=\"summary_large_image\" \/>\n<meta name=\"twitter:label1\" content=\"Escrito por\" \/>\n\t<meta name=\"twitter:data1\" content=\"Telinha\" \/>\n\t<meta name=\"twitter:label2\" content=\"Tempo estimado de leitura\" \/>\n\t<meta name=\"twitter:data2\" content=\"1 minuto\" \/>\n<script type=\"application\/ld+json\" class=\"yoast-schema-graph\">{\"@context\":\"https:\/\/schema.org\",\"@graph\":[{\"@type\":\"Article\",\"@id\":\"https:\/\/portaltela.pt\/noticias\/2026\/04\/07\/david-guetta-apresenta-em-portugal-o-espetaculo-the-monolith-em-agosto\/#article\",\"isPartOf\":{\"@id\":\"https:\/\/portaltela.pt\/noticias\/2026\/04\/07\/david-guetta-apresenta-em-portugal-o-espetaculo-the-monolith-em-agosto\/\"},\"author\":{\"name\":\"Telinha\",\"@id\":\"https:\/\/portaltela.pt\/#\/schema\/person\/c4278d4a6028830caff9ee44b42d32ed\"},\"headline\":\"David Guetta apresenta em Portugal o espet\u00e1culo The Monolith em agosto\",\"datePublished\":\"2026-04-07T07:47:11+00:00\",\"mainEntityOfPage\":{\"@id\":\"https:\/\/portaltela.pt\/noticias\/2026\/04\/07\/david-guetta-apresenta-em-portugal-o-espetaculo-the-monolith-em-agosto\/\"},\"wordCount\":184,\"image\":{\"@id\":\"https:\/\/portaltela.pt\/noticias\/2026\/04\/07\/david-guetta-apresenta-em-portugal-o-espetaculo-the-monolith-em-agosto\/#primaryimage\"},\"thumbnailUrl\":\"https:\/\/portaltela.pt\/s.01k8rhncp4jt1\/2026\/04\/img_1500x1000uu2026-02-27-11-37-21-2269322-im-639077890609431023.jpg\",\"keywords\":[\"conciertos\",\"espet\u00e1culos\",\"Loures\",\"m\u00fasica\",\"m\u00fasica ao vivo\",\"Portugal\"],\"articleSection\":[\"M\u00fasica\"],\"inLanguage\":\"pt-PT\"},{\"@type\":\"WebPage\",\"@id\":\"https:\/\/portaltela.pt\/noticias\/2026\/04\/07\/david-guetta-apresenta-em-portugal-o-espetaculo-the-monolith-em-agosto\/\",\"url\":\"https:\/\/portaltela.pt\/noticias\/2026\/04\/07\/david-guetta-apresenta-em-portugal-o-espetaculo-the-monolith-em-agosto\/\",\"name\":\"David Guetta apresenta em Portugal o espet\u00e1culo The Monolith em agosto - Portal Tela Portugal\",\"isPartOf\":{\"@id\":\"https:\/\/portaltela.pt\/#website\"},\"primaryImageOfPage\":{\"@id\":\"https:\/\/portaltela.pt\/noticias\/2026\/04\/07\/david-guetta-apresenta-em-portugal-o-espetaculo-the-monolith-em-agosto\/#primaryimage\"},\"image\":{\"@id\":\"https:\/\/portaltela.pt\/noticias\/2026\/04\/07\/david-guetta-apresenta-em-portugal-o-espetaculo-the-monolith-em-agosto\/#primaryimage\"},\"thumbnailUrl\":\"https:\/\/portaltela.pt\/s.01k8rhncp4jt1\/2026\/04\/img_1500x1000uu2026-02-27-11-37-21-2269322-im-639077890609431023.jpg\",\"datePublished\":\"2026-04-07T07:47:11+00:00\",\"author\":{\"@id\":\"https:\/\/portaltela.pt\/#\/schema\/person\/c4278d4a6028830caff9ee44b42d32ed\"},\"breadcrumb\":{\"@id\":\"https:\/\/portaltela.pt\/noticias\/2026\/04\/07\/david-guetta-apresenta-em-portugal-o-espetaculo-the-monolith-em-agosto\/#breadcrumb\"},\"inLanguage\":\"pt-PT\",\"potentialAction\":[{\"@type\":\"ReadAction\",\"target\":[\"https:\/\/portaltela.pt\/noticias\/2026\/04\/07\/david-guetta-apresenta-em-portugal-o-espetaculo-the-monolith-em-agosto\/\"]}]},{\"@type\":\"ImageObject\",\"inLanguage\":\"pt-PT\",\"@id\":\"https:\/\/portaltela.pt\/noticias\/2026\/04\/07\/david-guetta-apresenta-em-portugal-o-espetaculo-the-monolith-em-agosto\/#primaryimage\",\"url\":\"https:\/\/portaltela.pt\/s.01k8rhncp4jt1\/2026\/04\/img_1500x1000uu2026-02-27-11-37-21-2269322-im-639077890609431023.jpg\",\"contentUrl\":\"https:\/\/portaltela.pt\/s.01k8rhncp4jt1\/2026\/04\/img_1500x1000uu2026-02-27-11-37-21-2269322-im-639077890609431023.jpg\",\"width\":796,\"height\":448,\"caption\":\"David Guetta\"},{\"@type\":\"BreadcrumbList\",\"@id\":\"https:\/\/portaltela.pt\/noticias\/2026\/04\/07\/david-guetta-apresenta-em-portugal-o-espetaculo-the-monolith-em-agosto\/#breadcrumb\",\"itemListElement\":[{\"@type\":\"ListItem\",\"position\":1,\"name\":\"In\u00edcio\",\"item\":\"https:\/\/portaltela.pt\/\"},{\"@type\":\"ListItem\",\"position\":2,\"name\":\"David Guetta apresenta em Portugal o espet\u00e1culo The Monolith em agosto\"}]},{\"@type\":\"WebSite\",\"@id\":\"https:\/\/portaltela.pt\/#website\",\"url\":\"https:\/\/portaltela.pt\/\",\"name\":\"Portal Tela Portugal\",\"description\":\"\",\"potentialAction\":[{\"@type\":\"SearchAction\",\"target\":{\"@type\":\"EntryPoint\",\"urlTemplate\":\"https:\/\/portaltela.pt\/?s={search_term_string}\"},\"query-input\":{\"@type\":\"PropertyValueSpecification\",\"valueRequired\":true,\"valueName\":\"search_term_string\"}}],\"inLanguage\":\"pt-PT\"},{\"@type\":\"Person\",\"@id\":\"https:\/\/portaltela.pt\/#\/schema\/person\/c4278d4a6028830caff9ee44b42d32ed\",\"name\":\"Telinha\",\"image\":{\"@type\":\"ImageObject\",\"inLanguage\":\"pt-PT\",\"@id\":\"https:\/\/portaltela.pt\/s.01k8rhncp4jt1\/2025\/11\/talking-bot-125x125.png\",\"url\":\"https:\/\/portaltela.pt\/s.01k8rhncp4jt1\/2025\/11\/talking-bot-125x125.png\",\"contentUrl\":\"https:\/\/portaltela.pt\/s.01k8rhncp4jt1\/2025\/11\/talking-bot-125x125.png\",\"caption\":\"Telinha\"},\"sameAs\":[\"https:\/\/portaltela.pt\/\"],\"url\":\"https:\/\/portaltela.pt\/por\/367410592786\/\"}]}<\/script>\n<!-- \/ Yoast SEO plugin. -->","yoast_head_json":{"title":"David Guetta apresenta em Portugal o espet\u00e1culo The Monolith em agosto - Portal Tela Portugal","robots":{"index":"index","follow":"follow","max-snippet":"max-snippet:-1","max-image-preview":"max-image-preview:large","max-video-preview":"max-video-preview:-1"},"og_locale":"pt_PT","og_type":"article","og_title":"David Guetta apresenta em Portugal o espet\u00e1culo The Monolith em agosto - Portal Tela Portugal","og_description":"O DJ e produtor David Guetta atua a 2 de agosto no Parque Papa Francisco, em Loures, no \u00e2mbito da digress\u00e3o do espet\u00e1culo The Monolith. O concerto \u00e9 apresentado como o mais ambicioso da carreira do artista, num formato de grande escala com cenografia \u00fanica. O espet\u00e1culo assenta numa estrutura central em LED que funciona como palco e elemento visual dominante, com mapping 3D, conte\u00fados visuais sincronizados e ilumina\u00e7\u00e3o altamente coreografada. A primeira parte ficar\u00e1 a cargo de convidados por anunciar; para outras datas j\u00e1 foram confirmados Armin van Buuren, Fisher e Black Coffee. Os bilhetes estar\u00e3o \u00e0 venda a partir das 09:00 de quinta-feira, com os pre\u00e7os ainda por divulgar.","og_url":"https:\/\/portaltela.pt\/noticias\/2026\/04\/07\/david-guetta-apresenta-em-portugal-o-espetaculo-the-monolith-em-agosto\/","og_site_name":"Portal Tela Portugal","article_published_time":"2026-04-07T07:47:11+00:00","author":"Telinha","twitter_card":"summary_large_image","twitter_misc":{"Escrito por":"Telinha","Tempo estimado de leitura":"1 minuto"},"schema":{"@context":"https:\/\/schema.org","@graph":[{"@type":"Article","@id":"https:\/\/portaltela.pt\/noticias\/2026\/04\/07\/david-guetta-apresenta-em-portugal-o-espetaculo-the-monolith-em-agosto\/#article","isPartOf":{"@id":"https:\/\/portaltela.pt\/noticias\/2026\/04\/07\/david-guetta-apresenta-em-portugal-o-espetaculo-the-monolith-em-agosto\/"},"author":{"name":"Telinha","@id":"https:\/\/portaltela.pt\/#\/schema\/person\/c4278d4a6028830caff9ee44b42d32ed"},"headline":"David Guetta apresenta em Portugal o espet\u00e1culo The Monolith em agosto","datePublished":"2026-04-07T07:47:11+00:00","mainEntityOfPage":{"@id":"https:\/\/portaltela.pt\/noticias\/2026\/04\/07\/david-guetta-apresenta-em-portugal-o-espetaculo-the-monolith-em-agosto\/"},"wordCount":184,"image":{"@id":"https:\/\/portaltela.pt\/noticias\/2026\/04\/07\/david-guetta-apresenta-em-portugal-o-espetaculo-the-monolith-em-agosto\/#primaryimage"},"thumbnailUrl":"https:\/\/portaltela.pt\/s.01k8rhncp4jt1\/2026\/04\/img_1500x1000uu2026-02-27-11-37-21-2269322-im-639077890609431023.jpg","keywords":["conciertos","espet\u00e1culos","Loures","m\u00fasica","m\u00fasica ao vivo","Portugal"],"articleSection":["M\u00fasica"],"inLanguage":"pt-PT"},{"@type":"WebPage","@id":"https:\/\/portaltela.pt\/noticias\/2026\/04\/07\/david-guetta-apresenta-em-portugal-o-espetaculo-the-monolith-em-agosto\/","url":"https:\/\/portaltela.pt\/noticias\/2026\/04\/07\/david-guetta-apresenta-em-portugal-o-espetaculo-the-monolith-em-agosto\/","name":"David Guetta apresenta em Portugal o espet\u00e1culo The Monolith em agosto - Portal Tela Portugal","isPartOf":{"@id":"https:\/\/portaltela.pt\/#website"},"primaryImageOfPage":{"@id":"https:\/\/portaltela.pt\/noticias\/2026\/04\/07\/david-guetta-apresenta-em-portugal-o-espetaculo-the-monolith-em-agosto\/#primaryimage"},"image":{"@id":"https:\/\/portaltela.pt\/noticias\/2026\/04\/07\/david-guetta-apresenta-em-portugal-o-espetaculo-the-monolith-em-agosto\/#primaryimage"},"thumbnailUrl":"https:\/\/portaltela.pt\/s.01k8rhncp4jt1\/2026\/04\/img_1500x1000uu2026-02-27-11-37-21-2269322-im-639077890609431023.jpg","datePublished":"2026-04-07T07:47:11+00:00","author":{"@id":"https:\/\/portaltela.pt\/#\/schema\/person\/c4278d4a6028830caff9ee44b42d32ed"},"breadcrumb":{"@id":"https:\/\/portaltela.pt\/noticias\/2026\/04\/07\/david-guetta-apresenta-em-portugal-o-espetaculo-the-monolith-em-agosto\/#breadcrumb"},"inLanguage":"pt-PT","potentialAction":[{"@type":"ReadAction","target":["https:\/\/portaltela.pt\/noticias\/2026\/04\/07\/david-guetta-apresenta-em-portugal-o-espetaculo-the-monolith-em-agosto\/"]}]},{"@type":"ImageObject","inLanguage":"pt-PT","@id":"https:\/\/portaltela.pt\/noticias\/2026\/04\/07\/david-guetta-apresenta-em-portugal-o-espetaculo-the-monolith-em-agosto\/#primaryimage","url":"https:\/\/portaltela.pt\/s.01k8rhncp4jt1\/2026\/04\/img_1500x1000uu2026-02-27-11-37-21-2269322-im-639077890609431023.jpg","contentUrl":"https:\/\/portaltela.pt\/s.01k8rhncp4jt1\/2026\/04\/img_1500x1000uu2026-02-27-11-37-21-2269322-im-639077890609431023.jpg","width":796,"height":448,"caption":"David Guetta"},{"@type":"BreadcrumbList","@id":"https:\/\/portaltela.pt\/noticias\/2026\/04\/07\/david-guetta-apresenta-em-portugal-o-espetaculo-the-monolith-em-agosto\/#breadcrumb","itemListElement":[{"@type":"ListItem","position":1,"name":"In\u00edcio","item":"https:\/\/portaltela.pt\/"},{"@type":"ListItem","position":2,"name":"David Guetta apresenta em Portugal o espet\u00e1culo The Monolith em agosto"}]},{"@type":"WebSite","@id":"https:\/\/portaltela.pt\/#website","url":"https:\/\/portaltela.pt\/","name":"Portal Tela Portugal","description":"","potentialAction":[{"@type":"SearchAction","target":{"@type":"EntryPoint","urlTemplate":"https:\/\/portaltela.pt\/?s={search_term_string}"},"query-input":{"@type":"PropertyValueSpecification","valueRequired":true,"valueName":"search_term_string"}}],"inLanguage":"pt-PT"},{"@type":"Person","@id":"https:\/\/portaltela.pt\/#\/schema\/person\/c4278d4a6028830caff9ee44b42d32ed","name":"Telinha","image":{"@type":"ImageObject","inLanguage":"pt-PT","@id":"https:\/\/portaltela.pt\/s.01k8rhncp4jt1\/2025\/11\/talking-bot-125x125.png","url":"https:\/\/portaltela.pt\/s.01k8rhncp4jt1\/2025\/11\/talking-bot-125x125.png","contentUrl":"https:\/\/portaltela.pt\/s.01k8rhncp4jt1\/2025\/11\/talking-bot-125x125.png","caption":"Telinha"},"sameAs":["https:\/\/portaltela.pt\/"],"url":"https:\/\/portaltela.pt\/por\/367410592786\/"}]}},"_links":{"self":[{"href":"https:\/\/portaltela.pt\/api\/wp\/v2\/posts\/434970","targetHints":{"allow":["GET"]}}],"collection":[{"href":"https:\/\/portaltela.pt\/api\/wp\/v2\/posts"}],"about":[{"href":"https:\/\/portaltela.pt\/api\/wp\/v2\/types\/post"}],"author":[{"embeddable":true,"href":"https:\/\/portaltela.pt\/api\/wp\/v2\/users\/2"}],"replies":[{"embeddable":true,"href":"https:\/\/portaltela.pt\/api\/wp\/v2\/comments?post=434970"}],"version-history":[{"count":0,"href":"https:\/\/portaltela.pt\/api\/wp\/v2\/posts\/434970\/revisions"}],"wp:featuredmedia":[{"embeddable":true,"href":"https:\/\/portaltela.pt\/api\/wp\/v2\/media\/434971"}],"wp:attachment":[{"href":"https:\/\/portaltela.pt\/api\/wp\/v2\/media?parent=434970"}],"wp:term":[{"taxonomy":"category","embeddable":true,"href":"https:\/\/portaltela.pt\/api\/wp\/v2\/categories?post=434970"},{"taxonomy":"post_tag","embeddable":true,"href":"https:\/\/portaltela.pt\/api\/wp\/v2\/tags?post=434970"}],"curies":[{"name":"wp","href":"https:\/\/api.w.org\/{rel}","templated":true}]}}