{"id":434963,"date":"2026-04-07T04:46:59","date_gmt":"2026-04-07T07:46:59","guid":{"rendered":"https:\/\/portaltela.pt\/noticias\/2026\/04\/07\/adeptos-do-corinthians-pressionam-ex-jogador-do-v-guimaraes\/"},"modified":"2026-04-07T04:46:59","modified_gmt":"2026-04-07T07:46:59","slug":"adeptos-do-corinthians-pressionam-ex-jogador-do-v-guimaraes","status":"publish","type":"post","link":"https:\/\/portaltela.pt\/desporto\/futebol\/2026\/04\/07\/adeptos-do-corinthians-pressionam-ex-jogador-do-v-guimaraes\/","title":{"rendered":"Adeptos do Corinthians pressionam ex-jogador do V. Guimar\u00e3es"},"content":{"rendered":"<p>Os adeptos do Corinthians provocaram Kaio C\u00e9sar, antigo jogador do Vitoria de Guimar\u00e3es, ap\u00f3s mais uma derrota no Brasileir\u00e3o. O epis\u00f3dio envolveu insultos dirigidos ao jogador, que foi confrontado pela claque Gavi\u00f5es da Fiel. Uma grava\u00e7\u00e3o de v\u00eddeo circula nas redes sociais, mostrando o momento.<\/p>\n<p>A derrota, 0-1 frente ao Internacional, ocorreu no campeonato nacional e motivou a reivindica\u00e7\u00e3o de apoio por parte da massa adepta do clube paulista. Kaio C\u00e9sar, que j\u00e1representou o clube portugu\u00eas, foi alvo de contesta\u00e7\u00f5es da torcida.<\/p>\n<p>O incidente aconteceu no contexto de rigidez de seguran\u00e7a nas partidas e de cobran\u00e7a p\u00fablica por parte de adeptos ap\u00f3s o resultado adverso. As autoridades internas do clube ainda n\u00e3o divulgaram uma posi\u00e7\u00e3o oficial sobre o ocorrido, que gerou controv\u00e9rsia entre torcedores e especialistas.<\/p>\n<h3>Incidente com Kaio C\u00e9sar<\/h3>\n<ul>\n<li>Kaio C\u00e9sar, ex-jogador do Vitoria de Guimar\u00e3es, foi alvo de insultos repetidos durante a passagem pela bancada de adeptos.<\/li>\n<li>Ainda n\u00e3o h\u00e1 confirma\u00e7\u00e3o de medidas disciplinares internas, embora o clube tenha analisado o caso.<\/li>\n<\/ul>\n","protected":false},"excerpt":{"rendered":"<ul>\n<li>Adeptos do Corinthians protestaram ap\u00f3s a derrota por zero a um frente ao Internacional no Brasileir\u00e3o.<\/li>\n<li>Kaio C\u00e9sar, antigo jogador do V. Guimar\u00e3es, foi alvo de insultos por parte da claque Gavi\u00f5es da Fiel.<\/li>\n<li>O incidente ocorreu durante os protestos, com um v\u00eddeo a registar parte do momento (v\u00eddeo: X).<\/li>\n<li>N\u00e3o h\u00e1 informa\u00e7\u00f5es sobre consequ\u00eancias ou puni\u00e7\u00f5es associadas ao epis\u00f3dio.<\/li>\n<\/ul>\n","protected":false},"author":2,"featured_media":434964,"comment_status":"closed","ping_status":"closed","sticky":false,"template":"","format":"standard","meta":{"footnotes":""},"categories":[21,24],"tags":[152,6220,32,6693,4536,6171],"class_list":["post-434963","post","type-post","status-publish","format-standard","has-post-thumbnail","hentry","category-desporto","category-futebol","tag-desporto","tag-desporto-federado","tag-futebol","tag-futebol-brasileiro","tag-seguranca","tag-violencia-no-desporto"],"yoast_head":"<!-- This site is optimized with the Yoast SEO plugin v27.2 - https:\/\/yoast.com\/product\/yoast-seo-wordpress\/ -->\n<title>Adeptos do Corinthians pressionam ex-jogador do V. Guimar\u00e3es - Portal Tela Portugal<\/title>\n<meta name=\"robots\" content=\"index, follow, max-snippet:-1, max-image-preview:large, max-video-preview:-1\" \/>\n<meta property=\"og:locale\" content=\"pt_PT\" \/>\n<meta property=\"og:type\" content=\"article\" \/>\n<meta property=\"og:title\" content=\"Adeptos do Corinthians pressionam ex-jogador do V. Guimar\u00e3es - Portal Tela Portugal\" \/>\n<meta property=\"og:description\" content=\"Adeptos do Corinthians protestaram ap\u00f3s a derrota por zero a um frente ao Internacional no Brasileir\u00e3o. Kaio C\u00e9sar, antigo jogador do V. Guimar\u00e3es, foi alvo de insultos por parte da claque Gavi\u00f5es da Fiel. O incidente ocorreu durante os protestos, com um v\u00eddeo a registar parte do momento (v\u00eddeo: X). N\u00e3o h\u00e1 informa\u00e7\u00f5es sobre consequ\u00eancias ou puni\u00e7\u00f5es associadas ao epis\u00f3dio.\" \/>\n<meta property=\"og:url\" content=\"https:\/\/portaltela.pt\/noticias\/2026\/04\/07\/adeptos-do-corinthians-pressionam-ex-jogador-do-v-guimaraes\/\" \/>\n<meta property=\"og:site_name\" content=\"Portal Tela Portugal\" \/>\n<meta property=\"article:published_time\" content=\"2026-04-07T07:46:59+00:00\" \/>\n<meta name=\"author\" content=\"Telinha\" \/>\n<meta name=\"twitter:card\" content=\"summary_large_image\" \/>\n<meta name=\"twitter:label1\" content=\"Escrito por\" \/>\n\t<meta name=\"twitter:data1\" content=\"Telinha\" \/>\n\t<meta name=\"twitter:label2\" content=\"Tempo estimado de leitura\" \/>\n\t<meta name=\"twitter:data2\" content=\"1 minuto\" \/>\n<script type=\"application\/ld+json\" class=\"yoast-schema-graph\">{\"@context\":\"https:\/\/schema.org\",\"@graph\":[{\"@type\":\"Article\",\"@id\":\"https:\/\/portaltela.pt\/noticias\/2026\/04\/07\/adeptos-do-corinthians-pressionam-ex-jogador-do-v-guimaraes\/#article\",\"isPartOf\":{\"@id\":\"https:\/\/portaltela.pt\/noticias\/2026\/04\/07\/adeptos-do-corinthians-pressionam-ex-jogador-do-v-guimaraes\/\"},\"author\":{\"name\":\"Telinha\",\"@id\":\"https:\/\/portaltela.pt\/#\/schema\/person\/c4278d4a6028830caff9ee44b42d32ed\"},\"headline\":\"Adeptos do Corinthians pressionam ex-jogador do V. Guimar\u00e3es\",\"datePublished\":\"2026-04-07T07:46:59+00:00\",\"mainEntityOfPage\":{\"@id\":\"https:\/\/portaltela.pt\/noticias\/2026\/04\/07\/adeptos-do-corinthians-pressionam-ex-jogador-do-v-guimaraes\/\"},\"wordCount\":198,\"image\":{\"@id\":\"https:\/\/portaltela.pt\/noticias\/2026\/04\/07\/adeptos-do-corinthians-pressionam-ex-jogador-do-v-guimaraes\/#primaryimage\"},\"thumbnailUrl\":\"https:\/\/portaltela.pt\/s.01k8rhncp4jt1\/2026\/04\/img_1200x721uu2026-04-07-08-32-26-2431532.jpg\",\"keywords\":[\"desporto\",\"Desporto Federado\",\"futebol\",\"futebol brasileiro\",\"seguran\u00e7a\",\"viol\u00eancia no desporto\"],\"articleSection\":[\"Desporto\",\"Futebol\"],\"inLanguage\":\"pt-PT\"},{\"@type\":\"WebPage\",\"@id\":\"https:\/\/portaltela.pt\/noticias\/2026\/04\/07\/adeptos-do-corinthians-pressionam-ex-jogador-do-v-guimaraes\/\",\"url\":\"https:\/\/portaltela.pt\/noticias\/2026\/04\/07\/adeptos-do-corinthians-pressionam-ex-jogador-do-v-guimaraes\/\",\"name\":\"Adeptos do Corinthians pressionam ex-jogador do V. Guimar\u00e3es - Portal Tela Portugal\",\"isPartOf\":{\"@id\":\"https:\/\/portaltela.pt\/#website\"},\"primaryImageOfPage\":{\"@id\":\"https:\/\/portaltela.pt\/noticias\/2026\/04\/07\/adeptos-do-corinthians-pressionam-ex-jogador-do-v-guimaraes\/#primaryimage\"},\"image\":{\"@id\":\"https:\/\/portaltela.pt\/noticias\/2026\/04\/07\/adeptos-do-corinthians-pressionam-ex-jogador-do-v-guimaraes\/#primaryimage\"},\"thumbnailUrl\":\"https:\/\/portaltela.pt\/s.01k8rhncp4jt1\/2026\/04\/img_1200x721uu2026-04-07-08-32-26-2431532.jpg\",\"datePublished\":\"2026-04-07T07:46:59+00:00\",\"author\":{\"@id\":\"https:\/\/portaltela.pt\/#\/schema\/person\/c4278d4a6028830caff9ee44b42d32ed\"},\"breadcrumb\":{\"@id\":\"https:\/\/portaltela.pt\/noticias\/2026\/04\/07\/adeptos-do-corinthians-pressionam-ex-jogador-do-v-guimaraes\/#breadcrumb\"},\"inLanguage\":\"pt-PT\",\"potentialAction\":[{\"@type\":\"ReadAction\",\"target\":[\"https:\/\/portaltela.pt\/noticias\/2026\/04\/07\/adeptos-do-corinthians-pressionam-ex-jogador-do-v-guimaraes\/\"]}]},{\"@type\":\"ImageObject\",\"inLanguage\":\"pt-PT\",\"@id\":\"https:\/\/portaltela.pt\/noticias\/2026\/04\/07\/adeptos-do-corinthians-pressionam-ex-jogador-do-v-guimaraes\/#primaryimage\",\"url\":\"https:\/\/portaltela.pt\/s.01k8rhncp4jt1\/2026\/04\/img_1200x721uu2026-04-07-08-32-26-2431532.jpg\",\"contentUrl\":\"https:\/\/portaltela.pt\/s.01k8rhncp4jt1\/2026\/04\/img_1200x721uu2026-04-07-08-32-26-2431532.jpg\",\"width\":796,\"height\":448,\"caption\":\"\u00abEst\u00e1s de risadinha, maluco?\u00bb: adeptos do Corinthians 'apertam' antigo jogador do V. Guimar\u00e3es\"},{\"@type\":\"BreadcrumbList\",\"@id\":\"https:\/\/portaltela.pt\/noticias\/2026\/04\/07\/adeptos-do-corinthians-pressionam-ex-jogador-do-v-guimaraes\/#breadcrumb\",\"itemListElement\":[{\"@type\":\"ListItem\",\"position\":1,\"name\":\"In\u00edcio\",\"item\":\"https:\/\/portaltela.pt\/\"},{\"@type\":\"ListItem\",\"position\":2,\"name\":\"Adeptos do Corinthians pressionam ex-jogador do V. Guimar\u00e3es\"}]},{\"@type\":\"WebSite\",\"@id\":\"https:\/\/portaltela.pt\/#website\",\"url\":\"https:\/\/portaltela.pt\/\",\"name\":\"Portal Tela Portugal\",\"description\":\"\",\"potentialAction\":[{\"@type\":\"SearchAction\",\"target\":{\"@type\":\"EntryPoint\",\"urlTemplate\":\"https:\/\/portaltela.pt\/?s={search_term_string}\"},\"query-input\":{\"@type\":\"PropertyValueSpecification\",\"valueRequired\":true,\"valueName\":\"search_term_string\"}}],\"inLanguage\":\"pt-PT\"},{\"@type\":\"Person\",\"@id\":\"https:\/\/portaltela.pt\/#\/schema\/person\/c4278d4a6028830caff9ee44b42d32ed\",\"name\":\"Telinha\",\"image\":{\"@type\":\"ImageObject\",\"inLanguage\":\"pt-PT\",\"@id\":\"https:\/\/portaltela.pt\/s.01k8rhncp4jt1\/2025\/11\/talking-bot-125x125.png\",\"url\":\"https:\/\/portaltela.pt\/s.01k8rhncp4jt1\/2025\/11\/talking-bot-125x125.png\",\"contentUrl\":\"https:\/\/portaltela.pt\/s.01k8rhncp4jt1\/2025\/11\/talking-bot-125x125.png\",\"caption\":\"Telinha\"},\"sameAs\":[\"https:\/\/portaltela.pt\/\"],\"url\":\"https:\/\/portaltela.pt\/por\/367410592786\/\"}]}<\/script>\n<!-- \/ Yoast SEO plugin. -->","yoast_head_json":{"title":"Adeptos do Corinthians pressionam ex-jogador do V. Guimar\u00e3es - Portal Tela Portugal","robots":{"index":"index","follow":"follow","max-snippet":"max-snippet:-1","max-image-preview":"max-image-preview:large","max-video-preview":"max-video-preview:-1"},"og_locale":"pt_PT","og_type":"article","og_title":"Adeptos do Corinthians pressionam ex-jogador do V. Guimar\u00e3es - Portal Tela Portugal","og_description":"Adeptos do Corinthians protestaram ap\u00f3s a derrota por zero a um frente ao Internacional no Brasileir\u00e3o. Kaio C\u00e9sar, antigo jogador do V. Guimar\u00e3es, foi alvo de insultos por parte da claque Gavi\u00f5es da Fiel. O incidente ocorreu durante os protestos, com um v\u00eddeo a registar parte do momento (v\u00eddeo: X). N\u00e3o h\u00e1 informa\u00e7\u00f5es sobre consequ\u00eancias ou puni\u00e7\u00f5es associadas ao epis\u00f3dio.","og_url":"https:\/\/portaltela.pt\/noticias\/2026\/04\/07\/adeptos-do-corinthians-pressionam-ex-jogador-do-v-guimaraes\/","og_site_name":"Portal Tela Portugal","article_published_time":"2026-04-07T07:46:59+00:00","author":"Telinha","twitter_card":"summary_large_image","twitter_misc":{"Escrito por":"Telinha","Tempo estimado de leitura":"1 minuto"},"schema":{"@context":"https:\/\/schema.org","@graph":[{"@type":"Article","@id":"https:\/\/portaltela.pt\/noticias\/2026\/04\/07\/adeptos-do-corinthians-pressionam-ex-jogador-do-v-guimaraes\/#article","isPartOf":{"@id":"https:\/\/portaltela.pt\/noticias\/2026\/04\/07\/adeptos-do-corinthians-pressionam-ex-jogador-do-v-guimaraes\/"},"author":{"name":"Telinha","@id":"https:\/\/portaltela.pt\/#\/schema\/person\/c4278d4a6028830caff9ee44b42d32ed"},"headline":"Adeptos do Corinthians pressionam ex-jogador do V. Guimar\u00e3es","datePublished":"2026-04-07T07:46:59+00:00","mainEntityOfPage":{"@id":"https:\/\/portaltela.pt\/noticias\/2026\/04\/07\/adeptos-do-corinthians-pressionam-ex-jogador-do-v-guimaraes\/"},"wordCount":198,"image":{"@id":"https:\/\/portaltela.pt\/noticias\/2026\/04\/07\/adeptos-do-corinthians-pressionam-ex-jogador-do-v-guimaraes\/#primaryimage"},"thumbnailUrl":"https:\/\/portaltela.pt\/s.01k8rhncp4jt1\/2026\/04\/img_1200x721uu2026-04-07-08-32-26-2431532.jpg","keywords":["desporto","Desporto Federado","futebol","futebol brasileiro","seguran\u00e7a","viol\u00eancia no desporto"],"articleSection":["Desporto","Futebol"],"inLanguage":"pt-PT"},{"@type":"WebPage","@id":"https:\/\/portaltela.pt\/noticias\/2026\/04\/07\/adeptos-do-corinthians-pressionam-ex-jogador-do-v-guimaraes\/","url":"https:\/\/portaltela.pt\/noticias\/2026\/04\/07\/adeptos-do-corinthians-pressionam-ex-jogador-do-v-guimaraes\/","name":"Adeptos do Corinthians pressionam ex-jogador do V. Guimar\u00e3es - Portal Tela Portugal","isPartOf":{"@id":"https:\/\/portaltela.pt\/#website"},"primaryImageOfPage":{"@id":"https:\/\/portaltela.pt\/noticias\/2026\/04\/07\/adeptos-do-corinthians-pressionam-ex-jogador-do-v-guimaraes\/#primaryimage"},"image":{"@id":"https:\/\/portaltela.pt\/noticias\/2026\/04\/07\/adeptos-do-corinthians-pressionam-ex-jogador-do-v-guimaraes\/#primaryimage"},"thumbnailUrl":"https:\/\/portaltela.pt\/s.01k8rhncp4jt1\/2026\/04\/img_1200x721uu2026-04-07-08-32-26-2431532.jpg","datePublished":"2026-04-07T07:46:59+00:00","author":{"@id":"https:\/\/portaltela.pt\/#\/schema\/person\/c4278d4a6028830caff9ee44b42d32ed"},"breadcrumb":{"@id":"https:\/\/portaltela.pt\/noticias\/2026\/04\/07\/adeptos-do-corinthians-pressionam-ex-jogador-do-v-guimaraes\/#breadcrumb"},"inLanguage":"pt-PT","potentialAction":[{"@type":"ReadAction","target":["https:\/\/portaltela.pt\/noticias\/2026\/04\/07\/adeptos-do-corinthians-pressionam-ex-jogador-do-v-guimaraes\/"]}]},{"@type":"ImageObject","inLanguage":"pt-PT","@id":"https:\/\/portaltela.pt\/noticias\/2026\/04\/07\/adeptos-do-corinthians-pressionam-ex-jogador-do-v-guimaraes\/#primaryimage","url":"https:\/\/portaltela.pt\/s.01k8rhncp4jt1\/2026\/04\/img_1200x721uu2026-04-07-08-32-26-2431532.jpg","contentUrl":"https:\/\/portaltela.pt\/s.01k8rhncp4jt1\/2026\/04\/img_1200x721uu2026-04-07-08-32-26-2431532.jpg","width":796,"height":448,"caption":"\u00abEst\u00e1s de risadinha, maluco?\u00bb: adeptos do Corinthians 'apertam' antigo jogador do V. Guimar\u00e3es"},{"@type":"BreadcrumbList","@id":"https:\/\/portaltela.pt\/noticias\/2026\/04\/07\/adeptos-do-corinthians-pressionam-ex-jogador-do-v-guimaraes\/#breadcrumb","itemListElement":[{"@type":"ListItem","position":1,"name":"In\u00edcio","item":"https:\/\/portaltela.pt\/"},{"@type":"ListItem","position":2,"name":"Adeptos do Corinthians pressionam ex-jogador do V. Guimar\u00e3es"}]},{"@type":"WebSite","@id":"https:\/\/portaltela.pt\/#website","url":"https:\/\/portaltela.pt\/","name":"Portal Tela Portugal","description":"","potentialAction":[{"@type":"SearchAction","target":{"@type":"EntryPoint","urlTemplate":"https:\/\/portaltela.pt\/?s={search_term_string}"},"query-input":{"@type":"PropertyValueSpecification","valueRequired":true,"valueName":"search_term_string"}}],"inLanguage":"pt-PT"},{"@type":"Person","@id":"https:\/\/portaltela.pt\/#\/schema\/person\/c4278d4a6028830caff9ee44b42d32ed","name":"Telinha","image":{"@type":"ImageObject","inLanguage":"pt-PT","@id":"https:\/\/portaltela.pt\/s.01k8rhncp4jt1\/2025\/11\/talking-bot-125x125.png","url":"https:\/\/portaltela.pt\/s.01k8rhncp4jt1\/2025\/11\/talking-bot-125x125.png","contentUrl":"https:\/\/portaltela.pt\/s.01k8rhncp4jt1\/2025\/11\/talking-bot-125x125.png","caption":"Telinha"},"sameAs":["https:\/\/portaltela.pt\/"],"url":"https:\/\/portaltela.pt\/por\/367410592786\/"}]}},"_links":{"self":[{"href":"https:\/\/portaltela.pt\/api\/wp\/v2\/posts\/434963","targetHints":{"allow":["GET"]}}],"collection":[{"href":"https:\/\/portaltela.pt\/api\/wp\/v2\/posts"}],"about":[{"href":"https:\/\/portaltela.pt\/api\/wp\/v2\/types\/post"}],"author":[{"embeddable":true,"href":"https:\/\/portaltela.pt\/api\/wp\/v2\/users\/2"}],"replies":[{"embeddable":true,"href":"https:\/\/portaltela.pt\/api\/wp\/v2\/comments?post=434963"}],"version-history":[{"count":0,"href":"https:\/\/portaltela.pt\/api\/wp\/v2\/posts\/434963\/revisions"}],"wp:featuredmedia":[{"embeddable":true,"href":"https:\/\/portaltela.pt\/api\/wp\/v2\/media\/434964"}],"wp:attachment":[{"href":"https:\/\/portaltela.pt\/api\/wp\/v2\/media?parent=434963"}],"wp:term":[{"taxonomy":"category","embeddable":true,"href":"https:\/\/portaltela.pt\/api\/wp\/v2\/categories?post=434963"},{"taxonomy":"post_tag","embeddable":true,"href":"https:\/\/portaltela.pt\/api\/wp\/v2\/tags?post=434963"}],"curies":[{"name":"wp","href":"https:\/\/api.w.org\/{rel}","templated":true}]}}