{"id":434949,"date":"2026-04-07T04:32:25","date_gmt":"2026-04-07T07:32:25","guid":{"rendered":"https:\/\/portaltela.pt\/noticias\/2026\/04\/07\/prr-financia-290-milhoes-para-reforcar-e-modernizar-forcas-armadas\/"},"modified":"2026-04-07T04:32:25","modified_gmt":"2026-04-07T07:32:25","slug":"prr-financia-290-milhoes-para-reforcar-e-modernizar-forcas-armadas","status":"publish","type":"post","link":"https:\/\/portaltela.pt\/noticias\/internacional\/2026\/04\/07\/prr-financia-290-milhoes-para-reforcar-e-modernizar-forcas-armadas\/","title":{"rendered":"PRR financia 290 milh\u00f5es para refor\u00e7ar e modernizar For\u00e7as Armadas"},"content":{"rendered":"<p>Numa altura em que a NATO incentiva maior esfor\u00e7o dos aliados em Defesa, o PRR surge como um caminho relevante para refor\u00e7ar as For\u00e7as Armadas. O foco est\u00e1 no refor\u00e7o de ativos e na moderniza\u00e7\u00e3o da estrutura militar.<\/p>\n<p>O conjunto de investimentos totaliza mais de 290 milh\u00f5es de euros. A Marinha ocupa posi\u00e7\u00e3o de destaque, com projetos financiados pela chamada bazuca europeia a representar 151 milh\u00f5es de euros.<\/p>\n<p>Acompanhando o aumento de investimento, o objetivo \u00e9 modernizar capacidades e refor\u00e7ar equipamentos, alinhando-se com as metas de defesa da Uni\u00e3o Europeia e da NATO.<\/p>\n<h3>Investimento na Marinha<\/h3>\n<ul>\n<li>Os projetos da Marinha, financiados pelo PRR, somam 151 milh\u00f5es de euros, contribuindo para melhorias em infraestruturas, navios e sistemas de combate.<\/li>\n<li>O restante do montante concentra-se em outras \u00e1reas das For\u00e7as Armadas, no \u00e2mbito da atualiza\u00e7\u00e3o tecnol\u00f3gica e da prontid\u00e3o operacional.<\/li>\n<\/ul>\n","protected":false},"excerpt":{"rendered":"<ul>\n<li>O Plano de Recupera\u00e7\u00e3o e Resili\u00eancia (PRR) destina mais de 290 milh\u00f5es de euros para refor\u00e7ar e modernizar as For\u00e7as Armadas.<\/li>\n<li>A NATO pediu aos aliados mais esfor\u00e7o e maior investimento em Defesa.<\/li>\n<li>A Marinha \u00e9 destaque, com projetos financiados pelo PRR a totalizar 151 milh\u00f5es de euros.<\/li>\n<li>Os investimentos da Marinha representam parte relevante do total do PRR para as For\u00e7as Armadas.<\/li>\n<li>A not\u00edcia evidencia a aposta europeia na moderniza\u00e7\u00e3o de capacidades militares via fundos comunit\u00e1rios.<\/li>\n<\/ul>\n","protected":false},"author":2,"featured_media":434954,"comment_status":"closed","ping_status":"closed","sticky":false,"template":"","format":"standard","meta":{"footnotes":""},"categories":[6814,4],"tags":[256,6001,2336,1779,4298,2055],"class_list":["post-434949","post","type-post","status-publish","format-standard","has-post-thumbnail","hentry","category-geopolitica","category-internacional","tag-cooperacao-internacional","tag-defesa-internacional","tag-defesa-nacional","tag-forcas-armadas","tag-marinha","tag-uniao-europeia"],"yoast_head":"<!-- This site is optimized with the Yoast SEO plugin v27.2 - https:\/\/yoast.com\/product\/yoast-seo-wordpress\/ -->\n<title>PRR financia 290 milh\u00f5es para refor\u00e7ar e modernizar For\u00e7as Armadas - Portal Tela Portugal<\/title>\n<meta name=\"robots\" content=\"index, follow, max-snippet:-1, max-image-preview:large, max-video-preview:-1\" \/>\n<meta property=\"og:locale\" content=\"pt_PT\" \/>\n<meta property=\"og:type\" content=\"article\" \/>\n<meta property=\"og:title\" content=\"PRR financia 290 milh\u00f5es para refor\u00e7ar e modernizar For\u00e7as Armadas - Portal Tela Portugal\" \/>\n<meta property=\"og:description\" content=\"O Plano de Recupera\u00e7\u00e3o e Resili\u00eancia (PRR) destina mais de 290 milh\u00f5es de euros para refor\u00e7ar e modernizar as For\u00e7as Armadas. A NATO pediu aos aliados mais esfor\u00e7o e maior investimento em Defesa. A Marinha \u00e9 destaque, com projetos financiados pelo PRR a totalizar 151 milh\u00f5es de euros. Os investimentos da Marinha representam parte relevante do total do PRR para as For\u00e7as Armadas. A not\u00edcia evidencia a aposta europeia na moderniza\u00e7\u00e3o de capacidades militares via fundos comunit\u00e1rios.\" \/>\n<meta property=\"og:url\" content=\"https:\/\/portaltela.pt\/noticias\/2026\/04\/07\/prr-financia-290-milhoes-para-reforcar-e-modernizar-forcas-armadas\/\" \/>\n<meta property=\"og:site_name\" content=\"Portal Tela Portugal\" \/>\n<meta property=\"article:published_time\" content=\"2026-04-07T07:32:25+00:00\" \/>\n<meta name=\"author\" content=\"Telinha\" \/>\n<meta name=\"twitter:card\" content=\"summary_large_image\" \/>\n<meta name=\"twitter:label1\" content=\"Escrito por\" \/>\n\t<meta name=\"twitter:data1\" content=\"Telinha\" \/>\n\t<meta name=\"twitter:label2\" content=\"Tempo estimado de leitura\" \/>\n\t<meta name=\"twitter:data2\" content=\"1 minuto\" \/>\n<script type=\"application\/ld+json\" class=\"yoast-schema-graph\">{\"@context\":\"https:\/\/schema.org\",\"@graph\":[{\"@type\":\"Article\",\"@id\":\"https:\/\/portaltela.pt\/noticias\/2026\/04\/07\/prr-financia-290-milhoes-para-reforcar-e-modernizar-forcas-armadas\/#article\",\"isPartOf\":{\"@id\":\"https:\/\/portaltela.pt\/noticias\/2026\/04\/07\/prr-financia-290-milhoes-para-reforcar-e-modernizar-forcas-armadas\/\"},\"author\":{\"name\":\"Telinha\",\"@id\":\"https:\/\/portaltela.pt\/#\/schema\/person\/c4278d4a6028830caff9ee44b42d32ed\"},\"headline\":\"PRR financia 290 milh\u00f5es para refor\u00e7ar e modernizar For\u00e7as Armadas\",\"datePublished\":\"2026-04-07T07:32:25+00:00\",\"mainEntityOfPage\":{\"@id\":\"https:\/\/portaltela.pt\/noticias\/2026\/04\/07\/prr-financia-290-milhoes-para-reforcar-e-modernizar-forcas-armadas\/\"},\"wordCount\":161,\"image\":{\"@id\":\"https:\/\/portaltela.pt\/noticias\/2026\/04\/07\/prr-financia-290-milhoes-para-reforcar-e-modernizar-forcas-armadas\/#primaryimage\"},\"thumbnailUrl\":\"https:\/\/portaltela.pt\/s.01k8rhncp4jt1\/2026\/04\/image-356.jpg\",\"keywords\":[\"coopera\u00e7\u00e3o internacional\",\"defesa internacional\",\"Defesa Nacional\",\"For\u00e7as Armadas\",\"Marinha\",\"Uni\u00e3o Europeia\"],\"articleSection\":[\"Geopol\u00edtica\",\"Internacional\"],\"inLanguage\":\"pt-PT\"},{\"@type\":\"WebPage\",\"@id\":\"https:\/\/portaltela.pt\/noticias\/2026\/04\/07\/prr-financia-290-milhoes-para-reforcar-e-modernizar-forcas-armadas\/\",\"url\":\"https:\/\/portaltela.pt\/noticias\/2026\/04\/07\/prr-financia-290-milhoes-para-reforcar-e-modernizar-forcas-armadas\/\",\"name\":\"PRR financia 290 milh\u00f5es para refor\u00e7ar e modernizar For\u00e7as Armadas - Portal Tela Portugal\",\"isPartOf\":{\"@id\":\"https:\/\/portaltela.pt\/#website\"},\"primaryImageOfPage\":{\"@id\":\"https:\/\/portaltela.pt\/noticias\/2026\/04\/07\/prr-financia-290-milhoes-para-reforcar-e-modernizar-forcas-armadas\/#primaryimage\"},\"image\":{\"@id\":\"https:\/\/portaltela.pt\/noticias\/2026\/04\/07\/prr-financia-290-milhoes-para-reforcar-e-modernizar-forcas-armadas\/#primaryimage\"},\"thumbnailUrl\":\"https:\/\/portaltela.pt\/s.01k8rhncp4jt1\/2026\/04\/image-356.jpg\",\"datePublished\":\"2026-04-07T07:32:25+00:00\",\"author\":{\"@id\":\"https:\/\/portaltela.pt\/#\/schema\/person\/c4278d4a6028830caff9ee44b42d32ed\"},\"breadcrumb\":{\"@id\":\"https:\/\/portaltela.pt\/noticias\/2026\/04\/07\/prr-financia-290-milhoes-para-reforcar-e-modernizar-forcas-armadas\/#breadcrumb\"},\"inLanguage\":\"pt-PT\",\"potentialAction\":[{\"@type\":\"ReadAction\",\"target\":[\"https:\/\/portaltela.pt\/noticias\/2026\/04\/07\/prr-financia-290-milhoes-para-reforcar-e-modernizar-forcas-armadas\/\"]}]},{\"@type\":\"ImageObject\",\"inLanguage\":\"pt-PT\",\"@id\":\"https:\/\/portaltela.pt\/noticias\/2026\/04\/07\/prr-financia-290-milhoes-para-reforcar-e-modernizar-forcas-armadas\/#primaryimage\",\"url\":\"https:\/\/portaltela.pt\/s.01k8rhncp4jt1\/2026\/04\/image-356.jpg\",\"contentUrl\":\"https:\/\/portaltela.pt\/s.01k8rhncp4jt1\/2026\/04\/image-356.jpg\",\"width\":796,\"height\":448,\"caption\":\"\\\"Bazuca\\\" europeia est\u00e1 a ajudar a modernizar as For\u00e7as Armadas portuguesas\"},{\"@type\":\"BreadcrumbList\",\"@id\":\"https:\/\/portaltela.pt\/noticias\/2026\/04\/07\/prr-financia-290-milhoes-para-reforcar-e-modernizar-forcas-armadas\/#breadcrumb\",\"itemListElement\":[{\"@type\":\"ListItem\",\"position\":1,\"name\":\"In\u00edcio\",\"item\":\"https:\/\/portaltela.pt\/\"},{\"@type\":\"ListItem\",\"position\":2,\"name\":\"PRR financia 290 milh\u00f5es para refor\u00e7ar e modernizar For\u00e7as Armadas\"}]},{\"@type\":\"WebSite\",\"@id\":\"https:\/\/portaltela.pt\/#website\",\"url\":\"https:\/\/portaltela.pt\/\",\"name\":\"Portal Tela Portugal\",\"description\":\"\",\"potentialAction\":[{\"@type\":\"SearchAction\",\"target\":{\"@type\":\"EntryPoint\",\"urlTemplate\":\"https:\/\/portaltela.pt\/?s={search_term_string}\"},\"query-input\":{\"@type\":\"PropertyValueSpecification\",\"valueRequired\":true,\"valueName\":\"search_term_string\"}}],\"inLanguage\":\"pt-PT\"},{\"@type\":\"Person\",\"@id\":\"https:\/\/portaltela.pt\/#\/schema\/person\/c4278d4a6028830caff9ee44b42d32ed\",\"name\":\"Telinha\",\"image\":{\"@type\":\"ImageObject\",\"inLanguage\":\"pt-PT\",\"@id\":\"https:\/\/portaltela.pt\/s.01k8rhncp4jt1\/2025\/11\/talking-bot-125x125.png\",\"url\":\"https:\/\/portaltela.pt\/s.01k8rhncp4jt1\/2025\/11\/talking-bot-125x125.png\",\"contentUrl\":\"https:\/\/portaltela.pt\/s.01k8rhncp4jt1\/2025\/11\/talking-bot-125x125.png\",\"caption\":\"Telinha\"},\"sameAs\":[\"https:\/\/portaltela.pt\/\"],\"url\":\"https:\/\/portaltela.pt\/por\/367410592786\/\"}]}<\/script>\n<!-- \/ Yoast SEO plugin. -->","yoast_head_json":{"title":"PRR financia 290 milh\u00f5es para refor\u00e7ar e modernizar For\u00e7as Armadas - Portal Tela Portugal","robots":{"index":"index","follow":"follow","max-snippet":"max-snippet:-1","max-image-preview":"max-image-preview:large","max-video-preview":"max-video-preview:-1"},"og_locale":"pt_PT","og_type":"article","og_title":"PRR financia 290 milh\u00f5es para refor\u00e7ar e modernizar For\u00e7as Armadas - Portal Tela Portugal","og_description":"O Plano de Recupera\u00e7\u00e3o e Resili\u00eancia (PRR) destina mais de 290 milh\u00f5es de euros para refor\u00e7ar e modernizar as For\u00e7as Armadas. A NATO pediu aos aliados mais esfor\u00e7o e maior investimento em Defesa. A Marinha \u00e9 destaque, com projetos financiados pelo PRR a totalizar 151 milh\u00f5es de euros. Os investimentos da Marinha representam parte relevante do total do PRR para as For\u00e7as Armadas. A not\u00edcia evidencia a aposta europeia na moderniza\u00e7\u00e3o de capacidades militares via fundos comunit\u00e1rios.","og_url":"https:\/\/portaltela.pt\/noticias\/2026\/04\/07\/prr-financia-290-milhoes-para-reforcar-e-modernizar-forcas-armadas\/","og_site_name":"Portal Tela Portugal","article_published_time":"2026-04-07T07:32:25+00:00","author":"Telinha","twitter_card":"summary_large_image","twitter_misc":{"Escrito por":"Telinha","Tempo estimado de leitura":"1 minuto"},"schema":{"@context":"https:\/\/schema.org","@graph":[{"@type":"Article","@id":"https:\/\/portaltela.pt\/noticias\/2026\/04\/07\/prr-financia-290-milhoes-para-reforcar-e-modernizar-forcas-armadas\/#article","isPartOf":{"@id":"https:\/\/portaltela.pt\/noticias\/2026\/04\/07\/prr-financia-290-milhoes-para-reforcar-e-modernizar-forcas-armadas\/"},"author":{"name":"Telinha","@id":"https:\/\/portaltela.pt\/#\/schema\/person\/c4278d4a6028830caff9ee44b42d32ed"},"headline":"PRR financia 290 milh\u00f5es para refor\u00e7ar e modernizar For\u00e7as Armadas","datePublished":"2026-04-07T07:32:25+00:00","mainEntityOfPage":{"@id":"https:\/\/portaltela.pt\/noticias\/2026\/04\/07\/prr-financia-290-milhoes-para-reforcar-e-modernizar-forcas-armadas\/"},"wordCount":161,"image":{"@id":"https:\/\/portaltela.pt\/noticias\/2026\/04\/07\/prr-financia-290-milhoes-para-reforcar-e-modernizar-forcas-armadas\/#primaryimage"},"thumbnailUrl":"https:\/\/portaltela.pt\/s.01k8rhncp4jt1\/2026\/04\/image-356.jpg","keywords":["coopera\u00e7\u00e3o internacional","defesa internacional","Defesa Nacional","For\u00e7as Armadas","Marinha","Uni\u00e3o Europeia"],"articleSection":["Geopol\u00edtica","Internacional"],"inLanguage":"pt-PT"},{"@type":"WebPage","@id":"https:\/\/portaltela.pt\/noticias\/2026\/04\/07\/prr-financia-290-milhoes-para-reforcar-e-modernizar-forcas-armadas\/","url":"https:\/\/portaltela.pt\/noticias\/2026\/04\/07\/prr-financia-290-milhoes-para-reforcar-e-modernizar-forcas-armadas\/","name":"PRR financia 290 milh\u00f5es para refor\u00e7ar e modernizar For\u00e7as Armadas - Portal Tela Portugal","isPartOf":{"@id":"https:\/\/portaltela.pt\/#website"},"primaryImageOfPage":{"@id":"https:\/\/portaltela.pt\/noticias\/2026\/04\/07\/prr-financia-290-milhoes-para-reforcar-e-modernizar-forcas-armadas\/#primaryimage"},"image":{"@id":"https:\/\/portaltela.pt\/noticias\/2026\/04\/07\/prr-financia-290-milhoes-para-reforcar-e-modernizar-forcas-armadas\/#primaryimage"},"thumbnailUrl":"https:\/\/portaltela.pt\/s.01k8rhncp4jt1\/2026\/04\/image-356.jpg","datePublished":"2026-04-07T07:32:25+00:00","author":{"@id":"https:\/\/portaltela.pt\/#\/schema\/person\/c4278d4a6028830caff9ee44b42d32ed"},"breadcrumb":{"@id":"https:\/\/portaltela.pt\/noticias\/2026\/04\/07\/prr-financia-290-milhoes-para-reforcar-e-modernizar-forcas-armadas\/#breadcrumb"},"inLanguage":"pt-PT","potentialAction":[{"@type":"ReadAction","target":["https:\/\/portaltela.pt\/noticias\/2026\/04\/07\/prr-financia-290-milhoes-para-reforcar-e-modernizar-forcas-armadas\/"]}]},{"@type":"ImageObject","inLanguage":"pt-PT","@id":"https:\/\/portaltela.pt\/noticias\/2026\/04\/07\/prr-financia-290-milhoes-para-reforcar-e-modernizar-forcas-armadas\/#primaryimage","url":"https:\/\/portaltela.pt\/s.01k8rhncp4jt1\/2026\/04\/image-356.jpg","contentUrl":"https:\/\/portaltela.pt\/s.01k8rhncp4jt1\/2026\/04\/image-356.jpg","width":796,"height":448,"caption":"\"Bazuca\" europeia est\u00e1 a ajudar a modernizar as For\u00e7as Armadas portuguesas"},{"@type":"BreadcrumbList","@id":"https:\/\/portaltela.pt\/noticias\/2026\/04\/07\/prr-financia-290-milhoes-para-reforcar-e-modernizar-forcas-armadas\/#breadcrumb","itemListElement":[{"@type":"ListItem","position":1,"name":"In\u00edcio","item":"https:\/\/portaltela.pt\/"},{"@type":"ListItem","position":2,"name":"PRR financia 290 milh\u00f5es para refor\u00e7ar e modernizar For\u00e7as Armadas"}]},{"@type":"WebSite","@id":"https:\/\/portaltela.pt\/#website","url":"https:\/\/portaltela.pt\/","name":"Portal Tela Portugal","description":"","potentialAction":[{"@type":"SearchAction","target":{"@type":"EntryPoint","urlTemplate":"https:\/\/portaltela.pt\/?s={search_term_string}"},"query-input":{"@type":"PropertyValueSpecification","valueRequired":true,"valueName":"search_term_string"}}],"inLanguage":"pt-PT"},{"@type":"Person","@id":"https:\/\/portaltela.pt\/#\/schema\/person\/c4278d4a6028830caff9ee44b42d32ed","name":"Telinha","image":{"@type":"ImageObject","inLanguage":"pt-PT","@id":"https:\/\/portaltela.pt\/s.01k8rhncp4jt1\/2025\/11\/talking-bot-125x125.png","url":"https:\/\/portaltela.pt\/s.01k8rhncp4jt1\/2025\/11\/talking-bot-125x125.png","contentUrl":"https:\/\/portaltela.pt\/s.01k8rhncp4jt1\/2025\/11\/talking-bot-125x125.png","caption":"Telinha"},"sameAs":["https:\/\/portaltela.pt\/"],"url":"https:\/\/portaltela.pt\/por\/367410592786\/"}]}},"_links":{"self":[{"href":"https:\/\/portaltela.pt\/api\/wp\/v2\/posts\/434949","targetHints":{"allow":["GET"]}}],"collection":[{"href":"https:\/\/portaltela.pt\/api\/wp\/v2\/posts"}],"about":[{"href":"https:\/\/portaltela.pt\/api\/wp\/v2\/types\/post"}],"author":[{"embeddable":true,"href":"https:\/\/portaltela.pt\/api\/wp\/v2\/users\/2"}],"replies":[{"embeddable":true,"href":"https:\/\/portaltela.pt\/api\/wp\/v2\/comments?post=434949"}],"version-history":[{"count":0,"href":"https:\/\/portaltela.pt\/api\/wp\/v2\/posts\/434949\/revisions"}],"wp:featuredmedia":[{"embeddable":true,"href":"https:\/\/portaltela.pt\/api\/wp\/v2\/media\/434954"}],"wp:attachment":[{"href":"https:\/\/portaltela.pt\/api\/wp\/v2\/media?parent=434949"}],"wp:term":[{"taxonomy":"category","embeddable":true,"href":"https:\/\/portaltela.pt\/api\/wp\/v2\/categories?post=434949"},{"taxonomy":"post_tag","embeddable":true,"href":"https:\/\/portaltela.pt\/api\/wp\/v2\/tags?post=434949"}],"curies":[{"name":"wp","href":"https:\/\/api.w.org\/{rel}","templated":true}]}}