{"id":434941,"date":"2026-04-07T04:31:47","date_gmt":"2026-04-07T07:31:47","guid":{"rendered":"https:\/\/portaltela.pt\/noticias\/2026\/04\/07\/chega-propoe-semana-da-defesa-nacional-com-inspecao-ps-pede-revisao-do-modelo\/"},"modified":"2026-04-07T04:31:47","modified_gmt":"2026-04-07T07:31:47","slug":"chega-propoe-semana-da-defesa-nacional-com-inspecao-ps-pede-revisao-do-modelo","status":"publish","type":"post","link":"https:\/\/portaltela.pt\/seguranca\/2026\/04\/07\/chega-propoe-semana-da-defesa-nacional-com-inspecao-ps-pede-revisao-do-modelo\/","title":{"rendered":"Chega prop\u00f5e Semana da Defesa Nacional com inspe\u00e7\u00e3o; PS pede revis\u00e3o do modelo"},"content":{"rendered":"<p>O Chega apresentou um projeto de resolu\u00e7\u00e3o \u00e0 Assembleia da Rep\u00fablica que prop\u00f5e transformar o Dia da Defesa Nacional numa Semana da Defesa Nacional, com dura\u00e7\u00e3o m\u00ednima de cinco dias \u00fateis. A proposta inclui uma inspe\u00e7\u00e3o militar aos convocados.<\/p>\n<p>A iniciativa visa sensibilizar os jovens para a defesa, expandir conte\u00fados, como ciberseguran\u00e7a e prote\u00e7\u00e3o civil, e permitir atividades complementares por cada ramo das For\u00e7as Armadas. A discuss\u00e3o fica a cargo da Comiss\u00e3o de Defesa Nacional.<\/p>\n<p>O Dia da Defesa Nacional, criado em 1999, tem aplica\u00e7\u00e3o plena desde 2004, ap\u00f3s o fim do servi\u00e7o militar obrigat\u00f3rio. O objetivo atual \u00e9 o contacto anual com cidad\u00e3os de 18 anos, em centros de divulga\u00e7\u00e3o sediados em unidades militares.<\/p>\n<h3>Propostas em an\u00e1lise<\/h3>\n<p>O Chega defende que o formato atual \u00e9 insuficiente para enfrentar riscos e din\u00e2micas de seguran\u00e7a modernas. Alega que a semana permitiria forma\u00e7\u00e3o pr\u00e1tica e participa\u00e7\u00e3o mais diversificada dos jovens, incluindo inspe\u00e7\u00e3o militar.<\/p>\n<p>O PS tamb\u00e9m entregou um projeto de resolu\u00e7\u00e3o, solicitando uma avalia\u00e7\u00e3o do modelo vigente. O objetivo \u00e9 aferir impacto na capta\u00e7\u00e3o de efetivos e explorar op\u00e7\u00f5es como programas de curta dura\u00e7\u00e3o ou regimes de participa\u00e7\u00e3o flex\u00edvel.<\/p>\n<p>O PS prop\u00f5e ainda um estudo atualizado que compare o modelo atual com op\u00e7\u00f5es de outros pa\u00edses, identifique limita\u00e7\u00f5es e identifique melhorias, mantendo foco na atratividade do servi\u00e7o c\u00edvico-militar.<\/p>\n","protected":false},"excerpt":{"rendered":"<ul>\n<li>O Chega apresentou um projeto de resolu\u00e7\u00e3o para transformar o Dia da Defesa Nacional numa Semana da Defesa Nacional, com dura\u00e7\u00e3o m\u00ednima de cinco dias \u00fateis e com uma inspe\u00e7\u00e3o militar aos convocados.<\/li>\n<li>O objetivo \u00e9 sensibilizar os jovens para a defesa, ampliar conte\u00fados (incluindo ciberseguran\u00e7a, prote\u00e7\u00e3o civil e amea\u00e7as h\u00edbridas) e permitir a inspe\u00e7\u00e3o militar dos cidad\u00e3os.<\/li>\n<li>O Dia da Defesa Nacional, institu\u00eddo em 1999 e com aplica\u00e7\u00e3o plena desde 2004, \u00e9 hoje um dever obrigat\u00f3rio para quem completa 18 anos, realizado num \u00fanico dia nos Centros de Divulga\u00e7\u00e3o da Defesa Nacional.<\/li>\n<li>O PS tamb\u00e9m entregou um projeto de resolu\u00e7\u00e3o, recomendando uma avalia\u00e7\u00e3o rigorosa do modelo atual, incluindo propostas de modelos alternativos ou de curta dura\u00e7\u00e3o para tornar o servi\u00e7o mais atrativo e compat\u00edvel com as gera\u00e7\u00f5es atuais.<\/li>\n<li>A avalia\u00e7\u00e3o pedida pelo PS deve abranger diagn\u00f3stico do funcionamento, impacto no recrutamento, compara\u00e7\u00f5es com modelos de outros pa\u00edses aliados e discuss\u00e3o de solu\u00e7\u00f5es ou regimes de participa\u00e7\u00e3o flex\u00edveis.<\/li>\n<\/ul>\n","protected":false},"author":2,"featured_media":434942,"comment_status":"closed","ping_status":"closed","sticky":false,"template":"","format":"standard","meta":{"footnotes":""},"categories":[1,6779],"tags":[6574,2336,163,1779,2844,3908],"class_list":["post-434941","post","type-post","status-publish","format-standard","has-post-thumbnail","hentry","category-noticias","category-seguranca","tag-defesa","tag-defesa-nacional","tag-educacao","tag-forcas-armadas","tag-jovens","tag-seguranca-nacional"],"yoast_head":"<!-- This site is optimized with the Yoast SEO plugin v27.2 - https:\/\/yoast.com\/product\/yoast-seo-wordpress\/ -->\n<title>Chega prop\u00f5e Semana da Defesa Nacional com inspe\u00e7\u00e3o; PS pede revis\u00e3o do modelo - Portal Tela Portugal<\/title>\n<meta name=\"robots\" content=\"index, follow, max-snippet:-1, max-image-preview:large, max-video-preview:-1\" \/>\n<meta property=\"og:locale\" content=\"pt_PT\" \/>\n<meta property=\"og:type\" content=\"article\" \/>\n<meta property=\"og:title\" content=\"Chega prop\u00f5e Semana da Defesa Nacional com inspe\u00e7\u00e3o; PS pede revis\u00e3o do modelo - Portal Tela Portugal\" \/>\n<meta property=\"og:description\" content=\"O Chega apresentou um projeto de resolu\u00e7\u00e3o para transformar o Dia da Defesa Nacional numa Semana da Defesa Nacional, com dura\u00e7\u00e3o m\u00ednima de cinco dias \u00fateis e com uma inspe\u00e7\u00e3o militar aos convocados. O objetivo \u00e9 sensibilizar os jovens para a defesa, ampliar conte\u00fados (incluindo ciberseguran\u00e7a, prote\u00e7\u00e3o civil e amea\u00e7as h\u00edbridas) e permitir a inspe\u00e7\u00e3o militar dos cidad\u00e3os. O Dia da Defesa Nacional, institu\u00eddo em 1999 e com aplica\u00e7\u00e3o plena desde 2004, \u00e9 hoje um dever obrigat\u00f3rio para quem completa 18 anos, realizado num \u00fanico dia nos Centros de Divulga\u00e7\u00e3o da Defesa Nacional. O PS tamb\u00e9m entregou um projeto de resolu\u00e7\u00e3o, recomendando uma avalia\u00e7\u00e3o rigorosa do modelo atual, incluindo propostas de modelos alternativos ou de curta dura\u00e7\u00e3o para tornar o servi\u00e7o mais atrativo e compat\u00edvel com as gera\u00e7\u00f5es atuais. A avalia\u00e7\u00e3o pedida pelo PS deve abranger diagn\u00f3stico do funcionamento, impacto no recrutamento, compara\u00e7\u00f5es com modelos de outros pa\u00edses aliados e discuss\u00e3o de solu\u00e7\u00f5es ou regimes de participa\u00e7\u00e3o flex\u00edveis.\" \/>\n<meta property=\"og:url\" content=\"https:\/\/portaltela.pt\/noticias\/2026\/04\/07\/chega-propoe-semana-da-defesa-nacional-com-inspecao-ps-pede-revisao-do-modelo\/\" \/>\n<meta property=\"og:site_name\" content=\"Portal Tela Portugal\" \/>\n<meta property=\"article:published_time\" content=\"2026-04-07T07:31:47+00:00\" \/>\n<meta name=\"author\" content=\"Telinha\" \/>\n<meta name=\"twitter:card\" content=\"summary_large_image\" \/>\n<meta name=\"twitter:label1\" content=\"Escrito por\" \/>\n\t<meta name=\"twitter:data1\" content=\"Telinha\" \/>\n\t<meta name=\"twitter:label2\" content=\"Tempo estimado de leitura\" \/>\n\t<meta name=\"twitter:data2\" content=\"1 minuto\" \/>\n<script type=\"application\/ld+json\" class=\"yoast-schema-graph\">{\"@context\":\"https:\/\/schema.org\",\"@graph\":[{\"@type\":\"Article\",\"@id\":\"https:\/\/portaltela.pt\/noticias\/2026\/04\/07\/chega-propoe-semana-da-defesa-nacional-com-inspecao-ps-pede-revisao-do-modelo\/#article\",\"isPartOf\":{\"@id\":\"https:\/\/portaltela.pt\/noticias\/2026\/04\/07\/chega-propoe-semana-da-defesa-nacional-com-inspecao-ps-pede-revisao-do-modelo\/\"},\"author\":{\"name\":\"Telinha\",\"@id\":\"https:\/\/portaltela.pt\/#\/schema\/person\/c4278d4a6028830caff9ee44b42d32ed\"},\"headline\":\"Chega prop\u00f5e Semana da Defesa Nacional com inspe\u00e7\u00e3o; PS pede revis\u00e3o do modelo\",\"datePublished\":\"2026-04-07T07:31:47+00:00\",\"mainEntityOfPage\":{\"@id\":\"https:\/\/portaltela.pt\/noticias\/2026\/04\/07\/chega-propoe-semana-da-defesa-nacional-com-inspecao-ps-pede-revisao-do-modelo\/\"},\"wordCount\":264,\"image\":{\"@id\":\"https:\/\/portaltela.pt\/noticias\/2026\/04\/07\/chega-propoe-semana-da-defesa-nacional-com-inspecao-ps-pede-revisao-do-modelo\/#primaryimage\"},\"thumbnailUrl\":\"https:\/\/portaltela.pt\/s.01k8rhncp4jt1\/2026\/04\/1536x864_cmsv2_e7e330da-9ded-5efa-9110-87bc8b3fe523-9712526.jpg\",\"keywords\":[\"defesa\",\"Defesa Nacional\",\"educa\u00e7\u00e3o\",\"For\u00e7as Armadas\",\"jovens\",\"Seguran\u00e7a Nacional\"],\"articleSection\":[\"Not\u00edcias\",\"Seguran\u00e7a\"],\"inLanguage\":\"pt-PT\"},{\"@type\":\"WebPage\",\"@id\":\"https:\/\/portaltela.pt\/noticias\/2026\/04\/07\/chega-propoe-semana-da-defesa-nacional-com-inspecao-ps-pede-revisao-do-modelo\/\",\"url\":\"https:\/\/portaltela.pt\/noticias\/2026\/04\/07\/chega-propoe-semana-da-defesa-nacional-com-inspecao-ps-pede-revisao-do-modelo\/\",\"name\":\"Chega prop\u00f5e Semana da Defesa Nacional com inspe\u00e7\u00e3o; PS pede revis\u00e3o do modelo - Portal Tela Portugal\",\"isPartOf\":{\"@id\":\"https:\/\/portaltela.pt\/#website\"},\"primaryImageOfPage\":{\"@id\":\"https:\/\/portaltela.pt\/noticias\/2026\/04\/07\/chega-propoe-semana-da-defesa-nacional-com-inspecao-ps-pede-revisao-do-modelo\/#primaryimage\"},\"image\":{\"@id\":\"https:\/\/portaltela.pt\/noticias\/2026\/04\/07\/chega-propoe-semana-da-defesa-nacional-com-inspecao-ps-pede-revisao-do-modelo\/#primaryimage\"},\"thumbnailUrl\":\"https:\/\/portaltela.pt\/s.01k8rhncp4jt1\/2026\/04\/1536x864_cmsv2_e7e330da-9ded-5efa-9110-87bc8b3fe523-9712526.jpg\",\"datePublished\":\"2026-04-07T07:31:47+00:00\",\"author\":{\"@id\":\"https:\/\/portaltela.pt\/#\/schema\/person\/c4278d4a6028830caff9ee44b42d32ed\"},\"breadcrumb\":{\"@id\":\"https:\/\/portaltela.pt\/noticias\/2026\/04\/07\/chega-propoe-semana-da-defesa-nacional-com-inspecao-ps-pede-revisao-do-modelo\/#breadcrumb\"},\"inLanguage\":\"pt-PT\",\"potentialAction\":[{\"@type\":\"ReadAction\",\"target\":[\"https:\/\/portaltela.pt\/noticias\/2026\/04\/07\/chega-propoe-semana-da-defesa-nacional-com-inspecao-ps-pede-revisao-do-modelo\/\"]}]},{\"@type\":\"ImageObject\",\"inLanguage\":\"pt-PT\",\"@id\":\"https:\/\/portaltela.pt\/noticias\/2026\/04\/07\/chega-propoe-semana-da-defesa-nacional-com-inspecao-ps-pede-revisao-do-modelo\/#primaryimage\",\"url\":\"https:\/\/portaltela.pt\/s.01k8rhncp4jt1\/2026\/04\/1536x864_cmsv2_e7e330da-9ded-5efa-9110-87bc8b3fe523-9712526.jpg\",\"contentUrl\":\"https:\/\/portaltela.pt\/s.01k8rhncp4jt1\/2026\/04\/1536x864_cmsv2_e7e330da-9ded-5efa-9110-87bc8b3fe523-9712526.jpg\",\"width\":1536,\"height\":864,\"caption\":\"O Dia da Defesa Nacional \u00e9 um dever obrigat\u00f3rio para todos os portugueses no ano em que completam 18 anos de idade.\"},{\"@type\":\"BreadcrumbList\",\"@id\":\"https:\/\/portaltela.pt\/noticias\/2026\/04\/07\/chega-propoe-semana-da-defesa-nacional-com-inspecao-ps-pede-revisao-do-modelo\/#breadcrumb\",\"itemListElement\":[{\"@type\":\"ListItem\",\"position\":1,\"name\":\"In\u00edcio\",\"item\":\"https:\/\/portaltela.pt\/\"},{\"@type\":\"ListItem\",\"position\":2,\"name\":\"Chega prop\u00f5e Semana da Defesa Nacional com inspe\u00e7\u00e3o; PS pede revis\u00e3o do modelo\"}]},{\"@type\":\"WebSite\",\"@id\":\"https:\/\/portaltela.pt\/#website\",\"url\":\"https:\/\/portaltela.pt\/\",\"name\":\"Portal Tela Portugal\",\"description\":\"\",\"potentialAction\":[{\"@type\":\"SearchAction\",\"target\":{\"@type\":\"EntryPoint\",\"urlTemplate\":\"https:\/\/portaltela.pt\/?s={search_term_string}\"},\"query-input\":{\"@type\":\"PropertyValueSpecification\",\"valueRequired\":true,\"valueName\":\"search_term_string\"}}],\"inLanguage\":\"pt-PT\"},{\"@type\":\"Person\",\"@id\":\"https:\/\/portaltela.pt\/#\/schema\/person\/c4278d4a6028830caff9ee44b42d32ed\",\"name\":\"Telinha\",\"image\":{\"@type\":\"ImageObject\",\"inLanguage\":\"pt-PT\",\"@id\":\"https:\/\/portaltela.pt\/s.01k8rhncp4jt1\/2025\/11\/talking-bot-125x125.png\",\"url\":\"https:\/\/portaltela.pt\/s.01k8rhncp4jt1\/2025\/11\/talking-bot-125x125.png\",\"contentUrl\":\"https:\/\/portaltela.pt\/s.01k8rhncp4jt1\/2025\/11\/talking-bot-125x125.png\",\"caption\":\"Telinha\"},\"sameAs\":[\"https:\/\/portaltela.pt\/\"],\"url\":\"https:\/\/portaltela.pt\/por\/367410592786\/\"}]}<\/script>\n<!-- \/ Yoast SEO plugin. -->","yoast_head_json":{"title":"Chega prop\u00f5e Semana da Defesa Nacional com inspe\u00e7\u00e3o; PS pede revis\u00e3o do modelo - Portal Tela Portugal","robots":{"index":"index","follow":"follow","max-snippet":"max-snippet:-1","max-image-preview":"max-image-preview:large","max-video-preview":"max-video-preview:-1"},"og_locale":"pt_PT","og_type":"article","og_title":"Chega prop\u00f5e Semana da Defesa Nacional com inspe\u00e7\u00e3o; PS pede revis\u00e3o do modelo - Portal Tela Portugal","og_description":"O Chega apresentou um projeto de resolu\u00e7\u00e3o para transformar o Dia da Defesa Nacional numa Semana da Defesa Nacional, com dura\u00e7\u00e3o m\u00ednima de cinco dias \u00fateis e com uma inspe\u00e7\u00e3o militar aos convocados. O objetivo \u00e9 sensibilizar os jovens para a defesa, ampliar conte\u00fados (incluindo ciberseguran\u00e7a, prote\u00e7\u00e3o civil e amea\u00e7as h\u00edbridas) e permitir a inspe\u00e7\u00e3o militar dos cidad\u00e3os. O Dia da Defesa Nacional, institu\u00eddo em 1999 e com aplica\u00e7\u00e3o plena desde 2004, \u00e9 hoje um dever obrigat\u00f3rio para quem completa 18 anos, realizado num \u00fanico dia nos Centros de Divulga\u00e7\u00e3o da Defesa Nacional. O PS tamb\u00e9m entregou um projeto de resolu\u00e7\u00e3o, recomendando uma avalia\u00e7\u00e3o rigorosa do modelo atual, incluindo propostas de modelos alternativos ou de curta dura\u00e7\u00e3o para tornar o servi\u00e7o mais atrativo e compat\u00edvel com as gera\u00e7\u00f5es atuais. A avalia\u00e7\u00e3o pedida pelo PS deve abranger diagn\u00f3stico do funcionamento, impacto no recrutamento, compara\u00e7\u00f5es com modelos de outros pa\u00edses aliados e discuss\u00e3o de solu\u00e7\u00f5es ou regimes de participa\u00e7\u00e3o flex\u00edveis.","og_url":"https:\/\/portaltela.pt\/noticias\/2026\/04\/07\/chega-propoe-semana-da-defesa-nacional-com-inspecao-ps-pede-revisao-do-modelo\/","og_site_name":"Portal Tela Portugal","article_published_time":"2026-04-07T07:31:47+00:00","author":"Telinha","twitter_card":"summary_large_image","twitter_misc":{"Escrito por":"Telinha","Tempo estimado de leitura":"1 minuto"},"schema":{"@context":"https:\/\/schema.org","@graph":[{"@type":"Article","@id":"https:\/\/portaltela.pt\/noticias\/2026\/04\/07\/chega-propoe-semana-da-defesa-nacional-com-inspecao-ps-pede-revisao-do-modelo\/#article","isPartOf":{"@id":"https:\/\/portaltela.pt\/noticias\/2026\/04\/07\/chega-propoe-semana-da-defesa-nacional-com-inspecao-ps-pede-revisao-do-modelo\/"},"author":{"name":"Telinha","@id":"https:\/\/portaltela.pt\/#\/schema\/person\/c4278d4a6028830caff9ee44b42d32ed"},"headline":"Chega prop\u00f5e Semana da Defesa Nacional com inspe\u00e7\u00e3o; PS pede revis\u00e3o do modelo","datePublished":"2026-04-07T07:31:47+00:00","mainEntityOfPage":{"@id":"https:\/\/portaltela.pt\/noticias\/2026\/04\/07\/chega-propoe-semana-da-defesa-nacional-com-inspecao-ps-pede-revisao-do-modelo\/"},"wordCount":264,"image":{"@id":"https:\/\/portaltela.pt\/noticias\/2026\/04\/07\/chega-propoe-semana-da-defesa-nacional-com-inspecao-ps-pede-revisao-do-modelo\/#primaryimage"},"thumbnailUrl":"https:\/\/portaltela.pt\/s.01k8rhncp4jt1\/2026\/04\/1536x864_cmsv2_e7e330da-9ded-5efa-9110-87bc8b3fe523-9712526.jpg","keywords":["defesa","Defesa Nacional","educa\u00e7\u00e3o","For\u00e7as Armadas","jovens","Seguran\u00e7a Nacional"],"articleSection":["Not\u00edcias","Seguran\u00e7a"],"inLanguage":"pt-PT"},{"@type":"WebPage","@id":"https:\/\/portaltela.pt\/noticias\/2026\/04\/07\/chega-propoe-semana-da-defesa-nacional-com-inspecao-ps-pede-revisao-do-modelo\/","url":"https:\/\/portaltela.pt\/noticias\/2026\/04\/07\/chega-propoe-semana-da-defesa-nacional-com-inspecao-ps-pede-revisao-do-modelo\/","name":"Chega prop\u00f5e Semana da Defesa Nacional com inspe\u00e7\u00e3o; PS pede revis\u00e3o do modelo - Portal Tela Portugal","isPartOf":{"@id":"https:\/\/portaltela.pt\/#website"},"primaryImageOfPage":{"@id":"https:\/\/portaltela.pt\/noticias\/2026\/04\/07\/chega-propoe-semana-da-defesa-nacional-com-inspecao-ps-pede-revisao-do-modelo\/#primaryimage"},"image":{"@id":"https:\/\/portaltela.pt\/noticias\/2026\/04\/07\/chega-propoe-semana-da-defesa-nacional-com-inspecao-ps-pede-revisao-do-modelo\/#primaryimage"},"thumbnailUrl":"https:\/\/portaltela.pt\/s.01k8rhncp4jt1\/2026\/04\/1536x864_cmsv2_e7e330da-9ded-5efa-9110-87bc8b3fe523-9712526.jpg","datePublished":"2026-04-07T07:31:47+00:00","author":{"@id":"https:\/\/portaltela.pt\/#\/schema\/person\/c4278d4a6028830caff9ee44b42d32ed"},"breadcrumb":{"@id":"https:\/\/portaltela.pt\/noticias\/2026\/04\/07\/chega-propoe-semana-da-defesa-nacional-com-inspecao-ps-pede-revisao-do-modelo\/#breadcrumb"},"inLanguage":"pt-PT","potentialAction":[{"@type":"ReadAction","target":["https:\/\/portaltela.pt\/noticias\/2026\/04\/07\/chega-propoe-semana-da-defesa-nacional-com-inspecao-ps-pede-revisao-do-modelo\/"]}]},{"@type":"ImageObject","inLanguage":"pt-PT","@id":"https:\/\/portaltela.pt\/noticias\/2026\/04\/07\/chega-propoe-semana-da-defesa-nacional-com-inspecao-ps-pede-revisao-do-modelo\/#primaryimage","url":"https:\/\/portaltela.pt\/s.01k8rhncp4jt1\/2026\/04\/1536x864_cmsv2_e7e330da-9ded-5efa-9110-87bc8b3fe523-9712526.jpg","contentUrl":"https:\/\/portaltela.pt\/s.01k8rhncp4jt1\/2026\/04\/1536x864_cmsv2_e7e330da-9ded-5efa-9110-87bc8b3fe523-9712526.jpg","width":1536,"height":864,"caption":"O Dia da Defesa Nacional \u00e9 um dever obrigat\u00f3rio para todos os portugueses no ano em que completam 18 anos de idade."},{"@type":"BreadcrumbList","@id":"https:\/\/portaltela.pt\/noticias\/2026\/04\/07\/chega-propoe-semana-da-defesa-nacional-com-inspecao-ps-pede-revisao-do-modelo\/#breadcrumb","itemListElement":[{"@type":"ListItem","position":1,"name":"In\u00edcio","item":"https:\/\/portaltela.pt\/"},{"@type":"ListItem","position":2,"name":"Chega prop\u00f5e Semana da Defesa Nacional com inspe\u00e7\u00e3o; PS pede revis\u00e3o do modelo"}]},{"@type":"WebSite","@id":"https:\/\/portaltela.pt\/#website","url":"https:\/\/portaltela.pt\/","name":"Portal Tela Portugal","description":"","potentialAction":[{"@type":"SearchAction","target":{"@type":"EntryPoint","urlTemplate":"https:\/\/portaltela.pt\/?s={search_term_string}"},"query-input":{"@type":"PropertyValueSpecification","valueRequired":true,"valueName":"search_term_string"}}],"inLanguage":"pt-PT"},{"@type":"Person","@id":"https:\/\/portaltela.pt\/#\/schema\/person\/c4278d4a6028830caff9ee44b42d32ed","name":"Telinha","image":{"@type":"ImageObject","inLanguage":"pt-PT","@id":"https:\/\/portaltela.pt\/s.01k8rhncp4jt1\/2025\/11\/talking-bot-125x125.png","url":"https:\/\/portaltela.pt\/s.01k8rhncp4jt1\/2025\/11\/talking-bot-125x125.png","contentUrl":"https:\/\/portaltela.pt\/s.01k8rhncp4jt1\/2025\/11\/talking-bot-125x125.png","caption":"Telinha"},"sameAs":["https:\/\/portaltela.pt\/"],"url":"https:\/\/portaltela.pt\/por\/367410592786\/"}]}},"_links":{"self":[{"href":"https:\/\/portaltela.pt\/api\/wp\/v2\/posts\/434941","targetHints":{"allow":["GET"]}}],"collection":[{"href":"https:\/\/portaltela.pt\/api\/wp\/v2\/posts"}],"about":[{"href":"https:\/\/portaltela.pt\/api\/wp\/v2\/types\/post"}],"author":[{"embeddable":true,"href":"https:\/\/portaltela.pt\/api\/wp\/v2\/users\/2"}],"replies":[{"embeddable":true,"href":"https:\/\/portaltela.pt\/api\/wp\/v2\/comments?post=434941"}],"version-history":[{"count":0,"href":"https:\/\/portaltela.pt\/api\/wp\/v2\/posts\/434941\/revisions"}],"wp:featuredmedia":[{"embeddable":true,"href":"https:\/\/portaltela.pt\/api\/wp\/v2\/media\/434942"}],"wp:attachment":[{"href":"https:\/\/portaltela.pt\/api\/wp\/v2\/media?parent=434941"}],"wp:term":[{"taxonomy":"category","embeddable":true,"href":"https:\/\/portaltela.pt\/api\/wp\/v2\/categories?post=434941"},{"taxonomy":"post_tag","embeddable":true,"href":"https:\/\/portaltela.pt\/api\/wp\/v2\/tags?post=434941"}],"curies":[{"name":"wp","href":"https:\/\/api.w.org\/{rel}","templated":true}]}}