{"id":434933,"date":"2026-04-07T04:17:09","date_gmt":"2026-04-07T07:17:09","guid":{"rendered":"https:\/\/portaltela.pt\/noticias\/2026\/04\/07\/pequim-e-kiev-acordam-requisitos-para-exportacao-de-farinha-de-trigo-a-china\/"},"modified":"2026-04-07T04:17:09","modified_gmt":"2026-04-07T07:17:09","slug":"pequim-e-kiev-acordam-requisitos-para-exportacao-de-farinha-de-trigo-a-china","status":"publish","type":"post","link":"https:\/\/portaltela.pt\/noticias\/economia\/2026\/04\/07\/pequim-e-kiev-acordam-requisitos-para-exportacao-de-farinha-de-trigo-a-china\/","title":{"rendered":"Pequim e Kiev acordam requisitos para exporta\u00e7\u00e3o de farinha de trigo \u00e0 China"},"content":{"rendered":"<p>O protocolo sobre requisitos sanit\u00e1rios, de inspe\u00e7\u00e3o e de quarentena para a exporta\u00e7\u00e3o de farinha de trigo ucraniana para a China foi assinado nesta segunda-feira. O acordo visa fortalecer a coopera\u00e7\u00e3o agroalimentar entre Pequim e Kiev.<\/p>\n<p>O acordo foi assinado pelo embaixador da China na Ucr\u00e2nia, Ma Shengkun, e pelo chefe do Servi\u00e7o Estatal da Ucr\u00e2nia para a Seguran\u00e7a Alimentar e Prote\u00e7\u00e3o do Consumidor, Serhii Tkachuk. A not\u00edcia foi divulgada pela embaixada chinesa em Kiev via WeChat.<\/p>\n<p>Ma Shengkun enalteceu a coopera\u00e7\u00e3o agr\u00edcola entre os dois pa\u00edses, afirmando que o protocolo amplia a coopera\u00e7\u00e3o comercial em produtos agr\u00edcolas e fortalece a parceria estrat\u00e9gica. A China v\u00ea na Ucr\u00e2nia um parceiro com forte complementaridade.<\/p>\n<p>A reuni\u00e3o contou com a participa\u00e7\u00e3o da vice-ministra ucraniana da Economia, Ambiente e Agricultura, Iryna Ovcharenko. Ela destacou que a China \u00e9 o principal destino para as exporta\u00e7\u00f5es agr\u00edcolas da Ucr\u00e2nia e manifestou confian\u00e7a num crescimento do com\u00e9rcio bilateral.<\/p>\n<p>Ovcharenko afirmou que Kiev pretende ampliar a variedade de produtos exportados para a China. A Ucr\u00e2nia \u00e9 uma das principais exportadoras agr\u00edcolas mundiais, enquanto a China representa um grande mercado com desafios de produ\u00e7\u00e3o interna.<\/p>\n<p>O acordo surge num contexto de coopera\u00e7\u00e3o entre os dois pa\u00edses, com a China destacando a import\u00e2ncia de refor\u00e7ar a seguran\u00e7a alimentar para a popula\u00e7\u00e3o. As partes mant\u00eam o foco na expans\u00e3o de rela\u00e7\u00f5es comerciais em setores agroalimentares.<\/p>\n","protected":false},"excerpt":{"rendered":"<ul>\n<li>China e Ucr\u00e2nia assinaram, na segunda-feira, um protocolo sobre requisitos sanit\u00e1rios, de inspe\u00e7\u00e3o e de quarentena para exporta\u00e7\u00e3o de farinha de trigo ucraniana para o mercado chin\u00eas.<\/li>\n<li>O acordo foi assinado pelo embaixador chin\u00eas na Ucr\u00e2nia, Ma Shengkun, e pelo chefe do Servi\u00e7o Estatal da Ucr\u00e2nia para a Seguran\u00e7a Alimentar e Prote\u00e7\u00e3o do Consumidor, Serhii Tkachuk.<\/li>\n<li>A embaixada chinesa afirmou que a assinatura vai ampliar a coopera\u00e7\u00e3o agr\u00edcola e enriquecer a parceria estrat\u00e9gica entre os dois pa\u00edses.<\/li>\n<li>A vice-ministra ucraniana da Economia, Ambiente e Agricultura, Iryna Ovcharenko, disse que a China \u00e9 o principal parceiro comercial da Ucr\u00e2nia e que o protocolo pode impulsionar o com\u00e9rcio agr\u00edcola bilateral.<\/li>\n<li>Kiev pretende ampliar a variedade de produtos exportados para a China, numa altura em que a Ucr\u00e2nia \u00e9 um dos principais exportadores agr\u00edcolas mundiais.<\/li>\n<\/ul>\n","protected":false},"author":2,"featured_media":434935,"comment_status":"closed","ping_status":"closed","sticky":false,"template":"","format":"standard","meta":{"footnotes":""},"categories":[2,6912],"tags":[4914,5913,3368,2541,3892,2134],"class_list":["post-434933","post","type-post","status-publish","format-standard","has-post-thumbnail","hentry","category-economia","category-internacionais","tag-a-agricultura","tag-a-china","tag-comercio-internacional","tag-exportacoes","tag-exportacoes-internacionais","tag-ucrania"],"yoast_head":"<!-- This site is optimized with the Yoast SEO plugin v27.2 - https:\/\/yoast.com\/product\/yoast-seo-wordpress\/ -->\n<title>Pequim e Kiev acordam requisitos para exporta\u00e7\u00e3o de farinha de trigo \u00e0 China - Portal Tela Portugal<\/title>\n<meta name=\"robots\" content=\"index, follow, max-snippet:-1, max-image-preview:large, max-video-preview:-1\" \/>\n<meta property=\"og:locale\" content=\"pt_PT\" \/>\n<meta property=\"og:type\" content=\"article\" \/>\n<meta property=\"og:title\" content=\"Pequim e Kiev acordam requisitos para exporta\u00e7\u00e3o de farinha de trigo \u00e0 China - Portal Tela Portugal\" \/>\n<meta property=\"og:description\" content=\"China e Ucr\u00e2nia assinaram, na segunda-feira, um protocolo sobre requisitos sanit\u00e1rios, de inspe\u00e7\u00e3o e de quarentena para exporta\u00e7\u00e3o de farinha de trigo ucraniana para o mercado chin\u00eas. O acordo foi assinado pelo embaixador chin\u00eas na Ucr\u00e2nia, Ma Shengkun, e pelo chefe do Servi\u00e7o Estatal da Ucr\u00e2nia para a Seguran\u00e7a Alimentar e Prote\u00e7\u00e3o do Consumidor, Serhii Tkachuk. A embaixada chinesa afirmou que a assinatura vai ampliar a coopera\u00e7\u00e3o agr\u00edcola e enriquecer a parceria estrat\u00e9gica entre os dois pa\u00edses. A vice-ministra ucraniana da Economia, Ambiente e Agricultura, Iryna Ovcharenko, disse que a China \u00e9 o principal parceiro comercial da Ucr\u00e2nia e que o protocolo pode impulsionar o com\u00e9rcio agr\u00edcola bilateral. Kiev pretende ampliar a variedade de produtos exportados para a China, numa altura em que a Ucr\u00e2nia \u00e9 um dos principais exportadores agr\u00edcolas mundiais.\" \/>\n<meta property=\"og:url\" content=\"https:\/\/portaltela.pt\/noticias\/2026\/04\/07\/pequim-e-kiev-acordam-requisitos-para-exportacao-de-farinha-de-trigo-a-china\/\" \/>\n<meta property=\"og:site_name\" content=\"Portal Tela Portugal\" \/>\n<meta property=\"article:published_time\" content=\"2026-04-07T07:17:09+00:00\" \/>\n<meta name=\"author\" content=\"Telinha\" \/>\n<meta name=\"twitter:card\" content=\"summary_large_image\" \/>\n<meta name=\"twitter:label1\" content=\"Escrito por\" \/>\n\t<meta name=\"twitter:data1\" content=\"Telinha\" \/>\n\t<meta name=\"twitter:label2\" content=\"Tempo estimado de leitura\" \/>\n\t<meta name=\"twitter:data2\" content=\"1 minuto\" \/>\n<script type=\"application\/ld+json\" class=\"yoast-schema-graph\">{\"@context\":\"https:\/\/schema.org\",\"@graph\":[{\"@type\":\"Article\",\"@id\":\"https:\/\/portaltela.pt\/noticias\/2026\/04\/07\/pequim-e-kiev-acordam-requisitos-para-exportacao-de-farinha-de-trigo-a-china\/#article\",\"isPartOf\":{\"@id\":\"https:\/\/portaltela.pt\/noticias\/2026\/04\/07\/pequim-e-kiev-acordam-requisitos-para-exportacao-de-farinha-de-trigo-a-china\/\"},\"author\":{\"name\":\"Telinha\",\"@id\":\"https:\/\/portaltela.pt\/#\/schema\/person\/c4278d4a6028830caff9ee44b42d32ed\"},\"headline\":\"Pequim e Kiev acordam requisitos para exporta\u00e7\u00e3o de farinha de trigo \u00e0 China\",\"datePublished\":\"2026-04-07T07:17:09+00:00\",\"mainEntityOfPage\":{\"@id\":\"https:\/\/portaltela.pt\/noticias\/2026\/04\/07\/pequim-e-kiev-acordam-requisitos-para-exportacao-de-farinha-de-trigo-a-china\/\"},\"wordCount\":272,\"image\":{\"@id\":\"https:\/\/portaltela.pt\/noticias\/2026\/04\/07\/pequim-e-kiev-acordam-requisitos-para-exportacao-de-farinha-de-trigo-a-china\/#primaryimage\"},\"thumbnailUrl\":\"https:\/\/portaltela.pt\/s.01k8rhncp4jt1\/2026\/04\/img_1500x1000uu2022-10-24-01-06-52-1194379.jpg\",\"keywords\":[\"A agricultura\",\"a china\",\"com\u00e9rcio internacional\",\"exporta\u00e7\u00f5es\",\"exporta\u00e7\u00f5es internacionais\",\"Ucr\u00e2nia\"],\"articleSection\":[\"Economia\",\"Internacionais\"],\"inLanguage\":\"pt-PT\"},{\"@type\":\"WebPage\",\"@id\":\"https:\/\/portaltela.pt\/noticias\/2026\/04\/07\/pequim-e-kiev-acordam-requisitos-para-exportacao-de-farinha-de-trigo-a-china\/\",\"url\":\"https:\/\/portaltela.pt\/noticias\/2026\/04\/07\/pequim-e-kiev-acordam-requisitos-para-exportacao-de-farinha-de-trigo-a-china\/\",\"name\":\"Pequim e Kiev acordam requisitos para exporta\u00e7\u00e3o de farinha de trigo \u00e0 China - Portal Tela Portugal\",\"isPartOf\":{\"@id\":\"https:\/\/portaltela.pt\/#website\"},\"primaryImageOfPage\":{\"@id\":\"https:\/\/portaltela.pt\/noticias\/2026\/04\/07\/pequim-e-kiev-acordam-requisitos-para-exportacao-de-farinha-de-trigo-a-china\/#primaryimage\"},\"image\":{\"@id\":\"https:\/\/portaltela.pt\/noticias\/2026\/04\/07\/pequim-e-kiev-acordam-requisitos-para-exportacao-de-farinha-de-trigo-a-china\/#primaryimage\"},\"thumbnailUrl\":\"https:\/\/portaltela.pt\/s.01k8rhncp4jt1\/2026\/04\/img_1500x1000uu2022-10-24-01-06-52-1194379.jpg\",\"datePublished\":\"2026-04-07T07:17:09+00:00\",\"author\":{\"@id\":\"https:\/\/portaltela.pt\/#\/schema\/person\/c4278d4a6028830caff9ee44b42d32ed\"},\"breadcrumb\":{\"@id\":\"https:\/\/portaltela.pt\/noticias\/2026\/04\/07\/pequim-e-kiev-acordam-requisitos-para-exportacao-de-farinha-de-trigo-a-china\/#breadcrumb\"},\"inLanguage\":\"pt-PT\",\"potentialAction\":[{\"@type\":\"ReadAction\",\"target\":[\"https:\/\/portaltela.pt\/noticias\/2026\/04\/07\/pequim-e-kiev-acordam-requisitos-para-exportacao-de-farinha-de-trigo-a-china\/\"]}]},{\"@type\":\"ImageObject\",\"inLanguage\":\"pt-PT\",\"@id\":\"https:\/\/portaltela.pt\/noticias\/2026\/04\/07\/pequim-e-kiev-acordam-requisitos-para-exportacao-de-farinha-de-trigo-a-china\/#primaryimage\",\"url\":\"https:\/\/portaltela.pt\/s.01k8rhncp4jt1\/2026\/04\/img_1500x1000uu2022-10-24-01-06-52-1194379.jpg\",\"contentUrl\":\"https:\/\/portaltela.pt\/s.01k8rhncp4jt1\/2026\/04\/img_1500x1000uu2022-10-24-01-06-52-1194379.jpg\",\"width\":796,\"height\":448,\"caption\":\"Xi Jinping\"},{\"@type\":\"BreadcrumbList\",\"@id\":\"https:\/\/portaltela.pt\/noticias\/2026\/04\/07\/pequim-e-kiev-acordam-requisitos-para-exportacao-de-farinha-de-trigo-a-china\/#breadcrumb\",\"itemListElement\":[{\"@type\":\"ListItem\",\"position\":1,\"name\":\"In\u00edcio\",\"item\":\"https:\/\/portaltela.pt\/\"},{\"@type\":\"ListItem\",\"position\":2,\"name\":\"Pequim e Kiev acordam requisitos para exporta\u00e7\u00e3o de farinha de trigo \u00e0 China\"}]},{\"@type\":\"WebSite\",\"@id\":\"https:\/\/portaltela.pt\/#website\",\"url\":\"https:\/\/portaltela.pt\/\",\"name\":\"Portal Tela Portugal\",\"description\":\"\",\"potentialAction\":[{\"@type\":\"SearchAction\",\"target\":{\"@type\":\"EntryPoint\",\"urlTemplate\":\"https:\/\/portaltela.pt\/?s={search_term_string}\"},\"query-input\":{\"@type\":\"PropertyValueSpecification\",\"valueRequired\":true,\"valueName\":\"search_term_string\"}}],\"inLanguage\":\"pt-PT\"},{\"@type\":\"Person\",\"@id\":\"https:\/\/portaltela.pt\/#\/schema\/person\/c4278d4a6028830caff9ee44b42d32ed\",\"name\":\"Telinha\",\"image\":{\"@type\":\"ImageObject\",\"inLanguage\":\"pt-PT\",\"@id\":\"https:\/\/portaltela.pt\/s.01k8rhncp4jt1\/2025\/11\/talking-bot-125x125.png\",\"url\":\"https:\/\/portaltela.pt\/s.01k8rhncp4jt1\/2025\/11\/talking-bot-125x125.png\",\"contentUrl\":\"https:\/\/portaltela.pt\/s.01k8rhncp4jt1\/2025\/11\/talking-bot-125x125.png\",\"caption\":\"Telinha\"},\"sameAs\":[\"https:\/\/portaltela.pt\/\"],\"url\":\"https:\/\/portaltela.pt\/por\/367410592786\/\"}]}<\/script>\n<!-- \/ Yoast SEO plugin. -->","yoast_head_json":{"title":"Pequim e Kiev acordam requisitos para exporta\u00e7\u00e3o de farinha de trigo \u00e0 China - Portal Tela Portugal","robots":{"index":"index","follow":"follow","max-snippet":"max-snippet:-1","max-image-preview":"max-image-preview:large","max-video-preview":"max-video-preview:-1"},"og_locale":"pt_PT","og_type":"article","og_title":"Pequim e Kiev acordam requisitos para exporta\u00e7\u00e3o de farinha de trigo \u00e0 China - Portal Tela Portugal","og_description":"China e Ucr\u00e2nia assinaram, na segunda-feira, um protocolo sobre requisitos sanit\u00e1rios, de inspe\u00e7\u00e3o e de quarentena para exporta\u00e7\u00e3o de farinha de trigo ucraniana para o mercado chin\u00eas. O acordo foi assinado pelo embaixador chin\u00eas na Ucr\u00e2nia, Ma Shengkun, e pelo chefe do Servi\u00e7o Estatal da Ucr\u00e2nia para a Seguran\u00e7a Alimentar e Prote\u00e7\u00e3o do Consumidor, Serhii Tkachuk. A embaixada chinesa afirmou que a assinatura vai ampliar a coopera\u00e7\u00e3o agr\u00edcola e enriquecer a parceria estrat\u00e9gica entre os dois pa\u00edses. A vice-ministra ucraniana da Economia, Ambiente e Agricultura, Iryna Ovcharenko, disse que a China \u00e9 o principal parceiro comercial da Ucr\u00e2nia e que o protocolo pode impulsionar o com\u00e9rcio agr\u00edcola bilateral. Kiev pretende ampliar a variedade de produtos exportados para a China, numa altura em que a Ucr\u00e2nia \u00e9 um dos principais exportadores agr\u00edcolas mundiais.","og_url":"https:\/\/portaltela.pt\/noticias\/2026\/04\/07\/pequim-e-kiev-acordam-requisitos-para-exportacao-de-farinha-de-trigo-a-china\/","og_site_name":"Portal Tela Portugal","article_published_time":"2026-04-07T07:17:09+00:00","author":"Telinha","twitter_card":"summary_large_image","twitter_misc":{"Escrito por":"Telinha","Tempo estimado de leitura":"1 minuto"},"schema":{"@context":"https:\/\/schema.org","@graph":[{"@type":"Article","@id":"https:\/\/portaltela.pt\/noticias\/2026\/04\/07\/pequim-e-kiev-acordam-requisitos-para-exportacao-de-farinha-de-trigo-a-china\/#article","isPartOf":{"@id":"https:\/\/portaltela.pt\/noticias\/2026\/04\/07\/pequim-e-kiev-acordam-requisitos-para-exportacao-de-farinha-de-trigo-a-china\/"},"author":{"name":"Telinha","@id":"https:\/\/portaltela.pt\/#\/schema\/person\/c4278d4a6028830caff9ee44b42d32ed"},"headline":"Pequim e Kiev acordam requisitos para exporta\u00e7\u00e3o de farinha de trigo \u00e0 China","datePublished":"2026-04-07T07:17:09+00:00","mainEntityOfPage":{"@id":"https:\/\/portaltela.pt\/noticias\/2026\/04\/07\/pequim-e-kiev-acordam-requisitos-para-exportacao-de-farinha-de-trigo-a-china\/"},"wordCount":272,"image":{"@id":"https:\/\/portaltela.pt\/noticias\/2026\/04\/07\/pequim-e-kiev-acordam-requisitos-para-exportacao-de-farinha-de-trigo-a-china\/#primaryimage"},"thumbnailUrl":"https:\/\/portaltela.pt\/s.01k8rhncp4jt1\/2026\/04\/img_1500x1000uu2022-10-24-01-06-52-1194379.jpg","keywords":["A agricultura","a china","com\u00e9rcio internacional","exporta\u00e7\u00f5es","exporta\u00e7\u00f5es internacionais","Ucr\u00e2nia"],"articleSection":["Economia","Internacionais"],"inLanguage":"pt-PT"},{"@type":"WebPage","@id":"https:\/\/portaltela.pt\/noticias\/2026\/04\/07\/pequim-e-kiev-acordam-requisitos-para-exportacao-de-farinha-de-trigo-a-china\/","url":"https:\/\/portaltela.pt\/noticias\/2026\/04\/07\/pequim-e-kiev-acordam-requisitos-para-exportacao-de-farinha-de-trigo-a-china\/","name":"Pequim e Kiev acordam requisitos para exporta\u00e7\u00e3o de farinha de trigo \u00e0 China - Portal Tela Portugal","isPartOf":{"@id":"https:\/\/portaltela.pt\/#website"},"primaryImageOfPage":{"@id":"https:\/\/portaltela.pt\/noticias\/2026\/04\/07\/pequim-e-kiev-acordam-requisitos-para-exportacao-de-farinha-de-trigo-a-china\/#primaryimage"},"image":{"@id":"https:\/\/portaltela.pt\/noticias\/2026\/04\/07\/pequim-e-kiev-acordam-requisitos-para-exportacao-de-farinha-de-trigo-a-china\/#primaryimage"},"thumbnailUrl":"https:\/\/portaltela.pt\/s.01k8rhncp4jt1\/2026\/04\/img_1500x1000uu2022-10-24-01-06-52-1194379.jpg","datePublished":"2026-04-07T07:17:09+00:00","author":{"@id":"https:\/\/portaltela.pt\/#\/schema\/person\/c4278d4a6028830caff9ee44b42d32ed"},"breadcrumb":{"@id":"https:\/\/portaltela.pt\/noticias\/2026\/04\/07\/pequim-e-kiev-acordam-requisitos-para-exportacao-de-farinha-de-trigo-a-china\/#breadcrumb"},"inLanguage":"pt-PT","potentialAction":[{"@type":"ReadAction","target":["https:\/\/portaltela.pt\/noticias\/2026\/04\/07\/pequim-e-kiev-acordam-requisitos-para-exportacao-de-farinha-de-trigo-a-china\/"]}]},{"@type":"ImageObject","inLanguage":"pt-PT","@id":"https:\/\/portaltela.pt\/noticias\/2026\/04\/07\/pequim-e-kiev-acordam-requisitos-para-exportacao-de-farinha-de-trigo-a-china\/#primaryimage","url":"https:\/\/portaltela.pt\/s.01k8rhncp4jt1\/2026\/04\/img_1500x1000uu2022-10-24-01-06-52-1194379.jpg","contentUrl":"https:\/\/portaltela.pt\/s.01k8rhncp4jt1\/2026\/04\/img_1500x1000uu2022-10-24-01-06-52-1194379.jpg","width":796,"height":448,"caption":"Xi Jinping"},{"@type":"BreadcrumbList","@id":"https:\/\/portaltela.pt\/noticias\/2026\/04\/07\/pequim-e-kiev-acordam-requisitos-para-exportacao-de-farinha-de-trigo-a-china\/#breadcrumb","itemListElement":[{"@type":"ListItem","position":1,"name":"In\u00edcio","item":"https:\/\/portaltela.pt\/"},{"@type":"ListItem","position":2,"name":"Pequim e Kiev acordam requisitos para exporta\u00e7\u00e3o de farinha de trigo \u00e0 China"}]},{"@type":"WebSite","@id":"https:\/\/portaltela.pt\/#website","url":"https:\/\/portaltela.pt\/","name":"Portal Tela Portugal","description":"","potentialAction":[{"@type":"SearchAction","target":{"@type":"EntryPoint","urlTemplate":"https:\/\/portaltela.pt\/?s={search_term_string}"},"query-input":{"@type":"PropertyValueSpecification","valueRequired":true,"valueName":"search_term_string"}}],"inLanguage":"pt-PT"},{"@type":"Person","@id":"https:\/\/portaltela.pt\/#\/schema\/person\/c4278d4a6028830caff9ee44b42d32ed","name":"Telinha","image":{"@type":"ImageObject","inLanguage":"pt-PT","@id":"https:\/\/portaltela.pt\/s.01k8rhncp4jt1\/2025\/11\/talking-bot-125x125.png","url":"https:\/\/portaltela.pt\/s.01k8rhncp4jt1\/2025\/11\/talking-bot-125x125.png","contentUrl":"https:\/\/portaltela.pt\/s.01k8rhncp4jt1\/2025\/11\/talking-bot-125x125.png","caption":"Telinha"},"sameAs":["https:\/\/portaltela.pt\/"],"url":"https:\/\/portaltela.pt\/por\/367410592786\/"}]}},"_links":{"self":[{"href":"https:\/\/portaltela.pt\/api\/wp\/v2\/posts\/434933","targetHints":{"allow":["GET"]}}],"collection":[{"href":"https:\/\/portaltela.pt\/api\/wp\/v2\/posts"}],"about":[{"href":"https:\/\/portaltela.pt\/api\/wp\/v2\/types\/post"}],"author":[{"embeddable":true,"href":"https:\/\/portaltela.pt\/api\/wp\/v2\/users\/2"}],"replies":[{"embeddable":true,"href":"https:\/\/portaltela.pt\/api\/wp\/v2\/comments?post=434933"}],"version-history":[{"count":0,"href":"https:\/\/portaltela.pt\/api\/wp\/v2\/posts\/434933\/revisions"}],"wp:featuredmedia":[{"embeddable":true,"href":"https:\/\/portaltela.pt\/api\/wp\/v2\/media\/434935"}],"wp:attachment":[{"href":"https:\/\/portaltela.pt\/api\/wp\/v2\/media?parent=434933"}],"wp:term":[{"taxonomy":"category","embeddable":true,"href":"https:\/\/portaltela.pt\/api\/wp\/v2\/categories?post=434933"},{"taxonomy":"post_tag","embeddable":true,"href":"https:\/\/portaltela.pt\/api\/wp\/v2\/tags?post=434933"}],"curies":[{"name":"wp","href":"https:\/\/api.w.org\/{rel}","templated":true}]}}