{"id":434921,"date":"2026-04-07T03:47:16","date_gmt":"2026-04-07T06:47:16","guid":{"rendered":"https:\/\/portaltela.pt\/noticias\/2026\/04\/07\/nasa-restabelece-contacto-com-artemis-ii-trump-conversa-com-astronautas\/"},"modified":"2026-04-07T03:47:16","modified_gmt":"2026-04-07T06:47:16","slug":"nasa-restabelece-contacto-com-artemis-ii-trump-conversa-com-astronautas","status":"publish","type":"post","link":"https:\/\/portaltela.pt\/noticias\/politica\/2026\/04\/07\/nasa-restabelece-contacto-com-artemis-ii-trump-conversa-com-astronautas\/","title":{"rendered":"NASA restabelece contacto com Artemis II; Trump conversa com astronautas"},"content":{"rendered":"<p>A torre de controlo da NASA, em Houston, restabeleceu o contacto com a equipa da miss\u00e3o Artemis II depois de uma perda de comunica\u00e7\u00e3o prevista que durou cerca de 40 minutos. O incidente ocorreu durante a passagem pela face oculta da Lua, momento de maior dist\u00e2ncia \u00e0 Terra at\u00e9 \u00e0 data.<\/p>\n<p>A comunica\u00e7\u00e3o foi interrompida durante esse trecho da \u00f3rbita, mas o sinal foi recuperado sem regist Os controladores afirmam que a opera\u00e7\u00e3o decorreu dentro do previsto e que n\u00e3o foi necess\u00e1ria qualquer interven\u00e7\u00e3o externa.<\/p>\n<p>Entre os quatro membros da tripula\u00e7\u00e3o encontra-se a astronauta Christina Koch, que, momentos depois do restabelecimento, dirigiu uma mensagem marcada pela coopera\u00e7\u00e3o e pela prioridade dada ao planeta e \u00e0 equipa. A experi\u00eancia foi descrita como um momento de uni\u00e3o.<\/p>\n<p>Em comunicado informal,Donald Trump contactou os astronautas, segundo o The Journal, parabenizando-os por terem feito hist\u00f3ria e afirmando que a Am\u00e9rica est\u00e1 orgulhosa do feito. A comunica\u00e7\u00e3o com o presidente ocorreu pouco depois de o sinal ter regressado.<\/p>\n<p>N\u00e3o foram avan\u00e7ados detalhes sobre impactos no cronograma da miss\u00e3o nem sobre eventuais medidas de mitiga\u00e7\u00e3o. A NASA mant\u00e9m o foco no retorno seguro da equipa e na continuidade das opera\u00e7\u00f5es previstas para Artemis II.<\/p>\n","protected":false},"excerpt":{"rendered":"<ul>\n<li>A torre de controlo da NASA em Houston restabeleceu o contacto com os astronautas ap\u00f3s uma perda de comunica\u00e7\u00e3o de cerca de quarenta minutos durante a passagem pela face oculta da Lua, movimento que bateu um recorde de dist\u00e2ncia \u00e0 Terra.<\/li>\n<li>A falha foi prevista e, quando o sinal voltou, a tripula\u00e7\u00e3o afirmou: &#8220;Sempre escolheremos a Terra, sempre nos escolheremos uns aos outros&#8221;, disse Christina Koch.<\/li>\n<li>Christina Koch \u00e9 uma das quatro membros da miss\u00e3o Artemis II.<\/li>\n<li>Quando o contacto foi retomado, foi recebido um telefonema do presidente dos Estados Unidos, Donald Trump, que, segundo o The Journal, elogiou os astronautas por terem feito hist\u00f3ria e deixou a Am\u00e9rica orgulhosa.<\/li>\n<li>A informa\u00e7\u00e3o \u00e9 citada pelo The Journal.<\/li>\n<\/ul>\n","protected":false},"author":2,"featured_media":434923,"comment_status":"closed","ping_status":"closed","sticky":false,"template":"","format":"standard","meta":{"footnotes":""},"categories":[6912,5],"tags":[6231,6703,1600,6232,4366,5661],"class_list":["post-434921","post","type-post","status-publish","format-standard","has-post-thumbnail","hentry","category-internacionais","category-politica","tag-artemis","tag-diplomacia-internacional","tag-estados-unidos","tag-nasa","tag-personalidades-internacionais","tag-pessoas-publicas"],"yoast_head":"<!-- This site is optimized with the Yoast SEO plugin v27.2 - https:\/\/yoast.com\/product\/yoast-seo-wordpress\/ -->\n<title>NASA restabelece contacto com Artemis II; Trump conversa com astronautas - Portal Tela Portugal<\/title>\n<meta name=\"robots\" content=\"index, follow, max-snippet:-1, max-image-preview:large, max-video-preview:-1\" \/>\n<meta property=\"og:locale\" content=\"pt_PT\" \/>\n<meta property=\"og:type\" content=\"article\" \/>\n<meta property=\"og:title\" content=\"NASA restabelece contacto com Artemis II; Trump conversa com astronautas - Portal Tela Portugal\" \/>\n<meta property=\"og:description\" content=\"A torre de controlo da NASA em Houston restabeleceu o contacto com os astronautas ap\u00f3s uma perda de comunica\u00e7\u00e3o de cerca de quarenta minutos durante a passagem pela face oculta da Lua, movimento que bateu um recorde de dist\u00e2ncia \u00e0 Terra. A falha foi prevista e, quando o sinal voltou, a tripula\u00e7\u00e3o afirmou: &quot;Sempre escolheremos a Terra, sempre nos escolheremos uns aos outros&quot;, disse Christina Koch. Christina Koch \u00e9 uma das quatro membros da miss\u00e3o Artemis II. Quando o contacto foi retomado, foi recebido um telefonema do presidente dos Estados Unidos, Donald Trump, que, segundo o The Journal, elogiou os astronautas por terem feito hist\u00f3ria e deixou a Am\u00e9rica orgulhosa. A informa\u00e7\u00e3o \u00e9 citada pelo The Journal.\" \/>\n<meta property=\"og:url\" content=\"https:\/\/portaltela.pt\/noticias\/2026\/04\/07\/nasa-restabelece-contacto-com-artemis-ii-trump-conversa-com-astronautas\/\" \/>\n<meta property=\"og:site_name\" content=\"Portal Tela Portugal\" \/>\n<meta property=\"article:published_time\" content=\"2026-04-07T06:47:16+00:00\" \/>\n<meta name=\"author\" content=\"Telinha\" \/>\n<meta name=\"twitter:card\" content=\"summary_large_image\" \/>\n<meta name=\"twitter:label1\" content=\"Escrito por\" \/>\n\t<meta name=\"twitter:data1\" content=\"Telinha\" \/>\n\t<meta name=\"twitter:label2\" content=\"Tempo estimado de leitura\" \/>\n\t<meta name=\"twitter:data2\" content=\"1 minuto\" \/>\n<script type=\"application\/ld+json\" class=\"yoast-schema-graph\">{\"@context\":\"https:\/\/schema.org\",\"@graph\":[{\"@type\":\"Article\",\"@id\":\"https:\/\/portaltela.pt\/noticias\/2026\/04\/07\/nasa-restabelece-contacto-com-artemis-ii-trump-conversa-com-astronautas\/#article\",\"isPartOf\":{\"@id\":\"https:\/\/portaltela.pt\/noticias\/2026\/04\/07\/nasa-restabelece-contacto-com-artemis-ii-trump-conversa-com-astronautas\/\"},\"author\":{\"name\":\"Telinha\",\"@id\":\"https:\/\/portaltela.pt\/#\/schema\/person\/c4278d4a6028830caff9ee44b42d32ed\"},\"headline\":\"NASA restabelece contacto com Artemis II; Trump conversa com astronautas\",\"datePublished\":\"2026-04-07T06:47:16+00:00\",\"mainEntityOfPage\":{\"@id\":\"https:\/\/portaltela.pt\/noticias\/2026\/04\/07\/nasa-restabelece-contacto-com-artemis-ii-trump-conversa-com-astronautas\/\"},\"wordCount\":226,\"image\":{\"@id\":\"https:\/\/portaltela.pt\/noticias\/2026\/04\/07\/nasa-restabelece-contacto-com-artemis-ii-trump-conversa-com-astronautas\/#primaryimage\"},\"thumbnailUrl\":\"https:\/\/portaltela.pt\/s.01k8rhncp4jt1\/2026\/04\/img_920x518uu2026-04-07-07-33-28-2431527.jpg\",\"keywords\":[\"Artemis\",\"diplomacia internacional\",\"Estados Unidos\",\"NASA\",\"personalidades internacionais\",\"pessoas p\u00fablicas\"],\"articleSection\":[\"Internacionais\",\"Pol\u00edtica\"],\"inLanguage\":\"pt-PT\"},{\"@type\":\"WebPage\",\"@id\":\"https:\/\/portaltela.pt\/noticias\/2026\/04\/07\/nasa-restabelece-contacto-com-artemis-ii-trump-conversa-com-astronautas\/\",\"url\":\"https:\/\/portaltela.pt\/noticias\/2026\/04\/07\/nasa-restabelece-contacto-com-artemis-ii-trump-conversa-com-astronautas\/\",\"name\":\"NASA restabelece contacto com Artemis II; Trump conversa com astronautas - Portal Tela Portugal\",\"isPartOf\":{\"@id\":\"https:\/\/portaltela.pt\/#website\"},\"primaryImageOfPage\":{\"@id\":\"https:\/\/portaltela.pt\/noticias\/2026\/04\/07\/nasa-restabelece-contacto-com-artemis-ii-trump-conversa-com-astronautas\/#primaryimage\"},\"image\":{\"@id\":\"https:\/\/portaltela.pt\/noticias\/2026\/04\/07\/nasa-restabelece-contacto-com-artemis-ii-trump-conversa-com-astronautas\/#primaryimage\"},\"thumbnailUrl\":\"https:\/\/portaltela.pt\/s.01k8rhncp4jt1\/2026\/04\/img_920x518uu2026-04-07-07-33-28-2431527.jpg\",\"datePublished\":\"2026-04-07T06:47:16+00:00\",\"author\":{\"@id\":\"https:\/\/portaltela.pt\/#\/schema\/person\/c4278d4a6028830caff9ee44b42d32ed\"},\"breadcrumb\":{\"@id\":\"https:\/\/portaltela.pt\/noticias\/2026\/04\/07\/nasa-restabelece-contacto-com-artemis-ii-trump-conversa-com-astronautas\/#breadcrumb\"},\"inLanguage\":\"pt-PT\",\"potentialAction\":[{\"@type\":\"ReadAction\",\"target\":[\"https:\/\/portaltela.pt\/noticias\/2026\/04\/07\/nasa-restabelece-contacto-com-artemis-ii-trump-conversa-com-astronautas\/\"]}]},{\"@type\":\"ImageObject\",\"inLanguage\":\"pt-PT\",\"@id\":\"https:\/\/portaltela.pt\/noticias\/2026\/04\/07\/nasa-restabelece-contacto-com-artemis-ii-trump-conversa-com-astronautas\/#primaryimage\",\"url\":\"https:\/\/portaltela.pt\/s.01k8rhncp4jt1\/2026\/04\/img_920x518uu2026-04-07-07-33-28-2431527.jpg\",\"contentUrl\":\"https:\/\/portaltela.pt\/s.01k8rhncp4jt1\/2026\/04\/img_920x518uu2026-04-07-07-33-28-2431527.jpg\",\"width\":796,\"height\":448,\"caption\":\"Artemis II\"},{\"@type\":\"BreadcrumbList\",\"@id\":\"https:\/\/portaltela.pt\/noticias\/2026\/04\/07\/nasa-restabelece-contacto-com-artemis-ii-trump-conversa-com-astronautas\/#breadcrumb\",\"itemListElement\":[{\"@type\":\"ListItem\",\"position\":1,\"name\":\"In\u00edcio\",\"item\":\"https:\/\/portaltela.pt\/\"},{\"@type\":\"ListItem\",\"position\":2,\"name\":\"NASA restabelece contacto com Artemis II; Trump conversa com astronautas\"}]},{\"@type\":\"WebSite\",\"@id\":\"https:\/\/portaltela.pt\/#website\",\"url\":\"https:\/\/portaltela.pt\/\",\"name\":\"Portal Tela Portugal\",\"description\":\"\",\"potentialAction\":[{\"@type\":\"SearchAction\",\"target\":{\"@type\":\"EntryPoint\",\"urlTemplate\":\"https:\/\/portaltela.pt\/?s={search_term_string}\"},\"query-input\":{\"@type\":\"PropertyValueSpecification\",\"valueRequired\":true,\"valueName\":\"search_term_string\"}}],\"inLanguage\":\"pt-PT\"},{\"@type\":\"Person\",\"@id\":\"https:\/\/portaltela.pt\/#\/schema\/person\/c4278d4a6028830caff9ee44b42d32ed\",\"name\":\"Telinha\",\"image\":{\"@type\":\"ImageObject\",\"inLanguage\":\"pt-PT\",\"@id\":\"https:\/\/portaltela.pt\/s.01k8rhncp4jt1\/2025\/11\/talking-bot-125x125.png\",\"url\":\"https:\/\/portaltela.pt\/s.01k8rhncp4jt1\/2025\/11\/talking-bot-125x125.png\",\"contentUrl\":\"https:\/\/portaltela.pt\/s.01k8rhncp4jt1\/2025\/11\/talking-bot-125x125.png\",\"caption\":\"Telinha\"},\"sameAs\":[\"https:\/\/portaltela.pt\/\"],\"url\":\"https:\/\/portaltela.pt\/por\/367410592786\/\"}]}<\/script>\n<!-- \/ Yoast SEO plugin. -->","yoast_head_json":{"title":"NASA restabelece contacto com Artemis II; Trump conversa com astronautas - Portal Tela Portugal","robots":{"index":"index","follow":"follow","max-snippet":"max-snippet:-1","max-image-preview":"max-image-preview:large","max-video-preview":"max-video-preview:-1"},"og_locale":"pt_PT","og_type":"article","og_title":"NASA restabelece contacto com Artemis II; Trump conversa com astronautas - Portal Tela Portugal","og_description":"A torre de controlo da NASA em Houston restabeleceu o contacto com os astronautas ap\u00f3s uma perda de comunica\u00e7\u00e3o de cerca de quarenta minutos durante a passagem pela face oculta da Lua, movimento que bateu um recorde de dist\u00e2ncia \u00e0 Terra. A falha foi prevista e, quando o sinal voltou, a tripula\u00e7\u00e3o afirmou: \"Sempre escolheremos a Terra, sempre nos escolheremos uns aos outros\", disse Christina Koch. Christina Koch \u00e9 uma das quatro membros da miss\u00e3o Artemis II. Quando o contacto foi retomado, foi recebido um telefonema do presidente dos Estados Unidos, Donald Trump, que, segundo o The Journal, elogiou os astronautas por terem feito hist\u00f3ria e deixou a Am\u00e9rica orgulhosa. A informa\u00e7\u00e3o \u00e9 citada pelo The Journal.","og_url":"https:\/\/portaltela.pt\/noticias\/2026\/04\/07\/nasa-restabelece-contacto-com-artemis-ii-trump-conversa-com-astronautas\/","og_site_name":"Portal Tela Portugal","article_published_time":"2026-04-07T06:47:16+00:00","author":"Telinha","twitter_card":"summary_large_image","twitter_misc":{"Escrito por":"Telinha","Tempo estimado de leitura":"1 minuto"},"schema":{"@context":"https:\/\/schema.org","@graph":[{"@type":"Article","@id":"https:\/\/portaltela.pt\/noticias\/2026\/04\/07\/nasa-restabelece-contacto-com-artemis-ii-trump-conversa-com-astronautas\/#article","isPartOf":{"@id":"https:\/\/portaltela.pt\/noticias\/2026\/04\/07\/nasa-restabelece-contacto-com-artemis-ii-trump-conversa-com-astronautas\/"},"author":{"name":"Telinha","@id":"https:\/\/portaltela.pt\/#\/schema\/person\/c4278d4a6028830caff9ee44b42d32ed"},"headline":"NASA restabelece contacto com Artemis II; Trump conversa com astronautas","datePublished":"2026-04-07T06:47:16+00:00","mainEntityOfPage":{"@id":"https:\/\/portaltela.pt\/noticias\/2026\/04\/07\/nasa-restabelece-contacto-com-artemis-ii-trump-conversa-com-astronautas\/"},"wordCount":226,"image":{"@id":"https:\/\/portaltela.pt\/noticias\/2026\/04\/07\/nasa-restabelece-contacto-com-artemis-ii-trump-conversa-com-astronautas\/#primaryimage"},"thumbnailUrl":"https:\/\/portaltela.pt\/s.01k8rhncp4jt1\/2026\/04\/img_920x518uu2026-04-07-07-33-28-2431527.jpg","keywords":["Artemis","diplomacia internacional","Estados Unidos","NASA","personalidades internacionais","pessoas p\u00fablicas"],"articleSection":["Internacionais","Pol\u00edtica"],"inLanguage":"pt-PT"},{"@type":"WebPage","@id":"https:\/\/portaltela.pt\/noticias\/2026\/04\/07\/nasa-restabelece-contacto-com-artemis-ii-trump-conversa-com-astronautas\/","url":"https:\/\/portaltela.pt\/noticias\/2026\/04\/07\/nasa-restabelece-contacto-com-artemis-ii-trump-conversa-com-astronautas\/","name":"NASA restabelece contacto com Artemis II; Trump conversa com astronautas - Portal Tela Portugal","isPartOf":{"@id":"https:\/\/portaltela.pt\/#website"},"primaryImageOfPage":{"@id":"https:\/\/portaltela.pt\/noticias\/2026\/04\/07\/nasa-restabelece-contacto-com-artemis-ii-trump-conversa-com-astronautas\/#primaryimage"},"image":{"@id":"https:\/\/portaltela.pt\/noticias\/2026\/04\/07\/nasa-restabelece-contacto-com-artemis-ii-trump-conversa-com-astronautas\/#primaryimage"},"thumbnailUrl":"https:\/\/portaltela.pt\/s.01k8rhncp4jt1\/2026\/04\/img_920x518uu2026-04-07-07-33-28-2431527.jpg","datePublished":"2026-04-07T06:47:16+00:00","author":{"@id":"https:\/\/portaltela.pt\/#\/schema\/person\/c4278d4a6028830caff9ee44b42d32ed"},"breadcrumb":{"@id":"https:\/\/portaltela.pt\/noticias\/2026\/04\/07\/nasa-restabelece-contacto-com-artemis-ii-trump-conversa-com-astronautas\/#breadcrumb"},"inLanguage":"pt-PT","potentialAction":[{"@type":"ReadAction","target":["https:\/\/portaltela.pt\/noticias\/2026\/04\/07\/nasa-restabelece-contacto-com-artemis-ii-trump-conversa-com-astronautas\/"]}]},{"@type":"ImageObject","inLanguage":"pt-PT","@id":"https:\/\/portaltela.pt\/noticias\/2026\/04\/07\/nasa-restabelece-contacto-com-artemis-ii-trump-conversa-com-astronautas\/#primaryimage","url":"https:\/\/portaltela.pt\/s.01k8rhncp4jt1\/2026\/04\/img_920x518uu2026-04-07-07-33-28-2431527.jpg","contentUrl":"https:\/\/portaltela.pt\/s.01k8rhncp4jt1\/2026\/04\/img_920x518uu2026-04-07-07-33-28-2431527.jpg","width":796,"height":448,"caption":"Artemis II"},{"@type":"BreadcrumbList","@id":"https:\/\/portaltela.pt\/noticias\/2026\/04\/07\/nasa-restabelece-contacto-com-artemis-ii-trump-conversa-com-astronautas\/#breadcrumb","itemListElement":[{"@type":"ListItem","position":1,"name":"In\u00edcio","item":"https:\/\/portaltela.pt\/"},{"@type":"ListItem","position":2,"name":"NASA restabelece contacto com Artemis II; Trump conversa com astronautas"}]},{"@type":"WebSite","@id":"https:\/\/portaltela.pt\/#website","url":"https:\/\/portaltela.pt\/","name":"Portal Tela Portugal","description":"","potentialAction":[{"@type":"SearchAction","target":{"@type":"EntryPoint","urlTemplate":"https:\/\/portaltela.pt\/?s={search_term_string}"},"query-input":{"@type":"PropertyValueSpecification","valueRequired":true,"valueName":"search_term_string"}}],"inLanguage":"pt-PT"},{"@type":"Person","@id":"https:\/\/portaltela.pt\/#\/schema\/person\/c4278d4a6028830caff9ee44b42d32ed","name":"Telinha","image":{"@type":"ImageObject","inLanguage":"pt-PT","@id":"https:\/\/portaltela.pt\/s.01k8rhncp4jt1\/2025\/11\/talking-bot-125x125.png","url":"https:\/\/portaltela.pt\/s.01k8rhncp4jt1\/2025\/11\/talking-bot-125x125.png","contentUrl":"https:\/\/portaltela.pt\/s.01k8rhncp4jt1\/2025\/11\/talking-bot-125x125.png","caption":"Telinha"},"sameAs":["https:\/\/portaltela.pt\/"],"url":"https:\/\/portaltela.pt\/por\/367410592786\/"}]}},"_links":{"self":[{"href":"https:\/\/portaltela.pt\/api\/wp\/v2\/posts\/434921","targetHints":{"allow":["GET"]}}],"collection":[{"href":"https:\/\/portaltela.pt\/api\/wp\/v2\/posts"}],"about":[{"href":"https:\/\/portaltela.pt\/api\/wp\/v2\/types\/post"}],"author":[{"embeddable":true,"href":"https:\/\/portaltela.pt\/api\/wp\/v2\/users\/2"}],"replies":[{"embeddable":true,"href":"https:\/\/portaltela.pt\/api\/wp\/v2\/comments?post=434921"}],"version-history":[{"count":0,"href":"https:\/\/portaltela.pt\/api\/wp\/v2\/posts\/434921\/revisions"}],"wp:featuredmedia":[{"embeddable":true,"href":"https:\/\/portaltela.pt\/api\/wp\/v2\/media\/434923"}],"wp:attachment":[{"href":"https:\/\/portaltela.pt\/api\/wp\/v2\/media?parent=434921"}],"wp:term":[{"taxonomy":"category","embeddable":true,"href":"https:\/\/portaltela.pt\/api\/wp\/v2\/categories?post=434921"},{"taxonomy":"post_tag","embeddable":true,"href":"https:\/\/portaltela.pt\/api\/wp\/v2\/tags?post=434921"}],"curies":[{"name":"wp","href":"https:\/\/api.w.org\/{rel}","templated":true}]}}