{"id":434914,"date":"2026-04-07T03:18:00","date_gmt":"2026-04-07T06:18:00","guid":{"rendered":"https:\/\/portaltela.pt\/noticias\/2026\/04\/07\/despesa-com-emprestimos-prr-ficou-abaixo-do-previsto-para-2025\/"},"modified":"2026-04-07T03:18:00","modified_gmt":"2026-04-07T06:18:00","slug":"despesa-com-emprestimos-prr-ficou-abaixo-do-previsto-para-2025","status":"publish","type":"post","link":"https:\/\/portaltela.pt\/noticias\/economia\/2026\/04\/07\/despesa-com-emprestimos-prr-ficou-abaixo-do-previsto-para-2025\/","title":{"rendered":"Despesa com empr\u00e9stimos PRR ficou abaixo do previsto para 2025"},"content":{"rendered":"<p>Em 2025, a despesa financiada por empr\u00e9stimos do PRR ficou abaixo do previsto pelo Governo, contribuindo para que o excedente or\u00e7amental fosse superior \u00e0s expectativas.<\/p>\n<p>A diferen\u00e7a foi de 0,1 pontos percentuais do PIB, o que ajudou a ampliar o excedente calculado para o ano passado.<\/p>\n<p>Segundo o Governo, a evolu\u00e7\u00e3o da despesa do PRR teve papel relevante no resultado or\u00e7amental de 2025, mantendo o equil\u00edbrio entre entradas e gastos p\u00fablicos.<\/p>\n","protected":false},"excerpt":{"rendered":"<ul>\n<li>A execu\u00e7\u00e3o da despesa financiada pelos empr\u00e9stimos do PRR em 2025 ficou ligeiramente abaixo do previsto pelo Governo.<\/li>\n<li>A diferen\u00e7a foi de 0,1 pontos percentuais do PIB na despesa financiada pelo PRR.<\/li>\n<li>Esta evolu\u00e7\u00e3o contribuiu para que o excedente or\u00e7amental de 2025 superasse as expetativas.<\/li>\n<li>O excedente em 2025 ficou acima das perspetivas oficiais, impulsionado pela menor despesa financiada pelo PRR.<\/li>\n<li>O contexto indica que o desempenho da despesa relacionada ao PRR ajudou a melhorar o saldo do ano.<\/li>\n<\/ul>\n","protected":false},"author":2,"featured_media":434916,"comment_status":"closed","ping_status":"closed","sticky":false,"template":"","format":"standard","meta":{"footnotes":""},"categories":[2,6850],"tags":[6115,2525,155,2457,34,6000],"class_list":["post-434914","post","type-post","status-publish","format-standard","has-post-thumbnail","hentry","category-economia","category-financas","tag-_economia","tag-contas-publicas","tag-despesas","tag-emprestimos","tag-governo","tag-orcamento"],"yoast_head":"<!-- This site is optimized with the Yoast SEO plugin v27.2 - https:\/\/yoast.com\/product\/yoast-seo-wordpress\/ -->\n<title>Despesa com empr\u00e9stimos PRR ficou abaixo do previsto para 2025 - Portal Tela Portugal<\/title>\n<meta name=\"robots\" content=\"index, follow, max-snippet:-1, max-image-preview:large, max-video-preview:-1\" \/>\n<meta property=\"og:locale\" content=\"pt_PT\" \/>\n<meta property=\"og:type\" content=\"article\" \/>\n<meta property=\"og:title\" content=\"Despesa com empr\u00e9stimos PRR ficou abaixo do previsto para 2025 - Portal Tela Portugal\" \/>\n<meta property=\"og:description\" content=\"A execu\u00e7\u00e3o da despesa financiada pelos empr\u00e9stimos do PRR em 2025 ficou ligeiramente abaixo do previsto pelo Governo. A diferen\u00e7a foi de 0,1 pontos percentuais do PIB na despesa financiada pelo PRR. Esta evolu\u00e7\u00e3o contribuiu para que o excedente or\u00e7amental de 2025 superasse as expetativas. O excedente em 2025 ficou acima das perspetivas oficiais, impulsionado pela menor despesa financiada pelo PRR. O contexto indica que o desempenho da despesa relacionada ao PRR ajudou a melhorar o saldo do ano.\" \/>\n<meta property=\"og:url\" content=\"https:\/\/portaltela.pt\/noticias\/2026\/04\/07\/despesa-com-emprestimos-prr-ficou-abaixo-do-previsto-para-2025\/\" \/>\n<meta property=\"og:site_name\" content=\"Portal Tela Portugal\" \/>\n<meta property=\"article:published_time\" content=\"2026-04-07T06:18:00+00:00\" \/>\n<meta name=\"author\" content=\"Telinha\" \/>\n<meta name=\"twitter:card\" content=\"summary_large_image\" \/>\n<meta name=\"twitter:label1\" content=\"Escrito por\" \/>\n\t<meta name=\"twitter:data1\" content=\"Telinha\" \/>\n<script type=\"application\/ld+json\" class=\"yoast-schema-graph\">{\"@context\":\"https:\/\/schema.org\",\"@graph\":[{\"@type\":\"Article\",\"@id\":\"https:\/\/portaltela.pt\/noticias\/2026\/04\/07\/despesa-com-emprestimos-prr-ficou-abaixo-do-previsto-para-2025\/#article\",\"isPartOf\":{\"@id\":\"https:\/\/portaltela.pt\/noticias\/2026\/04\/07\/despesa-com-emprestimos-prr-ficou-abaixo-do-previsto-para-2025\/\"},\"author\":{\"name\":\"Telinha\",\"@id\":\"https:\/\/portaltela.pt\/#\/schema\/person\/c4278d4a6028830caff9ee44b42d32ed\"},\"headline\":\"Despesa com empr\u00e9stimos PRR ficou abaixo do previsto para 2025\",\"datePublished\":\"2026-04-07T06:18:00+00:00\",\"mainEntityOfPage\":{\"@id\":\"https:\/\/portaltela.pt\/noticias\/2026\/04\/07\/despesa-com-emprestimos-prr-ficou-abaixo-do-previsto-para-2025\/\"},\"wordCount\":85,\"image\":{\"@id\":\"https:\/\/portaltela.pt\/noticias\/2026\/04\/07\/despesa-com-emprestimos-prr-ficou-abaixo-do-previsto-para-2025\/#primaryimage\"},\"thumbnailUrl\":\"https:\/\/portaltela.pt\/s.01k8rhncp4jt1\/2026\/04\/2079522.jpg\",\"keywords\":[\"_economia\",\"contas p\u00fablicas\",\"despesas\",\"empr\u00e9stimos\",\"governo\",\"or\u00e7amento\"],\"articleSection\":[\"Economia\",\"Finan\u00e7as\"],\"inLanguage\":\"pt-PT\"},{\"@type\":\"WebPage\",\"@id\":\"https:\/\/portaltela.pt\/noticias\/2026\/04\/07\/despesa-com-emprestimos-prr-ficou-abaixo-do-previsto-para-2025\/\",\"url\":\"https:\/\/portaltela.pt\/noticias\/2026\/04\/07\/despesa-com-emprestimos-prr-ficou-abaixo-do-previsto-para-2025\/\",\"name\":\"Despesa com empr\u00e9stimos PRR ficou abaixo do previsto para 2025 - Portal Tela Portugal\",\"isPartOf\":{\"@id\":\"https:\/\/portaltela.pt\/#website\"},\"primaryImageOfPage\":{\"@id\":\"https:\/\/portaltela.pt\/noticias\/2026\/04\/07\/despesa-com-emprestimos-prr-ficou-abaixo-do-previsto-para-2025\/#primaryimage\"},\"image\":{\"@id\":\"https:\/\/portaltela.pt\/noticias\/2026\/04\/07\/despesa-com-emprestimos-prr-ficou-abaixo-do-previsto-para-2025\/#primaryimage\"},\"thumbnailUrl\":\"https:\/\/portaltela.pt\/s.01k8rhncp4jt1\/2026\/04\/2079522.jpg\",\"datePublished\":\"2026-04-07T06:18:00+00:00\",\"author\":{\"@id\":\"https:\/\/portaltela.pt\/#\/schema\/person\/c4278d4a6028830caff9ee44b42d32ed\"},\"breadcrumb\":{\"@id\":\"https:\/\/portaltela.pt\/noticias\/2026\/04\/07\/despesa-com-emprestimos-prr-ficou-abaixo-do-previsto-para-2025\/#breadcrumb\"},\"inLanguage\":\"pt-PT\",\"potentialAction\":[{\"@type\":\"ReadAction\",\"target\":[\"https:\/\/portaltela.pt\/noticias\/2026\/04\/07\/despesa-com-emprestimos-prr-ficou-abaixo-do-previsto-para-2025\/\"]}]},{\"@type\":\"ImageObject\",\"inLanguage\":\"pt-PT\",\"@id\":\"https:\/\/portaltela.pt\/noticias\/2026\/04\/07\/despesa-com-emprestimos-prr-ficou-abaixo-do-previsto-para-2025\/#primaryimage\",\"url\":\"https:\/\/portaltela.pt\/s.01k8rhncp4jt1\/2026\/04\/2079522.jpg\",\"contentUrl\":\"https:\/\/portaltela.pt\/s.01k8rhncp4jt1\/2026\/04\/2079522.jpg\",\"width\":796,\"height\":448,\"caption\":\"O ministro das Finan\u00e7as, Joaquim Miranda Sarmento\"},{\"@type\":\"BreadcrumbList\",\"@id\":\"https:\/\/portaltela.pt\/noticias\/2026\/04\/07\/despesa-com-emprestimos-prr-ficou-abaixo-do-previsto-para-2025\/#breadcrumb\",\"itemListElement\":[{\"@type\":\"ListItem\",\"position\":1,\"name\":\"In\u00edcio\",\"item\":\"https:\/\/portaltela.pt\/\"},{\"@type\":\"ListItem\",\"position\":2,\"name\":\"Despesa com empr\u00e9stimos PRR ficou abaixo do previsto para 2025\"}]},{\"@type\":\"WebSite\",\"@id\":\"https:\/\/portaltela.pt\/#website\",\"url\":\"https:\/\/portaltela.pt\/\",\"name\":\"Portal Tela Portugal\",\"description\":\"\",\"potentialAction\":[{\"@type\":\"SearchAction\",\"target\":{\"@type\":\"EntryPoint\",\"urlTemplate\":\"https:\/\/portaltela.pt\/?s={search_term_string}\"},\"query-input\":{\"@type\":\"PropertyValueSpecification\",\"valueRequired\":true,\"valueName\":\"search_term_string\"}}],\"inLanguage\":\"pt-PT\"},{\"@type\":\"Person\",\"@id\":\"https:\/\/portaltela.pt\/#\/schema\/person\/c4278d4a6028830caff9ee44b42d32ed\",\"name\":\"Telinha\",\"image\":{\"@type\":\"ImageObject\",\"inLanguage\":\"pt-PT\",\"@id\":\"https:\/\/portaltela.pt\/s.01k8rhncp4jt1\/2025\/11\/talking-bot-125x125.png\",\"url\":\"https:\/\/portaltela.pt\/s.01k8rhncp4jt1\/2025\/11\/talking-bot-125x125.png\",\"contentUrl\":\"https:\/\/portaltela.pt\/s.01k8rhncp4jt1\/2025\/11\/talking-bot-125x125.png\",\"caption\":\"Telinha\"},\"sameAs\":[\"https:\/\/portaltela.pt\/\"],\"url\":\"https:\/\/portaltela.pt\/por\/367410592786\/\"}]}<\/script>\n<!-- \/ Yoast SEO plugin. -->","yoast_head_json":{"title":"Despesa com empr\u00e9stimos PRR ficou abaixo do previsto para 2025 - Portal Tela Portugal","robots":{"index":"index","follow":"follow","max-snippet":"max-snippet:-1","max-image-preview":"max-image-preview:large","max-video-preview":"max-video-preview:-1"},"og_locale":"pt_PT","og_type":"article","og_title":"Despesa com empr\u00e9stimos PRR ficou abaixo do previsto para 2025 - Portal Tela Portugal","og_description":"A execu\u00e7\u00e3o da despesa financiada pelos empr\u00e9stimos do PRR em 2025 ficou ligeiramente abaixo do previsto pelo Governo. A diferen\u00e7a foi de 0,1 pontos percentuais do PIB na despesa financiada pelo PRR. Esta evolu\u00e7\u00e3o contribuiu para que o excedente or\u00e7amental de 2025 superasse as expetativas. O excedente em 2025 ficou acima das perspetivas oficiais, impulsionado pela menor despesa financiada pelo PRR. O contexto indica que o desempenho da despesa relacionada ao PRR ajudou a melhorar o saldo do ano.","og_url":"https:\/\/portaltela.pt\/noticias\/2026\/04\/07\/despesa-com-emprestimos-prr-ficou-abaixo-do-previsto-para-2025\/","og_site_name":"Portal Tela Portugal","article_published_time":"2026-04-07T06:18:00+00:00","author":"Telinha","twitter_card":"summary_large_image","twitter_misc":{"Escrito por":"Telinha"},"schema":{"@context":"https:\/\/schema.org","@graph":[{"@type":"Article","@id":"https:\/\/portaltela.pt\/noticias\/2026\/04\/07\/despesa-com-emprestimos-prr-ficou-abaixo-do-previsto-para-2025\/#article","isPartOf":{"@id":"https:\/\/portaltela.pt\/noticias\/2026\/04\/07\/despesa-com-emprestimos-prr-ficou-abaixo-do-previsto-para-2025\/"},"author":{"name":"Telinha","@id":"https:\/\/portaltela.pt\/#\/schema\/person\/c4278d4a6028830caff9ee44b42d32ed"},"headline":"Despesa com empr\u00e9stimos PRR ficou abaixo do previsto para 2025","datePublished":"2026-04-07T06:18:00+00:00","mainEntityOfPage":{"@id":"https:\/\/portaltela.pt\/noticias\/2026\/04\/07\/despesa-com-emprestimos-prr-ficou-abaixo-do-previsto-para-2025\/"},"wordCount":85,"image":{"@id":"https:\/\/portaltela.pt\/noticias\/2026\/04\/07\/despesa-com-emprestimos-prr-ficou-abaixo-do-previsto-para-2025\/#primaryimage"},"thumbnailUrl":"https:\/\/portaltela.pt\/s.01k8rhncp4jt1\/2026\/04\/2079522.jpg","keywords":["_economia","contas p\u00fablicas","despesas","empr\u00e9stimos","governo","or\u00e7amento"],"articleSection":["Economia","Finan\u00e7as"],"inLanguage":"pt-PT"},{"@type":"WebPage","@id":"https:\/\/portaltela.pt\/noticias\/2026\/04\/07\/despesa-com-emprestimos-prr-ficou-abaixo-do-previsto-para-2025\/","url":"https:\/\/portaltela.pt\/noticias\/2026\/04\/07\/despesa-com-emprestimos-prr-ficou-abaixo-do-previsto-para-2025\/","name":"Despesa com empr\u00e9stimos PRR ficou abaixo do previsto para 2025 - Portal Tela Portugal","isPartOf":{"@id":"https:\/\/portaltela.pt\/#website"},"primaryImageOfPage":{"@id":"https:\/\/portaltela.pt\/noticias\/2026\/04\/07\/despesa-com-emprestimos-prr-ficou-abaixo-do-previsto-para-2025\/#primaryimage"},"image":{"@id":"https:\/\/portaltela.pt\/noticias\/2026\/04\/07\/despesa-com-emprestimos-prr-ficou-abaixo-do-previsto-para-2025\/#primaryimage"},"thumbnailUrl":"https:\/\/portaltela.pt\/s.01k8rhncp4jt1\/2026\/04\/2079522.jpg","datePublished":"2026-04-07T06:18:00+00:00","author":{"@id":"https:\/\/portaltela.pt\/#\/schema\/person\/c4278d4a6028830caff9ee44b42d32ed"},"breadcrumb":{"@id":"https:\/\/portaltela.pt\/noticias\/2026\/04\/07\/despesa-com-emprestimos-prr-ficou-abaixo-do-previsto-para-2025\/#breadcrumb"},"inLanguage":"pt-PT","potentialAction":[{"@type":"ReadAction","target":["https:\/\/portaltela.pt\/noticias\/2026\/04\/07\/despesa-com-emprestimos-prr-ficou-abaixo-do-previsto-para-2025\/"]}]},{"@type":"ImageObject","inLanguage":"pt-PT","@id":"https:\/\/portaltela.pt\/noticias\/2026\/04\/07\/despesa-com-emprestimos-prr-ficou-abaixo-do-previsto-para-2025\/#primaryimage","url":"https:\/\/portaltela.pt\/s.01k8rhncp4jt1\/2026\/04\/2079522.jpg","contentUrl":"https:\/\/portaltela.pt\/s.01k8rhncp4jt1\/2026\/04\/2079522.jpg","width":796,"height":448,"caption":"O ministro das Finan\u00e7as, Joaquim Miranda Sarmento"},{"@type":"BreadcrumbList","@id":"https:\/\/portaltela.pt\/noticias\/2026\/04\/07\/despesa-com-emprestimos-prr-ficou-abaixo-do-previsto-para-2025\/#breadcrumb","itemListElement":[{"@type":"ListItem","position":1,"name":"In\u00edcio","item":"https:\/\/portaltela.pt\/"},{"@type":"ListItem","position":2,"name":"Despesa com empr\u00e9stimos PRR ficou abaixo do previsto para 2025"}]},{"@type":"WebSite","@id":"https:\/\/portaltela.pt\/#website","url":"https:\/\/portaltela.pt\/","name":"Portal Tela Portugal","description":"","potentialAction":[{"@type":"SearchAction","target":{"@type":"EntryPoint","urlTemplate":"https:\/\/portaltela.pt\/?s={search_term_string}"},"query-input":{"@type":"PropertyValueSpecification","valueRequired":true,"valueName":"search_term_string"}}],"inLanguage":"pt-PT"},{"@type":"Person","@id":"https:\/\/portaltela.pt\/#\/schema\/person\/c4278d4a6028830caff9ee44b42d32ed","name":"Telinha","image":{"@type":"ImageObject","inLanguage":"pt-PT","@id":"https:\/\/portaltela.pt\/s.01k8rhncp4jt1\/2025\/11\/talking-bot-125x125.png","url":"https:\/\/portaltela.pt\/s.01k8rhncp4jt1\/2025\/11\/talking-bot-125x125.png","contentUrl":"https:\/\/portaltela.pt\/s.01k8rhncp4jt1\/2025\/11\/talking-bot-125x125.png","caption":"Telinha"},"sameAs":["https:\/\/portaltela.pt\/"],"url":"https:\/\/portaltela.pt\/por\/367410592786\/"}]}},"_links":{"self":[{"href":"https:\/\/portaltela.pt\/api\/wp\/v2\/posts\/434914","targetHints":{"allow":["GET"]}}],"collection":[{"href":"https:\/\/portaltela.pt\/api\/wp\/v2\/posts"}],"about":[{"href":"https:\/\/portaltela.pt\/api\/wp\/v2\/types\/post"}],"author":[{"embeddable":true,"href":"https:\/\/portaltela.pt\/api\/wp\/v2\/users\/2"}],"replies":[{"embeddable":true,"href":"https:\/\/portaltela.pt\/api\/wp\/v2\/comments?post=434914"}],"version-history":[{"count":0,"href":"https:\/\/portaltela.pt\/api\/wp\/v2\/posts\/434914\/revisions"}],"wp:featuredmedia":[{"embeddable":true,"href":"https:\/\/portaltela.pt\/api\/wp\/v2\/media\/434916"}],"wp:attachment":[{"href":"https:\/\/portaltela.pt\/api\/wp\/v2\/media?parent=434914"}],"wp:term":[{"taxonomy":"category","embeddable":true,"href":"https:\/\/portaltela.pt\/api\/wp\/v2\/categories?post=434914"},{"taxonomy":"post_tag","embeddable":true,"href":"https:\/\/portaltela.pt\/api\/wp\/v2\/tags?post=434914"}],"curies":[{"name":"wp","href":"https:\/\/api.w.org\/{rel}","templated":true}]}}