{"id":434913,"date":"2026-04-07T03:32:01","date_gmt":"2026-04-07T06:32:01","guid":{"rendered":"https:\/\/portaltela.pt\/noticias\/2026\/04\/07\/governo-aproxima-se-do-il-e-integra-o-novo-bloco-central\/"},"modified":"2026-04-07T03:32:01","modified_gmt":"2026-04-07T06:32:01","slug":"governo-aproxima-se-do-il-e-integra-o-novo-bloco-central","status":"publish","type":"post","link":"https:\/\/portaltela.pt\/noticias\/politica\/2026\/04\/07\/governo-aproxima-se-do-il-e-integra-o-novo-bloco-central\/","title":{"rendered":"Governo aproxima-se do IL e integra o novo bloco central"},"content":{"rendered":"<p>Lu\u00eds Montenegro tem utilizado tom mais contido ao falar sobre a Iniciativa Liberal (IL). Dias atr\u00e1s criticava a IL por se ter retirado do conjunto de partidos dispon\u00edveis para convergir com o Governo.<\/p>\n<p>Agora, o l\u00edder do PSD descreve a IL como parceira de um \u201cnovo\u201d bloco central. A ideia \u00e9 juntar PSD, CDS e liberais para formar uma op\u00e7\u00e3o de centro, visando governabilidade.<\/p>\n<p>A mudan\u00e7a de discurso surge depois de cr\u00edticas anteriores feitas a Mariana Leit\u00e3o, associadas a alegada radicaliza\u00e7\u00e3o da IL. A moldura de parceria passa a ocupar o discurso p\u00fablico.<\/p>\n<p>Montenegro apresentou a no\u00e7\u00e3o de bloco central como forma de responder a desafios pol\u00edticos, mantendo o foco na estabilidade e na constru\u00e7\u00e3o de consensos que promovam reformas.<\/p>\n<p>O que esteve em causa foi a disponibilidade de coopera\u00e7\u00e3o entre partidos para decis\u00f5es interpretadas como urgentes para o Governo. A IL passa a figurar como elemento-chave nesta leitura.<\/p>\n<p>O an\u00fancio ocorreu em contexto de convuls\u00e3o p\u00fablica com desgaste de v\u00e1rias coliga\u00e7\u00f5es, levantando a hip\u00f3tese de uma converg\u00eancia mais ampla entre for\u00e7as de centro.<\/p>\n<p>Fontes pr\u00f3ximas indicam que PSD, CDS e liberais discutem prioridades comuns, em especial em \u00e1reas econ\u00f3micas, financeiras e de responsabilidade institucional.<\/p>\n<p>No centro da narrativa est\u00e1 a ideia de um novo instrumento pol\u00edtico que substitua o alinhamento entre Governo e oposi\u00e7\u00e3o tradicional, segundo as leituras que emergem na cena pol\u00edtica nacional.<\/p>\n","protected":false},"excerpt":{"rendered":"<ul>\n<li>Em janeiro, o presidente do PSD, Lu\u00eds Montenegro, criticou a Iniciativa Liberal por se ter afastado da esfera de partidos dispon\u00edveis para convergir com o Governo.<\/li>\n<li>Passados menos de tr\u00eas meses, Montenegro suavizou o discurso em rela\u00e7\u00e3o \u00e0 IL.<\/li>\n<li>Passa a apresentar o partido como parceiro de um \u201cnovo\u201d bloco central.<\/li>\n<li>O \u201cnovo\u201d bloco central passa a incluir o PSD, o CDS e os liberais, segundo a evolu\u00e7\u00e3o das declara\u00e7\u00f5es de Montenegro.<\/li>\n<\/ul>\n","protected":false},"author":2,"featured_media":434915,"comment_status":"closed","ping_status":"closed","sticky":false,"template":"","format":"standard","meta":{"footnotes":""},"categories":[1,5],"tags":[2478,1309,34,1482,2832,3695],"class_list":["post-434913","post","type-post","status-publish","format-standard","has-post-thumbnail","hentry","category-noticias","category-politica","tag-cds","tag-centro","tag-governo","tag-iniciativa-liberal","tag-politica","tag-psd"],"yoast_head":"<!-- This site is optimized with the Yoast SEO plugin v27.2 - https:\/\/yoast.com\/product\/yoast-seo-wordpress\/ -->\n<title>Governo aproxima-se do IL e integra o novo bloco central - Portal Tela Portugal<\/title>\n<meta name=\"robots\" content=\"index, follow, max-snippet:-1, max-image-preview:large, max-video-preview:-1\" \/>\n<meta property=\"og:locale\" content=\"pt_PT\" \/>\n<meta property=\"og:type\" content=\"article\" \/>\n<meta property=\"og:title\" content=\"Governo aproxima-se do IL e integra o novo bloco central - Portal Tela Portugal\" \/>\n<meta property=\"og:description\" content=\"Em janeiro, o presidente do PSD, Lu\u00eds Montenegro, criticou a Iniciativa Liberal por se ter afastado da esfera de partidos dispon\u00edveis para convergir com o Governo. Passados menos de tr\u00eas meses, Montenegro suavizou o discurso em rela\u00e7\u00e3o \u00e0 IL. Passa a apresentar o partido como parceiro de um \u201cnovo\u201d bloco central. O \u201cnovo\u201d bloco central passa a incluir o PSD, o CDS e os liberais, segundo a evolu\u00e7\u00e3o das declara\u00e7\u00f5es de Montenegro.\" \/>\n<meta property=\"og:url\" content=\"https:\/\/portaltela.pt\/noticias\/2026\/04\/07\/governo-aproxima-se-do-il-e-integra-o-novo-bloco-central\/\" \/>\n<meta property=\"og:site_name\" content=\"Portal Tela Portugal\" \/>\n<meta property=\"article:published_time\" content=\"2026-04-07T06:32:01+00:00\" \/>\n<meta name=\"author\" content=\"Telinha\" \/>\n<meta name=\"twitter:card\" content=\"summary_large_image\" \/>\n<meta name=\"twitter:label1\" content=\"Escrito por\" \/>\n\t<meta name=\"twitter:data1\" content=\"Telinha\" \/>\n\t<meta name=\"twitter:label2\" content=\"Tempo estimado de leitura\" \/>\n\t<meta name=\"twitter:data2\" content=\"1 minuto\" \/>\n<script type=\"application\/ld+json\" class=\"yoast-schema-graph\">{\"@context\":\"https:\/\/schema.org\",\"@graph\":[{\"@type\":\"Article\",\"@id\":\"https:\/\/portaltela.pt\/noticias\/2026\/04\/07\/governo-aproxima-se-do-il-e-integra-o-novo-bloco-central\/#article\",\"isPartOf\":{\"@id\":\"https:\/\/portaltela.pt\/noticias\/2026\/04\/07\/governo-aproxima-se-do-il-e-integra-o-novo-bloco-central\/\"},\"author\":{\"name\":\"Telinha\",\"@id\":\"https:\/\/portaltela.pt\/#\/schema\/person\/c4278d4a6028830caff9ee44b42d32ed\"},\"headline\":\"Governo aproxima-se do IL e integra o novo bloco central\",\"datePublished\":\"2026-04-07T06:32:01+00:00\",\"mainEntityOfPage\":{\"@id\":\"https:\/\/portaltela.pt\/noticias\/2026\/04\/07\/governo-aproxima-se-do-il-e-integra-o-novo-bloco-central\/\"},\"wordCount\":262,\"image\":{\"@id\":\"https:\/\/portaltela.pt\/noticias\/2026\/04\/07\/governo-aproxima-se-do-il-e-integra-o-novo-bloco-central\/#primaryimage\"},\"thumbnailUrl\":\"https:\/\/portaltela.pt\/s.01k8rhncp4jt1\/2026\/04\/2079533.jpg\",\"keywords\":[\"CDS\",\"Centro\",\"governo\",\"Iniciativa Liberal\",\"pol\u00edtica\",\"PSD\"],\"articleSection\":[\"Not\u00edcias\",\"Pol\u00edtica\"],\"inLanguage\":\"pt-PT\"},{\"@type\":\"WebPage\",\"@id\":\"https:\/\/portaltela.pt\/noticias\/2026\/04\/07\/governo-aproxima-se-do-il-e-integra-o-novo-bloco-central\/\",\"url\":\"https:\/\/portaltela.pt\/noticias\/2026\/04\/07\/governo-aproxima-se-do-il-e-integra-o-novo-bloco-central\/\",\"name\":\"Governo aproxima-se do IL e integra o novo bloco central - Portal Tela Portugal\",\"isPartOf\":{\"@id\":\"https:\/\/portaltela.pt\/#website\"},\"primaryImageOfPage\":{\"@id\":\"https:\/\/portaltela.pt\/noticias\/2026\/04\/07\/governo-aproxima-se-do-il-e-integra-o-novo-bloco-central\/#primaryimage\"},\"image\":{\"@id\":\"https:\/\/portaltela.pt\/noticias\/2026\/04\/07\/governo-aproxima-se-do-il-e-integra-o-novo-bloco-central\/#primaryimage\"},\"thumbnailUrl\":\"https:\/\/portaltela.pt\/s.01k8rhncp4jt1\/2026\/04\/2079533.jpg\",\"datePublished\":\"2026-04-07T06:32:01+00:00\",\"author\":{\"@id\":\"https:\/\/portaltela.pt\/#\/schema\/person\/c4278d4a6028830caff9ee44b42d32ed\"},\"breadcrumb\":{\"@id\":\"https:\/\/portaltela.pt\/noticias\/2026\/04\/07\/governo-aproxima-se-do-il-e-integra-o-novo-bloco-central\/#breadcrumb\"},\"inLanguage\":\"pt-PT\",\"potentialAction\":[{\"@type\":\"ReadAction\",\"target\":[\"https:\/\/portaltela.pt\/noticias\/2026\/04\/07\/governo-aproxima-se-do-il-e-integra-o-novo-bloco-central\/\"]}]},{\"@type\":\"ImageObject\",\"inLanguage\":\"pt-PT\",\"@id\":\"https:\/\/portaltela.pt\/noticias\/2026\/04\/07\/governo-aproxima-se-do-il-e-integra-o-novo-bloco-central\/#primaryimage\",\"url\":\"https:\/\/portaltela.pt\/s.01k8rhncp4jt1\/2026\/04\/2079533.jpg\",\"contentUrl\":\"https:\/\/portaltela.pt\/s.01k8rhncp4jt1\/2026\/04\/2079533.jpg\",\"width\":796,\"height\":448,\"caption\":\"Mariana Leit\u00e3o desvaloriza \\\"exerc\u00edcios de ret\u00f3rica\\\" do primeiro-ministro\"},{\"@type\":\"BreadcrumbList\",\"@id\":\"https:\/\/portaltela.pt\/noticias\/2026\/04\/07\/governo-aproxima-se-do-il-e-integra-o-novo-bloco-central\/#breadcrumb\",\"itemListElement\":[{\"@type\":\"ListItem\",\"position\":1,\"name\":\"In\u00edcio\",\"item\":\"https:\/\/portaltela.pt\/\"},{\"@type\":\"ListItem\",\"position\":2,\"name\":\"Governo aproxima-se do IL e integra o novo bloco central\"}]},{\"@type\":\"WebSite\",\"@id\":\"https:\/\/portaltela.pt\/#website\",\"url\":\"https:\/\/portaltela.pt\/\",\"name\":\"Portal Tela Portugal\",\"description\":\"\",\"potentialAction\":[{\"@type\":\"SearchAction\",\"target\":{\"@type\":\"EntryPoint\",\"urlTemplate\":\"https:\/\/portaltela.pt\/?s={search_term_string}\"},\"query-input\":{\"@type\":\"PropertyValueSpecification\",\"valueRequired\":true,\"valueName\":\"search_term_string\"}}],\"inLanguage\":\"pt-PT\"},{\"@type\":\"Person\",\"@id\":\"https:\/\/portaltela.pt\/#\/schema\/person\/c4278d4a6028830caff9ee44b42d32ed\",\"name\":\"Telinha\",\"image\":{\"@type\":\"ImageObject\",\"inLanguage\":\"pt-PT\",\"@id\":\"https:\/\/portaltela.pt\/s.01k8rhncp4jt1\/2025\/11\/talking-bot-125x125.png\",\"url\":\"https:\/\/portaltela.pt\/s.01k8rhncp4jt1\/2025\/11\/talking-bot-125x125.png\",\"contentUrl\":\"https:\/\/portaltela.pt\/s.01k8rhncp4jt1\/2025\/11\/talking-bot-125x125.png\",\"caption\":\"Telinha\"},\"sameAs\":[\"https:\/\/portaltela.pt\/\"],\"url\":\"https:\/\/portaltela.pt\/por\/367410592786\/\"}]}<\/script>\n<!-- \/ Yoast SEO plugin. -->","yoast_head_json":{"title":"Governo aproxima-se do IL e integra o novo bloco central - Portal Tela Portugal","robots":{"index":"index","follow":"follow","max-snippet":"max-snippet:-1","max-image-preview":"max-image-preview:large","max-video-preview":"max-video-preview:-1"},"og_locale":"pt_PT","og_type":"article","og_title":"Governo aproxima-se do IL e integra o novo bloco central - Portal Tela Portugal","og_description":"Em janeiro, o presidente do PSD, Lu\u00eds Montenegro, criticou a Iniciativa Liberal por se ter afastado da esfera de partidos dispon\u00edveis para convergir com o Governo. Passados menos de tr\u00eas meses, Montenegro suavizou o discurso em rela\u00e7\u00e3o \u00e0 IL. Passa a apresentar o partido como parceiro de um \u201cnovo\u201d bloco central. O \u201cnovo\u201d bloco central passa a incluir o PSD, o CDS e os liberais, segundo a evolu\u00e7\u00e3o das declara\u00e7\u00f5es de Montenegro.","og_url":"https:\/\/portaltela.pt\/noticias\/2026\/04\/07\/governo-aproxima-se-do-il-e-integra-o-novo-bloco-central\/","og_site_name":"Portal Tela Portugal","article_published_time":"2026-04-07T06:32:01+00:00","author":"Telinha","twitter_card":"summary_large_image","twitter_misc":{"Escrito por":"Telinha","Tempo estimado de leitura":"1 minuto"},"schema":{"@context":"https:\/\/schema.org","@graph":[{"@type":"Article","@id":"https:\/\/portaltela.pt\/noticias\/2026\/04\/07\/governo-aproxima-se-do-il-e-integra-o-novo-bloco-central\/#article","isPartOf":{"@id":"https:\/\/portaltela.pt\/noticias\/2026\/04\/07\/governo-aproxima-se-do-il-e-integra-o-novo-bloco-central\/"},"author":{"name":"Telinha","@id":"https:\/\/portaltela.pt\/#\/schema\/person\/c4278d4a6028830caff9ee44b42d32ed"},"headline":"Governo aproxima-se do IL e integra o novo bloco central","datePublished":"2026-04-07T06:32:01+00:00","mainEntityOfPage":{"@id":"https:\/\/portaltela.pt\/noticias\/2026\/04\/07\/governo-aproxima-se-do-il-e-integra-o-novo-bloco-central\/"},"wordCount":262,"image":{"@id":"https:\/\/portaltela.pt\/noticias\/2026\/04\/07\/governo-aproxima-se-do-il-e-integra-o-novo-bloco-central\/#primaryimage"},"thumbnailUrl":"https:\/\/portaltela.pt\/s.01k8rhncp4jt1\/2026\/04\/2079533.jpg","keywords":["CDS","Centro","governo","Iniciativa Liberal","pol\u00edtica","PSD"],"articleSection":["Not\u00edcias","Pol\u00edtica"],"inLanguage":"pt-PT"},{"@type":"WebPage","@id":"https:\/\/portaltela.pt\/noticias\/2026\/04\/07\/governo-aproxima-se-do-il-e-integra-o-novo-bloco-central\/","url":"https:\/\/portaltela.pt\/noticias\/2026\/04\/07\/governo-aproxima-se-do-il-e-integra-o-novo-bloco-central\/","name":"Governo aproxima-se do IL e integra o novo bloco central - Portal Tela Portugal","isPartOf":{"@id":"https:\/\/portaltela.pt\/#website"},"primaryImageOfPage":{"@id":"https:\/\/portaltela.pt\/noticias\/2026\/04\/07\/governo-aproxima-se-do-il-e-integra-o-novo-bloco-central\/#primaryimage"},"image":{"@id":"https:\/\/portaltela.pt\/noticias\/2026\/04\/07\/governo-aproxima-se-do-il-e-integra-o-novo-bloco-central\/#primaryimage"},"thumbnailUrl":"https:\/\/portaltela.pt\/s.01k8rhncp4jt1\/2026\/04\/2079533.jpg","datePublished":"2026-04-07T06:32:01+00:00","author":{"@id":"https:\/\/portaltela.pt\/#\/schema\/person\/c4278d4a6028830caff9ee44b42d32ed"},"breadcrumb":{"@id":"https:\/\/portaltela.pt\/noticias\/2026\/04\/07\/governo-aproxima-se-do-il-e-integra-o-novo-bloco-central\/#breadcrumb"},"inLanguage":"pt-PT","potentialAction":[{"@type":"ReadAction","target":["https:\/\/portaltela.pt\/noticias\/2026\/04\/07\/governo-aproxima-se-do-il-e-integra-o-novo-bloco-central\/"]}]},{"@type":"ImageObject","inLanguage":"pt-PT","@id":"https:\/\/portaltela.pt\/noticias\/2026\/04\/07\/governo-aproxima-se-do-il-e-integra-o-novo-bloco-central\/#primaryimage","url":"https:\/\/portaltela.pt\/s.01k8rhncp4jt1\/2026\/04\/2079533.jpg","contentUrl":"https:\/\/portaltela.pt\/s.01k8rhncp4jt1\/2026\/04\/2079533.jpg","width":796,"height":448,"caption":"Mariana Leit\u00e3o desvaloriza \"exerc\u00edcios de ret\u00f3rica\" do primeiro-ministro"},{"@type":"BreadcrumbList","@id":"https:\/\/portaltela.pt\/noticias\/2026\/04\/07\/governo-aproxima-se-do-il-e-integra-o-novo-bloco-central\/#breadcrumb","itemListElement":[{"@type":"ListItem","position":1,"name":"In\u00edcio","item":"https:\/\/portaltela.pt\/"},{"@type":"ListItem","position":2,"name":"Governo aproxima-se do IL e integra o novo bloco central"}]},{"@type":"WebSite","@id":"https:\/\/portaltela.pt\/#website","url":"https:\/\/portaltela.pt\/","name":"Portal Tela Portugal","description":"","potentialAction":[{"@type":"SearchAction","target":{"@type":"EntryPoint","urlTemplate":"https:\/\/portaltela.pt\/?s={search_term_string}"},"query-input":{"@type":"PropertyValueSpecification","valueRequired":true,"valueName":"search_term_string"}}],"inLanguage":"pt-PT"},{"@type":"Person","@id":"https:\/\/portaltela.pt\/#\/schema\/person\/c4278d4a6028830caff9ee44b42d32ed","name":"Telinha","image":{"@type":"ImageObject","inLanguage":"pt-PT","@id":"https:\/\/portaltela.pt\/s.01k8rhncp4jt1\/2025\/11\/talking-bot-125x125.png","url":"https:\/\/portaltela.pt\/s.01k8rhncp4jt1\/2025\/11\/talking-bot-125x125.png","contentUrl":"https:\/\/portaltela.pt\/s.01k8rhncp4jt1\/2025\/11\/talking-bot-125x125.png","caption":"Telinha"},"sameAs":["https:\/\/portaltela.pt\/"],"url":"https:\/\/portaltela.pt\/por\/367410592786\/"}]}},"_links":{"self":[{"href":"https:\/\/portaltela.pt\/api\/wp\/v2\/posts\/434913","targetHints":{"allow":["GET"]}}],"collection":[{"href":"https:\/\/portaltela.pt\/api\/wp\/v2\/posts"}],"about":[{"href":"https:\/\/portaltela.pt\/api\/wp\/v2\/types\/post"}],"author":[{"embeddable":true,"href":"https:\/\/portaltela.pt\/api\/wp\/v2\/users\/2"}],"replies":[{"embeddable":true,"href":"https:\/\/portaltela.pt\/api\/wp\/v2\/comments?post=434913"}],"version-history":[{"count":0,"href":"https:\/\/portaltela.pt\/api\/wp\/v2\/posts\/434913\/revisions"}],"wp:featuredmedia":[{"embeddable":true,"href":"https:\/\/portaltela.pt\/api\/wp\/v2\/media\/434915"}],"wp:attachment":[{"href":"https:\/\/portaltela.pt\/api\/wp\/v2\/media?parent=434913"}],"wp:term":[{"taxonomy":"category","embeddable":true,"href":"https:\/\/portaltela.pt\/api\/wp\/v2\/categories?post=434913"},{"taxonomy":"post_tag","embeddable":true,"href":"https:\/\/portaltela.pt\/api\/wp\/v2\/tags?post=434913"}],"curies":[{"name":"wp","href":"https:\/\/api.w.org\/{rel}","templated":true}]}}