{"id":434909,"date":"2026-04-07T03:17:27","date_gmt":"2026-04-07T06:17:27","guid":{"rendered":"https:\/\/portaltela.pt\/noticias\/2026\/04\/07\/seguro-encerra-segundo-dia-da-presidencia-aberta-no-distrito-de-santarem\/"},"modified":"2026-04-07T03:17:27","modified_gmt":"2026-04-07T06:17:27","slug":"seguro-encerra-segundo-dia-da-presidencia-aberta-no-distrito-de-santarem","status":"publish","type":"post","link":"https:\/\/portaltela.pt\/noticias\/politica\/2026\/04\/07\/seguro-encerra-segundo-dia-da-presidencia-aberta-no-distrito-de-santarem\/","title":{"rendered":"Seguro encerra segundo dia da presid\u00eancia aberta no distrito de Santar\u00e9m"},"content":{"rendered":"<p>O chefe de Estado dedica o segundo dia da sua presid\u00eancia aberta ao distrito de Santar\u00e9m, concluindo com a reuni\u00e3o semanal com o primeiro-ministro em Tomar, ap\u00f3s uma jornada de visitas a habita\u00e7\u00f5es afetadas pelo mau tempo. O dia come\u00e7ou em Our\u00e9m, seguindo para outras localidades da regi\u00e3o.<\/p>\n<p>Ant\u00f3nio Jos\u00e9 Seguro vai passar pelos concelhos de Our\u00e9m, Ferreira do Z\u00eazere, Ma\u00e7\u00e3o e Tomar, com Tomar a acolher a reuni\u00e3o com Lu\u00eds Montenegro. A agenda inclui a exig\u00eancia de reabertura de um tro\u00e7o da Estrada Nacional 2 entre Pedr\u00f3g\u00e3o Pequeno e Pedr\u00f3g\u00e3o Grande.<\/p>\n<h3>Itiner\u00e1rio do segundo dia<\/h3>\n<p>O dia come\u00e7a \u00e0s 10h00 em Our\u00e9m, com visitas a casas danificadas pelas tempestades. Segue-se o Centro de Meios A\u00e9reos de Ferreira do Z\u00eazere e, ao almo\u00e7o, nova ronda de visitas a habita\u00e7\u00f5es afetadas, em Ma\u00e7\u00e3o.<\/p>\n<p>\u00c0s 16h00 est\u00e1 prevista a assinatura de um protocolo entre a Estrutura de Miss\u00e3o para a reconstru\u00e7\u00e3o da regi\u00e3o centro e funda\u00e7\u00f5es, no n\u00facleo museol\u00f3gico da Central El\u00e9trica de Tomar. A reuni\u00e3o com o primeiro-ministro est\u00e1 marcada para as 17h00 em Tomar.<\/p>\n<h3>Contexto de apoios e indemniza\u00e7\u00f5es<\/h3>\n<p>No dia anterior, o Presidente da Rep\u00fablica pediu transpar\u00eancia nos apoios e incentivou as popula\u00e7\u00f5es a visitarem as zonas afetadas. Seguristas destacam a necessidade de acelerar os prazos de candidaturas aos apoios para reconstru\u00e7\u00e3o de habita\u00e7\u00f5es pr\u00f3prias.<\/p>\n<p>Entretanto, as seguradoras anunciaram, na segunda-feira, que j\u00e1 pagaram 303 milh\u00f5es de euros em indemniza\u00e7\u00f5es por danos causados pelas tempestades de janeiro e fevereiro, estimando que os preju\u00edzos cobertos ultrapassem 1.0 mil milh\u00f5es de euros.<\/p>\n","protected":false},"excerpt":{"rendered":"<ul>\n<li>O presidente Ant\u00f3nio Jos\u00e9 Seguro iniciou o segundo dia de presid\u00eancia aberta em Santar\u00e9m, ap\u00f3s Castelo Branco, com visitas a casas afetadas pelas tempestades em Our\u00e9m e Ferreira do Z\u00eazere, seguindo para Ma\u00e7\u00e3o e Tomar.<\/li>\n<li>A agenda inclu\u00eda visitas a casas em Our\u00e9m \u00e0s 10h00, desloca\u00e7\u00f5es ao Centro de Meios A\u00e9reos de Ferreira do Z\u00eazere e, ao almo\u00e7o, novas visitas a habita\u00e7\u00f5es danificadas em Ma\u00e7\u00e3o.<\/li>\n<li>\u00c0s 16h00 est\u00e1 marcada a assinatura de um protocolo entre a Estrutura de Miss\u00e3o para a reconstru\u00e7\u00e3o da regi\u00e3o centro do pa\u00eds e funda\u00e7\u00f5es, no n\u00facleo museol\u00f3gico da Central El\u00e9trica de Tomar.<\/li>\n<li>O dia de Tomar encerra com a reuni\u00e3o semanal com o primeiro-ministro, Lu\u00eds Montenegro, \u00e0s 17h00, para discutir a reabertura do tro\u00e7o da estrada nacional 2 entre Pedr\u00f3g\u00e3o Pequeno e Pedr\u00f3g\u00e3o Grande.<\/li>\n<li>No fim de semana, as seguradoras anunciaram o pagamento de 303 milh\u00f5es de euros em indemniza\u00e7\u00f5es por tempestades de janeiro e fevereiro, estimando que os danos totais ultrapassem 1.000 milh\u00f5es de euros.<\/li>\n<\/ul>\n","protected":false},"author":2,"featured_media":434910,"comment_status":"closed","ping_status":"closed","sticky":false,"template":"","format":"standard","meta":{"footnotes":""},"categories":[1,5],"tags":[7791,5038,7809,2357,898,1088],"class_list":["post-434909","post","type-post","status-publish","format-standard","has-post-thumbnail","hentry","category-noticias","category-politica","tag-_habitacao","tag-ferreira-do-zezere","tag-macao","tag-ourem","tag-santarem","tag-tomar"],"yoast_head":"<!-- This site is optimized with the Yoast SEO plugin v27.2 - https:\/\/yoast.com\/product\/yoast-seo-wordpress\/ -->\n<title>Seguro encerra segundo dia da presid\u00eancia aberta no distrito de Santar\u00e9m - Portal Tela Portugal<\/title>\n<meta name=\"robots\" content=\"index, follow, max-snippet:-1, max-image-preview:large, max-video-preview:-1\" \/>\n<meta property=\"og:locale\" content=\"pt_PT\" \/>\n<meta property=\"og:type\" content=\"article\" \/>\n<meta property=\"og:title\" content=\"Seguro encerra segundo dia da presid\u00eancia aberta no distrito de Santar\u00e9m - Portal Tela Portugal\" \/>\n<meta property=\"og:description\" content=\"O presidente Ant\u00f3nio Jos\u00e9 Seguro iniciou o segundo dia de presid\u00eancia aberta em Santar\u00e9m, ap\u00f3s Castelo Branco, com visitas a casas afetadas pelas tempestades em Our\u00e9m e Ferreira do Z\u00eazere, seguindo para Ma\u00e7\u00e3o e Tomar. A agenda inclu\u00eda visitas a casas em Our\u00e9m \u00e0s 10h00, desloca\u00e7\u00f5es ao Centro de Meios A\u00e9reos de Ferreira do Z\u00eazere e, ao almo\u00e7o, novas visitas a habita\u00e7\u00f5es danificadas em Ma\u00e7\u00e3o. \u00c0s 16h00 est\u00e1 marcada a assinatura de um protocolo entre a Estrutura de Miss\u00e3o para a reconstru\u00e7\u00e3o da regi\u00e3o centro do pa\u00eds e funda\u00e7\u00f5es, no n\u00facleo museol\u00f3gico da Central El\u00e9trica de Tomar. O dia de Tomar encerra com a reuni\u00e3o semanal com o primeiro-ministro, Lu\u00eds Montenegro, \u00e0s 17h00, para discutir a reabertura do tro\u00e7o da estrada nacional 2 entre Pedr\u00f3g\u00e3o Pequeno e Pedr\u00f3g\u00e3o Grande. No fim de semana, as seguradoras anunciaram o pagamento de 303 milh\u00f5es de euros em indemniza\u00e7\u00f5es por tempestades de janeiro e fevereiro, estimando que os danos totais ultrapassem 1.000 milh\u00f5es de euros.\" \/>\n<meta property=\"og:url\" content=\"https:\/\/portaltela.pt\/noticias\/2026\/04\/07\/seguro-encerra-segundo-dia-da-presidencia-aberta-no-distrito-de-santarem\/\" \/>\n<meta property=\"og:site_name\" content=\"Portal Tela Portugal\" \/>\n<meta property=\"article:published_time\" content=\"2026-04-07T06:17:27+00:00\" \/>\n<meta name=\"author\" content=\"Telinha\" \/>\n<meta name=\"twitter:card\" content=\"summary_large_image\" \/>\n<meta name=\"twitter:label1\" content=\"Escrito por\" \/>\n\t<meta name=\"twitter:data1\" content=\"Telinha\" \/>\n\t<meta name=\"twitter:label2\" content=\"Tempo estimado de leitura\" \/>\n\t<meta name=\"twitter:data2\" content=\"1 minuto\" \/>\n<script type=\"application\/ld+json\" class=\"yoast-schema-graph\">{\"@context\":\"https:\/\/schema.org\",\"@graph\":[{\"@type\":\"Article\",\"@id\":\"https:\/\/portaltela.pt\/noticias\/2026\/04\/07\/seguro-encerra-segundo-dia-da-presidencia-aberta-no-distrito-de-santarem\/#article\",\"isPartOf\":{\"@id\":\"https:\/\/portaltela.pt\/noticias\/2026\/04\/07\/seguro-encerra-segundo-dia-da-presidencia-aberta-no-distrito-de-santarem\/\"},\"author\":{\"name\":\"Telinha\",\"@id\":\"https:\/\/portaltela.pt\/#\/schema\/person\/c4278d4a6028830caff9ee44b42d32ed\"},\"headline\":\"Seguro encerra segundo dia da presid\u00eancia aberta no distrito de Santar\u00e9m\",\"datePublished\":\"2026-04-07T06:17:27+00:00\",\"mainEntityOfPage\":{\"@id\":\"https:\/\/portaltela.pt\/noticias\/2026\/04\/07\/seguro-encerra-segundo-dia-da-presidencia-aberta-no-distrito-de-santarem\/\"},\"wordCount\":308,\"image\":{\"@id\":\"https:\/\/portaltela.pt\/noticias\/2026\/04\/07\/seguro-encerra-segundo-dia-da-presidencia-aberta-no-distrito-de-santarem\/#primaryimage\"},\"thumbnailUrl\":\"https:\/\/portaltela.pt\/s.01k8rhncp4jt1\/2026\/04\/img_1500x1000uu2026-04-06-12-02-01-2276834.jpg\",\"keywords\":[\"_habita\u00e7\u00e3o\",\"Ferreira do Z\u00eazere\",\"Ma\u00e7\u00e3o\",\"Our\u00e9m\",\"Santar\u00e9m\",\"Tomar\"],\"articleSection\":[\"Not\u00edcias\",\"Pol\u00edtica\"],\"inLanguage\":\"pt-PT\"},{\"@type\":\"WebPage\",\"@id\":\"https:\/\/portaltela.pt\/noticias\/2026\/04\/07\/seguro-encerra-segundo-dia-da-presidencia-aberta-no-distrito-de-santarem\/\",\"url\":\"https:\/\/portaltela.pt\/noticias\/2026\/04\/07\/seguro-encerra-segundo-dia-da-presidencia-aberta-no-distrito-de-santarem\/\",\"name\":\"Seguro encerra segundo dia da presid\u00eancia aberta no distrito de Santar\u00e9m - Portal Tela Portugal\",\"isPartOf\":{\"@id\":\"https:\/\/portaltela.pt\/#website\"},\"primaryImageOfPage\":{\"@id\":\"https:\/\/portaltela.pt\/noticias\/2026\/04\/07\/seguro-encerra-segundo-dia-da-presidencia-aberta-no-distrito-de-santarem\/#primaryimage\"},\"image\":{\"@id\":\"https:\/\/portaltela.pt\/noticias\/2026\/04\/07\/seguro-encerra-segundo-dia-da-presidencia-aberta-no-distrito-de-santarem\/#primaryimage\"},\"thumbnailUrl\":\"https:\/\/portaltela.pt\/s.01k8rhncp4jt1\/2026\/04\/img_1500x1000uu2026-04-06-12-02-01-2276834.jpg\",\"datePublished\":\"2026-04-07T06:17:27+00:00\",\"author\":{\"@id\":\"https:\/\/portaltela.pt\/#\/schema\/person\/c4278d4a6028830caff9ee44b42d32ed\"},\"breadcrumb\":{\"@id\":\"https:\/\/portaltela.pt\/noticias\/2026\/04\/07\/seguro-encerra-segundo-dia-da-presidencia-aberta-no-distrito-de-santarem\/#breadcrumb\"},\"inLanguage\":\"pt-PT\",\"potentialAction\":[{\"@type\":\"ReadAction\",\"target\":[\"https:\/\/portaltela.pt\/noticias\/2026\/04\/07\/seguro-encerra-segundo-dia-da-presidencia-aberta-no-distrito-de-santarem\/\"]}]},{\"@type\":\"ImageObject\",\"inLanguage\":\"pt-PT\",\"@id\":\"https:\/\/portaltela.pt\/noticias\/2026\/04\/07\/seguro-encerra-segundo-dia-da-presidencia-aberta-no-distrito-de-santarem\/#primaryimage\",\"url\":\"https:\/\/portaltela.pt\/s.01k8rhncp4jt1\/2026\/04\/img_1500x1000uu2026-04-06-12-02-01-2276834.jpg\",\"contentUrl\":\"https:\/\/portaltela.pt\/s.01k8rhncp4jt1\/2026\/04\/img_1500x1000uu2026-04-06-12-02-01-2276834.jpg\",\"width\":1500,\"height\":1000,\"caption\":\"Ant\u00f3nio Jos\u00e9 Seguro na primeira presid\u00eancia aberta\"},{\"@type\":\"BreadcrumbList\",\"@id\":\"https:\/\/portaltela.pt\/noticias\/2026\/04\/07\/seguro-encerra-segundo-dia-da-presidencia-aberta-no-distrito-de-santarem\/#breadcrumb\",\"itemListElement\":[{\"@type\":\"ListItem\",\"position\":1,\"name\":\"In\u00edcio\",\"item\":\"https:\/\/portaltela.pt\/\"},{\"@type\":\"ListItem\",\"position\":2,\"name\":\"Seguro encerra segundo dia da presid\u00eancia aberta no distrito de Santar\u00e9m\"}]},{\"@type\":\"WebSite\",\"@id\":\"https:\/\/portaltela.pt\/#website\",\"url\":\"https:\/\/portaltela.pt\/\",\"name\":\"Portal Tela Portugal\",\"description\":\"\",\"potentialAction\":[{\"@type\":\"SearchAction\",\"target\":{\"@type\":\"EntryPoint\",\"urlTemplate\":\"https:\/\/portaltela.pt\/?s={search_term_string}\"},\"query-input\":{\"@type\":\"PropertyValueSpecification\",\"valueRequired\":true,\"valueName\":\"search_term_string\"}}],\"inLanguage\":\"pt-PT\"},{\"@type\":\"Person\",\"@id\":\"https:\/\/portaltela.pt\/#\/schema\/person\/c4278d4a6028830caff9ee44b42d32ed\",\"name\":\"Telinha\",\"image\":{\"@type\":\"ImageObject\",\"inLanguage\":\"pt-PT\",\"@id\":\"https:\/\/portaltela.pt\/s.01k8rhncp4jt1\/2025\/11\/talking-bot-125x125.png\",\"url\":\"https:\/\/portaltela.pt\/s.01k8rhncp4jt1\/2025\/11\/talking-bot-125x125.png\",\"contentUrl\":\"https:\/\/portaltela.pt\/s.01k8rhncp4jt1\/2025\/11\/talking-bot-125x125.png\",\"caption\":\"Telinha\"},\"sameAs\":[\"https:\/\/portaltela.pt\/\"],\"url\":\"https:\/\/portaltela.pt\/por\/367410592786\/\"}]}<\/script>\n<!-- \/ Yoast SEO plugin. -->","yoast_head_json":{"title":"Seguro encerra segundo dia da presid\u00eancia aberta no distrito de Santar\u00e9m - Portal Tela Portugal","robots":{"index":"index","follow":"follow","max-snippet":"max-snippet:-1","max-image-preview":"max-image-preview:large","max-video-preview":"max-video-preview:-1"},"og_locale":"pt_PT","og_type":"article","og_title":"Seguro encerra segundo dia da presid\u00eancia aberta no distrito de Santar\u00e9m - Portal Tela Portugal","og_description":"O presidente Ant\u00f3nio Jos\u00e9 Seguro iniciou o segundo dia de presid\u00eancia aberta em Santar\u00e9m, ap\u00f3s Castelo Branco, com visitas a casas afetadas pelas tempestades em Our\u00e9m e Ferreira do Z\u00eazere, seguindo para Ma\u00e7\u00e3o e Tomar. A agenda inclu\u00eda visitas a casas em Our\u00e9m \u00e0s 10h00, desloca\u00e7\u00f5es ao Centro de Meios A\u00e9reos de Ferreira do Z\u00eazere e, ao almo\u00e7o, novas visitas a habita\u00e7\u00f5es danificadas em Ma\u00e7\u00e3o. \u00c0s 16h00 est\u00e1 marcada a assinatura de um protocolo entre a Estrutura de Miss\u00e3o para a reconstru\u00e7\u00e3o da regi\u00e3o centro do pa\u00eds e funda\u00e7\u00f5es, no n\u00facleo museol\u00f3gico da Central El\u00e9trica de Tomar. O dia de Tomar encerra com a reuni\u00e3o semanal com o primeiro-ministro, Lu\u00eds Montenegro, \u00e0s 17h00, para discutir a reabertura do tro\u00e7o da estrada nacional 2 entre Pedr\u00f3g\u00e3o Pequeno e Pedr\u00f3g\u00e3o Grande. No fim de semana, as seguradoras anunciaram o pagamento de 303 milh\u00f5es de euros em indemniza\u00e7\u00f5es por tempestades de janeiro e fevereiro, estimando que os danos totais ultrapassem 1.000 milh\u00f5es de euros.","og_url":"https:\/\/portaltela.pt\/noticias\/2026\/04\/07\/seguro-encerra-segundo-dia-da-presidencia-aberta-no-distrito-de-santarem\/","og_site_name":"Portal Tela Portugal","article_published_time":"2026-04-07T06:17:27+00:00","author":"Telinha","twitter_card":"summary_large_image","twitter_misc":{"Escrito por":"Telinha","Tempo estimado de leitura":"1 minuto"},"schema":{"@context":"https:\/\/schema.org","@graph":[{"@type":"Article","@id":"https:\/\/portaltela.pt\/noticias\/2026\/04\/07\/seguro-encerra-segundo-dia-da-presidencia-aberta-no-distrito-de-santarem\/#article","isPartOf":{"@id":"https:\/\/portaltela.pt\/noticias\/2026\/04\/07\/seguro-encerra-segundo-dia-da-presidencia-aberta-no-distrito-de-santarem\/"},"author":{"name":"Telinha","@id":"https:\/\/portaltela.pt\/#\/schema\/person\/c4278d4a6028830caff9ee44b42d32ed"},"headline":"Seguro encerra segundo dia da presid\u00eancia aberta no distrito de Santar\u00e9m","datePublished":"2026-04-07T06:17:27+00:00","mainEntityOfPage":{"@id":"https:\/\/portaltela.pt\/noticias\/2026\/04\/07\/seguro-encerra-segundo-dia-da-presidencia-aberta-no-distrito-de-santarem\/"},"wordCount":308,"image":{"@id":"https:\/\/portaltela.pt\/noticias\/2026\/04\/07\/seguro-encerra-segundo-dia-da-presidencia-aberta-no-distrito-de-santarem\/#primaryimage"},"thumbnailUrl":"https:\/\/portaltela.pt\/s.01k8rhncp4jt1\/2026\/04\/img_1500x1000uu2026-04-06-12-02-01-2276834.jpg","keywords":["_habita\u00e7\u00e3o","Ferreira do Z\u00eazere","Ma\u00e7\u00e3o","Our\u00e9m","Santar\u00e9m","Tomar"],"articleSection":["Not\u00edcias","Pol\u00edtica"],"inLanguage":"pt-PT"},{"@type":"WebPage","@id":"https:\/\/portaltela.pt\/noticias\/2026\/04\/07\/seguro-encerra-segundo-dia-da-presidencia-aberta-no-distrito-de-santarem\/","url":"https:\/\/portaltela.pt\/noticias\/2026\/04\/07\/seguro-encerra-segundo-dia-da-presidencia-aberta-no-distrito-de-santarem\/","name":"Seguro encerra segundo dia da presid\u00eancia aberta no distrito de Santar\u00e9m - Portal Tela Portugal","isPartOf":{"@id":"https:\/\/portaltela.pt\/#website"},"primaryImageOfPage":{"@id":"https:\/\/portaltela.pt\/noticias\/2026\/04\/07\/seguro-encerra-segundo-dia-da-presidencia-aberta-no-distrito-de-santarem\/#primaryimage"},"image":{"@id":"https:\/\/portaltela.pt\/noticias\/2026\/04\/07\/seguro-encerra-segundo-dia-da-presidencia-aberta-no-distrito-de-santarem\/#primaryimage"},"thumbnailUrl":"https:\/\/portaltela.pt\/s.01k8rhncp4jt1\/2026\/04\/img_1500x1000uu2026-04-06-12-02-01-2276834.jpg","datePublished":"2026-04-07T06:17:27+00:00","author":{"@id":"https:\/\/portaltela.pt\/#\/schema\/person\/c4278d4a6028830caff9ee44b42d32ed"},"breadcrumb":{"@id":"https:\/\/portaltela.pt\/noticias\/2026\/04\/07\/seguro-encerra-segundo-dia-da-presidencia-aberta-no-distrito-de-santarem\/#breadcrumb"},"inLanguage":"pt-PT","potentialAction":[{"@type":"ReadAction","target":["https:\/\/portaltela.pt\/noticias\/2026\/04\/07\/seguro-encerra-segundo-dia-da-presidencia-aberta-no-distrito-de-santarem\/"]}]},{"@type":"ImageObject","inLanguage":"pt-PT","@id":"https:\/\/portaltela.pt\/noticias\/2026\/04\/07\/seguro-encerra-segundo-dia-da-presidencia-aberta-no-distrito-de-santarem\/#primaryimage","url":"https:\/\/portaltela.pt\/s.01k8rhncp4jt1\/2026\/04\/img_1500x1000uu2026-04-06-12-02-01-2276834.jpg","contentUrl":"https:\/\/portaltela.pt\/s.01k8rhncp4jt1\/2026\/04\/img_1500x1000uu2026-04-06-12-02-01-2276834.jpg","width":1500,"height":1000,"caption":"Ant\u00f3nio Jos\u00e9 Seguro na primeira presid\u00eancia aberta"},{"@type":"BreadcrumbList","@id":"https:\/\/portaltela.pt\/noticias\/2026\/04\/07\/seguro-encerra-segundo-dia-da-presidencia-aberta-no-distrito-de-santarem\/#breadcrumb","itemListElement":[{"@type":"ListItem","position":1,"name":"In\u00edcio","item":"https:\/\/portaltela.pt\/"},{"@type":"ListItem","position":2,"name":"Seguro encerra segundo dia da presid\u00eancia aberta no distrito de Santar\u00e9m"}]},{"@type":"WebSite","@id":"https:\/\/portaltela.pt\/#website","url":"https:\/\/portaltela.pt\/","name":"Portal Tela Portugal","description":"","potentialAction":[{"@type":"SearchAction","target":{"@type":"EntryPoint","urlTemplate":"https:\/\/portaltela.pt\/?s={search_term_string}"},"query-input":{"@type":"PropertyValueSpecification","valueRequired":true,"valueName":"search_term_string"}}],"inLanguage":"pt-PT"},{"@type":"Person","@id":"https:\/\/portaltela.pt\/#\/schema\/person\/c4278d4a6028830caff9ee44b42d32ed","name":"Telinha","image":{"@type":"ImageObject","inLanguage":"pt-PT","@id":"https:\/\/portaltela.pt\/s.01k8rhncp4jt1\/2025\/11\/talking-bot-125x125.png","url":"https:\/\/portaltela.pt\/s.01k8rhncp4jt1\/2025\/11\/talking-bot-125x125.png","contentUrl":"https:\/\/portaltela.pt\/s.01k8rhncp4jt1\/2025\/11\/talking-bot-125x125.png","caption":"Telinha"},"sameAs":["https:\/\/portaltela.pt\/"],"url":"https:\/\/portaltela.pt\/por\/367410592786\/"}]}},"_links":{"self":[{"href":"https:\/\/portaltela.pt\/api\/wp\/v2\/posts\/434909","targetHints":{"allow":["GET"]}}],"collection":[{"href":"https:\/\/portaltela.pt\/api\/wp\/v2\/posts"}],"about":[{"href":"https:\/\/portaltela.pt\/api\/wp\/v2\/types\/post"}],"author":[{"embeddable":true,"href":"https:\/\/portaltela.pt\/api\/wp\/v2\/users\/2"}],"replies":[{"embeddable":true,"href":"https:\/\/portaltela.pt\/api\/wp\/v2\/comments?post=434909"}],"version-history":[{"count":0,"href":"https:\/\/portaltela.pt\/api\/wp\/v2\/posts\/434909\/revisions"}],"wp:featuredmedia":[{"embeddable":true,"href":"https:\/\/portaltela.pt\/api\/wp\/v2\/media\/434910"}],"wp:attachment":[{"href":"https:\/\/portaltela.pt\/api\/wp\/v2\/media?parent=434909"}],"wp:term":[{"taxonomy":"category","embeddable":true,"href":"https:\/\/portaltela.pt\/api\/wp\/v2\/categories?post=434909"},{"taxonomy":"post_tag","embeddable":true,"href":"https:\/\/portaltela.pt\/api\/wp\/v2\/tags?post=434909"}],"curies":[{"name":"wp","href":"https:\/\/api.w.org\/{rel}","templated":true}]}}