{"id":434907,"date":"2026-04-07T03:17:15","date_gmt":"2026-04-07T06:17:15","guid":{"rendered":"https:\/\/portaltela.pt\/noticias\/2026\/04\/07\/vance-apoia-orban-na-ultima-semana-da-campanha-eleitoral-na-hungria\/"},"modified":"2026-04-07T03:17:15","modified_gmt":"2026-04-07T06:17:15","slug":"vance-apoia-orban-na-ultima-semana-da-campanha-eleitoral-na-hungria","status":"publish","type":"post","link":"https:\/\/portaltela.pt\/noticias\/2026\/04\/07\/vance-apoia-orban-na-ultima-semana-da-campanha-eleitoral-na-hungria\/","title":{"rendered":"Vance apoia Orb\u00e1n na \u00faltima semana da campanha eleitoral na Hungria"},"content":{"rendered":"<p>Europe Today, o principal programa matinal da Euronews, traz hoje uma edi\u00e7\u00e3o com foco nas principais not\u00edcias do dia, em formato de 20 minutos. A apresenta\u00e7\u00e3o decorre a partir de Bruxelas, com o espa\u00e7o dispon\u00edvel para an\u00e1lises r\u00e1pidas.<\/p>\n<p>Entre os temas, destaca-se o aceitado tema de tens\u00f5es no M\u00e9dio Oriente, com Aadel Haleem em direto de Doha. A equipa acompanha tamb\u00e9m o impasse entre a UE e a Hungria sobre o oleoduto Druzhba, com atualiza\u00e7\u00f5es que se mant\u00e9m em desenvolvimento.<\/p>\n<h3>Visita de JD Vance a Budapeste<\/h3>\n<p>Relata-se a passagem de JD Vance, vice-presidente dos EUA, a Budapeste para apoiar Viktor Orb\u00e1n na reta final da campanha eleitoral h\u00fangara. A equipa de reportagem est\u00e1 em direto a partir da capital do pa\u00eds.<\/p>\n<p>Maria Tadeo analisa a postura da UE frente ao escrut\u00ednio pol\u00edtico na Hungria, evidenciando a estrat\u00e9gia de manter uma abordagem cautelosa at\u00e9 \u00e0s elei\u00e7\u00f5es deste domingo. O objetivo \u00e9 compreender as implica\u00e7\u00f5es para a pol\u00edtica externa.<\/p>\n<h3>Entrevista e contexto humanit\u00e1rio<\/h3>\n<p>Kristin Davis, atriz e embaixadora da Boa Vontade do ACNUR, participa em entrevista para esclarecer iniciativas de apoio a refugiados e o papel da organiza\u00e7\u00e3o em cen\u00e1rios de crise.<\/p>\n<p>Pode acompanhar a emiss\u00e3o ao vivo da Euronews com M\u00e9abh Mc Mahon e Maria Tadeo, dispon\u00edvel na televis\u00e3o, no site e nas plataformas digitais, de segunda a sexta-feira. A edi\u00e7\u00e3o refor\u00e7a a leitura cr\u00edtica das principais hist\u00f3rias da UE e do mundo.<\/p>\n","protected":false},"excerpt":{"rendered":"<ul>\n<li>O vice\u2011presidente dos EUA, JD Vance, deslocou\u2011se a Budapeste para apoiar Viktor Orb\u00e1n nas elei\u00e7\u00f5es deste fim de semana.<\/li>\n<li>T\u00eam\u00e1ticas de tens\u00e3o entre a Uni\u00e3o Europeia e a Hungria em torno do oleoduto Druzhba mant\u00eam\u2011se em destaque.<\/li>\n<li>A edi\u00e7\u00e3o do Europe Today traz reportagens de Doha com Aadel Haleem e de Budapeste com Zolt\u00e1n Siposhegyi.<\/li>\n<li>A apresentadora Maria Tadeo explica a estrat\u00e9gia da UE de esperar para ver, enquanto os h\u00fangaros votam no domingo.<\/li>\n<\/ul>\n<p>\u2022Entrevista com Kristin Davis, atriz e embaixadora da Boa Vontade do ACNUR.<\/p>\n","protected":false},"author":2,"featured_media":434908,"comment_status":"closed","ping_status":"closed","sticky":false,"template":"","format":"standard","meta":{"footnotes":""},"categories":[6814,1],"tags":[4019,29,68,2579,5698,2055],"class_list":["post-434907","post","type-post","status-publish","format-standard","has-post-thumbnail","hentry","category-geopolitica","category-noticias","tag-acnur","tag-diplomacia","tag-eleicoes","tag-hungria","tag-politica-internacional","tag-uniao-europeia"],"yoast_head":"<!-- This site is optimized with the Yoast SEO plugin v27.2 - https:\/\/yoast.com\/product\/yoast-seo-wordpress\/ -->\n<title>Vance apoia Orb\u00e1n na \u00faltima semana da campanha eleitoral na Hungria - Portal Tela Portugal<\/title>\n<meta name=\"robots\" content=\"index, follow, max-snippet:-1, max-image-preview:large, max-video-preview:-1\" \/>\n<meta property=\"og:locale\" content=\"pt_PT\" \/>\n<meta property=\"og:type\" content=\"article\" \/>\n<meta property=\"og:title\" content=\"Vance apoia Orb\u00e1n na \u00faltima semana da campanha eleitoral na Hungria - Portal Tela Portugal\" \/>\n<meta property=\"og:description\" content=\"O vice\u2011presidente dos EUA, JD Vance, deslocou\u2011se a Budapeste para apoiar Viktor Orb\u00e1n nas elei\u00e7\u00f5es deste fim de semana. T\u00eam\u00e1ticas de tens\u00e3o entre a Uni\u00e3o Europeia e a Hungria em torno do oleoduto Druzhba mant\u00eam\u2011se em destaque. A edi\u00e7\u00e3o do Europe Today traz reportagens de Doha com Aadel Haleem e de Budapeste com Zolt\u00e1n Siposhegyi. A apresentadora Maria Tadeo explica a estrat\u00e9gia da UE de esperar para ver, enquanto os h\u00fangaros votam no domingo. \u2022Entrevista com Kristin Davis, atriz e embaixadora da Boa Vontade do ACNUR.\" \/>\n<meta property=\"og:url\" content=\"https:\/\/portaltela.pt\/noticias\/2026\/04\/07\/vance-apoia-orban-na-ultima-semana-da-campanha-eleitoral-na-hungria\/\" \/>\n<meta property=\"og:site_name\" content=\"Portal Tela Portugal\" \/>\n<meta property=\"article:published_time\" content=\"2026-04-07T06:17:15+00:00\" \/>\n<meta name=\"author\" content=\"Telinha\" \/>\n<meta name=\"twitter:card\" content=\"summary_large_image\" \/>\n<meta name=\"twitter:label1\" content=\"Escrito por\" \/>\n\t<meta name=\"twitter:data1\" content=\"Telinha\" \/>\n\t<meta name=\"twitter:label2\" content=\"Tempo estimado de leitura\" \/>\n\t<meta name=\"twitter:data2\" content=\"1 minuto\" \/>\n<script type=\"application\/ld+json\" class=\"yoast-schema-graph\">{\"@context\":\"https:\/\/schema.org\",\"@graph\":[{\"@type\":\"Article\",\"@id\":\"https:\/\/portaltela.pt\/noticias\/2026\/04\/07\/vance-apoia-orban-na-ultima-semana-da-campanha-eleitoral-na-hungria\/#article\",\"isPartOf\":{\"@id\":\"https:\/\/portaltela.pt\/noticias\/2026\/04\/07\/vance-apoia-orban-na-ultima-semana-da-campanha-eleitoral-na-hungria\/\"},\"author\":{\"name\":\"Telinha\",\"@id\":\"https:\/\/portaltela.pt\/#\/schema\/person\/c4278d4a6028830caff9ee44b42d32ed\"},\"headline\":\"Vance apoia Orb\u00e1n na \u00faltima semana da campanha eleitoral na Hungria\",\"datePublished\":\"2026-04-07T06:17:15+00:00\",\"mainEntityOfPage\":{\"@id\":\"https:\/\/portaltela.pt\/noticias\/2026\/04\/07\/vance-apoia-orban-na-ultima-semana-da-campanha-eleitoral-na-hungria\/\"},\"wordCount\":274,\"image\":{\"@id\":\"https:\/\/portaltela.pt\/noticias\/2026\/04\/07\/vance-apoia-orban-na-ultima-semana-da-campanha-eleitoral-na-hungria\/#primaryimage\"},\"thumbnailUrl\":\"https:\/\/portaltela.pt\/s.01k8rhncp4jt1\/2026\/04\/1536x864_cmsv2_c3209576-19af-5cff-8eeb-eba422266525-9710589.jpg\",\"keywords\":[\"ACNUR\",\"diplomacia\",\"elei\u00e7\u00f5es\",\"Hungria\",\"pol\u00edtica internacional\",\"Uni\u00e3o Europeia\"],\"articleSection\":[\"Geopol\u00edtica\",\"Not\u00edcias\"],\"inLanguage\":\"pt-PT\"},{\"@type\":\"WebPage\",\"@id\":\"https:\/\/portaltela.pt\/noticias\/2026\/04\/07\/vance-apoia-orban-na-ultima-semana-da-campanha-eleitoral-na-hungria\/\",\"url\":\"https:\/\/portaltela.pt\/noticias\/2026\/04\/07\/vance-apoia-orban-na-ultima-semana-da-campanha-eleitoral-na-hungria\/\",\"name\":\"Vance apoia Orb\u00e1n na \u00faltima semana da campanha eleitoral na Hungria - Portal Tela Portugal\",\"isPartOf\":{\"@id\":\"https:\/\/portaltela.pt\/#website\"},\"primaryImageOfPage\":{\"@id\":\"https:\/\/portaltela.pt\/noticias\/2026\/04\/07\/vance-apoia-orban-na-ultima-semana-da-campanha-eleitoral-na-hungria\/#primaryimage\"},\"image\":{\"@id\":\"https:\/\/portaltela.pt\/noticias\/2026\/04\/07\/vance-apoia-orban-na-ultima-semana-da-campanha-eleitoral-na-hungria\/#primaryimage\"},\"thumbnailUrl\":\"https:\/\/portaltela.pt\/s.01k8rhncp4jt1\/2026\/04\/1536x864_cmsv2_c3209576-19af-5cff-8eeb-eba422266525-9710589.jpg\",\"datePublished\":\"2026-04-07T06:17:15+00:00\",\"author\":{\"@id\":\"https:\/\/portaltela.pt\/#\/schema\/person\/c4278d4a6028830caff9ee44b42d32ed\"},\"breadcrumb\":{\"@id\":\"https:\/\/portaltela.pt\/noticias\/2026\/04\/07\/vance-apoia-orban-na-ultima-semana-da-campanha-eleitoral-na-hungria\/#breadcrumb\"},\"inLanguage\":\"pt-PT\",\"potentialAction\":[{\"@type\":\"ReadAction\",\"target\":[\"https:\/\/portaltela.pt\/noticias\/2026\/04\/07\/vance-apoia-orban-na-ultima-semana-da-campanha-eleitoral-na-hungria\/\"]}]},{\"@type\":\"ImageObject\",\"inLanguage\":\"pt-PT\",\"@id\":\"https:\/\/portaltela.pt\/noticias\/2026\/04\/07\/vance-apoia-orban-na-ultima-semana-da-campanha-eleitoral-na-hungria\/#primaryimage\",\"url\":\"https:\/\/portaltela.pt\/s.01k8rhncp4jt1\/2026\/04\/1536x864_cmsv2_c3209576-19af-5cff-8eeb-eba422266525-9710589.jpg\",\"contentUrl\":\"https:\/\/portaltela.pt\/s.01k8rhncp4jt1\/2026\/04\/1536x864_cmsv2_c3209576-19af-5cff-8eeb-eba422266525-9710589.jpg\",\"width\":796,\"height\":448,\"caption\":\"Europa hoje\"},{\"@type\":\"BreadcrumbList\",\"@id\":\"https:\/\/portaltela.pt\/noticias\/2026\/04\/07\/vance-apoia-orban-na-ultima-semana-da-campanha-eleitoral-na-hungria\/#breadcrumb\",\"itemListElement\":[{\"@type\":\"ListItem\",\"position\":1,\"name\":\"In\u00edcio\",\"item\":\"https:\/\/portaltela.pt\/\"},{\"@type\":\"ListItem\",\"position\":2,\"name\":\"Vance apoia Orb\u00e1n na \u00faltima semana da campanha eleitoral na Hungria\"}]},{\"@type\":\"WebSite\",\"@id\":\"https:\/\/portaltela.pt\/#website\",\"url\":\"https:\/\/portaltela.pt\/\",\"name\":\"Portal Tela Portugal\",\"description\":\"\",\"potentialAction\":[{\"@type\":\"SearchAction\",\"target\":{\"@type\":\"EntryPoint\",\"urlTemplate\":\"https:\/\/portaltela.pt\/?s={search_term_string}\"},\"query-input\":{\"@type\":\"PropertyValueSpecification\",\"valueRequired\":true,\"valueName\":\"search_term_string\"}}],\"inLanguage\":\"pt-PT\"},{\"@type\":\"Person\",\"@id\":\"https:\/\/portaltela.pt\/#\/schema\/person\/c4278d4a6028830caff9ee44b42d32ed\",\"name\":\"Telinha\",\"image\":{\"@type\":\"ImageObject\",\"inLanguage\":\"pt-PT\",\"@id\":\"https:\/\/portaltela.pt\/s.01k8rhncp4jt1\/2025\/11\/talking-bot-125x125.png\",\"url\":\"https:\/\/portaltela.pt\/s.01k8rhncp4jt1\/2025\/11\/talking-bot-125x125.png\",\"contentUrl\":\"https:\/\/portaltela.pt\/s.01k8rhncp4jt1\/2025\/11\/talking-bot-125x125.png\",\"caption\":\"Telinha\"},\"sameAs\":[\"https:\/\/portaltela.pt\/\"],\"url\":\"https:\/\/portaltela.pt\/por\/367410592786\/\"}]}<\/script>\n<!-- \/ Yoast SEO plugin. -->","yoast_head_json":{"title":"Vance apoia Orb\u00e1n na \u00faltima semana da campanha eleitoral na Hungria - Portal Tela Portugal","robots":{"index":"index","follow":"follow","max-snippet":"max-snippet:-1","max-image-preview":"max-image-preview:large","max-video-preview":"max-video-preview:-1"},"og_locale":"pt_PT","og_type":"article","og_title":"Vance apoia Orb\u00e1n na \u00faltima semana da campanha eleitoral na Hungria - Portal Tela Portugal","og_description":"O vice\u2011presidente dos EUA, JD Vance, deslocou\u2011se a Budapeste para apoiar Viktor Orb\u00e1n nas elei\u00e7\u00f5es deste fim de semana. T\u00eam\u00e1ticas de tens\u00e3o entre a Uni\u00e3o Europeia e a Hungria em torno do oleoduto Druzhba mant\u00eam\u2011se em destaque. A edi\u00e7\u00e3o do Europe Today traz reportagens de Doha com Aadel Haleem e de Budapeste com Zolt\u00e1n Siposhegyi. A apresentadora Maria Tadeo explica a estrat\u00e9gia da UE de esperar para ver, enquanto os h\u00fangaros votam no domingo. \u2022Entrevista com Kristin Davis, atriz e embaixadora da Boa Vontade do ACNUR.","og_url":"https:\/\/portaltela.pt\/noticias\/2026\/04\/07\/vance-apoia-orban-na-ultima-semana-da-campanha-eleitoral-na-hungria\/","og_site_name":"Portal Tela Portugal","article_published_time":"2026-04-07T06:17:15+00:00","author":"Telinha","twitter_card":"summary_large_image","twitter_misc":{"Escrito por":"Telinha","Tempo estimado de leitura":"1 minuto"},"schema":{"@context":"https:\/\/schema.org","@graph":[{"@type":"Article","@id":"https:\/\/portaltela.pt\/noticias\/2026\/04\/07\/vance-apoia-orban-na-ultima-semana-da-campanha-eleitoral-na-hungria\/#article","isPartOf":{"@id":"https:\/\/portaltela.pt\/noticias\/2026\/04\/07\/vance-apoia-orban-na-ultima-semana-da-campanha-eleitoral-na-hungria\/"},"author":{"name":"Telinha","@id":"https:\/\/portaltela.pt\/#\/schema\/person\/c4278d4a6028830caff9ee44b42d32ed"},"headline":"Vance apoia Orb\u00e1n na \u00faltima semana da campanha eleitoral na Hungria","datePublished":"2026-04-07T06:17:15+00:00","mainEntityOfPage":{"@id":"https:\/\/portaltela.pt\/noticias\/2026\/04\/07\/vance-apoia-orban-na-ultima-semana-da-campanha-eleitoral-na-hungria\/"},"wordCount":274,"image":{"@id":"https:\/\/portaltela.pt\/noticias\/2026\/04\/07\/vance-apoia-orban-na-ultima-semana-da-campanha-eleitoral-na-hungria\/#primaryimage"},"thumbnailUrl":"https:\/\/portaltela.pt\/s.01k8rhncp4jt1\/2026\/04\/1536x864_cmsv2_c3209576-19af-5cff-8eeb-eba422266525-9710589.jpg","keywords":["ACNUR","diplomacia","elei\u00e7\u00f5es","Hungria","pol\u00edtica internacional","Uni\u00e3o Europeia"],"articleSection":["Geopol\u00edtica","Not\u00edcias"],"inLanguage":"pt-PT"},{"@type":"WebPage","@id":"https:\/\/portaltela.pt\/noticias\/2026\/04\/07\/vance-apoia-orban-na-ultima-semana-da-campanha-eleitoral-na-hungria\/","url":"https:\/\/portaltela.pt\/noticias\/2026\/04\/07\/vance-apoia-orban-na-ultima-semana-da-campanha-eleitoral-na-hungria\/","name":"Vance apoia Orb\u00e1n na \u00faltima semana da campanha eleitoral na Hungria - Portal Tela Portugal","isPartOf":{"@id":"https:\/\/portaltela.pt\/#website"},"primaryImageOfPage":{"@id":"https:\/\/portaltela.pt\/noticias\/2026\/04\/07\/vance-apoia-orban-na-ultima-semana-da-campanha-eleitoral-na-hungria\/#primaryimage"},"image":{"@id":"https:\/\/portaltela.pt\/noticias\/2026\/04\/07\/vance-apoia-orban-na-ultima-semana-da-campanha-eleitoral-na-hungria\/#primaryimage"},"thumbnailUrl":"https:\/\/portaltela.pt\/s.01k8rhncp4jt1\/2026\/04\/1536x864_cmsv2_c3209576-19af-5cff-8eeb-eba422266525-9710589.jpg","datePublished":"2026-04-07T06:17:15+00:00","author":{"@id":"https:\/\/portaltela.pt\/#\/schema\/person\/c4278d4a6028830caff9ee44b42d32ed"},"breadcrumb":{"@id":"https:\/\/portaltela.pt\/noticias\/2026\/04\/07\/vance-apoia-orban-na-ultima-semana-da-campanha-eleitoral-na-hungria\/#breadcrumb"},"inLanguage":"pt-PT","potentialAction":[{"@type":"ReadAction","target":["https:\/\/portaltela.pt\/noticias\/2026\/04\/07\/vance-apoia-orban-na-ultima-semana-da-campanha-eleitoral-na-hungria\/"]}]},{"@type":"ImageObject","inLanguage":"pt-PT","@id":"https:\/\/portaltela.pt\/noticias\/2026\/04\/07\/vance-apoia-orban-na-ultima-semana-da-campanha-eleitoral-na-hungria\/#primaryimage","url":"https:\/\/portaltela.pt\/s.01k8rhncp4jt1\/2026\/04\/1536x864_cmsv2_c3209576-19af-5cff-8eeb-eba422266525-9710589.jpg","contentUrl":"https:\/\/portaltela.pt\/s.01k8rhncp4jt1\/2026\/04\/1536x864_cmsv2_c3209576-19af-5cff-8eeb-eba422266525-9710589.jpg","width":796,"height":448,"caption":"Europa hoje"},{"@type":"BreadcrumbList","@id":"https:\/\/portaltela.pt\/noticias\/2026\/04\/07\/vance-apoia-orban-na-ultima-semana-da-campanha-eleitoral-na-hungria\/#breadcrumb","itemListElement":[{"@type":"ListItem","position":1,"name":"In\u00edcio","item":"https:\/\/portaltela.pt\/"},{"@type":"ListItem","position":2,"name":"Vance apoia Orb\u00e1n na \u00faltima semana da campanha eleitoral na Hungria"}]},{"@type":"WebSite","@id":"https:\/\/portaltela.pt\/#website","url":"https:\/\/portaltela.pt\/","name":"Portal Tela Portugal","description":"","potentialAction":[{"@type":"SearchAction","target":{"@type":"EntryPoint","urlTemplate":"https:\/\/portaltela.pt\/?s={search_term_string}"},"query-input":{"@type":"PropertyValueSpecification","valueRequired":true,"valueName":"search_term_string"}}],"inLanguage":"pt-PT"},{"@type":"Person","@id":"https:\/\/portaltela.pt\/#\/schema\/person\/c4278d4a6028830caff9ee44b42d32ed","name":"Telinha","image":{"@type":"ImageObject","inLanguage":"pt-PT","@id":"https:\/\/portaltela.pt\/s.01k8rhncp4jt1\/2025\/11\/talking-bot-125x125.png","url":"https:\/\/portaltela.pt\/s.01k8rhncp4jt1\/2025\/11\/talking-bot-125x125.png","contentUrl":"https:\/\/portaltela.pt\/s.01k8rhncp4jt1\/2025\/11\/talking-bot-125x125.png","caption":"Telinha"},"sameAs":["https:\/\/portaltela.pt\/"],"url":"https:\/\/portaltela.pt\/por\/367410592786\/"}]}},"_links":{"self":[{"href":"https:\/\/portaltela.pt\/api\/wp\/v2\/posts\/434907","targetHints":{"allow":["GET"]}}],"collection":[{"href":"https:\/\/portaltela.pt\/api\/wp\/v2\/posts"}],"about":[{"href":"https:\/\/portaltela.pt\/api\/wp\/v2\/types\/post"}],"author":[{"embeddable":true,"href":"https:\/\/portaltela.pt\/api\/wp\/v2\/users\/2"}],"replies":[{"embeddable":true,"href":"https:\/\/portaltela.pt\/api\/wp\/v2\/comments?post=434907"}],"version-history":[{"count":0,"href":"https:\/\/portaltela.pt\/api\/wp\/v2\/posts\/434907\/revisions"}],"wp:featuredmedia":[{"embeddable":true,"href":"https:\/\/portaltela.pt\/api\/wp\/v2\/media\/434908"}],"wp:attachment":[{"href":"https:\/\/portaltela.pt\/api\/wp\/v2\/media?parent=434907"}],"wp:term":[{"taxonomy":"category","embeddable":true,"href":"https:\/\/portaltela.pt\/api\/wp\/v2\/categories?post=434907"},{"taxonomy":"post_tag","embeddable":true,"href":"https:\/\/portaltela.pt\/api\/wp\/v2\/tags?post=434907"}],"curies":[{"name":"wp","href":"https:\/\/api.w.org\/{rel}","templated":true}]}}