{"id":434904,"date":"2026-04-07T03:17:09","date_gmt":"2026-04-07T06:17:09","guid":{"rendered":"https:\/\/portaltela.pt\/noticias\/2026\/04\/07\/vice-presidente-dos-eua-visita-budapeste-para-apoiar-orban\/"},"modified":"2026-04-07T03:17:09","modified_gmt":"2026-04-07T06:17:09","slug":"vice-presidente-dos-eua-visita-budapeste-para-apoiar-orban","status":"publish","type":"post","link":"https:\/\/portaltela.pt\/noticias\/2026\/04\/07\/vice-presidente-dos-eua-visita-budapeste-para-apoiar-orban\/","title":{"rendered":"Vice-presidente dos EUA visita Budapeste para apoiar Orb\u00e1n"},"content":{"rendered":"<p>O vice-presidente dos EUA, JD Vance, e a mulher, Usha Vance, visitam a Hungria nos \u00faltimos dias de campanha, apontando para Budapeste nesta ter\u00e7a e quarta-feira.<\/p>\n<p>Vance vai reunir-se com o primeiro-ministro Viktor Orb\u00e1n na manh\u00e3 de ter\u00e7a, seguindo-se um discurso no com\u00edcio Dia da Amizade H\u00fangaro-Americana, localizado no Parque Desportivo MTK, em Budapeste.<\/p>\n<h3>Contexto pol\u00edtico<\/h3>\n<p>A visita insere-se numa fase em que Orb\u00e1n procura manter rela\u00e7\u00f5es pr\u00f3ximas com pot\u00eancias mundiais, incluindo os EUA, em meio ao ciclo eleitoral. Trump j\u00e1 manifestou apoio a Orb\u00e1n, atrav\u00e9s de declara\u00e7\u00f5es p\u00fablicas anteriores.<\/p>\n<p>JD Vance \u00e9 o pol\u00edtico americano de mais alto n\u00edvel a visitar a Hungria desde 2006, de acordo com o registo p\u00fablico. As elei\u00e7\u00f5es legislativas na Hungria ocorrem a 12 de abril.<\/p>\n","protected":false},"excerpt":{"rendered":"<ul>\n<li>O vice-presidente dos EUA, JD Vance, e a mulher, Usha Vance, visitam a Hungria esta ter\u00e7a e quarta-feira para apoiar Viktor Orb\u00e1n.<\/li>\n<li>Vance reunir\u00e1-se com o primeiro-ministro na ter\u00e7a de manh\u00e3 e far\u00e1 um discurso no com\u00edcio Dia da Amizade H\u00fangaro-Americana, no Parque Desportivo MTK, em Budapeste.<\/li>\n<li>A campanha de Orb\u00e1n foca-se em pol\u00edtica externa, incluindo manter boas rela\u00e7\u00f5es com Donald Trump e com o presidente russo Vladimir Putin.<\/li>\n<li>Donald Trump apoiou Orb\u00e1n, declarando apoio total \u00e0 sua pr\u00f3xima elei\u00e7\u00e3o.<\/li>\n<li>JD Vance \u00e9 o pol\u00edtico americano de mais alto n\u00edvel a visitar a Hungria desde 2006; as elei\u00e7\u00f5es legislativas realizam-se a doze de abril.<\/li>\n<\/ul>\n","protected":false},"author":2,"featured_media":434905,"comment_status":"closed","ping_status":"closed","sticky":false,"template":"","format":"standard","meta":{"footnotes":""},"categories":[6814,1],"tags":[823,68,1600,2579,2832,5698],"class_list":["post-434904","post","type-post","status-publish","format-standard","has-post-thumbnail","hentry","category-geopolitica","category-noticias","tag-campanha","tag-eleicoes","tag-estados-unidos","tag-hungria","tag-politica","tag-politica-internacional"],"yoast_head":"<!-- This site is optimized with the Yoast SEO plugin v27.2 - https:\/\/yoast.com\/product\/yoast-seo-wordpress\/ -->\n<title>Vice-presidente dos EUA visita Budapeste para apoiar Orb\u00e1n - Portal Tela Portugal<\/title>\n<meta name=\"robots\" content=\"index, follow, max-snippet:-1, max-image-preview:large, max-video-preview:-1\" \/>\n<meta property=\"og:locale\" content=\"pt_PT\" \/>\n<meta property=\"og:type\" content=\"article\" \/>\n<meta property=\"og:title\" content=\"Vice-presidente dos EUA visita Budapeste para apoiar Orb\u00e1n - Portal Tela Portugal\" \/>\n<meta property=\"og:description\" content=\"O vice-presidente dos EUA, JD Vance, e a mulher, Usha Vance, visitam a Hungria esta ter\u00e7a e quarta-feira para apoiar Viktor Orb\u00e1n. Vance reunir\u00e1-se com o primeiro-ministro na ter\u00e7a de manh\u00e3 e far\u00e1 um discurso no com\u00edcio Dia da Amizade H\u00fangaro-Americana, no Parque Desportivo MTK, em Budapeste. A campanha de Orb\u00e1n foca-se em pol\u00edtica externa, incluindo manter boas rela\u00e7\u00f5es com Donald Trump e com o presidente russo Vladimir Putin. Donald Trump apoiou Orb\u00e1n, declarando apoio total \u00e0 sua pr\u00f3xima elei\u00e7\u00e3o. JD Vance \u00e9 o pol\u00edtico americano de mais alto n\u00edvel a visitar a Hungria desde 2006; as elei\u00e7\u00f5es legislativas realizam-se a doze de abril.\" \/>\n<meta property=\"og:url\" content=\"https:\/\/portaltela.pt\/noticias\/2026\/04\/07\/vice-presidente-dos-eua-visita-budapeste-para-apoiar-orban\/\" \/>\n<meta property=\"og:site_name\" content=\"Portal Tela Portugal\" \/>\n<meta property=\"article:published_time\" content=\"2026-04-07T06:17:09+00:00\" \/>\n<meta name=\"author\" content=\"Telinha\" \/>\n<meta name=\"twitter:card\" content=\"summary_large_image\" \/>\n<meta name=\"twitter:label1\" content=\"Escrito por\" \/>\n\t<meta name=\"twitter:data1\" content=\"Telinha\" \/>\n\t<meta name=\"twitter:label2\" content=\"Tempo estimado de leitura\" \/>\n\t<meta name=\"twitter:data2\" content=\"1 minuto\" \/>\n<script type=\"application\/ld+json\" class=\"yoast-schema-graph\">{\"@context\":\"https:\/\/schema.org\",\"@graph\":[{\"@type\":\"Article\",\"@id\":\"https:\/\/portaltela.pt\/noticias\/2026\/04\/07\/vice-presidente-dos-eua-visita-budapeste-para-apoiar-orban\/#article\",\"isPartOf\":{\"@id\":\"https:\/\/portaltela.pt\/noticias\/2026\/04\/07\/vice-presidente-dos-eua-visita-budapeste-para-apoiar-orban\/\"},\"author\":{\"name\":\"Telinha\",\"@id\":\"https:\/\/portaltela.pt\/#\/schema\/person\/c4278d4a6028830caff9ee44b42d32ed\"},\"headline\":\"Vice-presidente dos EUA visita Budapeste para apoiar Orb\u00e1n\",\"datePublished\":\"2026-04-07T06:17:09+00:00\",\"mainEntityOfPage\":{\"@id\":\"https:\/\/portaltela.pt\/noticias\/2026\/04\/07\/vice-presidente-dos-eua-visita-budapeste-para-apoiar-orban\/\"},\"wordCount\":146,\"image\":{\"@id\":\"https:\/\/portaltela.pt\/noticias\/2026\/04\/07\/vice-presidente-dos-eua-visita-budapeste-para-apoiar-orban\/#primaryimage\"},\"thumbnailUrl\":\"https:\/\/portaltela.pt\/s.01k8rhncp4jt1\/2026\/04\/1536x864_cmsv2_c7cff0bd-1a5c-5be6-9128-b3d21a6687d1-9712311.jpg\",\"keywords\":[\"campanha\",\"elei\u00e7\u00f5es\",\"Estados Unidos\",\"Hungria\",\"pol\u00edtica\",\"pol\u00edtica internacional\"],\"articleSection\":[\"Geopol\u00edtica\",\"Not\u00edcias\"],\"inLanguage\":\"pt-PT\"},{\"@type\":\"WebPage\",\"@id\":\"https:\/\/portaltela.pt\/noticias\/2026\/04\/07\/vice-presidente-dos-eua-visita-budapeste-para-apoiar-orban\/\",\"url\":\"https:\/\/portaltela.pt\/noticias\/2026\/04\/07\/vice-presidente-dos-eua-visita-budapeste-para-apoiar-orban\/\",\"name\":\"Vice-presidente dos EUA visita Budapeste para apoiar Orb\u00e1n - Portal Tela Portugal\",\"isPartOf\":{\"@id\":\"https:\/\/portaltela.pt\/#website\"},\"primaryImageOfPage\":{\"@id\":\"https:\/\/portaltela.pt\/noticias\/2026\/04\/07\/vice-presidente-dos-eua-visita-budapeste-para-apoiar-orban\/#primaryimage\"},\"image\":{\"@id\":\"https:\/\/portaltela.pt\/noticias\/2026\/04\/07\/vice-presidente-dos-eua-visita-budapeste-para-apoiar-orban\/#primaryimage\"},\"thumbnailUrl\":\"https:\/\/portaltela.pt\/s.01k8rhncp4jt1\/2026\/04\/1536x864_cmsv2_c7cff0bd-1a5c-5be6-9128-b3d21a6687d1-9712311.jpg\",\"datePublished\":\"2026-04-07T06:17:09+00:00\",\"author\":{\"@id\":\"https:\/\/portaltela.pt\/#\/schema\/person\/c4278d4a6028830caff9ee44b42d32ed\"},\"breadcrumb\":{\"@id\":\"https:\/\/portaltela.pt\/noticias\/2026\/04\/07\/vice-presidente-dos-eua-visita-budapeste-para-apoiar-orban\/#breadcrumb\"},\"inLanguage\":\"pt-PT\",\"potentialAction\":[{\"@type\":\"ReadAction\",\"target\":[\"https:\/\/portaltela.pt\/noticias\/2026\/04\/07\/vice-presidente-dos-eua-visita-budapeste-para-apoiar-orban\/\"]}]},{\"@type\":\"ImageObject\",\"inLanguage\":\"pt-PT\",\"@id\":\"https:\/\/portaltela.pt\/noticias\/2026\/04\/07\/vice-presidente-dos-eua-visita-budapeste-para-apoiar-orban\/#primaryimage\",\"url\":\"https:\/\/portaltela.pt\/s.01k8rhncp4jt1\/2026\/04\/1536x864_cmsv2_c7cff0bd-1a5c-5be6-9128-b3d21a6687d1-9712311.jpg\",\"contentUrl\":\"https:\/\/portaltela.pt\/s.01k8rhncp4jt1\/2026\/04\/1536x864_cmsv2_c7cff0bd-1a5c-5be6-9128-b3d21a6687d1-9712311.jpg\",\"width\":796,\"height\":448,\"caption\":\"JD Vance e a sua mulher Usha Vance partem para Budapeste a partir da Base A\u00e9rea de Andrews, em Maryland\"},{\"@type\":\"BreadcrumbList\",\"@id\":\"https:\/\/portaltela.pt\/noticias\/2026\/04\/07\/vice-presidente-dos-eua-visita-budapeste-para-apoiar-orban\/#breadcrumb\",\"itemListElement\":[{\"@type\":\"ListItem\",\"position\":1,\"name\":\"In\u00edcio\",\"item\":\"https:\/\/portaltela.pt\/\"},{\"@type\":\"ListItem\",\"position\":2,\"name\":\"Vice-presidente dos EUA visita Budapeste para apoiar Orb\u00e1n\"}]},{\"@type\":\"WebSite\",\"@id\":\"https:\/\/portaltela.pt\/#website\",\"url\":\"https:\/\/portaltela.pt\/\",\"name\":\"Portal Tela Portugal\",\"description\":\"\",\"potentialAction\":[{\"@type\":\"SearchAction\",\"target\":{\"@type\":\"EntryPoint\",\"urlTemplate\":\"https:\/\/portaltela.pt\/?s={search_term_string}\"},\"query-input\":{\"@type\":\"PropertyValueSpecification\",\"valueRequired\":true,\"valueName\":\"search_term_string\"}}],\"inLanguage\":\"pt-PT\"},{\"@type\":\"Person\",\"@id\":\"https:\/\/portaltela.pt\/#\/schema\/person\/c4278d4a6028830caff9ee44b42d32ed\",\"name\":\"Telinha\",\"image\":{\"@type\":\"ImageObject\",\"inLanguage\":\"pt-PT\",\"@id\":\"https:\/\/portaltela.pt\/s.01k8rhncp4jt1\/2025\/11\/talking-bot-125x125.png\",\"url\":\"https:\/\/portaltela.pt\/s.01k8rhncp4jt1\/2025\/11\/talking-bot-125x125.png\",\"contentUrl\":\"https:\/\/portaltela.pt\/s.01k8rhncp4jt1\/2025\/11\/talking-bot-125x125.png\",\"caption\":\"Telinha\"},\"sameAs\":[\"https:\/\/portaltela.pt\/\"],\"url\":\"https:\/\/portaltela.pt\/por\/367410592786\/\"}]}<\/script>\n<!-- \/ Yoast SEO plugin. -->","yoast_head_json":{"title":"Vice-presidente dos EUA visita Budapeste para apoiar Orb\u00e1n - Portal Tela Portugal","robots":{"index":"index","follow":"follow","max-snippet":"max-snippet:-1","max-image-preview":"max-image-preview:large","max-video-preview":"max-video-preview:-1"},"og_locale":"pt_PT","og_type":"article","og_title":"Vice-presidente dos EUA visita Budapeste para apoiar Orb\u00e1n - Portal Tela Portugal","og_description":"O vice-presidente dos EUA, JD Vance, e a mulher, Usha Vance, visitam a Hungria esta ter\u00e7a e quarta-feira para apoiar Viktor Orb\u00e1n. Vance reunir\u00e1-se com o primeiro-ministro na ter\u00e7a de manh\u00e3 e far\u00e1 um discurso no com\u00edcio Dia da Amizade H\u00fangaro-Americana, no Parque Desportivo MTK, em Budapeste. A campanha de Orb\u00e1n foca-se em pol\u00edtica externa, incluindo manter boas rela\u00e7\u00f5es com Donald Trump e com o presidente russo Vladimir Putin. Donald Trump apoiou Orb\u00e1n, declarando apoio total \u00e0 sua pr\u00f3xima elei\u00e7\u00e3o. JD Vance \u00e9 o pol\u00edtico americano de mais alto n\u00edvel a visitar a Hungria desde 2006; as elei\u00e7\u00f5es legislativas realizam-se a doze de abril.","og_url":"https:\/\/portaltela.pt\/noticias\/2026\/04\/07\/vice-presidente-dos-eua-visita-budapeste-para-apoiar-orban\/","og_site_name":"Portal Tela Portugal","article_published_time":"2026-04-07T06:17:09+00:00","author":"Telinha","twitter_card":"summary_large_image","twitter_misc":{"Escrito por":"Telinha","Tempo estimado de leitura":"1 minuto"},"schema":{"@context":"https:\/\/schema.org","@graph":[{"@type":"Article","@id":"https:\/\/portaltela.pt\/noticias\/2026\/04\/07\/vice-presidente-dos-eua-visita-budapeste-para-apoiar-orban\/#article","isPartOf":{"@id":"https:\/\/portaltela.pt\/noticias\/2026\/04\/07\/vice-presidente-dos-eua-visita-budapeste-para-apoiar-orban\/"},"author":{"name":"Telinha","@id":"https:\/\/portaltela.pt\/#\/schema\/person\/c4278d4a6028830caff9ee44b42d32ed"},"headline":"Vice-presidente dos EUA visita Budapeste para apoiar Orb\u00e1n","datePublished":"2026-04-07T06:17:09+00:00","mainEntityOfPage":{"@id":"https:\/\/portaltela.pt\/noticias\/2026\/04\/07\/vice-presidente-dos-eua-visita-budapeste-para-apoiar-orban\/"},"wordCount":146,"image":{"@id":"https:\/\/portaltela.pt\/noticias\/2026\/04\/07\/vice-presidente-dos-eua-visita-budapeste-para-apoiar-orban\/#primaryimage"},"thumbnailUrl":"https:\/\/portaltela.pt\/s.01k8rhncp4jt1\/2026\/04\/1536x864_cmsv2_c7cff0bd-1a5c-5be6-9128-b3d21a6687d1-9712311.jpg","keywords":["campanha","elei\u00e7\u00f5es","Estados Unidos","Hungria","pol\u00edtica","pol\u00edtica internacional"],"articleSection":["Geopol\u00edtica","Not\u00edcias"],"inLanguage":"pt-PT"},{"@type":"WebPage","@id":"https:\/\/portaltela.pt\/noticias\/2026\/04\/07\/vice-presidente-dos-eua-visita-budapeste-para-apoiar-orban\/","url":"https:\/\/portaltela.pt\/noticias\/2026\/04\/07\/vice-presidente-dos-eua-visita-budapeste-para-apoiar-orban\/","name":"Vice-presidente dos EUA visita Budapeste para apoiar Orb\u00e1n - Portal Tela Portugal","isPartOf":{"@id":"https:\/\/portaltela.pt\/#website"},"primaryImageOfPage":{"@id":"https:\/\/portaltela.pt\/noticias\/2026\/04\/07\/vice-presidente-dos-eua-visita-budapeste-para-apoiar-orban\/#primaryimage"},"image":{"@id":"https:\/\/portaltela.pt\/noticias\/2026\/04\/07\/vice-presidente-dos-eua-visita-budapeste-para-apoiar-orban\/#primaryimage"},"thumbnailUrl":"https:\/\/portaltela.pt\/s.01k8rhncp4jt1\/2026\/04\/1536x864_cmsv2_c7cff0bd-1a5c-5be6-9128-b3d21a6687d1-9712311.jpg","datePublished":"2026-04-07T06:17:09+00:00","author":{"@id":"https:\/\/portaltela.pt\/#\/schema\/person\/c4278d4a6028830caff9ee44b42d32ed"},"breadcrumb":{"@id":"https:\/\/portaltela.pt\/noticias\/2026\/04\/07\/vice-presidente-dos-eua-visita-budapeste-para-apoiar-orban\/#breadcrumb"},"inLanguage":"pt-PT","potentialAction":[{"@type":"ReadAction","target":["https:\/\/portaltela.pt\/noticias\/2026\/04\/07\/vice-presidente-dos-eua-visita-budapeste-para-apoiar-orban\/"]}]},{"@type":"ImageObject","inLanguage":"pt-PT","@id":"https:\/\/portaltela.pt\/noticias\/2026\/04\/07\/vice-presidente-dos-eua-visita-budapeste-para-apoiar-orban\/#primaryimage","url":"https:\/\/portaltela.pt\/s.01k8rhncp4jt1\/2026\/04\/1536x864_cmsv2_c7cff0bd-1a5c-5be6-9128-b3d21a6687d1-9712311.jpg","contentUrl":"https:\/\/portaltela.pt\/s.01k8rhncp4jt1\/2026\/04\/1536x864_cmsv2_c7cff0bd-1a5c-5be6-9128-b3d21a6687d1-9712311.jpg","width":796,"height":448,"caption":"JD Vance e a sua mulher Usha Vance partem para Budapeste a partir da Base A\u00e9rea de Andrews, em Maryland"},{"@type":"BreadcrumbList","@id":"https:\/\/portaltela.pt\/noticias\/2026\/04\/07\/vice-presidente-dos-eua-visita-budapeste-para-apoiar-orban\/#breadcrumb","itemListElement":[{"@type":"ListItem","position":1,"name":"In\u00edcio","item":"https:\/\/portaltela.pt\/"},{"@type":"ListItem","position":2,"name":"Vice-presidente dos EUA visita Budapeste para apoiar Orb\u00e1n"}]},{"@type":"WebSite","@id":"https:\/\/portaltela.pt\/#website","url":"https:\/\/portaltela.pt\/","name":"Portal Tela Portugal","description":"","potentialAction":[{"@type":"SearchAction","target":{"@type":"EntryPoint","urlTemplate":"https:\/\/portaltela.pt\/?s={search_term_string}"},"query-input":{"@type":"PropertyValueSpecification","valueRequired":true,"valueName":"search_term_string"}}],"inLanguage":"pt-PT"},{"@type":"Person","@id":"https:\/\/portaltela.pt\/#\/schema\/person\/c4278d4a6028830caff9ee44b42d32ed","name":"Telinha","image":{"@type":"ImageObject","inLanguage":"pt-PT","@id":"https:\/\/portaltela.pt\/s.01k8rhncp4jt1\/2025\/11\/talking-bot-125x125.png","url":"https:\/\/portaltela.pt\/s.01k8rhncp4jt1\/2025\/11\/talking-bot-125x125.png","contentUrl":"https:\/\/portaltela.pt\/s.01k8rhncp4jt1\/2025\/11\/talking-bot-125x125.png","caption":"Telinha"},"sameAs":["https:\/\/portaltela.pt\/"],"url":"https:\/\/portaltela.pt\/por\/367410592786\/"}]}},"_links":{"self":[{"href":"https:\/\/portaltela.pt\/api\/wp\/v2\/posts\/434904","targetHints":{"allow":["GET"]}}],"collection":[{"href":"https:\/\/portaltela.pt\/api\/wp\/v2\/posts"}],"about":[{"href":"https:\/\/portaltela.pt\/api\/wp\/v2\/types\/post"}],"author":[{"embeddable":true,"href":"https:\/\/portaltela.pt\/api\/wp\/v2\/users\/2"}],"replies":[{"embeddable":true,"href":"https:\/\/portaltela.pt\/api\/wp\/v2\/comments?post=434904"}],"version-history":[{"count":0,"href":"https:\/\/portaltela.pt\/api\/wp\/v2\/posts\/434904\/revisions"}],"wp:featuredmedia":[{"embeddable":true,"href":"https:\/\/portaltela.pt\/api\/wp\/v2\/media\/434905"}],"wp:attachment":[{"href":"https:\/\/portaltela.pt\/api\/wp\/v2\/media?parent=434904"}],"wp:term":[{"taxonomy":"category","embeddable":true,"href":"https:\/\/portaltela.pt\/api\/wp\/v2\/categories?post=434904"},{"taxonomy":"post_tag","embeddable":true,"href":"https:\/\/portaltela.pt\/api\/wp\/v2\/tags?post=434904"}],"curies":[{"name":"wp","href":"https:\/\/api.w.org\/{rel}","templated":true}]}}