{"id":434901,"date":"2026-04-07T03:17:04","date_gmt":"2026-04-07T06:17:04","guid":{"rendered":"https:\/\/portaltela.pt\/noticias\/2026\/04\/07\/artemis-ii-contacta-terra-apos-40-minutos-em-silencio-na-face-oculta-da-lua\/"},"modified":"2026-04-07T03:17:04","modified_gmt":"2026-04-07T06:17:04","slug":"artemis-ii-contacta-terra-apos-40-minutos-em-silencio-na-face-oculta-da-lua","status":"publish","type":"post","link":"https:\/\/portaltela.pt\/tecnologia\/2026\/04\/07\/artemis-ii-contacta-terra-apos-40-minutos-em-silencio-na-face-oculta-da-lua\/","title":{"rendered":"Artemis II contacta Terra ap\u00f3s 40 minutos em sil\u00eancio na face oculta da Lua"},"content":{"rendered":"<p>Ap\u00f3s 40 minutos em sil\u00eancio na face oculta da Lua, Artemis II entrou novamente em contacto com a Terra. A nave tripulada Orion, da NASA, restabeleceu as comunica\u00e7\u00f5es com o centro de controlo em Houston \u00e0s 19h24 (hor\u00e1rio de Portugal continental: 0h24).<\/p>\n<p>A comunica\u00e7\u00e3o foi retomada ap\u00f3s a passagem pelo hemisf\u00e9rio invis\u00edvel, quando as ondas de r\u00e1dio n\u00e3o conseguiam ligar com a Terra. A interrup\u00e7\u00e3o ocorreu entre as 18h44 e o restabelecimento.<\/p>\n<p>Christina Koch expressou a alegria de falar novamente com a Terra, dirigindo-se a comunidades na \u00c1sia, \u00c1frica e Oce\u00e2nia. A equipa de Artemis II incluiu Koch, Reid Wiseman, Victor Glover e Jeremy Hansen da Ag\u00eancia Espacial Canadiana.<\/p>\n<h3>Interrup\u00e7\u00e3o e observa\u00e7\u00e3o cient\u00edfica<\/h3>\n<p>Durante o trajeto pela face oculta da Lua, os astronautas fotografinham e observaram diretamente o territ\u00f3rio lunar atrav\u00e9s das janelas da c\u00e1psula. A vis\u00e3o humana permitiu identificar mudan\u00e7as de cor e textura na superf\u00edcie que podem escapar \u00e0s c\u00e2maras.<\/p>\n<p>A Nokia de opera\u00e7\u00f5es da miss\u00e3o envolve redes de comunica\u00e7\u00f5es DSN e NSN, assegurando liga\u00e7\u00e3o constante com a nave, mesmo sem contato direto durante o lado oculto. O sistema de comunica\u00e7\u00f5es \u00f3ticas Orion Artemis II tamb\u00e9m transmite dados cient\u00edficos por laser, aumentando a capacidade de envio.<\/p>\n<h3>Pr\u00f3ximos passos e contexto<\/h3>\n<p>A NASA informa que a Artemis II continuar\u00e1 rumo \u00e0 Terra, com o regresso previsto para as 13h25 (hor\u00e1rio da costa leste) de ter\u00e7a-feira, \u00e0s 18h25 em Portugal. A miss\u00e3o, com dez dias de dura\u00e7\u00e3o, marca o retorno humano \u00e0 \u00f3rbita lunar ap\u00f3s d\u00e9cadas.<\/p>\n<p>A Artemis II constitui a segunda miss\u00e3o do programa Artemis, sucedendo o voo n\u00e3o tripulado de 2022 e antecedendo futuras etapas que visam pisar a Lua em 2028 e estabelecer uma presen\u00e7a sustent\u00e1vel, preparando o caminho para miss\u00f5es a Marte.<\/p>\n","protected":false},"excerpt":{"rendered":"<ul>\n<li>A nave tripulada Orion, da NASA, da miss\u00e3o Artemis II, contactou a Terra ap\u00f3s cerca de 40 minutos em sil\u00eancio total ao sobrevoar a face oculta da Lua.<\/li>\n<li>O restabelecimento de comunica\u00e7\u00f5es ocorreu \u00e0s 19h24, hora da costa leste, ap\u00f3s o per\u00edodo de sil\u00eancio.<\/li>\n<li>A tripula\u00e7\u00e3o \u2014 Christina Koch, Reid Wiseman, Victor Glover e Jeremy Hansen \u2014 observou o lado oculto da Lua e fez fotografias, com observa\u00e7\u00e3o direta pelas janelas da c\u00e1psula.<\/li>\n<li>A interrup\u00e7\u00e3o das comunica\u00e7\u00f5es \u00e9 comum em opera\u00e7\u00f5es atr\u00e1s da Lua; a liga\u00e7\u00e3o \u00e9 mantida pela Rede Espacial Profunda (DSN) e pela Rede Espacial Pr\u00f3xima (NSN), aliadas ao sistema de comunica\u00e7\u00f5es \u00f3ticas Orion Artemis II para dados adicionais.<\/li>\n<li>A Artemis II est\u00e1 prevista para regressar \u00e0 Terra na ter\u00e7a-feira \u00e0s 13h25, hora da costa leste, ap\u00f3s uma miss\u00e3o de dez dias que marca o retorno humano \u00e0 \u00f3rbita lunar.<\/li>\n<\/ul>\n","protected":false},"author":2,"featured_media":434902,"comment_status":"closed","ping_status":"closed","sticky":false,"template":"","format":"standard","meta":{"footnotes":""},"categories":[6716],"tags":[4558,2982,7186,1992,5528,6232],"class_list":["post-434901","post","type-post","status-publish","format-standard","has-post-thumbnail","hentry","category-tecnologia","tag-a-aeronautica","tag-agencia-espacial-portuguesa","tag-astronomia","tag-ciencia","tag-exploracao","tag-nasa"],"yoast_head":"<!-- This site is optimized with the Yoast SEO plugin v27.2 - https:\/\/yoast.com\/product\/yoast-seo-wordpress\/ -->\n<title>Artemis II contacta Terra ap\u00f3s 40 minutos em sil\u00eancio na face oculta da Lua - Portal Tela Portugal<\/title>\n<meta name=\"robots\" content=\"index, follow, max-snippet:-1, max-image-preview:large, max-video-preview:-1\" \/>\n<meta property=\"og:locale\" content=\"pt_PT\" \/>\n<meta property=\"og:type\" content=\"article\" \/>\n<meta property=\"og:title\" content=\"Artemis II contacta Terra ap\u00f3s 40 minutos em sil\u00eancio na face oculta da Lua - Portal Tela Portugal\" \/>\n<meta property=\"og:description\" content=\"A nave tripulada Orion, da NASA, da miss\u00e3o Artemis II, contactou a Terra ap\u00f3s cerca de 40 minutos em sil\u00eancio total ao sobrevoar a face oculta da Lua. O restabelecimento de comunica\u00e7\u00f5es ocorreu \u00e0s 19h24, hora da costa leste, ap\u00f3s o per\u00edodo de sil\u00eancio. A tripula\u00e7\u00e3o \u2014 Christina Koch, Reid Wiseman, Victor Glover e Jeremy Hansen \u2014 observou o lado oculto da Lua e fez fotografias, com observa\u00e7\u00e3o direta pelas janelas da c\u00e1psula. A interrup\u00e7\u00e3o das comunica\u00e7\u00f5es \u00e9 comum em opera\u00e7\u00f5es atr\u00e1s da Lua; a liga\u00e7\u00e3o \u00e9 mantida pela Rede Espacial Profunda (DSN) e pela Rede Espacial Pr\u00f3xima (NSN), aliadas ao sistema de comunica\u00e7\u00f5es \u00f3ticas Orion Artemis II para dados adicionais. A Artemis II est\u00e1 prevista para regressar \u00e0 Terra na ter\u00e7a-feira \u00e0s 13h25, hora da costa leste, ap\u00f3s uma miss\u00e3o de dez dias que marca o retorno humano \u00e0 \u00f3rbita lunar.\" \/>\n<meta property=\"og:url\" content=\"https:\/\/portaltela.pt\/noticias\/2026\/04\/07\/artemis-ii-contacta-terra-apos-40-minutos-em-silencio-na-face-oculta-da-lua\/\" \/>\n<meta property=\"og:site_name\" content=\"Portal Tela Portugal\" \/>\n<meta property=\"article:published_time\" content=\"2026-04-07T06:17:04+00:00\" \/>\n<meta name=\"author\" content=\"Telinha\" \/>\n<meta name=\"twitter:card\" content=\"summary_large_image\" \/>\n<meta name=\"twitter:label1\" content=\"Escrito por\" \/>\n\t<meta name=\"twitter:data1\" content=\"Telinha\" \/>\n\t<meta name=\"twitter:label2\" content=\"Tempo estimado de leitura\" \/>\n\t<meta name=\"twitter:data2\" content=\"2 minutos\" \/>\n<script type=\"application\/ld+json\" class=\"yoast-schema-graph\">{\"@context\":\"https:\/\/schema.org\",\"@graph\":[{\"@type\":\"Article\",\"@id\":\"https:\/\/portaltela.pt\/noticias\/2026\/04\/07\/artemis-ii-contacta-terra-apos-40-minutos-em-silencio-na-face-oculta-da-lua\/#article\",\"isPartOf\":{\"@id\":\"https:\/\/portaltela.pt\/noticias\/2026\/04\/07\/artemis-ii-contacta-terra-apos-40-minutos-em-silencio-na-face-oculta-da-lua\/\"},\"author\":{\"name\":\"Telinha\",\"@id\":\"https:\/\/portaltela.pt\/#\/schema\/person\/c4278d4a6028830caff9ee44b42d32ed\"},\"headline\":\"Artemis II contacta Terra ap\u00f3s 40 minutos em sil\u00eancio na face oculta da Lua\",\"datePublished\":\"2026-04-07T06:17:04+00:00\",\"mainEntityOfPage\":{\"@id\":\"https:\/\/portaltela.pt\/noticias\/2026\/04\/07\/artemis-ii-contacta-terra-apos-40-minutos-em-silencio-na-face-oculta-da-lua\/\"},\"wordCount\":338,\"image\":{\"@id\":\"https:\/\/portaltela.pt\/noticias\/2026\/04\/07\/artemis-ii-contacta-terra-apos-40-minutos-em-silencio-na-face-oculta-da-lua\/#primaryimage\"},\"thumbnailUrl\":\"https:\/\/portaltela.pt\/s.01k8rhncp4jt1\/2026\/04\/image-352.jpg\",\"keywords\":[\"a aeron\u00e1utica\",\"Ag\u00eancia Espacial Portuguesa\",\"astronomia\",\"ci\u00eancia\",\"explora\u00e7\u00e3o\",\"NASA\"],\"articleSection\":[\"Tecnologia\"],\"inLanguage\":\"pt-PT\"},{\"@type\":\"WebPage\",\"@id\":\"https:\/\/portaltela.pt\/noticias\/2026\/04\/07\/artemis-ii-contacta-terra-apos-40-minutos-em-silencio-na-face-oculta-da-lua\/\",\"url\":\"https:\/\/portaltela.pt\/noticias\/2026\/04\/07\/artemis-ii-contacta-terra-apos-40-minutos-em-silencio-na-face-oculta-da-lua\/\",\"name\":\"Artemis II contacta Terra ap\u00f3s 40 minutos em sil\u00eancio na face oculta da Lua - Portal Tela Portugal\",\"isPartOf\":{\"@id\":\"https:\/\/portaltela.pt\/#website\"},\"primaryImageOfPage\":{\"@id\":\"https:\/\/portaltela.pt\/noticias\/2026\/04\/07\/artemis-ii-contacta-terra-apos-40-minutos-em-silencio-na-face-oculta-da-lua\/#primaryimage\"},\"image\":{\"@id\":\"https:\/\/portaltela.pt\/noticias\/2026\/04\/07\/artemis-ii-contacta-terra-apos-40-minutos-em-silencio-na-face-oculta-da-lua\/#primaryimage\"},\"thumbnailUrl\":\"https:\/\/portaltela.pt\/s.01k8rhncp4jt1\/2026\/04\/image-352.jpg\",\"datePublished\":\"2026-04-07T06:17:04+00:00\",\"author\":{\"@id\":\"https:\/\/portaltela.pt\/#\/schema\/person\/c4278d4a6028830caff9ee44b42d32ed\"},\"breadcrumb\":{\"@id\":\"https:\/\/portaltela.pt\/noticias\/2026\/04\/07\/artemis-ii-contacta-terra-apos-40-minutos-em-silencio-na-face-oculta-da-lua\/#breadcrumb\"},\"inLanguage\":\"pt-PT\",\"potentialAction\":[{\"@type\":\"ReadAction\",\"target\":[\"https:\/\/portaltela.pt\/noticias\/2026\/04\/07\/artemis-ii-contacta-terra-apos-40-minutos-em-silencio-na-face-oculta-da-lua\/\"]}]},{\"@type\":\"ImageObject\",\"inLanguage\":\"pt-PT\",\"@id\":\"https:\/\/portaltela.pt\/noticias\/2026\/04\/07\/artemis-ii-contacta-terra-apos-40-minutos-em-silencio-na-face-oculta-da-lua\/#primaryimage\",\"url\":\"https:\/\/portaltela.pt\/s.01k8rhncp4jt1\/2026\/04\/image-352.jpg\",\"contentUrl\":\"https:\/\/portaltela.pt\/s.01k8rhncp4jt1\/2026\/04\/image-352.jpg\",\"width\":796,\"height\":448,\"caption\":\"Miss\u00e3o Artemis II quebra recorde de dist\u00e2ncia da Terra em sobrevoo da face oculta da Lua\"},{\"@type\":\"BreadcrumbList\",\"@id\":\"https:\/\/portaltela.pt\/noticias\/2026\/04\/07\/artemis-ii-contacta-terra-apos-40-minutos-em-silencio-na-face-oculta-da-lua\/#breadcrumb\",\"itemListElement\":[{\"@type\":\"ListItem\",\"position\":1,\"name\":\"In\u00edcio\",\"item\":\"https:\/\/portaltela.pt\/\"},{\"@type\":\"ListItem\",\"position\":2,\"name\":\"Artemis II contacta Terra ap\u00f3s 40 minutos em sil\u00eancio na face oculta da Lua\"}]},{\"@type\":\"WebSite\",\"@id\":\"https:\/\/portaltela.pt\/#website\",\"url\":\"https:\/\/portaltela.pt\/\",\"name\":\"Portal Tela Portugal\",\"description\":\"\",\"potentialAction\":[{\"@type\":\"SearchAction\",\"target\":{\"@type\":\"EntryPoint\",\"urlTemplate\":\"https:\/\/portaltela.pt\/?s={search_term_string}\"},\"query-input\":{\"@type\":\"PropertyValueSpecification\",\"valueRequired\":true,\"valueName\":\"search_term_string\"}}],\"inLanguage\":\"pt-PT\"},{\"@type\":\"Person\",\"@id\":\"https:\/\/portaltela.pt\/#\/schema\/person\/c4278d4a6028830caff9ee44b42d32ed\",\"name\":\"Telinha\",\"image\":{\"@type\":\"ImageObject\",\"inLanguage\":\"pt-PT\",\"@id\":\"https:\/\/portaltela.pt\/s.01k8rhncp4jt1\/2025\/11\/talking-bot-125x125.png\",\"url\":\"https:\/\/portaltela.pt\/s.01k8rhncp4jt1\/2025\/11\/talking-bot-125x125.png\",\"contentUrl\":\"https:\/\/portaltela.pt\/s.01k8rhncp4jt1\/2025\/11\/talking-bot-125x125.png\",\"caption\":\"Telinha\"},\"sameAs\":[\"https:\/\/portaltela.pt\/\"],\"url\":\"https:\/\/portaltela.pt\/por\/367410592786\/\"}]}<\/script>\n<!-- \/ Yoast SEO plugin. -->","yoast_head_json":{"title":"Artemis II contacta Terra ap\u00f3s 40 minutos em sil\u00eancio na face oculta da Lua - Portal Tela Portugal","robots":{"index":"index","follow":"follow","max-snippet":"max-snippet:-1","max-image-preview":"max-image-preview:large","max-video-preview":"max-video-preview:-1"},"og_locale":"pt_PT","og_type":"article","og_title":"Artemis II contacta Terra ap\u00f3s 40 minutos em sil\u00eancio na face oculta da Lua - Portal Tela Portugal","og_description":"A nave tripulada Orion, da NASA, da miss\u00e3o Artemis II, contactou a Terra ap\u00f3s cerca de 40 minutos em sil\u00eancio total ao sobrevoar a face oculta da Lua. O restabelecimento de comunica\u00e7\u00f5es ocorreu \u00e0s 19h24, hora da costa leste, ap\u00f3s o per\u00edodo de sil\u00eancio. A tripula\u00e7\u00e3o \u2014 Christina Koch, Reid Wiseman, Victor Glover e Jeremy Hansen \u2014 observou o lado oculto da Lua e fez fotografias, com observa\u00e7\u00e3o direta pelas janelas da c\u00e1psula. A interrup\u00e7\u00e3o das comunica\u00e7\u00f5es \u00e9 comum em opera\u00e7\u00f5es atr\u00e1s da Lua; a liga\u00e7\u00e3o \u00e9 mantida pela Rede Espacial Profunda (DSN) e pela Rede Espacial Pr\u00f3xima (NSN), aliadas ao sistema de comunica\u00e7\u00f5es \u00f3ticas Orion Artemis II para dados adicionais. A Artemis II est\u00e1 prevista para regressar \u00e0 Terra na ter\u00e7a-feira \u00e0s 13h25, hora da costa leste, ap\u00f3s uma miss\u00e3o de dez dias que marca o retorno humano \u00e0 \u00f3rbita lunar.","og_url":"https:\/\/portaltela.pt\/noticias\/2026\/04\/07\/artemis-ii-contacta-terra-apos-40-minutos-em-silencio-na-face-oculta-da-lua\/","og_site_name":"Portal Tela Portugal","article_published_time":"2026-04-07T06:17:04+00:00","author":"Telinha","twitter_card":"summary_large_image","twitter_misc":{"Escrito por":"Telinha","Tempo estimado de leitura":"2 minutos"},"schema":{"@context":"https:\/\/schema.org","@graph":[{"@type":"Article","@id":"https:\/\/portaltela.pt\/noticias\/2026\/04\/07\/artemis-ii-contacta-terra-apos-40-minutos-em-silencio-na-face-oculta-da-lua\/#article","isPartOf":{"@id":"https:\/\/portaltela.pt\/noticias\/2026\/04\/07\/artemis-ii-contacta-terra-apos-40-minutos-em-silencio-na-face-oculta-da-lua\/"},"author":{"name":"Telinha","@id":"https:\/\/portaltela.pt\/#\/schema\/person\/c4278d4a6028830caff9ee44b42d32ed"},"headline":"Artemis II contacta Terra ap\u00f3s 40 minutos em sil\u00eancio na face oculta da Lua","datePublished":"2026-04-07T06:17:04+00:00","mainEntityOfPage":{"@id":"https:\/\/portaltela.pt\/noticias\/2026\/04\/07\/artemis-ii-contacta-terra-apos-40-minutos-em-silencio-na-face-oculta-da-lua\/"},"wordCount":338,"image":{"@id":"https:\/\/portaltela.pt\/noticias\/2026\/04\/07\/artemis-ii-contacta-terra-apos-40-minutos-em-silencio-na-face-oculta-da-lua\/#primaryimage"},"thumbnailUrl":"https:\/\/portaltela.pt\/s.01k8rhncp4jt1\/2026\/04\/image-352.jpg","keywords":["a aeron\u00e1utica","Ag\u00eancia Espacial Portuguesa","astronomia","ci\u00eancia","explora\u00e7\u00e3o","NASA"],"articleSection":["Tecnologia"],"inLanguage":"pt-PT"},{"@type":"WebPage","@id":"https:\/\/portaltela.pt\/noticias\/2026\/04\/07\/artemis-ii-contacta-terra-apos-40-minutos-em-silencio-na-face-oculta-da-lua\/","url":"https:\/\/portaltela.pt\/noticias\/2026\/04\/07\/artemis-ii-contacta-terra-apos-40-minutos-em-silencio-na-face-oculta-da-lua\/","name":"Artemis II contacta Terra ap\u00f3s 40 minutos em sil\u00eancio na face oculta da Lua - Portal Tela Portugal","isPartOf":{"@id":"https:\/\/portaltela.pt\/#website"},"primaryImageOfPage":{"@id":"https:\/\/portaltela.pt\/noticias\/2026\/04\/07\/artemis-ii-contacta-terra-apos-40-minutos-em-silencio-na-face-oculta-da-lua\/#primaryimage"},"image":{"@id":"https:\/\/portaltela.pt\/noticias\/2026\/04\/07\/artemis-ii-contacta-terra-apos-40-minutos-em-silencio-na-face-oculta-da-lua\/#primaryimage"},"thumbnailUrl":"https:\/\/portaltela.pt\/s.01k8rhncp4jt1\/2026\/04\/image-352.jpg","datePublished":"2026-04-07T06:17:04+00:00","author":{"@id":"https:\/\/portaltela.pt\/#\/schema\/person\/c4278d4a6028830caff9ee44b42d32ed"},"breadcrumb":{"@id":"https:\/\/portaltela.pt\/noticias\/2026\/04\/07\/artemis-ii-contacta-terra-apos-40-minutos-em-silencio-na-face-oculta-da-lua\/#breadcrumb"},"inLanguage":"pt-PT","potentialAction":[{"@type":"ReadAction","target":["https:\/\/portaltela.pt\/noticias\/2026\/04\/07\/artemis-ii-contacta-terra-apos-40-minutos-em-silencio-na-face-oculta-da-lua\/"]}]},{"@type":"ImageObject","inLanguage":"pt-PT","@id":"https:\/\/portaltela.pt\/noticias\/2026\/04\/07\/artemis-ii-contacta-terra-apos-40-minutos-em-silencio-na-face-oculta-da-lua\/#primaryimage","url":"https:\/\/portaltela.pt\/s.01k8rhncp4jt1\/2026\/04\/image-352.jpg","contentUrl":"https:\/\/portaltela.pt\/s.01k8rhncp4jt1\/2026\/04\/image-352.jpg","width":796,"height":448,"caption":"Miss\u00e3o Artemis II quebra recorde de dist\u00e2ncia da Terra em sobrevoo da face oculta da Lua"},{"@type":"BreadcrumbList","@id":"https:\/\/portaltela.pt\/noticias\/2026\/04\/07\/artemis-ii-contacta-terra-apos-40-minutos-em-silencio-na-face-oculta-da-lua\/#breadcrumb","itemListElement":[{"@type":"ListItem","position":1,"name":"In\u00edcio","item":"https:\/\/portaltela.pt\/"},{"@type":"ListItem","position":2,"name":"Artemis II contacta Terra ap\u00f3s 40 minutos em sil\u00eancio na face oculta da Lua"}]},{"@type":"WebSite","@id":"https:\/\/portaltela.pt\/#website","url":"https:\/\/portaltela.pt\/","name":"Portal Tela Portugal","description":"","potentialAction":[{"@type":"SearchAction","target":{"@type":"EntryPoint","urlTemplate":"https:\/\/portaltela.pt\/?s={search_term_string}"},"query-input":{"@type":"PropertyValueSpecification","valueRequired":true,"valueName":"search_term_string"}}],"inLanguage":"pt-PT"},{"@type":"Person","@id":"https:\/\/portaltela.pt\/#\/schema\/person\/c4278d4a6028830caff9ee44b42d32ed","name":"Telinha","image":{"@type":"ImageObject","inLanguage":"pt-PT","@id":"https:\/\/portaltela.pt\/s.01k8rhncp4jt1\/2025\/11\/talking-bot-125x125.png","url":"https:\/\/portaltela.pt\/s.01k8rhncp4jt1\/2025\/11\/talking-bot-125x125.png","contentUrl":"https:\/\/portaltela.pt\/s.01k8rhncp4jt1\/2025\/11\/talking-bot-125x125.png","caption":"Telinha"},"sameAs":["https:\/\/portaltela.pt\/"],"url":"https:\/\/portaltela.pt\/por\/367410592786\/"}]}},"_links":{"self":[{"href":"https:\/\/portaltela.pt\/api\/wp\/v2\/posts\/434901","targetHints":{"allow":["GET"]}}],"collection":[{"href":"https:\/\/portaltela.pt\/api\/wp\/v2\/posts"}],"about":[{"href":"https:\/\/portaltela.pt\/api\/wp\/v2\/types\/post"}],"author":[{"embeddable":true,"href":"https:\/\/portaltela.pt\/api\/wp\/v2\/users\/2"}],"replies":[{"embeddable":true,"href":"https:\/\/portaltela.pt\/api\/wp\/v2\/comments?post=434901"}],"version-history":[{"count":0,"href":"https:\/\/portaltela.pt\/api\/wp\/v2\/posts\/434901\/revisions"}],"wp:featuredmedia":[{"embeddable":true,"href":"https:\/\/portaltela.pt\/api\/wp\/v2\/media\/434902"}],"wp:attachment":[{"href":"https:\/\/portaltela.pt\/api\/wp\/v2\/media?parent=434901"}],"wp:term":[{"taxonomy":"category","embeddable":true,"href":"https:\/\/portaltela.pt\/api\/wp\/v2\/categories?post=434901"},{"taxonomy":"post_tag","embeddable":true,"href":"https:\/\/portaltela.pt\/api\/wp\/v2\/tags?post=434901"}],"curies":[{"name":"wp","href":"https:\/\/api.w.org\/{rel}","templated":true}]}}