{"id":434873,"date":"2026-04-06T18:09:00","date_gmt":"2026-04-06T21:09:00","guid":{"rendered":"https:\/\/portaltela.pt\/noticias\/2026\/04\/06\/artemis-ii-atinge-marca-de-distancia-da-terra-e-inicia-sobrevoo-da-face-oculta\/"},"modified":"2026-04-06T18:09:00","modified_gmt":"2026-04-06T21:09:00","slug":"artemis-ii-atinge-marca-de-distancia-da-terra-e-inicia-sobrevoo-da-face-oculta","status":"publish","type":"post","link":"https:\/\/portaltela.pt\/tecnologia\/2026\/04\/06\/artemis-ii-atinge-marca-de-distancia-da-terra-e-inicia-sobrevoo-da-face-oculta\/","title":{"rendered":"Artemis II atinge marca de dist\u00e2ncia da Terra e inicia sobrevoo da face oculta"},"content":{"rendered":"<p>Os quatro astronautas da miss\u00e3o Artemis II alcan\u00e7aram hoje um recorde hist\u00f3rico de dist\u00e2ncia da Terra, superando o anterior feito pela tripula\u00e7\u00e3o da Apollo 13 em 1970. O avan\u00e7o ocorreu durante o est\u00e1gio de aproxima\u00e7\u00e3o \u00e0 \u00f3rbita lunar.<\/p>\n<p>A marca, ainda n\u00e3o confirmada com todos os detalhes operacionais, coloca Artemis II entre os voos com maior afastamento do planeta j\u00e1 realizado por uma miss\u00e3o tripulada da NASA, segundo informa\u00e7\u00f5es fornecidas pela equipa de gest\u00e3o de voo.<\/p>\n<p>Entretanto, a miss\u00e3o tamb\u00e9m deu in\u00edcio ao sobrevoo da face oculta da Lua, processo planeado para testar sistemas da nave Orion e o desempenho da equipa em condi\u00e7\u00f5es de observa\u00e7\u00e3o lunar total. O objetivo \u00e9 avan\u00e7ar para fases posteriores da explora\u00e7\u00e3o lunar.<\/p>\n<p>A equipa, composta por quatro astronautas, permanece em funcionamento adequado, com todos os sistemas monitorizados e operacionais. O objetivo central continua a ser validar capacidades t\u00e9cnicas e de comunica\u00e7\u00e3o em condi\u00e7\u00f5es de voo profundo, preparando o terreno para futuras opera\u00e7\u00f5es na regi\u00e3o lunar.<\/p>\n","protected":false},"excerpt":{"rendered":"<ul>\n<li>Os quatro astronautas da miss\u00e3o Artemis II ultrapassaram o recorde hist\u00f3rico de dist\u00e2ncia da Terra, estabelecido pela tripula\u00e7\u00e3o da Apollo 13 em 1970.<\/li>\n<li>O feito ocorreu hoje, durante a miss\u00e3o de explora\u00e7\u00e3o lunar.<\/li>\n<li>A nave continua o trajeto rumo \u00e0 face oculta da Lua, onde iniciou o sobrevoo.<\/li>\n<li>Artemis II marca uma nova etapa na explora\u00e7\u00e3o lunar, avan\u00e7ando para opera\u00e7\u00f5es al\u00e9m da dist\u00e2ncia anteriormente alcan\u00e7ada.<\/li>\n<\/ul>\n","protected":false},"author":2,"featured_media":434874,"comment_status":"closed","ping_status":"closed","sticky":false,"template":"","format":"standard","meta":{"footnotes":""},"categories":[6716],"tags":[6231,7186,1992,2524,6232,787],"class_list":["post-434873","post","type-post","status-publish","format-standard","has-post-thumbnail","hentry","category-tecnologia","tag-artemis","tag-astronomia","tag-ciencia","tag-espaco-cidadao","tag-nasa","tag-observacao"],"yoast_head":"<!-- This site is optimized with the Yoast SEO plugin v27.2 - https:\/\/yoast.com\/product\/yoast-seo-wordpress\/ -->\n<title>Artemis II atinge marca de dist\u00e2ncia da Terra e inicia sobrevoo da face oculta - Portal Tela Portugal<\/title>\n<meta name=\"robots\" content=\"index, follow, max-snippet:-1, max-image-preview:large, max-video-preview:-1\" \/>\n<meta property=\"og:locale\" content=\"pt_PT\" \/>\n<meta property=\"og:type\" content=\"article\" \/>\n<meta property=\"og:title\" content=\"Artemis II atinge marca de dist\u00e2ncia da Terra e inicia sobrevoo da face oculta - Portal Tela Portugal\" \/>\n<meta property=\"og:description\" content=\"Os quatro astronautas da miss\u00e3o Artemis II ultrapassaram o recorde hist\u00f3rico de dist\u00e2ncia da Terra, estabelecido pela tripula\u00e7\u00e3o da Apollo 13 em 1970. O feito ocorreu hoje, durante a miss\u00e3o de explora\u00e7\u00e3o lunar. A nave continua o trajeto rumo \u00e0 face oculta da Lua, onde iniciou o sobrevoo. Artemis II marca uma nova etapa na explora\u00e7\u00e3o lunar, avan\u00e7ando para opera\u00e7\u00f5es al\u00e9m da dist\u00e2ncia anteriormente alcan\u00e7ada.\" \/>\n<meta property=\"og:url\" content=\"https:\/\/portaltela.pt\/noticias\/2026\/04\/06\/artemis-ii-atinge-marca-de-distancia-da-terra-e-inicia-sobrevoo-da-face-oculta\/\" \/>\n<meta property=\"og:site_name\" content=\"Portal Tela Portugal\" \/>\n<meta property=\"article:published_time\" content=\"2026-04-06T21:09:00+00:00\" \/>\n<meta name=\"author\" content=\"Telinha\" \/>\n<meta name=\"twitter:card\" content=\"summary_large_image\" \/>\n<meta name=\"twitter:label1\" content=\"Escrito por\" \/>\n\t<meta name=\"twitter:data1\" content=\"Telinha\" \/>\n\t<meta name=\"twitter:label2\" content=\"Tempo estimado de leitura\" \/>\n\t<meta name=\"twitter:data2\" content=\"1 minuto\" \/>\n<script type=\"application\/ld+json\" class=\"yoast-schema-graph\">{\"@context\":\"https:\/\/schema.org\",\"@graph\":[{\"@type\":\"Article\",\"@id\":\"https:\/\/portaltela.pt\/noticias\/2026\/04\/06\/artemis-ii-atinge-marca-de-distancia-da-terra-e-inicia-sobrevoo-da-face-oculta\/#article\",\"isPartOf\":{\"@id\":\"https:\/\/portaltela.pt\/noticias\/2026\/04\/06\/artemis-ii-atinge-marca-de-distancia-da-terra-e-inicia-sobrevoo-da-face-oculta\/\"},\"author\":{\"name\":\"Telinha\",\"@id\":\"https:\/\/portaltela.pt\/#\/schema\/person\/c4278d4a6028830caff9ee44b42d32ed\"},\"headline\":\"Artemis II atinge marca de dist\u00e2ncia da Terra e inicia sobrevoo da face oculta\",\"datePublished\":\"2026-04-06T21:09:00+00:00\",\"mainEntityOfPage\":{\"@id\":\"https:\/\/portaltela.pt\/noticias\/2026\/04\/06\/artemis-ii-atinge-marca-de-distancia-da-terra-e-inicia-sobrevoo-da-face-oculta\/\"},\"wordCount\":196,\"image\":{\"@id\":\"https:\/\/portaltela.pt\/noticias\/2026\/04\/06\/artemis-ii-atinge-marca-de-distancia-da-terra-e-inicia-sobrevoo-da-face-oculta\/#primaryimage\"},\"thumbnailUrl\":\"https:\/\/portaltela.pt\/s.01k8rhncp4jt1\/2026\/04\/CACHE_780X1200_ANALOG_WATERMARKED_46874803_1083333920668493.jpg\",\"keywords\":[\"Artemis\",\"astronomia\",\"ci\u00eancia\",\"Espa\u00e7o Cidad\u00e3o\",\"NASA\",\"observa\u00e7\u00e3o\"],\"articleSection\":[\"Tecnologia\"],\"inLanguage\":\"pt-PT\"},{\"@type\":\"WebPage\",\"@id\":\"https:\/\/portaltela.pt\/noticias\/2026\/04\/06\/artemis-ii-atinge-marca-de-distancia-da-terra-e-inicia-sobrevoo-da-face-oculta\/\",\"url\":\"https:\/\/portaltela.pt\/noticias\/2026\/04\/06\/artemis-ii-atinge-marca-de-distancia-da-terra-e-inicia-sobrevoo-da-face-oculta\/\",\"name\":\"Artemis II atinge marca de dist\u00e2ncia da Terra e inicia sobrevoo da face oculta - Portal Tela Portugal\",\"isPartOf\":{\"@id\":\"https:\/\/portaltela.pt\/#website\"},\"primaryImageOfPage\":{\"@id\":\"https:\/\/portaltela.pt\/noticias\/2026\/04\/06\/artemis-ii-atinge-marca-de-distancia-da-terra-e-inicia-sobrevoo-da-face-oculta\/#primaryimage\"},\"image\":{\"@id\":\"https:\/\/portaltela.pt\/noticias\/2026\/04\/06\/artemis-ii-atinge-marca-de-distancia-da-terra-e-inicia-sobrevoo-da-face-oculta\/#primaryimage\"},\"thumbnailUrl\":\"https:\/\/portaltela.pt\/s.01k8rhncp4jt1\/2026\/04\/CACHE_780X1200_ANALOG_WATERMARKED_46874803_1083333920668493.jpg\",\"datePublished\":\"2026-04-06T21:09:00+00:00\",\"author\":{\"@id\":\"https:\/\/portaltela.pt\/#\/schema\/person\/c4278d4a6028830caff9ee44b42d32ed\"},\"breadcrumb\":{\"@id\":\"https:\/\/portaltela.pt\/noticias\/2026\/04\/06\/artemis-ii-atinge-marca-de-distancia-da-terra-e-inicia-sobrevoo-da-face-oculta\/#breadcrumb\"},\"inLanguage\":\"pt-PT\",\"potentialAction\":[{\"@type\":\"ReadAction\",\"target\":[\"https:\/\/portaltela.pt\/noticias\/2026\/04\/06\/artemis-ii-atinge-marca-de-distancia-da-terra-e-inicia-sobrevoo-da-face-oculta\/\"]}]},{\"@type\":\"ImageObject\",\"inLanguage\":\"pt-PT\",\"@id\":\"https:\/\/portaltela.pt\/noticias\/2026\/04\/06\/artemis-ii-atinge-marca-de-distancia-da-terra-e-inicia-sobrevoo-da-face-oculta\/#primaryimage\",\"url\":\"https:\/\/portaltela.pt\/s.01k8rhncp4jt1\/2026\/04\/CACHE_780X1200_ANALOG_WATERMARKED_46874803_1083333920668493.jpg\",\"contentUrl\":\"https:\/\/portaltela.pt\/s.01k8rhncp4jt1\/2026\/04\/CACHE_780X1200_ANALOG_WATERMARKED_46874803_1083333920668493.jpg\",\"width\":768,\"height\":512,\"caption\":\"Artemis II passa recorde de dist\u00e2ncia da Terra e inicia sobrevoo da face oculta da Lua\"},{\"@type\":\"BreadcrumbList\",\"@id\":\"https:\/\/portaltela.pt\/noticias\/2026\/04\/06\/artemis-ii-atinge-marca-de-distancia-da-terra-e-inicia-sobrevoo-da-face-oculta\/#breadcrumb\",\"itemListElement\":[{\"@type\":\"ListItem\",\"position\":1,\"name\":\"In\u00edcio\",\"item\":\"https:\/\/portaltela.pt\/\"},{\"@type\":\"ListItem\",\"position\":2,\"name\":\"Artemis II atinge marca de dist\u00e2ncia da Terra e inicia sobrevoo da face oculta\"}]},{\"@type\":\"WebSite\",\"@id\":\"https:\/\/portaltela.pt\/#website\",\"url\":\"https:\/\/portaltela.pt\/\",\"name\":\"Portal Tela Portugal\",\"description\":\"\",\"potentialAction\":[{\"@type\":\"SearchAction\",\"target\":{\"@type\":\"EntryPoint\",\"urlTemplate\":\"https:\/\/portaltela.pt\/?s={search_term_string}\"},\"query-input\":{\"@type\":\"PropertyValueSpecification\",\"valueRequired\":true,\"valueName\":\"search_term_string\"}}],\"inLanguage\":\"pt-PT\"},{\"@type\":\"Person\",\"@id\":\"https:\/\/portaltela.pt\/#\/schema\/person\/c4278d4a6028830caff9ee44b42d32ed\",\"name\":\"Telinha\",\"image\":{\"@type\":\"ImageObject\",\"inLanguage\":\"pt-PT\",\"@id\":\"https:\/\/portaltela.pt\/s.01k8rhncp4jt1\/2025\/11\/talking-bot-125x125.png\",\"url\":\"https:\/\/portaltela.pt\/s.01k8rhncp4jt1\/2025\/11\/talking-bot-125x125.png\",\"contentUrl\":\"https:\/\/portaltela.pt\/s.01k8rhncp4jt1\/2025\/11\/talking-bot-125x125.png\",\"caption\":\"Telinha\"},\"sameAs\":[\"https:\/\/portaltela.pt\/\"],\"url\":\"https:\/\/portaltela.pt\/por\/367410592786\/\"}]}<\/script>\n<!-- \/ Yoast SEO plugin. -->","yoast_head_json":{"title":"Artemis II atinge marca de dist\u00e2ncia da Terra e inicia sobrevoo da face oculta - Portal Tela Portugal","robots":{"index":"index","follow":"follow","max-snippet":"max-snippet:-1","max-image-preview":"max-image-preview:large","max-video-preview":"max-video-preview:-1"},"og_locale":"pt_PT","og_type":"article","og_title":"Artemis II atinge marca de dist\u00e2ncia da Terra e inicia sobrevoo da face oculta - Portal Tela Portugal","og_description":"Os quatro astronautas da miss\u00e3o Artemis II ultrapassaram o recorde hist\u00f3rico de dist\u00e2ncia da Terra, estabelecido pela tripula\u00e7\u00e3o da Apollo 13 em 1970. O feito ocorreu hoje, durante a miss\u00e3o de explora\u00e7\u00e3o lunar. A nave continua o trajeto rumo \u00e0 face oculta da Lua, onde iniciou o sobrevoo. Artemis II marca uma nova etapa na explora\u00e7\u00e3o lunar, avan\u00e7ando para opera\u00e7\u00f5es al\u00e9m da dist\u00e2ncia anteriormente alcan\u00e7ada.","og_url":"https:\/\/portaltela.pt\/noticias\/2026\/04\/06\/artemis-ii-atinge-marca-de-distancia-da-terra-e-inicia-sobrevoo-da-face-oculta\/","og_site_name":"Portal Tela Portugal","article_published_time":"2026-04-06T21:09:00+00:00","author":"Telinha","twitter_card":"summary_large_image","twitter_misc":{"Escrito por":"Telinha","Tempo estimado de leitura":"1 minuto"},"schema":{"@context":"https:\/\/schema.org","@graph":[{"@type":"Article","@id":"https:\/\/portaltela.pt\/noticias\/2026\/04\/06\/artemis-ii-atinge-marca-de-distancia-da-terra-e-inicia-sobrevoo-da-face-oculta\/#article","isPartOf":{"@id":"https:\/\/portaltela.pt\/noticias\/2026\/04\/06\/artemis-ii-atinge-marca-de-distancia-da-terra-e-inicia-sobrevoo-da-face-oculta\/"},"author":{"name":"Telinha","@id":"https:\/\/portaltela.pt\/#\/schema\/person\/c4278d4a6028830caff9ee44b42d32ed"},"headline":"Artemis II atinge marca de dist\u00e2ncia da Terra e inicia sobrevoo da face oculta","datePublished":"2026-04-06T21:09:00+00:00","mainEntityOfPage":{"@id":"https:\/\/portaltela.pt\/noticias\/2026\/04\/06\/artemis-ii-atinge-marca-de-distancia-da-terra-e-inicia-sobrevoo-da-face-oculta\/"},"wordCount":196,"image":{"@id":"https:\/\/portaltela.pt\/noticias\/2026\/04\/06\/artemis-ii-atinge-marca-de-distancia-da-terra-e-inicia-sobrevoo-da-face-oculta\/#primaryimage"},"thumbnailUrl":"https:\/\/portaltela.pt\/s.01k8rhncp4jt1\/2026\/04\/CACHE_780X1200_ANALOG_WATERMARKED_46874803_1083333920668493.jpg","keywords":["Artemis","astronomia","ci\u00eancia","Espa\u00e7o Cidad\u00e3o","NASA","observa\u00e7\u00e3o"],"articleSection":["Tecnologia"],"inLanguage":"pt-PT"},{"@type":"WebPage","@id":"https:\/\/portaltela.pt\/noticias\/2026\/04\/06\/artemis-ii-atinge-marca-de-distancia-da-terra-e-inicia-sobrevoo-da-face-oculta\/","url":"https:\/\/portaltela.pt\/noticias\/2026\/04\/06\/artemis-ii-atinge-marca-de-distancia-da-terra-e-inicia-sobrevoo-da-face-oculta\/","name":"Artemis II atinge marca de dist\u00e2ncia da Terra e inicia sobrevoo da face oculta - Portal Tela Portugal","isPartOf":{"@id":"https:\/\/portaltela.pt\/#website"},"primaryImageOfPage":{"@id":"https:\/\/portaltela.pt\/noticias\/2026\/04\/06\/artemis-ii-atinge-marca-de-distancia-da-terra-e-inicia-sobrevoo-da-face-oculta\/#primaryimage"},"image":{"@id":"https:\/\/portaltela.pt\/noticias\/2026\/04\/06\/artemis-ii-atinge-marca-de-distancia-da-terra-e-inicia-sobrevoo-da-face-oculta\/#primaryimage"},"thumbnailUrl":"https:\/\/portaltela.pt\/s.01k8rhncp4jt1\/2026\/04\/CACHE_780X1200_ANALOG_WATERMARKED_46874803_1083333920668493.jpg","datePublished":"2026-04-06T21:09:00+00:00","author":{"@id":"https:\/\/portaltela.pt\/#\/schema\/person\/c4278d4a6028830caff9ee44b42d32ed"},"breadcrumb":{"@id":"https:\/\/portaltela.pt\/noticias\/2026\/04\/06\/artemis-ii-atinge-marca-de-distancia-da-terra-e-inicia-sobrevoo-da-face-oculta\/#breadcrumb"},"inLanguage":"pt-PT","potentialAction":[{"@type":"ReadAction","target":["https:\/\/portaltela.pt\/noticias\/2026\/04\/06\/artemis-ii-atinge-marca-de-distancia-da-terra-e-inicia-sobrevoo-da-face-oculta\/"]}]},{"@type":"ImageObject","inLanguage":"pt-PT","@id":"https:\/\/portaltela.pt\/noticias\/2026\/04\/06\/artemis-ii-atinge-marca-de-distancia-da-terra-e-inicia-sobrevoo-da-face-oculta\/#primaryimage","url":"https:\/\/portaltela.pt\/s.01k8rhncp4jt1\/2026\/04\/CACHE_780X1200_ANALOG_WATERMARKED_46874803_1083333920668493.jpg","contentUrl":"https:\/\/portaltela.pt\/s.01k8rhncp4jt1\/2026\/04\/CACHE_780X1200_ANALOG_WATERMARKED_46874803_1083333920668493.jpg","width":768,"height":512,"caption":"Artemis II passa recorde de dist\u00e2ncia da Terra e inicia sobrevoo da face oculta da Lua"},{"@type":"BreadcrumbList","@id":"https:\/\/portaltela.pt\/noticias\/2026\/04\/06\/artemis-ii-atinge-marca-de-distancia-da-terra-e-inicia-sobrevoo-da-face-oculta\/#breadcrumb","itemListElement":[{"@type":"ListItem","position":1,"name":"In\u00edcio","item":"https:\/\/portaltela.pt\/"},{"@type":"ListItem","position":2,"name":"Artemis II atinge marca de dist\u00e2ncia da Terra e inicia sobrevoo da face oculta"}]},{"@type":"WebSite","@id":"https:\/\/portaltela.pt\/#website","url":"https:\/\/portaltela.pt\/","name":"Portal Tela Portugal","description":"","potentialAction":[{"@type":"SearchAction","target":{"@type":"EntryPoint","urlTemplate":"https:\/\/portaltela.pt\/?s={search_term_string}"},"query-input":{"@type":"PropertyValueSpecification","valueRequired":true,"valueName":"search_term_string"}}],"inLanguage":"pt-PT"},{"@type":"Person","@id":"https:\/\/portaltela.pt\/#\/schema\/person\/c4278d4a6028830caff9ee44b42d32ed","name":"Telinha","image":{"@type":"ImageObject","inLanguage":"pt-PT","@id":"https:\/\/portaltela.pt\/s.01k8rhncp4jt1\/2025\/11\/talking-bot-125x125.png","url":"https:\/\/portaltela.pt\/s.01k8rhncp4jt1\/2025\/11\/talking-bot-125x125.png","contentUrl":"https:\/\/portaltela.pt\/s.01k8rhncp4jt1\/2025\/11\/talking-bot-125x125.png","caption":"Telinha"},"sameAs":["https:\/\/portaltela.pt\/"],"url":"https:\/\/portaltela.pt\/por\/367410592786\/"}]}},"_links":{"self":[{"href":"https:\/\/portaltela.pt\/api\/wp\/v2\/posts\/434873","targetHints":{"allow":["GET"]}}],"collection":[{"href":"https:\/\/portaltela.pt\/api\/wp\/v2\/posts"}],"about":[{"href":"https:\/\/portaltela.pt\/api\/wp\/v2\/types\/post"}],"author":[{"embeddable":true,"href":"https:\/\/portaltela.pt\/api\/wp\/v2\/users\/2"}],"replies":[{"embeddable":true,"href":"https:\/\/portaltela.pt\/api\/wp\/v2\/comments?post=434873"}],"version-history":[{"count":0,"href":"https:\/\/portaltela.pt\/api\/wp\/v2\/posts\/434873\/revisions"}],"wp:featuredmedia":[{"embeddable":true,"href":"https:\/\/portaltela.pt\/api\/wp\/v2\/media\/434874"}],"wp:attachment":[{"href":"https:\/\/portaltela.pt\/api\/wp\/v2\/media?parent=434873"}],"wp:term":[{"taxonomy":"category","embeddable":true,"href":"https:\/\/portaltela.pt\/api\/wp\/v2\/categories?post=434873"},{"taxonomy":"post_tag","embeddable":true,"href":"https:\/\/portaltela.pt\/api\/wp\/v2\/tags?post=434873"}],"curies":[{"name":"wp","href":"https:\/\/api.w.org\/{rel}","templated":true}]}}