{"id":434859,"date":"2026-04-06T23:17:07","date_gmt":"2026-04-07T02:17:07","guid":{"rendered":"https:\/\/portaltela.pt\/noticias\/2026\/04\/06\/mais-um-empate-para-a-equipa-na-competicao\/"},"modified":"2026-04-06T23:17:07","modified_gmt":"2026-04-07T02:17:07","slug":"mais-um-empate-para-a-equipa-na-competicao","status":"publish","type":"post","link":"https:\/\/portaltela.pt\/desporto\/futebol\/2026\/04\/06\/mais-um-empate-para-a-equipa-na-competicao\/","title":{"rendered":"Mais um empate para a equipa na competi\u00e7\u00e3o"},"content":{"rendered":"<p>O Benfica voltou a empatar, mantendo a invencibilidade nos campeonatos nacionais desta temporada. A equipa soma j\u00e1 9 empates, o que corresponde a 18 pontos perdidos no campeonato.<\/p>\n<p>Mesmo sem derrotas, o equil\u00edbrio continua a marcar o desempenho encarnado nesta edi\u00e7\u00e3o. O empate refor\u00e7a a posi\u00e7\u00e3o de lideran\u00e7a mas reduz o ritmo de progress\u00e3o em rela\u00e7\u00e3o aos advers\u00e1rios diretos.<\/p>\n<p>O registo atual contrasta com a expectativa de maior sucesso ap\u00f3s a fase inicial da \u00e9poca. A estat\u00edstica de 9 empates preocupa quem acompanha a constru\u00e7\u00e3o do plantel para as jornadas seguintes.<\/p>\n<p>Ainda n\u00e3o foram anunciados detalhes sobre o advers\u00e1rio do \u00faltimo encontro, nem sobre as condi\u00e7\u00f5es da partida. O clube mant\u00e9m o foco na evolu\u00e7\u00e3o coletiva e no objetivo de vencer consistentemente.<\/p>\n","protected":false},"excerpt":{"rendered":"<ul>\n<li>Benfica manteve a invencibilidade nos campeonatos nacionais nesta \u00e9poca, mas voltou a empatar.<\/li>\n<li>Os encarnados j\u00e1 somam nove empates no campeonato.<\/li>\n<li>Com esses encontros sem triunfo, acumulam dezoito pontos perdidos na edi\u00e7\u00e3o em curso.<\/li>\n<li>Continuam entre as poucas equipas sem derrotas na Europa.<\/li>\n<li>A not\u00edcia destaca a repeti\u00e7\u00e3o de empates e a oportunidade perdida de vencer.<\/li>\n<\/ul>\n","protected":false},"author":2,"featured_media":434860,"comment_status":"closed","ping_status":"closed","sticky":false,"template":"","format":"standard","meta":{"footnotes":""},"categories":[21,24],"tags":[4143,4059,227,1367,6810,32],"class_list":["post-434859","post","type-post","status-publish","format-standard","has-post-thumbnail","hentry","category-desporto","category-futebol","tag-1-liga","tag-1-a-liga","tag-campeonato","tag-clubes","tag-empates","tag-futebol"],"yoast_head":"<!-- This site is optimized with the Yoast SEO plugin v27.2 - https:\/\/yoast.com\/product\/yoast-seo-wordpress\/ -->\n<title>Mais um empate para a equipa na competi\u00e7\u00e3o - Portal Tela Portugal<\/title>\n<meta name=\"robots\" content=\"index, follow, max-snippet:-1, max-image-preview:large, max-video-preview:-1\" \/>\n<meta property=\"og:locale\" content=\"pt_PT\" \/>\n<meta property=\"og:type\" content=\"article\" \/>\n<meta property=\"og:title\" content=\"Mais um empate para a equipa na competi\u00e7\u00e3o - Portal Tela Portugal\" \/>\n<meta property=\"og:description\" content=\"Benfica manteve a invencibilidade nos campeonatos nacionais nesta \u00e9poca, mas voltou a empatar. Os encarnados j\u00e1 somam nove empates no campeonato. Com esses encontros sem triunfo, acumulam dezoito pontos perdidos na edi\u00e7\u00e3o em curso. Continuam entre as poucas equipas sem derrotas na Europa. A not\u00edcia destaca a repeti\u00e7\u00e3o de empates e a oportunidade perdida de vencer.\" \/>\n<meta property=\"og:url\" content=\"https:\/\/portaltela.pt\/noticias\/2026\/04\/06\/mais-um-empate-para-a-equipa-na-competicao\/\" \/>\n<meta property=\"og:site_name\" content=\"Portal Tela Portugal\" \/>\n<meta property=\"article:published_time\" content=\"2026-04-07T02:17:07+00:00\" \/>\n<meta name=\"author\" content=\"Telinha\" \/>\n<meta name=\"twitter:card\" content=\"summary_large_image\" \/>\n<meta name=\"twitter:label1\" content=\"Escrito por\" \/>\n\t<meta name=\"twitter:data1\" content=\"Telinha\" \/>\n\t<meta name=\"twitter:label2\" content=\"Tempo estimado de leitura\" \/>\n\t<meta name=\"twitter:data2\" content=\"1 minuto\" \/>\n<script type=\"application\/ld+json\" class=\"yoast-schema-graph\">{\"@context\":\"https:\/\/schema.org\",\"@graph\":[{\"@type\":\"Article\",\"@id\":\"https:\/\/portaltela.pt\/noticias\/2026\/04\/06\/mais-um-empate-para-a-equipa-na-competicao\/#article\",\"isPartOf\":{\"@id\":\"https:\/\/portaltela.pt\/noticias\/2026\/04\/06\/mais-um-empate-para-a-equipa-na-competicao\/\"},\"author\":{\"name\":\"Telinha\",\"@id\":\"https:\/\/portaltela.pt\/#\/schema\/person\/c4278d4a6028830caff9ee44b42d32ed\"},\"headline\":\"Mais um empate para a equipa na competi\u00e7\u00e3o\",\"datePublished\":\"2026-04-07T02:17:07+00:00\",\"mainEntityOfPage\":{\"@id\":\"https:\/\/portaltela.pt\/noticias\/2026\/04\/06\/mais-um-empate-para-a-equipa-na-competicao\/\"},\"wordCount\":144,\"image\":{\"@id\":\"https:\/\/portaltela.pt\/noticias\/2026\/04\/06\/mais-um-empate-para-a-equipa-na-competicao\/#primaryimage\"},\"thumbnailUrl\":\"https:\/\/portaltela.pt\/s.01k8rhncp4jt1\/2026\/04\/img_920x518uu2026-04-07-00-59-55-2431519.jpg\",\"keywords\":[\"1. Liga\",\"1.\u00aa Liga\",\"campeonato\",\"clubes\",\"empates\",\"futebol\"],\"articleSection\":[\"Desporto\",\"Futebol\"],\"inLanguage\":\"pt-PT\"},{\"@type\":\"WebPage\",\"@id\":\"https:\/\/portaltela.pt\/noticias\/2026\/04\/06\/mais-um-empate-para-a-equipa-na-competicao\/\",\"url\":\"https:\/\/portaltela.pt\/noticias\/2026\/04\/06\/mais-um-empate-para-a-equipa-na-competicao\/\",\"name\":\"Mais um empate para a equipa na competi\u00e7\u00e3o - Portal Tela Portugal\",\"isPartOf\":{\"@id\":\"https:\/\/portaltela.pt\/#website\"},\"primaryImageOfPage\":{\"@id\":\"https:\/\/portaltela.pt\/noticias\/2026\/04\/06\/mais-um-empate-para-a-equipa-na-competicao\/#primaryimage\"},\"image\":{\"@id\":\"https:\/\/portaltela.pt\/noticias\/2026\/04\/06\/mais-um-empate-para-a-equipa-na-competicao\/#primaryimage\"},\"thumbnailUrl\":\"https:\/\/portaltela.pt\/s.01k8rhncp4jt1\/2026\/04\/img_920x518uu2026-04-07-00-59-55-2431519.jpg\",\"datePublished\":\"2026-04-07T02:17:07+00:00\",\"author\":{\"@id\":\"https:\/\/portaltela.pt\/#\/schema\/person\/c4278d4a6028830caff9ee44b42d32ed\"},\"breadcrumb\":{\"@id\":\"https:\/\/portaltela.pt\/noticias\/2026\/04\/06\/mais-um-empate-para-a-equipa-na-competicao\/#breadcrumb\"},\"inLanguage\":\"pt-PT\",\"potentialAction\":[{\"@type\":\"ReadAction\",\"target\":[\"https:\/\/portaltela.pt\/noticias\/2026\/04\/06\/mais-um-empate-para-a-equipa-na-competicao\/\"]}]},{\"@type\":\"ImageObject\",\"inLanguage\":\"pt-PT\",\"@id\":\"https:\/\/portaltela.pt\/noticias\/2026\/04\/06\/mais-um-empate-para-a-equipa-na-competicao\/#primaryimage\",\"url\":\"https:\/\/portaltela.pt\/s.01k8rhncp4jt1\/2026\/04\/img_920x518uu2026-04-07-00-59-55-2431519.jpg\",\"contentUrl\":\"https:\/\/portaltela.pt\/s.01k8rhncp4jt1\/2026\/04\/img_920x518uu2026-04-07-00-59-55-2431519.jpg\",\"width\":796,\"height\":448,\"caption\":\"Benfica falha e cede novo empate\"},{\"@type\":\"BreadcrumbList\",\"@id\":\"https:\/\/portaltela.pt\/noticias\/2026\/04\/06\/mais-um-empate-para-a-equipa-na-competicao\/#breadcrumb\",\"itemListElement\":[{\"@type\":\"ListItem\",\"position\":1,\"name\":\"In\u00edcio\",\"item\":\"https:\/\/portaltela.pt\/\"},{\"@type\":\"ListItem\",\"position\":2,\"name\":\"Mais um empate para a equipa na competi\u00e7\u00e3o\"}]},{\"@type\":\"WebSite\",\"@id\":\"https:\/\/portaltela.pt\/#website\",\"url\":\"https:\/\/portaltela.pt\/\",\"name\":\"Portal Tela Portugal\",\"description\":\"\",\"potentialAction\":[{\"@type\":\"SearchAction\",\"target\":{\"@type\":\"EntryPoint\",\"urlTemplate\":\"https:\/\/portaltela.pt\/?s={search_term_string}\"},\"query-input\":{\"@type\":\"PropertyValueSpecification\",\"valueRequired\":true,\"valueName\":\"search_term_string\"}}],\"inLanguage\":\"pt-PT\"},{\"@type\":\"Person\",\"@id\":\"https:\/\/portaltela.pt\/#\/schema\/person\/c4278d4a6028830caff9ee44b42d32ed\",\"name\":\"Telinha\",\"image\":{\"@type\":\"ImageObject\",\"inLanguage\":\"pt-PT\",\"@id\":\"https:\/\/portaltela.pt\/s.01k8rhncp4jt1\/2025\/11\/talking-bot-125x125.png\",\"url\":\"https:\/\/portaltela.pt\/s.01k8rhncp4jt1\/2025\/11\/talking-bot-125x125.png\",\"contentUrl\":\"https:\/\/portaltela.pt\/s.01k8rhncp4jt1\/2025\/11\/talking-bot-125x125.png\",\"caption\":\"Telinha\"},\"sameAs\":[\"https:\/\/portaltela.pt\/\"],\"url\":\"https:\/\/portaltela.pt\/por\/367410592786\/\"}]}<\/script>\n<!-- \/ Yoast SEO plugin. -->","yoast_head_json":{"title":"Mais um empate para a equipa na competi\u00e7\u00e3o - Portal Tela Portugal","robots":{"index":"index","follow":"follow","max-snippet":"max-snippet:-1","max-image-preview":"max-image-preview:large","max-video-preview":"max-video-preview:-1"},"og_locale":"pt_PT","og_type":"article","og_title":"Mais um empate para a equipa na competi\u00e7\u00e3o - Portal Tela Portugal","og_description":"Benfica manteve a invencibilidade nos campeonatos nacionais nesta \u00e9poca, mas voltou a empatar. Os encarnados j\u00e1 somam nove empates no campeonato. Com esses encontros sem triunfo, acumulam dezoito pontos perdidos na edi\u00e7\u00e3o em curso. Continuam entre as poucas equipas sem derrotas na Europa. A not\u00edcia destaca a repeti\u00e7\u00e3o de empates e a oportunidade perdida de vencer.","og_url":"https:\/\/portaltela.pt\/noticias\/2026\/04\/06\/mais-um-empate-para-a-equipa-na-competicao\/","og_site_name":"Portal Tela Portugal","article_published_time":"2026-04-07T02:17:07+00:00","author":"Telinha","twitter_card":"summary_large_image","twitter_misc":{"Escrito por":"Telinha","Tempo estimado de leitura":"1 minuto"},"schema":{"@context":"https:\/\/schema.org","@graph":[{"@type":"Article","@id":"https:\/\/portaltela.pt\/noticias\/2026\/04\/06\/mais-um-empate-para-a-equipa-na-competicao\/#article","isPartOf":{"@id":"https:\/\/portaltela.pt\/noticias\/2026\/04\/06\/mais-um-empate-para-a-equipa-na-competicao\/"},"author":{"name":"Telinha","@id":"https:\/\/portaltela.pt\/#\/schema\/person\/c4278d4a6028830caff9ee44b42d32ed"},"headline":"Mais um empate para a equipa na competi\u00e7\u00e3o","datePublished":"2026-04-07T02:17:07+00:00","mainEntityOfPage":{"@id":"https:\/\/portaltela.pt\/noticias\/2026\/04\/06\/mais-um-empate-para-a-equipa-na-competicao\/"},"wordCount":144,"image":{"@id":"https:\/\/portaltela.pt\/noticias\/2026\/04\/06\/mais-um-empate-para-a-equipa-na-competicao\/#primaryimage"},"thumbnailUrl":"https:\/\/portaltela.pt\/s.01k8rhncp4jt1\/2026\/04\/img_920x518uu2026-04-07-00-59-55-2431519.jpg","keywords":["1. Liga","1.\u00aa Liga","campeonato","clubes","empates","futebol"],"articleSection":["Desporto","Futebol"],"inLanguage":"pt-PT"},{"@type":"WebPage","@id":"https:\/\/portaltela.pt\/noticias\/2026\/04\/06\/mais-um-empate-para-a-equipa-na-competicao\/","url":"https:\/\/portaltela.pt\/noticias\/2026\/04\/06\/mais-um-empate-para-a-equipa-na-competicao\/","name":"Mais um empate para a equipa na competi\u00e7\u00e3o - Portal Tela Portugal","isPartOf":{"@id":"https:\/\/portaltela.pt\/#website"},"primaryImageOfPage":{"@id":"https:\/\/portaltela.pt\/noticias\/2026\/04\/06\/mais-um-empate-para-a-equipa-na-competicao\/#primaryimage"},"image":{"@id":"https:\/\/portaltela.pt\/noticias\/2026\/04\/06\/mais-um-empate-para-a-equipa-na-competicao\/#primaryimage"},"thumbnailUrl":"https:\/\/portaltela.pt\/s.01k8rhncp4jt1\/2026\/04\/img_920x518uu2026-04-07-00-59-55-2431519.jpg","datePublished":"2026-04-07T02:17:07+00:00","author":{"@id":"https:\/\/portaltela.pt\/#\/schema\/person\/c4278d4a6028830caff9ee44b42d32ed"},"breadcrumb":{"@id":"https:\/\/portaltela.pt\/noticias\/2026\/04\/06\/mais-um-empate-para-a-equipa-na-competicao\/#breadcrumb"},"inLanguage":"pt-PT","potentialAction":[{"@type":"ReadAction","target":["https:\/\/portaltela.pt\/noticias\/2026\/04\/06\/mais-um-empate-para-a-equipa-na-competicao\/"]}]},{"@type":"ImageObject","inLanguage":"pt-PT","@id":"https:\/\/portaltela.pt\/noticias\/2026\/04\/06\/mais-um-empate-para-a-equipa-na-competicao\/#primaryimage","url":"https:\/\/portaltela.pt\/s.01k8rhncp4jt1\/2026\/04\/img_920x518uu2026-04-07-00-59-55-2431519.jpg","contentUrl":"https:\/\/portaltela.pt\/s.01k8rhncp4jt1\/2026\/04\/img_920x518uu2026-04-07-00-59-55-2431519.jpg","width":796,"height":448,"caption":"Benfica falha e cede novo empate"},{"@type":"BreadcrumbList","@id":"https:\/\/portaltela.pt\/noticias\/2026\/04\/06\/mais-um-empate-para-a-equipa-na-competicao\/#breadcrumb","itemListElement":[{"@type":"ListItem","position":1,"name":"In\u00edcio","item":"https:\/\/portaltela.pt\/"},{"@type":"ListItem","position":2,"name":"Mais um empate para a equipa na competi\u00e7\u00e3o"}]},{"@type":"WebSite","@id":"https:\/\/portaltela.pt\/#website","url":"https:\/\/portaltela.pt\/","name":"Portal Tela Portugal","description":"","potentialAction":[{"@type":"SearchAction","target":{"@type":"EntryPoint","urlTemplate":"https:\/\/portaltela.pt\/?s={search_term_string}"},"query-input":{"@type":"PropertyValueSpecification","valueRequired":true,"valueName":"search_term_string"}}],"inLanguage":"pt-PT"},{"@type":"Person","@id":"https:\/\/portaltela.pt\/#\/schema\/person\/c4278d4a6028830caff9ee44b42d32ed","name":"Telinha","image":{"@type":"ImageObject","inLanguage":"pt-PT","@id":"https:\/\/portaltela.pt\/s.01k8rhncp4jt1\/2025\/11\/talking-bot-125x125.png","url":"https:\/\/portaltela.pt\/s.01k8rhncp4jt1\/2025\/11\/talking-bot-125x125.png","contentUrl":"https:\/\/portaltela.pt\/s.01k8rhncp4jt1\/2025\/11\/talking-bot-125x125.png","caption":"Telinha"},"sameAs":["https:\/\/portaltela.pt\/"],"url":"https:\/\/portaltela.pt\/por\/367410592786\/"}]}},"_links":{"self":[{"href":"https:\/\/portaltela.pt\/api\/wp\/v2\/posts\/434859","targetHints":{"allow":["GET"]}}],"collection":[{"href":"https:\/\/portaltela.pt\/api\/wp\/v2\/posts"}],"about":[{"href":"https:\/\/portaltela.pt\/api\/wp\/v2\/types\/post"}],"author":[{"embeddable":true,"href":"https:\/\/portaltela.pt\/api\/wp\/v2\/users\/2"}],"replies":[{"embeddable":true,"href":"https:\/\/portaltela.pt\/api\/wp\/v2\/comments?post=434859"}],"version-history":[{"count":0,"href":"https:\/\/portaltela.pt\/api\/wp\/v2\/posts\/434859\/revisions"}],"wp:featuredmedia":[{"embeddable":true,"href":"https:\/\/portaltela.pt\/api\/wp\/v2\/media\/434860"}],"wp:attachment":[{"href":"https:\/\/portaltela.pt\/api\/wp\/v2\/media?parent=434859"}],"wp:term":[{"taxonomy":"category","embeddable":true,"href":"https:\/\/portaltela.pt\/api\/wp\/v2\/categories?post=434859"},{"taxonomy":"post_tag","embeddable":true,"href":"https:\/\/portaltela.pt\/api\/wp\/v2\/tags?post=434859"}],"curies":[{"name":"wp","href":"https:\/\/api.w.org\/{rel}","templated":true}]}}