{"id":434823,"date":"2026-04-06T21:32:01","date_gmt":"2026-04-07T00:32:01","guid":{"rendered":"https:\/\/portaltela.pt\/noticias\/2026\/04\/06\/tania-laranjo-recebe-grau-ouro-da-medalha-de-merito-social-pelo-presidente\/"},"modified":"2026-04-06T21:32:01","modified_gmt":"2026-04-07T00:32:01","slug":"tania-laranjo-recebe-grau-ouro-da-medalha-de-merito-social-pelo-presidente","status":"publish","type":"post","link":"https:\/\/portaltela.pt\/sociedade\/2026\/04\/06\/tania-laranjo-recebe-grau-ouro-da-medalha-de-merito-social-pelo-presidente\/","title":{"rendered":"T\u00e2nia Laranjo recebe Grau Ouro da Medalha de M\u00e9rito Social pelo Presidente"},"content":{"rendered":"<p>A jornalista T\u00e2nia Laranjo, ligada ao Correio da Manh\u00e3 e \u00e0 CMTV, ser\u00e1 distinguida com o Grau Ouro da Medalha de M\u00e9rito Social pelo Presidente da Rep\u00fablica, Ant\u00f3nio Jos\u00e9 Seguro. A entrega decorre no \u00e2mbito da iniciativa Presid\u00eancia Aberta.<\/p>\n<p>A cerim\u00f3nia acontece na quinta-feira no Centro de Artes de \u00c1gueda. O galard\u00e3o reconhece a atua\u00e7\u00e3o no \u00e2mbito social, conforme o programa oficial da Presid\u00eancia Aberta.<\/p>\n<p>T\u00e2nia Laranjo afirmou estar a chegar ao auge do reconhecimento, com o discurso j\u00e1 preparado e a postura serena diante da ocasi\u00e3o. A nomea\u00e7\u00e3o destaca o contributo da jornalista para causas sociais.<\/p>\n","protected":false},"excerpt":{"rendered":"<ul>\n<li>T\u00e2nia Laranjo, jornalista do Correio da Manh\u00e3 e da CMTV, vai receber o Grau Ouro da Medalha de M\u00e9rito Social.<\/li>\n<li>A distin\u00e7\u00e3o \u00e9 entregue pelo Presidente da Rep\u00fablica, Ant\u00f3nio Jos\u00e9 Seguro.<\/li>\n<li>A cerim\u00f3nia ocorre na quinta-feira, no Centro de Artes de \u00c1gueda, integrada na iniciativa Presid\u00eancia Aberta.<\/li>\n<li>A iniciativa enquadra-se na programa\u00e7\u00e3o da Presid\u00eancia Aberta.<\/li>\n<li>A jornalista disse que chega ao auge na ocasi\u00e3o, com discurso preparado e nervos \u00e0 flor da pele.<\/li>\n<\/ul>\n","protected":false},"author":2,"featured_media":434824,"comment_status":"closed","ping_status":"closed","sticky":false,"template":"","format":"standard","meta":{"footnotes":""},"categories":[7384,6871],"tags":[1084,2655,2778,506,5707,5752],"class_list":["post-434823","post","type-post","status-publish","format-standard","has-post-thumbnail","hentry","category-curiosidades","category-sociedade","tag-acao-social","tag-antonio-jose-seguro","tag-cmtv","tag-imprensa","tag-jornalistas","tag-premiacoes"],"yoast_head":"<!-- This site is optimized with the Yoast SEO plugin v27.2 - https:\/\/yoast.com\/product\/yoast-seo-wordpress\/ -->\n<title>T\u00e2nia Laranjo recebe Grau Ouro da Medalha de M\u00e9rito Social pelo Presidente - Portal Tela Portugal<\/title>\n<meta name=\"robots\" content=\"index, follow, max-snippet:-1, max-image-preview:large, max-video-preview:-1\" \/>\n<meta property=\"og:locale\" content=\"pt_PT\" \/>\n<meta property=\"og:type\" content=\"article\" \/>\n<meta property=\"og:title\" content=\"T\u00e2nia Laranjo recebe Grau Ouro da Medalha de M\u00e9rito Social pelo Presidente - Portal Tela Portugal\" \/>\n<meta property=\"og:description\" content=\"T\u00e2nia Laranjo, jornalista do Correio da Manh\u00e3 e da CMTV, vai receber o Grau Ouro da Medalha de M\u00e9rito Social. A distin\u00e7\u00e3o \u00e9 entregue pelo Presidente da Rep\u00fablica, Ant\u00f3nio Jos\u00e9 Seguro. A cerim\u00f3nia ocorre na quinta-feira, no Centro de Artes de \u00c1gueda, integrada na iniciativa Presid\u00eancia Aberta. A iniciativa enquadra-se na programa\u00e7\u00e3o da Presid\u00eancia Aberta. A jornalista disse que chega ao auge na ocasi\u00e3o, com discurso preparado e nervos \u00e0 flor da pele.\" \/>\n<meta property=\"og:url\" content=\"https:\/\/portaltela.pt\/noticias\/2026\/04\/06\/tania-laranjo-recebe-grau-ouro-da-medalha-de-merito-social-pelo-presidente\/\" \/>\n<meta property=\"og:site_name\" content=\"Portal Tela Portugal\" \/>\n<meta property=\"article:published_time\" content=\"2026-04-07T00:32:01+00:00\" \/>\n<meta name=\"author\" content=\"Telinha\" \/>\n<meta name=\"twitter:card\" content=\"summary_large_image\" \/>\n<meta name=\"twitter:label1\" content=\"Escrito por\" \/>\n\t<meta name=\"twitter:data1\" content=\"Telinha\" \/>\n\t<meta name=\"twitter:label2\" content=\"Tempo estimado de leitura\" \/>\n\t<meta name=\"twitter:data2\" content=\"1 minuto\" \/>\n<script type=\"application\/ld+json\" class=\"yoast-schema-graph\">{\"@context\":\"https:\/\/schema.org\",\"@graph\":[{\"@type\":\"Article\",\"@id\":\"https:\/\/portaltela.pt\/noticias\/2026\/04\/06\/tania-laranjo-recebe-grau-ouro-da-medalha-de-merito-social-pelo-presidente\/#article\",\"isPartOf\":{\"@id\":\"https:\/\/portaltela.pt\/noticias\/2026\/04\/06\/tania-laranjo-recebe-grau-ouro-da-medalha-de-merito-social-pelo-presidente\/\"},\"author\":{\"name\":\"Telinha\",\"@id\":\"https:\/\/portaltela.pt\/#\/schema\/person\/c4278d4a6028830caff9ee44b42d32ed\"},\"headline\":\"T\u00e2nia Laranjo recebe Grau Ouro da Medalha de M\u00e9rito Social pelo Presidente\",\"datePublished\":\"2026-04-07T00:32:01+00:00\",\"mainEntityOfPage\":{\"@id\":\"https:\/\/portaltela.pt\/noticias\/2026\/04\/06\/tania-laranjo-recebe-grau-ouro-da-medalha-de-merito-social-pelo-presidente\/\"},\"wordCount\":122,\"image\":{\"@id\":\"https:\/\/portaltela.pt\/noticias\/2026\/04\/06\/tania-laranjo-recebe-grau-ouro-da-medalha-de-merito-social-pelo-presidente\/#primaryimage\"},\"thumbnailUrl\":\"https:\/\/portaltela.pt\/s.01k8rhncp4jt1\/2026\/04\/img_1500x1000uu2024-06-13-22-17-09-1679941.jpg\",\"keywords\":[\"A\u00e7\u00e3o Social\",\"Ant\u00f3nio Jos\u00e9 Seguro\",\"CMTV\",\"imprensa\",\"jornalistas\",\"premia\u00e7\u00f5es\"],\"articleSection\":[\"Curiosidades\",\"Sociedade\"],\"inLanguage\":\"pt-PT\"},{\"@type\":\"WebPage\",\"@id\":\"https:\/\/portaltela.pt\/noticias\/2026\/04\/06\/tania-laranjo-recebe-grau-ouro-da-medalha-de-merito-social-pelo-presidente\/\",\"url\":\"https:\/\/portaltela.pt\/noticias\/2026\/04\/06\/tania-laranjo-recebe-grau-ouro-da-medalha-de-merito-social-pelo-presidente\/\",\"name\":\"T\u00e2nia Laranjo recebe Grau Ouro da Medalha de M\u00e9rito Social pelo Presidente - Portal Tela Portugal\",\"isPartOf\":{\"@id\":\"https:\/\/portaltela.pt\/#website\"},\"primaryImageOfPage\":{\"@id\":\"https:\/\/portaltela.pt\/noticias\/2026\/04\/06\/tania-laranjo-recebe-grau-ouro-da-medalha-de-merito-social-pelo-presidente\/#primaryimage\"},\"image\":{\"@id\":\"https:\/\/portaltela.pt\/noticias\/2026\/04\/06\/tania-laranjo-recebe-grau-ouro-da-medalha-de-merito-social-pelo-presidente\/#primaryimage\"},\"thumbnailUrl\":\"https:\/\/portaltela.pt\/s.01k8rhncp4jt1\/2026\/04\/img_1500x1000uu2024-06-13-22-17-09-1679941.jpg\",\"datePublished\":\"2026-04-07T00:32:01+00:00\",\"author\":{\"@id\":\"https:\/\/portaltela.pt\/#\/schema\/person\/c4278d4a6028830caff9ee44b42d32ed\"},\"breadcrumb\":{\"@id\":\"https:\/\/portaltela.pt\/noticias\/2026\/04\/06\/tania-laranjo-recebe-grau-ouro-da-medalha-de-merito-social-pelo-presidente\/#breadcrumb\"},\"inLanguage\":\"pt-PT\",\"potentialAction\":[{\"@type\":\"ReadAction\",\"target\":[\"https:\/\/portaltela.pt\/noticias\/2026\/04\/06\/tania-laranjo-recebe-grau-ouro-da-medalha-de-merito-social-pelo-presidente\/\"]}]},{\"@type\":\"ImageObject\",\"inLanguage\":\"pt-PT\",\"@id\":\"https:\/\/portaltela.pt\/noticias\/2026\/04\/06\/tania-laranjo-recebe-grau-ouro-da-medalha-de-merito-social-pelo-presidente\/#primaryimage\",\"url\":\"https:\/\/portaltela.pt\/s.01k8rhncp4jt1\/2026\/04\/img_1500x1000uu2024-06-13-22-17-09-1679941.jpg\",\"contentUrl\":\"https:\/\/portaltela.pt\/s.01k8rhncp4jt1\/2026\/04\/img_1500x1000uu2024-06-13-22-17-09-1679941.jpg\",\"width\":796,\"height\":448,\"caption\":\"T\u00e2nia Laranjo\"},{\"@type\":\"BreadcrumbList\",\"@id\":\"https:\/\/portaltela.pt\/noticias\/2026\/04\/06\/tania-laranjo-recebe-grau-ouro-da-medalha-de-merito-social-pelo-presidente\/#breadcrumb\",\"itemListElement\":[{\"@type\":\"ListItem\",\"position\":1,\"name\":\"In\u00edcio\",\"item\":\"https:\/\/portaltela.pt\/\"},{\"@type\":\"ListItem\",\"position\":2,\"name\":\"T\u00e2nia Laranjo recebe Grau Ouro da Medalha de M\u00e9rito Social pelo Presidente\"}]},{\"@type\":\"WebSite\",\"@id\":\"https:\/\/portaltela.pt\/#website\",\"url\":\"https:\/\/portaltela.pt\/\",\"name\":\"Portal Tela Portugal\",\"description\":\"\",\"potentialAction\":[{\"@type\":\"SearchAction\",\"target\":{\"@type\":\"EntryPoint\",\"urlTemplate\":\"https:\/\/portaltela.pt\/?s={search_term_string}\"},\"query-input\":{\"@type\":\"PropertyValueSpecification\",\"valueRequired\":true,\"valueName\":\"search_term_string\"}}],\"inLanguage\":\"pt-PT\"},{\"@type\":\"Person\",\"@id\":\"https:\/\/portaltela.pt\/#\/schema\/person\/c4278d4a6028830caff9ee44b42d32ed\",\"name\":\"Telinha\",\"image\":{\"@type\":\"ImageObject\",\"inLanguage\":\"pt-PT\",\"@id\":\"https:\/\/portaltela.pt\/s.01k8rhncp4jt1\/2025\/11\/talking-bot-125x125.png\",\"url\":\"https:\/\/portaltela.pt\/s.01k8rhncp4jt1\/2025\/11\/talking-bot-125x125.png\",\"contentUrl\":\"https:\/\/portaltela.pt\/s.01k8rhncp4jt1\/2025\/11\/talking-bot-125x125.png\",\"caption\":\"Telinha\"},\"sameAs\":[\"https:\/\/portaltela.pt\/\"],\"url\":\"https:\/\/portaltela.pt\/por\/367410592786\/\"}]}<\/script>\n<!-- \/ Yoast SEO plugin. -->","yoast_head_json":{"title":"T\u00e2nia Laranjo recebe Grau Ouro da Medalha de M\u00e9rito Social pelo Presidente - Portal Tela Portugal","robots":{"index":"index","follow":"follow","max-snippet":"max-snippet:-1","max-image-preview":"max-image-preview:large","max-video-preview":"max-video-preview:-1"},"og_locale":"pt_PT","og_type":"article","og_title":"T\u00e2nia Laranjo recebe Grau Ouro da Medalha de M\u00e9rito Social pelo Presidente - Portal Tela Portugal","og_description":"T\u00e2nia Laranjo, jornalista do Correio da Manh\u00e3 e da CMTV, vai receber o Grau Ouro da Medalha de M\u00e9rito Social. A distin\u00e7\u00e3o \u00e9 entregue pelo Presidente da Rep\u00fablica, Ant\u00f3nio Jos\u00e9 Seguro. A cerim\u00f3nia ocorre na quinta-feira, no Centro de Artes de \u00c1gueda, integrada na iniciativa Presid\u00eancia Aberta. A iniciativa enquadra-se na programa\u00e7\u00e3o da Presid\u00eancia Aberta. A jornalista disse que chega ao auge na ocasi\u00e3o, com discurso preparado e nervos \u00e0 flor da pele.","og_url":"https:\/\/portaltela.pt\/noticias\/2026\/04\/06\/tania-laranjo-recebe-grau-ouro-da-medalha-de-merito-social-pelo-presidente\/","og_site_name":"Portal Tela Portugal","article_published_time":"2026-04-07T00:32:01+00:00","author":"Telinha","twitter_card":"summary_large_image","twitter_misc":{"Escrito por":"Telinha","Tempo estimado de leitura":"1 minuto"},"schema":{"@context":"https:\/\/schema.org","@graph":[{"@type":"Article","@id":"https:\/\/portaltela.pt\/noticias\/2026\/04\/06\/tania-laranjo-recebe-grau-ouro-da-medalha-de-merito-social-pelo-presidente\/#article","isPartOf":{"@id":"https:\/\/portaltela.pt\/noticias\/2026\/04\/06\/tania-laranjo-recebe-grau-ouro-da-medalha-de-merito-social-pelo-presidente\/"},"author":{"name":"Telinha","@id":"https:\/\/portaltela.pt\/#\/schema\/person\/c4278d4a6028830caff9ee44b42d32ed"},"headline":"T\u00e2nia Laranjo recebe Grau Ouro da Medalha de M\u00e9rito Social pelo Presidente","datePublished":"2026-04-07T00:32:01+00:00","mainEntityOfPage":{"@id":"https:\/\/portaltela.pt\/noticias\/2026\/04\/06\/tania-laranjo-recebe-grau-ouro-da-medalha-de-merito-social-pelo-presidente\/"},"wordCount":122,"image":{"@id":"https:\/\/portaltela.pt\/noticias\/2026\/04\/06\/tania-laranjo-recebe-grau-ouro-da-medalha-de-merito-social-pelo-presidente\/#primaryimage"},"thumbnailUrl":"https:\/\/portaltela.pt\/s.01k8rhncp4jt1\/2026\/04\/img_1500x1000uu2024-06-13-22-17-09-1679941.jpg","keywords":["A\u00e7\u00e3o Social","Ant\u00f3nio Jos\u00e9 Seguro","CMTV","imprensa","jornalistas","premia\u00e7\u00f5es"],"articleSection":["Curiosidades","Sociedade"],"inLanguage":"pt-PT"},{"@type":"WebPage","@id":"https:\/\/portaltela.pt\/noticias\/2026\/04\/06\/tania-laranjo-recebe-grau-ouro-da-medalha-de-merito-social-pelo-presidente\/","url":"https:\/\/portaltela.pt\/noticias\/2026\/04\/06\/tania-laranjo-recebe-grau-ouro-da-medalha-de-merito-social-pelo-presidente\/","name":"T\u00e2nia Laranjo recebe Grau Ouro da Medalha de M\u00e9rito Social pelo Presidente - Portal Tela Portugal","isPartOf":{"@id":"https:\/\/portaltela.pt\/#website"},"primaryImageOfPage":{"@id":"https:\/\/portaltela.pt\/noticias\/2026\/04\/06\/tania-laranjo-recebe-grau-ouro-da-medalha-de-merito-social-pelo-presidente\/#primaryimage"},"image":{"@id":"https:\/\/portaltela.pt\/noticias\/2026\/04\/06\/tania-laranjo-recebe-grau-ouro-da-medalha-de-merito-social-pelo-presidente\/#primaryimage"},"thumbnailUrl":"https:\/\/portaltela.pt\/s.01k8rhncp4jt1\/2026\/04\/img_1500x1000uu2024-06-13-22-17-09-1679941.jpg","datePublished":"2026-04-07T00:32:01+00:00","author":{"@id":"https:\/\/portaltela.pt\/#\/schema\/person\/c4278d4a6028830caff9ee44b42d32ed"},"breadcrumb":{"@id":"https:\/\/portaltela.pt\/noticias\/2026\/04\/06\/tania-laranjo-recebe-grau-ouro-da-medalha-de-merito-social-pelo-presidente\/#breadcrumb"},"inLanguage":"pt-PT","potentialAction":[{"@type":"ReadAction","target":["https:\/\/portaltela.pt\/noticias\/2026\/04\/06\/tania-laranjo-recebe-grau-ouro-da-medalha-de-merito-social-pelo-presidente\/"]}]},{"@type":"ImageObject","inLanguage":"pt-PT","@id":"https:\/\/portaltela.pt\/noticias\/2026\/04\/06\/tania-laranjo-recebe-grau-ouro-da-medalha-de-merito-social-pelo-presidente\/#primaryimage","url":"https:\/\/portaltela.pt\/s.01k8rhncp4jt1\/2026\/04\/img_1500x1000uu2024-06-13-22-17-09-1679941.jpg","contentUrl":"https:\/\/portaltela.pt\/s.01k8rhncp4jt1\/2026\/04\/img_1500x1000uu2024-06-13-22-17-09-1679941.jpg","width":796,"height":448,"caption":"T\u00e2nia Laranjo"},{"@type":"BreadcrumbList","@id":"https:\/\/portaltela.pt\/noticias\/2026\/04\/06\/tania-laranjo-recebe-grau-ouro-da-medalha-de-merito-social-pelo-presidente\/#breadcrumb","itemListElement":[{"@type":"ListItem","position":1,"name":"In\u00edcio","item":"https:\/\/portaltela.pt\/"},{"@type":"ListItem","position":2,"name":"T\u00e2nia Laranjo recebe Grau Ouro da Medalha de M\u00e9rito Social pelo Presidente"}]},{"@type":"WebSite","@id":"https:\/\/portaltela.pt\/#website","url":"https:\/\/portaltela.pt\/","name":"Portal Tela Portugal","description":"","potentialAction":[{"@type":"SearchAction","target":{"@type":"EntryPoint","urlTemplate":"https:\/\/portaltela.pt\/?s={search_term_string}"},"query-input":{"@type":"PropertyValueSpecification","valueRequired":true,"valueName":"search_term_string"}}],"inLanguage":"pt-PT"},{"@type":"Person","@id":"https:\/\/portaltela.pt\/#\/schema\/person\/c4278d4a6028830caff9ee44b42d32ed","name":"Telinha","image":{"@type":"ImageObject","inLanguage":"pt-PT","@id":"https:\/\/portaltela.pt\/s.01k8rhncp4jt1\/2025\/11\/talking-bot-125x125.png","url":"https:\/\/portaltela.pt\/s.01k8rhncp4jt1\/2025\/11\/talking-bot-125x125.png","contentUrl":"https:\/\/portaltela.pt\/s.01k8rhncp4jt1\/2025\/11\/talking-bot-125x125.png","caption":"Telinha"},"sameAs":["https:\/\/portaltela.pt\/"],"url":"https:\/\/portaltela.pt\/por\/367410592786\/"}]}},"_links":{"self":[{"href":"https:\/\/portaltela.pt\/api\/wp\/v2\/posts\/434823","targetHints":{"allow":["GET"]}}],"collection":[{"href":"https:\/\/portaltela.pt\/api\/wp\/v2\/posts"}],"about":[{"href":"https:\/\/portaltela.pt\/api\/wp\/v2\/types\/post"}],"author":[{"embeddable":true,"href":"https:\/\/portaltela.pt\/api\/wp\/v2\/users\/2"}],"replies":[{"embeddable":true,"href":"https:\/\/portaltela.pt\/api\/wp\/v2\/comments?post=434823"}],"version-history":[{"count":0,"href":"https:\/\/portaltela.pt\/api\/wp\/v2\/posts\/434823\/revisions"}],"wp:featuredmedia":[{"embeddable":true,"href":"https:\/\/portaltela.pt\/api\/wp\/v2\/media\/434824"}],"wp:attachment":[{"href":"https:\/\/portaltela.pt\/api\/wp\/v2\/media?parent=434823"}],"wp:term":[{"taxonomy":"category","embeddable":true,"href":"https:\/\/portaltela.pt\/api\/wp\/v2\/categories?post=434823"},{"taxonomy":"post_tag","embeddable":true,"href":"https:\/\/portaltela.pt\/api\/wp\/v2\/tags?post=434823"}],"curies":[{"name":"wp","href":"https:\/\/api.w.org\/{rel}","templated":true}]}}