{"id":434821,"date":"2026-04-06T21:02:29","date_gmt":"2026-04-07T00:02:29","guid":{"rendered":"https:\/\/portaltela.pt\/noticias\/2026\/04\/06\/artemis-ii-passa-pela-face-oculta-da-lua-e-perde-comunicacoes-com-a-terra\/"},"modified":"2026-04-06T21:02:29","modified_gmt":"2026-04-07T00:02:29","slug":"artemis-ii-passa-pela-face-oculta-da-lua-e-perde-comunicacoes-com-a-terra","status":"publish","type":"post","link":"https:\/\/portaltela.pt\/tecnologia\/2026\/04\/06\/artemis-ii-passa-pela-face-oculta-da-lua-e-perde-comunicacoes-com-a-terra\/","title":{"rendered":"Artemis II passa pela face oculta da Lua e perde comunica\u00e7\u00f5es com a Terra"},"content":{"rendered":"<p>Artemis II passou pela face oculta da Lua, momento em que a miss\u00e3o ficou sem comunica\u00e7\u00f5es com a Terra. A tripula\u00e7\u00e3o, composta por quatro astronautas a bordo da nave Orion, executou o percurso planeado para aumentar a dist\u00e2ncia entre o espa\u00e7oporto terrestre e o sat\u00e9lite.<\/p>\n<p>A NASA confirmou o incidente de comunica\u00e7\u00e3o durante o trecho de oculta\u00e7\u00e3o lunar. O objetivo da manobra foi medir e recolher dados em regi\u00f5es da Lua que n\u00e3o foram amplamente observadas por sondas anteriores.<\/p>\n<p>Os astronautas permanecem a bordo da Orion e a equipa de controlo em Houston est\u00e1 a acompanhar o estado dos sistemas de comunica\u00e7\u00e3o. O registo da dist\u00e2ncia m\u00e1xima da Terra durante o deslocamento representa um marco para a miss\u00e3o Artemis II.<\/p>\n<h3>Observa\u00e7\u00e3o e recolha de dados<\/h3>\n<p>Durante o periodo de oculta\u00e7\u00e3o, a tripula\u00e7\u00e3o concentra-se na observa\u00e7\u00e3o de novas regi\u00f5es lunares. As informa\u00e7\u00f5es recolhidas devem ajudar a ampliar o conhecimento sobre a geologia e a topografia do lado oposto.<\/p>\n<p>A opera\u00e7\u00e3o faz parte de um programa que visa preparar futuras miss\u00f5es de explora\u00e7\u00e3o humana \u00e0 Lua. A NASA manter\u00e1 atualiza\u00e7\u00f5es oficiais assim que o contacto com a Terra for restabelecido.<\/p>\n","protected":false},"excerpt":{"rendered":"<ul>\n<li>Artemis II passou pela face oculta da Lua, ficando incontact\u00e1vel com a Terra, segundo a NASA.<\/li>\n<li>A manobra foi planeada pela tripula\u00e7\u00e3o e atingiu um recorde de dist\u00e2ncia da Terra.<\/li>\n<li>Os quatro astronautas viajam a bordo da nave Orion.<\/li>\n<li>Victor Glover disse &#8220;Vemo-nos do outro lado&#8221; numa chamada com a sala de controlo da NASA, em Houston.<\/li>\n<li>A miss\u00e3o pretende observar e recolher informa\u00e7\u00f5es de regi\u00f5es da Lua ainda n\u00e3o captadas por sondas.<\/li>\n<\/ul>\n","protected":false},"author":2,"featured_media":434822,"comment_status":"closed","ping_status":"closed","sticky":false,"template":"","format":"standard","meta":{"footnotes":""},"categories":[6716],"tags":[6231,7186,1992,5528,6232,787],"class_list":["post-434821","post","type-post","status-publish","format-standard","has-post-thumbnail","hentry","category-tecnologia","tag-artemis","tag-astronomia","tag-ciencia","tag-exploracao","tag-nasa","tag-observacao"],"yoast_head":"<!-- This site is optimized with the Yoast SEO plugin v27.2 - https:\/\/yoast.com\/product\/yoast-seo-wordpress\/ -->\n<title>Artemis II passa pela face oculta da Lua e perde comunica\u00e7\u00f5es com a Terra - Portal Tela Portugal<\/title>\n<meta name=\"robots\" content=\"index, follow, max-snippet:-1, max-image-preview:large, max-video-preview:-1\" \/>\n<meta property=\"og:locale\" content=\"pt_PT\" \/>\n<meta property=\"og:type\" content=\"article\" \/>\n<meta property=\"og:title\" content=\"Artemis II passa pela face oculta da Lua e perde comunica\u00e7\u00f5es com a Terra - Portal Tela Portugal\" \/>\n<meta property=\"og:description\" content=\"Artemis II passou pela face oculta da Lua, ficando incontact\u00e1vel com a Terra, segundo a NASA. A manobra foi planeada pela tripula\u00e7\u00e3o e atingiu um recorde de dist\u00e2ncia da Terra. Os quatro astronautas viajam a bordo da nave Orion. Victor Glover disse &quot;Vemo-nos do outro lado&quot; numa chamada com a sala de controlo da NASA, em Houston. A miss\u00e3o pretende observar e recolher informa\u00e7\u00f5es de regi\u00f5es da Lua ainda n\u00e3o captadas por sondas.\" \/>\n<meta property=\"og:url\" content=\"https:\/\/portaltela.pt\/noticias\/2026\/04\/06\/artemis-ii-passa-pela-face-oculta-da-lua-e-perde-comunicacoes-com-a-terra\/\" \/>\n<meta property=\"og:site_name\" content=\"Portal Tela Portugal\" \/>\n<meta property=\"article:published_time\" content=\"2026-04-07T00:02:29+00:00\" \/>\n<meta name=\"author\" content=\"Telinha\" \/>\n<meta name=\"twitter:card\" content=\"summary_large_image\" \/>\n<meta name=\"twitter:label1\" content=\"Escrito por\" \/>\n\t<meta name=\"twitter:data1\" content=\"Telinha\" \/>\n\t<meta name=\"twitter:label2\" content=\"Tempo estimado de leitura\" \/>\n\t<meta name=\"twitter:data2\" content=\"1 minuto\" \/>\n<script type=\"application\/ld+json\" class=\"yoast-schema-graph\">{\"@context\":\"https:\/\/schema.org\",\"@graph\":[{\"@type\":\"Article\",\"@id\":\"https:\/\/portaltela.pt\/noticias\/2026\/04\/06\/artemis-ii-passa-pela-face-oculta-da-lua-e-perde-comunicacoes-com-a-terra\/#article\",\"isPartOf\":{\"@id\":\"https:\/\/portaltela.pt\/noticias\/2026\/04\/06\/artemis-ii-passa-pela-face-oculta-da-lua-e-perde-comunicacoes-com-a-terra\/\"},\"author\":{\"name\":\"Telinha\",\"@id\":\"https:\/\/portaltela.pt\/#\/schema\/person\/c4278d4a6028830caff9ee44b42d32ed\"},\"headline\":\"Artemis II passa pela face oculta da Lua e perde comunica\u00e7\u00f5es com a Terra\",\"datePublished\":\"2026-04-07T00:02:29+00:00\",\"mainEntityOfPage\":{\"@id\":\"https:\/\/portaltela.pt\/noticias\/2026\/04\/06\/artemis-ii-passa-pela-face-oculta-da-lua-e-perde-comunicacoes-com-a-terra\/\"},\"wordCount\":226,\"image\":{\"@id\":\"https:\/\/portaltela.pt\/noticias\/2026\/04\/06\/artemis-ii-passa-pela-face-oculta-da-lua-e-perde-comunicacoes-com-a-terra\/#primaryimage\"},\"thumbnailUrl\":\"https:\/\/portaltela.pt\/s.01k8rhncp4jt1\/2026\/04\/img_1500x1000uu2026-04-07-00-50-09-2276981.jpg\",\"keywords\":[\"Artemis\",\"astronomia\",\"ci\u00eancia\",\"explora\u00e7\u00e3o\",\"NASA\",\"observa\u00e7\u00e3o\"],\"articleSection\":[\"Tecnologia\"],\"inLanguage\":\"pt-PT\"},{\"@type\":\"WebPage\",\"@id\":\"https:\/\/portaltela.pt\/noticias\/2026\/04\/06\/artemis-ii-passa-pela-face-oculta-da-lua-e-perde-comunicacoes-com-a-terra\/\",\"url\":\"https:\/\/portaltela.pt\/noticias\/2026\/04\/06\/artemis-ii-passa-pela-face-oculta-da-lua-e-perde-comunicacoes-com-a-terra\/\",\"name\":\"Artemis II passa pela face oculta da Lua e perde comunica\u00e7\u00f5es com a Terra - Portal Tela Portugal\",\"isPartOf\":{\"@id\":\"https:\/\/portaltela.pt\/#website\"},\"primaryImageOfPage\":{\"@id\":\"https:\/\/portaltela.pt\/noticias\/2026\/04\/06\/artemis-ii-passa-pela-face-oculta-da-lua-e-perde-comunicacoes-com-a-terra\/#primaryimage\"},\"image\":{\"@id\":\"https:\/\/portaltela.pt\/noticias\/2026\/04\/06\/artemis-ii-passa-pela-face-oculta-da-lua-e-perde-comunicacoes-com-a-terra\/#primaryimage\"},\"thumbnailUrl\":\"https:\/\/portaltela.pt\/s.01k8rhncp4jt1\/2026\/04\/img_1500x1000uu2026-04-07-00-50-09-2276981.jpg\",\"datePublished\":\"2026-04-07T00:02:29+00:00\",\"author\":{\"@id\":\"https:\/\/portaltela.pt\/#\/schema\/person\/c4278d4a6028830caff9ee44b42d32ed\"},\"breadcrumb\":{\"@id\":\"https:\/\/portaltela.pt\/noticias\/2026\/04\/06\/artemis-ii-passa-pela-face-oculta-da-lua-e-perde-comunicacoes-com-a-terra\/#breadcrumb\"},\"inLanguage\":\"pt-PT\",\"potentialAction\":[{\"@type\":\"ReadAction\",\"target\":[\"https:\/\/portaltela.pt\/noticias\/2026\/04\/06\/artemis-ii-passa-pela-face-oculta-da-lua-e-perde-comunicacoes-com-a-terra\/\"]}]},{\"@type\":\"ImageObject\",\"inLanguage\":\"pt-PT\",\"@id\":\"https:\/\/portaltela.pt\/noticias\/2026\/04\/06\/artemis-ii-passa-pela-face-oculta-da-lua-e-perde-comunicacoes-com-a-terra\/#primaryimage\",\"url\":\"https:\/\/portaltela.pt\/s.01k8rhncp4jt1\/2026\/04\/img_1500x1000uu2026-04-07-00-50-09-2276981.jpg\",\"contentUrl\":\"https:\/\/portaltela.pt\/s.01k8rhncp4jt1\/2026\/04\/img_1500x1000uu2026-04-07-00-50-09-2276981.jpg\",\"width\":796,\"height\":448,\"caption\":\"Lua\"},{\"@type\":\"BreadcrumbList\",\"@id\":\"https:\/\/portaltela.pt\/noticias\/2026\/04\/06\/artemis-ii-passa-pela-face-oculta-da-lua-e-perde-comunicacoes-com-a-terra\/#breadcrumb\",\"itemListElement\":[{\"@type\":\"ListItem\",\"position\":1,\"name\":\"In\u00edcio\",\"item\":\"https:\/\/portaltela.pt\/\"},{\"@type\":\"ListItem\",\"position\":2,\"name\":\"Artemis II passa pela face oculta da Lua e perde comunica\u00e7\u00f5es com a Terra\"}]},{\"@type\":\"WebSite\",\"@id\":\"https:\/\/portaltela.pt\/#website\",\"url\":\"https:\/\/portaltela.pt\/\",\"name\":\"Portal Tela Portugal\",\"description\":\"\",\"potentialAction\":[{\"@type\":\"SearchAction\",\"target\":{\"@type\":\"EntryPoint\",\"urlTemplate\":\"https:\/\/portaltela.pt\/?s={search_term_string}\"},\"query-input\":{\"@type\":\"PropertyValueSpecification\",\"valueRequired\":true,\"valueName\":\"search_term_string\"}}],\"inLanguage\":\"pt-PT\"},{\"@type\":\"Person\",\"@id\":\"https:\/\/portaltela.pt\/#\/schema\/person\/c4278d4a6028830caff9ee44b42d32ed\",\"name\":\"Telinha\",\"image\":{\"@type\":\"ImageObject\",\"inLanguage\":\"pt-PT\",\"@id\":\"https:\/\/portaltela.pt\/s.01k8rhncp4jt1\/2025\/11\/talking-bot-125x125.png\",\"url\":\"https:\/\/portaltela.pt\/s.01k8rhncp4jt1\/2025\/11\/talking-bot-125x125.png\",\"contentUrl\":\"https:\/\/portaltela.pt\/s.01k8rhncp4jt1\/2025\/11\/talking-bot-125x125.png\",\"caption\":\"Telinha\"},\"sameAs\":[\"https:\/\/portaltela.pt\/\"],\"url\":\"https:\/\/portaltela.pt\/por\/367410592786\/\"}]}<\/script>\n<!-- \/ Yoast SEO plugin. -->","yoast_head_json":{"title":"Artemis II passa pela face oculta da Lua e perde comunica\u00e7\u00f5es com a Terra - Portal Tela Portugal","robots":{"index":"index","follow":"follow","max-snippet":"max-snippet:-1","max-image-preview":"max-image-preview:large","max-video-preview":"max-video-preview:-1"},"og_locale":"pt_PT","og_type":"article","og_title":"Artemis II passa pela face oculta da Lua e perde comunica\u00e7\u00f5es com a Terra - Portal Tela Portugal","og_description":"Artemis II passou pela face oculta da Lua, ficando incontact\u00e1vel com a Terra, segundo a NASA. A manobra foi planeada pela tripula\u00e7\u00e3o e atingiu um recorde de dist\u00e2ncia da Terra. Os quatro astronautas viajam a bordo da nave Orion. Victor Glover disse \"Vemo-nos do outro lado\" numa chamada com a sala de controlo da NASA, em Houston. A miss\u00e3o pretende observar e recolher informa\u00e7\u00f5es de regi\u00f5es da Lua ainda n\u00e3o captadas por sondas.","og_url":"https:\/\/portaltela.pt\/noticias\/2026\/04\/06\/artemis-ii-passa-pela-face-oculta-da-lua-e-perde-comunicacoes-com-a-terra\/","og_site_name":"Portal Tela Portugal","article_published_time":"2026-04-07T00:02:29+00:00","author":"Telinha","twitter_card":"summary_large_image","twitter_misc":{"Escrito por":"Telinha","Tempo estimado de leitura":"1 minuto"},"schema":{"@context":"https:\/\/schema.org","@graph":[{"@type":"Article","@id":"https:\/\/portaltela.pt\/noticias\/2026\/04\/06\/artemis-ii-passa-pela-face-oculta-da-lua-e-perde-comunicacoes-com-a-terra\/#article","isPartOf":{"@id":"https:\/\/portaltela.pt\/noticias\/2026\/04\/06\/artemis-ii-passa-pela-face-oculta-da-lua-e-perde-comunicacoes-com-a-terra\/"},"author":{"name":"Telinha","@id":"https:\/\/portaltela.pt\/#\/schema\/person\/c4278d4a6028830caff9ee44b42d32ed"},"headline":"Artemis II passa pela face oculta da Lua e perde comunica\u00e7\u00f5es com a Terra","datePublished":"2026-04-07T00:02:29+00:00","mainEntityOfPage":{"@id":"https:\/\/portaltela.pt\/noticias\/2026\/04\/06\/artemis-ii-passa-pela-face-oculta-da-lua-e-perde-comunicacoes-com-a-terra\/"},"wordCount":226,"image":{"@id":"https:\/\/portaltela.pt\/noticias\/2026\/04\/06\/artemis-ii-passa-pela-face-oculta-da-lua-e-perde-comunicacoes-com-a-terra\/#primaryimage"},"thumbnailUrl":"https:\/\/portaltela.pt\/s.01k8rhncp4jt1\/2026\/04\/img_1500x1000uu2026-04-07-00-50-09-2276981.jpg","keywords":["Artemis","astronomia","ci\u00eancia","explora\u00e7\u00e3o","NASA","observa\u00e7\u00e3o"],"articleSection":["Tecnologia"],"inLanguage":"pt-PT"},{"@type":"WebPage","@id":"https:\/\/portaltela.pt\/noticias\/2026\/04\/06\/artemis-ii-passa-pela-face-oculta-da-lua-e-perde-comunicacoes-com-a-terra\/","url":"https:\/\/portaltela.pt\/noticias\/2026\/04\/06\/artemis-ii-passa-pela-face-oculta-da-lua-e-perde-comunicacoes-com-a-terra\/","name":"Artemis II passa pela face oculta da Lua e perde comunica\u00e7\u00f5es com a Terra - Portal Tela Portugal","isPartOf":{"@id":"https:\/\/portaltela.pt\/#website"},"primaryImageOfPage":{"@id":"https:\/\/portaltela.pt\/noticias\/2026\/04\/06\/artemis-ii-passa-pela-face-oculta-da-lua-e-perde-comunicacoes-com-a-terra\/#primaryimage"},"image":{"@id":"https:\/\/portaltela.pt\/noticias\/2026\/04\/06\/artemis-ii-passa-pela-face-oculta-da-lua-e-perde-comunicacoes-com-a-terra\/#primaryimage"},"thumbnailUrl":"https:\/\/portaltela.pt\/s.01k8rhncp4jt1\/2026\/04\/img_1500x1000uu2026-04-07-00-50-09-2276981.jpg","datePublished":"2026-04-07T00:02:29+00:00","author":{"@id":"https:\/\/portaltela.pt\/#\/schema\/person\/c4278d4a6028830caff9ee44b42d32ed"},"breadcrumb":{"@id":"https:\/\/portaltela.pt\/noticias\/2026\/04\/06\/artemis-ii-passa-pela-face-oculta-da-lua-e-perde-comunicacoes-com-a-terra\/#breadcrumb"},"inLanguage":"pt-PT","potentialAction":[{"@type":"ReadAction","target":["https:\/\/portaltela.pt\/noticias\/2026\/04\/06\/artemis-ii-passa-pela-face-oculta-da-lua-e-perde-comunicacoes-com-a-terra\/"]}]},{"@type":"ImageObject","inLanguage":"pt-PT","@id":"https:\/\/portaltela.pt\/noticias\/2026\/04\/06\/artemis-ii-passa-pela-face-oculta-da-lua-e-perde-comunicacoes-com-a-terra\/#primaryimage","url":"https:\/\/portaltela.pt\/s.01k8rhncp4jt1\/2026\/04\/img_1500x1000uu2026-04-07-00-50-09-2276981.jpg","contentUrl":"https:\/\/portaltela.pt\/s.01k8rhncp4jt1\/2026\/04\/img_1500x1000uu2026-04-07-00-50-09-2276981.jpg","width":796,"height":448,"caption":"Lua"},{"@type":"BreadcrumbList","@id":"https:\/\/portaltela.pt\/noticias\/2026\/04\/06\/artemis-ii-passa-pela-face-oculta-da-lua-e-perde-comunicacoes-com-a-terra\/#breadcrumb","itemListElement":[{"@type":"ListItem","position":1,"name":"In\u00edcio","item":"https:\/\/portaltela.pt\/"},{"@type":"ListItem","position":2,"name":"Artemis II passa pela face oculta da Lua e perde comunica\u00e7\u00f5es com a Terra"}]},{"@type":"WebSite","@id":"https:\/\/portaltela.pt\/#website","url":"https:\/\/portaltela.pt\/","name":"Portal Tela Portugal","description":"","potentialAction":[{"@type":"SearchAction","target":{"@type":"EntryPoint","urlTemplate":"https:\/\/portaltela.pt\/?s={search_term_string}"},"query-input":{"@type":"PropertyValueSpecification","valueRequired":true,"valueName":"search_term_string"}}],"inLanguage":"pt-PT"},{"@type":"Person","@id":"https:\/\/portaltela.pt\/#\/schema\/person\/c4278d4a6028830caff9ee44b42d32ed","name":"Telinha","image":{"@type":"ImageObject","inLanguage":"pt-PT","@id":"https:\/\/portaltela.pt\/s.01k8rhncp4jt1\/2025\/11\/talking-bot-125x125.png","url":"https:\/\/portaltela.pt\/s.01k8rhncp4jt1\/2025\/11\/talking-bot-125x125.png","contentUrl":"https:\/\/portaltela.pt\/s.01k8rhncp4jt1\/2025\/11\/talking-bot-125x125.png","caption":"Telinha"},"sameAs":["https:\/\/portaltela.pt\/"],"url":"https:\/\/portaltela.pt\/por\/367410592786\/"}]}},"_links":{"self":[{"href":"https:\/\/portaltela.pt\/api\/wp\/v2\/posts\/434821","targetHints":{"allow":["GET"]}}],"collection":[{"href":"https:\/\/portaltela.pt\/api\/wp\/v2\/posts"}],"about":[{"href":"https:\/\/portaltela.pt\/api\/wp\/v2\/types\/post"}],"author":[{"embeddable":true,"href":"https:\/\/portaltela.pt\/api\/wp\/v2\/users\/2"}],"replies":[{"embeddable":true,"href":"https:\/\/portaltela.pt\/api\/wp\/v2\/comments?post=434821"}],"version-history":[{"count":0,"href":"https:\/\/portaltela.pt\/api\/wp\/v2\/posts\/434821\/revisions"}],"wp:featuredmedia":[{"embeddable":true,"href":"https:\/\/portaltela.pt\/api\/wp\/v2\/media\/434822"}],"wp:attachment":[{"href":"https:\/\/portaltela.pt\/api\/wp\/v2\/media?parent=434821"}],"wp:term":[{"taxonomy":"category","embeddable":true,"href":"https:\/\/portaltela.pt\/api\/wp\/v2\/categories?post=434821"},{"taxonomy":"post_tag","embeddable":true,"href":"https:\/\/portaltela.pt\/api\/wp\/v2\/tags?post=434821"}],"curies":[{"name":"wp","href":"https:\/\/api.w.org\/{rel}","templated":true}]}}