{"id":434803,"date":"2026-04-06T20:17:02","date_gmt":"2026-04-06T23:17:02","guid":{"rendered":"https:\/\/portaltela.pt\/noticias\/2026\/04\/06\/claudio-ramos-afirma-que-a-sua-vida-nao-e-um-reality-show\/"},"modified":"2026-04-06T20:17:02","modified_gmt":"2026-04-06T23:17:02","slug":"claudio-ramos-afirma-que-a-sua-vida-nao-e-um-reality-show","status":"publish","type":"post","link":"https:\/\/portaltela.pt\/celebridades\/2026\/04\/06\/claudio-ramos-afirma-que-a-sua-vida-nao-e-um-reality-show\/","title":{"rendered":"Cl\u00e1udio Ramos afirma que a sua vida n\u00e3o \u00e9 um reality show"},"content":{"rendered":"<p>Aos 53 anos, Cl\u00e1udio Ramos afirma n\u00e3o ter perspetivas de novas ambi\u00e7\u00f5es no pequeno ecr\u00e3, sentindo-se numa fase de plenitude profissional. O apresentador de Dois \u00e0s 10, da TVI, diz que o seu grande objetivo \u00e9 apresentar as manh\u00e3s, o que considera o seu sonho.<\/p>\n<p>A explica\u00e7\u00e3o de Ramos assenta na experi\u00eancia pr\u00e1tica: a bagagem chega pela observa\u00e7\u00e3o e pela vida no terreno, n\u00e3o por forma\u00e7\u00e3o acad\u00e9mica. A empatia com o que vive o p\u00fablico surge ao acompanhar a dor e a alegria de quem o rodeia.<\/p>\n<p>Quanto ao futuro, o apresentador planeia uma reforma ativa aos 55 anos, escolhendo projetos que permitam hor\u00e1rios est\u00e1veis. No que toca \u00e0 escrita, admite pausas de dois em dois anos para manter a cabe\u00e7a fresca e evitar rotinas.<\/p>\n<p>Defensor da privacidade, Ramos diz que a vida n\u00e3o \u00e9 um reality show e mant\u00e9m as ra\u00edzes alentejanas. Refor\u00e7a a responsabilidade de proteger os seus, mantendo-se pr\u00f3ximo do seu espa\u00e7o e da normalidade do dia a dia.<\/p>\n<p>No terreno afetivo, o amor continua a ser motor fundamental, podendo ter v\u00e1rias tonalidades, mas sempre presente na gest\u00e3o das prioridades pessoais e profissionais.<\/p>\n","protected":false},"excerpt":{"rendered":"<ul>\n<li>Cl\u00e1udio Ramos, aos 53 anos, diz n\u00e3o ter mais ambi\u00e7\u00f5es no pequeno ecr\u00e3 e apresenta-se em pleno na vida profissional.<\/li>\n<li>O que o satisfaz \u00e9 apresentar as manh\u00e3s do programa Dois \u00e0s 10, na TVI, visto como o seu sonho e objetivo de vida.<\/li>\n<li>Acredita que a experi\u00eancia no terreno e a empatia com as emo\u00e7\u00f5es das pessoas v\u00eam da observa\u00e7\u00e3o na rua, n\u00e3o de forma\u00e7\u00e3o acad\u00e9mica.<\/li>\n<li>Planeia uma reforma ativa aos 55 anos, escolhendo projetos que lhe garantam hor\u00e1rios mais tranquilos.<\/li>\n<li>Mant\u00e9m pausas de dois anos entre lan\u00e7amentos de livros para \u201cformatar a cabe\u00e7a\u201d e preservar as ra\u00edzes alentejanas, assegurando uma vida normal e privada.<\/li>\n<\/ul>\n","protected":false},"author":2,"featured_media":434805,"comment_status":"closed","ping_status":"closed","sticky":false,"template":"","format":"standard","meta":{"footnotes":""},"categories":[6675],"tags":[145,7221,40,3562,7409,5962],"class_list":["post-434803","post","type-post","status-publish","format-standard","has-post-thumbnail","hentry","category-celebridades","tag-cultura","tag-noticias","tag-pessoas","tag-privacidade","tag-televisoes","tag-vida-publica"],"yoast_head":"<!-- This site is optimized with the Yoast SEO plugin v27.2 - https:\/\/yoast.com\/product\/yoast-seo-wordpress\/ -->\n<title>Cl\u00e1udio Ramos afirma que a sua vida n\u00e3o \u00e9 um reality show - Portal Tela Portugal<\/title>\n<meta name=\"robots\" content=\"index, follow, max-snippet:-1, max-image-preview:large, max-video-preview:-1\" \/>\n<meta property=\"og:locale\" content=\"pt_PT\" \/>\n<meta property=\"og:type\" content=\"article\" \/>\n<meta property=\"og:title\" content=\"Cl\u00e1udio Ramos afirma que a sua vida n\u00e3o \u00e9 um reality show - Portal Tela Portugal\" \/>\n<meta property=\"og:description\" content=\"Cl\u00e1udio Ramos, aos 53 anos, diz n\u00e3o ter mais ambi\u00e7\u00f5es no pequeno ecr\u00e3 e apresenta-se em pleno na vida profissional. O que o satisfaz \u00e9 apresentar as manh\u00e3s do programa Dois \u00e0s 10, na TVI, visto como o seu sonho e objetivo de vida. Acredita que a experi\u00eancia no terreno e a empatia com as emo\u00e7\u00f5es das pessoas v\u00eam da observa\u00e7\u00e3o na rua, n\u00e3o de forma\u00e7\u00e3o acad\u00e9mica. Planeia uma reforma ativa aos 55 anos, escolhendo projetos que lhe garantam hor\u00e1rios mais tranquilos. Mant\u00e9m pausas de dois anos entre lan\u00e7amentos de livros para \u201cformatar a cabe\u00e7a\u201d e preservar as ra\u00edzes alentejanas, assegurando uma vida normal e privada.\" \/>\n<meta property=\"og:url\" content=\"https:\/\/portaltela.pt\/noticias\/2026\/04\/06\/claudio-ramos-afirma-que-a-sua-vida-nao-e-um-reality-show\/\" \/>\n<meta property=\"og:site_name\" content=\"Portal Tela Portugal\" \/>\n<meta property=\"article:published_time\" content=\"2026-04-06T23:17:02+00:00\" \/>\n<meta name=\"author\" content=\"Telinha\" \/>\n<meta name=\"twitter:card\" content=\"summary_large_image\" \/>\n<meta name=\"twitter:label1\" content=\"Escrito por\" \/>\n\t<meta name=\"twitter:data1\" content=\"Telinha\" \/>\n\t<meta name=\"twitter:label2\" content=\"Tempo estimado de leitura\" \/>\n\t<meta name=\"twitter:data2\" content=\"1 minuto\" \/>\n<script type=\"application\/ld+json\" class=\"yoast-schema-graph\">{\"@context\":\"https:\/\/schema.org\",\"@graph\":[{\"@type\":\"Article\",\"@id\":\"https:\/\/portaltela.pt\/noticias\/2026\/04\/06\/claudio-ramos-afirma-que-a-sua-vida-nao-e-um-reality-show\/#article\",\"isPartOf\":{\"@id\":\"https:\/\/portaltela.pt\/noticias\/2026\/04\/06\/claudio-ramos-afirma-que-a-sua-vida-nao-e-um-reality-show\/\"},\"author\":{\"name\":\"Telinha\",\"@id\":\"https:\/\/portaltela.pt\/#\/schema\/person\/c4278d4a6028830caff9ee44b42d32ed\"},\"headline\":\"Cl\u00e1udio Ramos afirma que a sua vida n\u00e3o \u00e9 um reality show\",\"datePublished\":\"2026-04-06T23:17:02+00:00\",\"mainEntityOfPage\":{\"@id\":\"https:\/\/portaltela.pt\/noticias\/2026\/04\/06\/claudio-ramos-afirma-que-a-sua-vida-nao-e-um-reality-show\/\"},\"wordCount\":216,\"image\":{\"@id\":\"https:\/\/portaltela.pt\/noticias\/2026\/04\/06\/claudio-ramos-afirma-que-a-sua-vida-nao-e-um-reality-show\/#primaryimage\"},\"thumbnailUrl\":\"https:\/\/portaltela.pt\/s.01k8rhncp4jt1\/2026\/04\/image-349.jpg\",\"keywords\":[\"cultura\",\"not\u00edcias\",\"pessoas\",\"privacidade\",\"televis\u00f5es\",\"vida p\u00fablica\"],\"articleSection\":[\"Celebridades\"],\"inLanguage\":\"pt-PT\"},{\"@type\":\"WebPage\",\"@id\":\"https:\/\/portaltela.pt\/noticias\/2026\/04\/06\/claudio-ramos-afirma-que-a-sua-vida-nao-e-um-reality-show\/\",\"url\":\"https:\/\/portaltela.pt\/noticias\/2026\/04\/06\/claudio-ramos-afirma-que-a-sua-vida-nao-e-um-reality-show\/\",\"name\":\"Cl\u00e1udio Ramos afirma que a sua vida n\u00e3o \u00e9 um reality show - Portal Tela Portugal\",\"isPartOf\":{\"@id\":\"https:\/\/portaltela.pt\/#website\"},\"primaryImageOfPage\":{\"@id\":\"https:\/\/portaltela.pt\/noticias\/2026\/04\/06\/claudio-ramos-afirma-que-a-sua-vida-nao-e-um-reality-show\/#primaryimage\"},\"image\":{\"@id\":\"https:\/\/portaltela.pt\/noticias\/2026\/04\/06\/claudio-ramos-afirma-que-a-sua-vida-nao-e-um-reality-show\/#primaryimage\"},\"thumbnailUrl\":\"https:\/\/portaltela.pt\/s.01k8rhncp4jt1\/2026\/04\/image-349.jpg\",\"datePublished\":\"2026-04-06T23:17:02+00:00\",\"author\":{\"@id\":\"https:\/\/portaltela.pt\/#\/schema\/person\/c4278d4a6028830caff9ee44b42d32ed\"},\"breadcrumb\":{\"@id\":\"https:\/\/portaltela.pt\/noticias\/2026\/04\/06\/claudio-ramos-afirma-que-a-sua-vida-nao-e-um-reality-show\/#breadcrumb\"},\"inLanguage\":\"pt-PT\",\"potentialAction\":[{\"@type\":\"ReadAction\",\"target\":[\"https:\/\/portaltela.pt\/noticias\/2026\/04\/06\/claudio-ramos-afirma-que-a-sua-vida-nao-e-um-reality-show\/\"]}]},{\"@type\":\"ImageObject\",\"inLanguage\":\"pt-PT\",\"@id\":\"https:\/\/portaltela.pt\/noticias\/2026\/04\/06\/claudio-ramos-afirma-que-a-sua-vida-nao-e-um-reality-show\/#primaryimage\",\"url\":\"https:\/\/portaltela.pt\/s.01k8rhncp4jt1\/2026\/04\/image-349.jpg\",\"contentUrl\":\"https:\/\/portaltela.pt\/s.01k8rhncp4jt1\/2026\/04\/image-349.jpg\",\"width\":796,\"height\":448,\"caption\":\"Aos 53 anos, Cl\u00e1udio Ramos garante n\u00e3o ter mais ambi\u00e7\u00f5es por cumprir no pequeno ecr\u00e3, sentindo-se num estado de plenitude profissional\"},{\"@type\":\"BreadcrumbList\",\"@id\":\"https:\/\/portaltela.pt\/noticias\/2026\/04\/06\/claudio-ramos-afirma-que-a-sua-vida-nao-e-um-reality-show\/#breadcrumb\",\"itemListElement\":[{\"@type\":\"ListItem\",\"position\":1,\"name\":\"In\u00edcio\",\"item\":\"https:\/\/portaltela.pt\/\"},{\"@type\":\"ListItem\",\"position\":2,\"name\":\"Cl\u00e1udio Ramos afirma que a sua vida n\u00e3o \u00e9 um reality show\"}]},{\"@type\":\"WebSite\",\"@id\":\"https:\/\/portaltela.pt\/#website\",\"url\":\"https:\/\/portaltela.pt\/\",\"name\":\"Portal Tela Portugal\",\"description\":\"\",\"potentialAction\":[{\"@type\":\"SearchAction\",\"target\":{\"@type\":\"EntryPoint\",\"urlTemplate\":\"https:\/\/portaltela.pt\/?s={search_term_string}\"},\"query-input\":{\"@type\":\"PropertyValueSpecification\",\"valueRequired\":true,\"valueName\":\"search_term_string\"}}],\"inLanguage\":\"pt-PT\"},{\"@type\":\"Person\",\"@id\":\"https:\/\/portaltela.pt\/#\/schema\/person\/c4278d4a6028830caff9ee44b42d32ed\",\"name\":\"Telinha\",\"image\":{\"@type\":\"ImageObject\",\"inLanguage\":\"pt-PT\",\"@id\":\"https:\/\/portaltela.pt\/s.01k8rhncp4jt1\/2025\/11\/talking-bot-125x125.png\",\"url\":\"https:\/\/portaltela.pt\/s.01k8rhncp4jt1\/2025\/11\/talking-bot-125x125.png\",\"contentUrl\":\"https:\/\/portaltela.pt\/s.01k8rhncp4jt1\/2025\/11\/talking-bot-125x125.png\",\"caption\":\"Telinha\"},\"sameAs\":[\"https:\/\/portaltela.pt\/\"],\"url\":\"https:\/\/portaltela.pt\/por\/367410592786\/\"}]}<\/script>\n<!-- \/ Yoast SEO plugin. -->","yoast_head_json":{"title":"Cl\u00e1udio Ramos afirma que a sua vida n\u00e3o \u00e9 um reality show - Portal Tela Portugal","robots":{"index":"index","follow":"follow","max-snippet":"max-snippet:-1","max-image-preview":"max-image-preview:large","max-video-preview":"max-video-preview:-1"},"og_locale":"pt_PT","og_type":"article","og_title":"Cl\u00e1udio Ramos afirma que a sua vida n\u00e3o \u00e9 um reality show - Portal Tela Portugal","og_description":"Cl\u00e1udio Ramos, aos 53 anos, diz n\u00e3o ter mais ambi\u00e7\u00f5es no pequeno ecr\u00e3 e apresenta-se em pleno na vida profissional. O que o satisfaz \u00e9 apresentar as manh\u00e3s do programa Dois \u00e0s 10, na TVI, visto como o seu sonho e objetivo de vida. Acredita que a experi\u00eancia no terreno e a empatia com as emo\u00e7\u00f5es das pessoas v\u00eam da observa\u00e7\u00e3o na rua, n\u00e3o de forma\u00e7\u00e3o acad\u00e9mica. Planeia uma reforma ativa aos 55 anos, escolhendo projetos que lhe garantam hor\u00e1rios mais tranquilos. Mant\u00e9m pausas de dois anos entre lan\u00e7amentos de livros para \u201cformatar a cabe\u00e7a\u201d e preservar as ra\u00edzes alentejanas, assegurando uma vida normal e privada.","og_url":"https:\/\/portaltela.pt\/noticias\/2026\/04\/06\/claudio-ramos-afirma-que-a-sua-vida-nao-e-um-reality-show\/","og_site_name":"Portal Tela Portugal","article_published_time":"2026-04-06T23:17:02+00:00","author":"Telinha","twitter_card":"summary_large_image","twitter_misc":{"Escrito por":"Telinha","Tempo estimado de leitura":"1 minuto"},"schema":{"@context":"https:\/\/schema.org","@graph":[{"@type":"Article","@id":"https:\/\/portaltela.pt\/noticias\/2026\/04\/06\/claudio-ramos-afirma-que-a-sua-vida-nao-e-um-reality-show\/#article","isPartOf":{"@id":"https:\/\/portaltela.pt\/noticias\/2026\/04\/06\/claudio-ramos-afirma-que-a-sua-vida-nao-e-um-reality-show\/"},"author":{"name":"Telinha","@id":"https:\/\/portaltela.pt\/#\/schema\/person\/c4278d4a6028830caff9ee44b42d32ed"},"headline":"Cl\u00e1udio Ramos afirma que a sua vida n\u00e3o \u00e9 um reality show","datePublished":"2026-04-06T23:17:02+00:00","mainEntityOfPage":{"@id":"https:\/\/portaltela.pt\/noticias\/2026\/04\/06\/claudio-ramos-afirma-que-a-sua-vida-nao-e-um-reality-show\/"},"wordCount":216,"image":{"@id":"https:\/\/portaltela.pt\/noticias\/2026\/04\/06\/claudio-ramos-afirma-que-a-sua-vida-nao-e-um-reality-show\/#primaryimage"},"thumbnailUrl":"https:\/\/portaltela.pt\/s.01k8rhncp4jt1\/2026\/04\/image-349.jpg","keywords":["cultura","not\u00edcias","pessoas","privacidade","televis\u00f5es","vida p\u00fablica"],"articleSection":["Celebridades"],"inLanguage":"pt-PT"},{"@type":"WebPage","@id":"https:\/\/portaltela.pt\/noticias\/2026\/04\/06\/claudio-ramos-afirma-que-a-sua-vida-nao-e-um-reality-show\/","url":"https:\/\/portaltela.pt\/noticias\/2026\/04\/06\/claudio-ramos-afirma-que-a-sua-vida-nao-e-um-reality-show\/","name":"Cl\u00e1udio Ramos afirma que a sua vida n\u00e3o \u00e9 um reality show - Portal Tela Portugal","isPartOf":{"@id":"https:\/\/portaltela.pt\/#website"},"primaryImageOfPage":{"@id":"https:\/\/portaltela.pt\/noticias\/2026\/04\/06\/claudio-ramos-afirma-que-a-sua-vida-nao-e-um-reality-show\/#primaryimage"},"image":{"@id":"https:\/\/portaltela.pt\/noticias\/2026\/04\/06\/claudio-ramos-afirma-que-a-sua-vida-nao-e-um-reality-show\/#primaryimage"},"thumbnailUrl":"https:\/\/portaltela.pt\/s.01k8rhncp4jt1\/2026\/04\/image-349.jpg","datePublished":"2026-04-06T23:17:02+00:00","author":{"@id":"https:\/\/portaltela.pt\/#\/schema\/person\/c4278d4a6028830caff9ee44b42d32ed"},"breadcrumb":{"@id":"https:\/\/portaltela.pt\/noticias\/2026\/04\/06\/claudio-ramos-afirma-que-a-sua-vida-nao-e-um-reality-show\/#breadcrumb"},"inLanguage":"pt-PT","potentialAction":[{"@type":"ReadAction","target":["https:\/\/portaltela.pt\/noticias\/2026\/04\/06\/claudio-ramos-afirma-que-a-sua-vida-nao-e-um-reality-show\/"]}]},{"@type":"ImageObject","inLanguage":"pt-PT","@id":"https:\/\/portaltela.pt\/noticias\/2026\/04\/06\/claudio-ramos-afirma-que-a-sua-vida-nao-e-um-reality-show\/#primaryimage","url":"https:\/\/portaltela.pt\/s.01k8rhncp4jt1\/2026\/04\/image-349.jpg","contentUrl":"https:\/\/portaltela.pt\/s.01k8rhncp4jt1\/2026\/04\/image-349.jpg","width":796,"height":448,"caption":"Aos 53 anos, Cl\u00e1udio Ramos garante n\u00e3o ter mais ambi\u00e7\u00f5es por cumprir no pequeno ecr\u00e3, sentindo-se num estado de plenitude profissional"},{"@type":"BreadcrumbList","@id":"https:\/\/portaltela.pt\/noticias\/2026\/04\/06\/claudio-ramos-afirma-que-a-sua-vida-nao-e-um-reality-show\/#breadcrumb","itemListElement":[{"@type":"ListItem","position":1,"name":"In\u00edcio","item":"https:\/\/portaltela.pt\/"},{"@type":"ListItem","position":2,"name":"Cl\u00e1udio Ramos afirma que a sua vida n\u00e3o \u00e9 um reality show"}]},{"@type":"WebSite","@id":"https:\/\/portaltela.pt\/#website","url":"https:\/\/portaltela.pt\/","name":"Portal Tela Portugal","description":"","potentialAction":[{"@type":"SearchAction","target":{"@type":"EntryPoint","urlTemplate":"https:\/\/portaltela.pt\/?s={search_term_string}"},"query-input":{"@type":"PropertyValueSpecification","valueRequired":true,"valueName":"search_term_string"}}],"inLanguage":"pt-PT"},{"@type":"Person","@id":"https:\/\/portaltela.pt\/#\/schema\/person\/c4278d4a6028830caff9ee44b42d32ed","name":"Telinha","image":{"@type":"ImageObject","inLanguage":"pt-PT","@id":"https:\/\/portaltela.pt\/s.01k8rhncp4jt1\/2025\/11\/talking-bot-125x125.png","url":"https:\/\/portaltela.pt\/s.01k8rhncp4jt1\/2025\/11\/talking-bot-125x125.png","contentUrl":"https:\/\/portaltela.pt\/s.01k8rhncp4jt1\/2025\/11\/talking-bot-125x125.png","caption":"Telinha"},"sameAs":["https:\/\/portaltela.pt\/"],"url":"https:\/\/portaltela.pt\/por\/367410592786\/"}]}},"_links":{"self":[{"href":"https:\/\/portaltela.pt\/api\/wp\/v2\/posts\/434803","targetHints":{"allow":["GET"]}}],"collection":[{"href":"https:\/\/portaltela.pt\/api\/wp\/v2\/posts"}],"about":[{"href":"https:\/\/portaltela.pt\/api\/wp\/v2\/types\/post"}],"author":[{"embeddable":true,"href":"https:\/\/portaltela.pt\/api\/wp\/v2\/users\/2"}],"replies":[{"embeddable":true,"href":"https:\/\/portaltela.pt\/api\/wp\/v2\/comments?post=434803"}],"version-history":[{"count":0,"href":"https:\/\/portaltela.pt\/api\/wp\/v2\/posts\/434803\/revisions"}],"wp:featuredmedia":[{"embeddable":true,"href":"https:\/\/portaltela.pt\/api\/wp\/v2\/media\/434805"}],"wp:attachment":[{"href":"https:\/\/portaltela.pt\/api\/wp\/v2\/media?parent=434803"}],"wp:term":[{"taxonomy":"category","embeddable":true,"href":"https:\/\/portaltela.pt\/api\/wp\/v2\/categories?post=434803"},{"taxonomy":"post_tag","embeddable":true,"href":"https:\/\/portaltela.pt\/api\/wp\/v2\/tags?post=434803"}],"curies":[{"name":"wp","href":"https:\/\/api.w.org\/{rel}","templated":true}]}}