{"id":434800,"date":"2026-04-06T19:49:00","date_gmt":"2026-04-06T22:49:00","guid":{"rendered":"https:\/\/portaltela.pt\/noticias\/2026\/04\/06\/mourinho-admite-ter-perdido-as-ultimas-hipoteses-de-lutar-pelo-titulo\/"},"modified":"2026-04-06T19:49:00","modified_gmt":"2026-04-06T22:49:00","slug":"mourinho-admite-ter-perdido-as-ultimas-hipoteses-de-lutar-pelo-titulo","status":"publish","type":"post","link":"https:\/\/portaltela.pt\/desporto\/futebol\/2026\/04\/06\/mourinho-admite-ter-perdido-as-ultimas-hipoteses-de-lutar-pelo-titulo\/","title":{"rendered":"Mourinho admite ter perdido as \u00faltimas hip\u00f3teses de lutar pelo t\u00edtulo"},"content":{"rendered":"<p>Jos\u00e9 Mourinho criticou a passagem do Benfica pelo empate 1-1 com o Casa Pia, em Rio Maior, ap\u00f3s o encontro. O t\u00e9cnico afirmou que o resultado complica a luta pelo t\u00edtulo e que a equipa deixa de depender do pr\u00f3prio percurso na persegui\u00e7\u00e3o ao segundo lugar.<\/p>\n<p>Mourinho apontou falhas na primeira parte, consideradas insuficientes em termos de atitude, e elogiou a melhoria na segunda metade, marcada por maior ambi\u00e7\u00e3o. O treinador lamentou o golo sofrido \u00e0 sa\u00edda da vantagem e pediu mais foco para evitar displic\u00eancia.<\/p>\n<p>O t\u00e9cnico refor\u00e7ou que n\u00e3o h\u00e1 jogadores m\u00e1 cabe\u00e7a, mas indicou diferen\u00e7as de perfil no plantel entre quem encara o campeonato com fome e quem o faz de forma mais descontra\u00edda. Ainda assim, reconheceu a competitividade do advers\u00e1rio, destacando o Casa Pia como tendo mostrado ambi\u00e7\u00e3o em pontuar.<\/p>\n<h3>An\u00e1lise ao advers\u00e1rio e ao desenrolar do jogo<\/h3>\n<p>Mourinho destacou a postura do Casa Pia e a necessidade de ter fome de pontos, sublinhando que a equipa mostrou determina\u00e7\u00e3o para impedir a vit\u00f3ria do Benfica. No entanto, afastou qualquer influ\u00eancia direta da arbitragem no resultado, referindo apenas cr\u00edticas ao tempo de compensa\u00e7\u00e3o.<\/p>\n<p>O empate soma-se a outros trope\u00e7os da \u00e9poca, com o t\u00e9cnico a apontar fatores internos e externos que, na sua perspetiva, condicionaram a campanha encarnada. Frente aos adeptos, o t\u00e9cnico manteve o compromisso com os jogos que ainda faltam, pedindo seriedade at\u00e9 ao fim.<\/p>\n<h3>Casa Pia reage e destaca evolu\u00e7\u00e3o<\/h3>\n<p>\u00c1lvaro Pacheco elogiou a postura da sua equipa, dizendo que houve crescimento desde a sua chegada. O treinador dos casapianos afirmou que a equipa manteve-se compacta e unida para enfrentar as dificuldades impostas pelo Benfica.<\/p>\n","protected":false},"excerpt":{"rendered":"<ul>\n<li>Benfica empatou 1-1 com o Casa Pia em Rio Maior, afastando-se da luta pelo t\u00edtulo.<\/li>\n<li>Mourinho afirmou que \u201cperdemos as \u00faltimas possibilidades\u201d de lutar pelo campeonato e passou a depender menos do pr\u00f3prio resultado.<\/li>\n<li>O t\u00e9cnico criticou a primeira parte pela falta de atitude, reconhecendo melhoria na segunda parte e lamentando o momento em que sofreu o golo quando vencia.<\/li>\n<li>Disse que h\u00e1 diferen\u00e7as de perfil dentro do plantel, com fome em alguns e uma abordagem mais leve em outros, sem colocar em causa o profissionalismo.<\/li>\n<li>\u00c1lvaro Pacheco, treinador do Casa Pia, destacou a postura da equipa e o crescimento desde que chegou, elogiando a capacidade de competir.<\/li>\n<\/ul>\n","protected":false},"author":2,"featured_media":434801,"comment_status":"closed","ping_status":"closed","sticky":false,"template":"","format":"standard","meta":{"footnotes":""},"categories":[21,24],"tags":[7755,4143,1946,5176,32,4323],"class_list":["post-434800","post","type-post","status-publish","format-standard","has-post-thumbnail","hentry","category-desporto","category-futebol","tag-_futebol","tag-1-liga","tag-benfica","tag-casa-pia","tag-futebol","tag-rio-maior"],"yoast_head":"<!-- This site is optimized with the Yoast SEO plugin v27.2 - https:\/\/yoast.com\/product\/yoast-seo-wordpress\/ -->\n<title>Mourinho admite ter perdido as \u00faltimas hip\u00f3teses de lutar pelo t\u00edtulo - Portal Tela Portugal<\/title>\n<meta name=\"robots\" content=\"index, follow, max-snippet:-1, max-image-preview:large, max-video-preview:-1\" \/>\n<meta property=\"og:locale\" content=\"pt_PT\" \/>\n<meta property=\"og:type\" content=\"article\" \/>\n<meta property=\"og:title\" content=\"Mourinho admite ter perdido as \u00faltimas hip\u00f3teses de lutar pelo t\u00edtulo - Portal Tela Portugal\" \/>\n<meta property=\"og:description\" content=\"Benfica empatou 1-1 com o Casa Pia em Rio Maior, afastando-se da luta pelo t\u00edtulo. Mourinho afirmou que \u201cperdemos as \u00faltimas possibilidades\u201d de lutar pelo campeonato e passou a depender menos do pr\u00f3prio resultado. O t\u00e9cnico criticou a primeira parte pela falta de atitude, reconhecendo melhoria na segunda parte e lamentando o momento em que sofreu o golo quando vencia. Disse que h\u00e1 diferen\u00e7as de perfil dentro do plantel, com fome em alguns e uma abordagem mais leve em outros, sem colocar em causa o profissionalismo. \u00c1lvaro Pacheco, treinador do Casa Pia, destacou a postura da equipa e o crescimento desde que chegou, elogiando a capacidade de competir.\" \/>\n<meta property=\"og:url\" content=\"https:\/\/portaltela.pt\/noticias\/2026\/04\/06\/mourinho-admite-ter-perdido-as-ultimas-hipoteses-de-lutar-pelo-titulo\/\" \/>\n<meta property=\"og:site_name\" content=\"Portal Tela Portugal\" \/>\n<meta property=\"article:published_time\" content=\"2026-04-06T22:49:00+00:00\" \/>\n<meta name=\"author\" content=\"Telinha\" \/>\n<meta name=\"twitter:card\" content=\"summary_large_image\" \/>\n<meta name=\"twitter:label1\" content=\"Escrito por\" \/>\n\t<meta name=\"twitter:data1\" content=\"Telinha\" \/>\n\t<meta name=\"twitter:label2\" content=\"Tempo estimado de leitura\" \/>\n\t<meta name=\"twitter:data2\" content=\"1 minuto\" \/>\n<script type=\"application\/ld+json\" class=\"yoast-schema-graph\">{\"@context\":\"https:\/\/schema.org\",\"@graph\":[{\"@type\":\"Article\",\"@id\":\"https:\/\/portaltela.pt\/noticias\/2026\/04\/06\/mourinho-admite-ter-perdido-as-ultimas-hipoteses-de-lutar-pelo-titulo\/#article\",\"isPartOf\":{\"@id\":\"https:\/\/portaltela.pt\/noticias\/2026\/04\/06\/mourinho-admite-ter-perdido-as-ultimas-hipoteses-de-lutar-pelo-titulo\/\"},\"author\":{\"name\":\"Telinha\",\"@id\":\"https:\/\/portaltela.pt\/#\/schema\/person\/c4278d4a6028830caff9ee44b42d32ed\"},\"headline\":\"Mourinho admite ter perdido as \u00faltimas hip\u00f3teses de lutar pelo t\u00edtulo\",\"datePublished\":\"2026-04-06T22:49:00+00:00\",\"mainEntityOfPage\":{\"@id\":\"https:\/\/portaltela.pt\/noticias\/2026\/04\/06\/mourinho-admite-ter-perdido-as-ultimas-hipoteses-de-lutar-pelo-titulo\/\"},\"wordCount\":310,\"image\":{\"@id\":\"https:\/\/portaltela.pt\/noticias\/2026\/04\/06\/mourinho-admite-ter-perdido-as-ultimas-hipoteses-de-lutar-pelo-titulo\/#primaryimage\"},\"thumbnailUrl\":\"https:\/\/portaltela.pt\/s.01k8rhncp4jt1\/2026\/04\/image-348.jpg\",\"keywords\":[\"_futebol\",\"1. Liga\",\"Benfica\",\"Casa Pia\",\"futebol\",\"Rio Maior\"],\"articleSection\":[\"Desporto\",\"Futebol\"],\"inLanguage\":\"pt-PT\"},{\"@type\":\"WebPage\",\"@id\":\"https:\/\/portaltela.pt\/noticias\/2026\/04\/06\/mourinho-admite-ter-perdido-as-ultimas-hipoteses-de-lutar-pelo-titulo\/\",\"url\":\"https:\/\/portaltela.pt\/noticias\/2026\/04\/06\/mourinho-admite-ter-perdido-as-ultimas-hipoteses-de-lutar-pelo-titulo\/\",\"name\":\"Mourinho admite ter perdido as \u00faltimas hip\u00f3teses de lutar pelo t\u00edtulo - Portal Tela Portugal\",\"isPartOf\":{\"@id\":\"https:\/\/portaltela.pt\/#website\"},\"primaryImageOfPage\":{\"@id\":\"https:\/\/portaltela.pt\/noticias\/2026\/04\/06\/mourinho-admite-ter-perdido-as-ultimas-hipoteses-de-lutar-pelo-titulo\/#primaryimage\"},\"image\":{\"@id\":\"https:\/\/portaltela.pt\/noticias\/2026\/04\/06\/mourinho-admite-ter-perdido-as-ultimas-hipoteses-de-lutar-pelo-titulo\/#primaryimage\"},\"thumbnailUrl\":\"https:\/\/portaltela.pt\/s.01k8rhncp4jt1\/2026\/04\/image-348.jpg\",\"datePublished\":\"2026-04-06T22:49:00+00:00\",\"author\":{\"@id\":\"https:\/\/portaltela.pt\/#\/schema\/person\/c4278d4a6028830caff9ee44b42d32ed\"},\"breadcrumb\":{\"@id\":\"https:\/\/portaltela.pt\/noticias\/2026\/04\/06\/mourinho-admite-ter-perdido-as-ultimas-hipoteses-de-lutar-pelo-titulo\/#breadcrumb\"},\"inLanguage\":\"pt-PT\",\"potentialAction\":[{\"@type\":\"ReadAction\",\"target\":[\"https:\/\/portaltela.pt\/noticias\/2026\/04\/06\/mourinho-admite-ter-perdido-as-ultimas-hipoteses-de-lutar-pelo-titulo\/\"]}]},{\"@type\":\"ImageObject\",\"inLanguage\":\"pt-PT\",\"@id\":\"https:\/\/portaltela.pt\/noticias\/2026\/04\/06\/mourinho-admite-ter-perdido-as-ultimas-hipoteses-de-lutar-pelo-titulo\/#primaryimage\",\"url\":\"https:\/\/portaltela.pt\/s.01k8rhncp4jt1\/2026\/04\/image-348.jpg\",\"contentUrl\":\"https:\/\/portaltela.pt\/s.01k8rhncp4jt1\/2026\/04\/image-348.jpg\",\"width\":796,\"height\":448,\"caption\":\"Jos\u00e9 Mourinho foi muito cr\u00edtico com os jogadores\"},{\"@type\":\"BreadcrumbList\",\"@id\":\"https:\/\/portaltela.pt\/noticias\/2026\/04\/06\/mourinho-admite-ter-perdido-as-ultimas-hipoteses-de-lutar-pelo-titulo\/#breadcrumb\",\"itemListElement\":[{\"@type\":\"ListItem\",\"position\":1,\"name\":\"In\u00edcio\",\"item\":\"https:\/\/portaltela.pt\/\"},{\"@type\":\"ListItem\",\"position\":2,\"name\":\"Mourinho admite ter perdido as \u00faltimas hip\u00f3teses de lutar pelo t\u00edtulo\"}]},{\"@type\":\"WebSite\",\"@id\":\"https:\/\/portaltela.pt\/#website\",\"url\":\"https:\/\/portaltela.pt\/\",\"name\":\"Portal Tela Portugal\",\"description\":\"\",\"potentialAction\":[{\"@type\":\"SearchAction\",\"target\":{\"@type\":\"EntryPoint\",\"urlTemplate\":\"https:\/\/portaltela.pt\/?s={search_term_string}\"},\"query-input\":{\"@type\":\"PropertyValueSpecification\",\"valueRequired\":true,\"valueName\":\"search_term_string\"}}],\"inLanguage\":\"pt-PT\"},{\"@type\":\"Person\",\"@id\":\"https:\/\/portaltela.pt\/#\/schema\/person\/c4278d4a6028830caff9ee44b42d32ed\",\"name\":\"Telinha\",\"image\":{\"@type\":\"ImageObject\",\"inLanguage\":\"pt-PT\",\"@id\":\"https:\/\/portaltela.pt\/s.01k8rhncp4jt1\/2025\/11\/talking-bot-125x125.png\",\"url\":\"https:\/\/portaltela.pt\/s.01k8rhncp4jt1\/2025\/11\/talking-bot-125x125.png\",\"contentUrl\":\"https:\/\/portaltela.pt\/s.01k8rhncp4jt1\/2025\/11\/talking-bot-125x125.png\",\"caption\":\"Telinha\"},\"sameAs\":[\"https:\/\/portaltela.pt\/\"],\"url\":\"https:\/\/portaltela.pt\/por\/367410592786\/\"}]}<\/script>\n<!-- \/ Yoast SEO plugin. -->","yoast_head_json":{"title":"Mourinho admite ter perdido as \u00faltimas hip\u00f3teses de lutar pelo t\u00edtulo - Portal Tela Portugal","robots":{"index":"index","follow":"follow","max-snippet":"max-snippet:-1","max-image-preview":"max-image-preview:large","max-video-preview":"max-video-preview:-1"},"og_locale":"pt_PT","og_type":"article","og_title":"Mourinho admite ter perdido as \u00faltimas hip\u00f3teses de lutar pelo t\u00edtulo - Portal Tela Portugal","og_description":"Benfica empatou 1-1 com o Casa Pia em Rio Maior, afastando-se da luta pelo t\u00edtulo. Mourinho afirmou que \u201cperdemos as \u00faltimas possibilidades\u201d de lutar pelo campeonato e passou a depender menos do pr\u00f3prio resultado. O t\u00e9cnico criticou a primeira parte pela falta de atitude, reconhecendo melhoria na segunda parte e lamentando o momento em que sofreu o golo quando vencia. Disse que h\u00e1 diferen\u00e7as de perfil dentro do plantel, com fome em alguns e uma abordagem mais leve em outros, sem colocar em causa o profissionalismo. \u00c1lvaro Pacheco, treinador do Casa Pia, destacou a postura da equipa e o crescimento desde que chegou, elogiando a capacidade de competir.","og_url":"https:\/\/portaltela.pt\/noticias\/2026\/04\/06\/mourinho-admite-ter-perdido-as-ultimas-hipoteses-de-lutar-pelo-titulo\/","og_site_name":"Portal Tela Portugal","article_published_time":"2026-04-06T22:49:00+00:00","author":"Telinha","twitter_card":"summary_large_image","twitter_misc":{"Escrito por":"Telinha","Tempo estimado de leitura":"1 minuto"},"schema":{"@context":"https:\/\/schema.org","@graph":[{"@type":"Article","@id":"https:\/\/portaltela.pt\/noticias\/2026\/04\/06\/mourinho-admite-ter-perdido-as-ultimas-hipoteses-de-lutar-pelo-titulo\/#article","isPartOf":{"@id":"https:\/\/portaltela.pt\/noticias\/2026\/04\/06\/mourinho-admite-ter-perdido-as-ultimas-hipoteses-de-lutar-pelo-titulo\/"},"author":{"name":"Telinha","@id":"https:\/\/portaltela.pt\/#\/schema\/person\/c4278d4a6028830caff9ee44b42d32ed"},"headline":"Mourinho admite ter perdido as \u00faltimas hip\u00f3teses de lutar pelo t\u00edtulo","datePublished":"2026-04-06T22:49:00+00:00","mainEntityOfPage":{"@id":"https:\/\/portaltela.pt\/noticias\/2026\/04\/06\/mourinho-admite-ter-perdido-as-ultimas-hipoteses-de-lutar-pelo-titulo\/"},"wordCount":310,"image":{"@id":"https:\/\/portaltela.pt\/noticias\/2026\/04\/06\/mourinho-admite-ter-perdido-as-ultimas-hipoteses-de-lutar-pelo-titulo\/#primaryimage"},"thumbnailUrl":"https:\/\/portaltela.pt\/s.01k8rhncp4jt1\/2026\/04\/image-348.jpg","keywords":["_futebol","1. Liga","Benfica","Casa Pia","futebol","Rio Maior"],"articleSection":["Desporto","Futebol"],"inLanguage":"pt-PT"},{"@type":"WebPage","@id":"https:\/\/portaltela.pt\/noticias\/2026\/04\/06\/mourinho-admite-ter-perdido-as-ultimas-hipoteses-de-lutar-pelo-titulo\/","url":"https:\/\/portaltela.pt\/noticias\/2026\/04\/06\/mourinho-admite-ter-perdido-as-ultimas-hipoteses-de-lutar-pelo-titulo\/","name":"Mourinho admite ter perdido as \u00faltimas hip\u00f3teses de lutar pelo t\u00edtulo - Portal Tela Portugal","isPartOf":{"@id":"https:\/\/portaltela.pt\/#website"},"primaryImageOfPage":{"@id":"https:\/\/portaltela.pt\/noticias\/2026\/04\/06\/mourinho-admite-ter-perdido-as-ultimas-hipoteses-de-lutar-pelo-titulo\/#primaryimage"},"image":{"@id":"https:\/\/portaltela.pt\/noticias\/2026\/04\/06\/mourinho-admite-ter-perdido-as-ultimas-hipoteses-de-lutar-pelo-titulo\/#primaryimage"},"thumbnailUrl":"https:\/\/portaltela.pt\/s.01k8rhncp4jt1\/2026\/04\/image-348.jpg","datePublished":"2026-04-06T22:49:00+00:00","author":{"@id":"https:\/\/portaltela.pt\/#\/schema\/person\/c4278d4a6028830caff9ee44b42d32ed"},"breadcrumb":{"@id":"https:\/\/portaltela.pt\/noticias\/2026\/04\/06\/mourinho-admite-ter-perdido-as-ultimas-hipoteses-de-lutar-pelo-titulo\/#breadcrumb"},"inLanguage":"pt-PT","potentialAction":[{"@type":"ReadAction","target":["https:\/\/portaltela.pt\/noticias\/2026\/04\/06\/mourinho-admite-ter-perdido-as-ultimas-hipoteses-de-lutar-pelo-titulo\/"]}]},{"@type":"ImageObject","inLanguage":"pt-PT","@id":"https:\/\/portaltela.pt\/noticias\/2026\/04\/06\/mourinho-admite-ter-perdido-as-ultimas-hipoteses-de-lutar-pelo-titulo\/#primaryimage","url":"https:\/\/portaltela.pt\/s.01k8rhncp4jt1\/2026\/04\/image-348.jpg","contentUrl":"https:\/\/portaltela.pt\/s.01k8rhncp4jt1\/2026\/04\/image-348.jpg","width":796,"height":448,"caption":"Jos\u00e9 Mourinho foi muito cr\u00edtico com os jogadores"},{"@type":"BreadcrumbList","@id":"https:\/\/portaltela.pt\/noticias\/2026\/04\/06\/mourinho-admite-ter-perdido-as-ultimas-hipoteses-de-lutar-pelo-titulo\/#breadcrumb","itemListElement":[{"@type":"ListItem","position":1,"name":"In\u00edcio","item":"https:\/\/portaltela.pt\/"},{"@type":"ListItem","position":2,"name":"Mourinho admite ter perdido as \u00faltimas hip\u00f3teses de lutar pelo t\u00edtulo"}]},{"@type":"WebSite","@id":"https:\/\/portaltela.pt\/#website","url":"https:\/\/portaltela.pt\/","name":"Portal Tela Portugal","description":"","potentialAction":[{"@type":"SearchAction","target":{"@type":"EntryPoint","urlTemplate":"https:\/\/portaltela.pt\/?s={search_term_string}"},"query-input":{"@type":"PropertyValueSpecification","valueRequired":true,"valueName":"search_term_string"}}],"inLanguage":"pt-PT"},{"@type":"Person","@id":"https:\/\/portaltela.pt\/#\/schema\/person\/c4278d4a6028830caff9ee44b42d32ed","name":"Telinha","image":{"@type":"ImageObject","inLanguage":"pt-PT","@id":"https:\/\/portaltela.pt\/s.01k8rhncp4jt1\/2025\/11\/talking-bot-125x125.png","url":"https:\/\/portaltela.pt\/s.01k8rhncp4jt1\/2025\/11\/talking-bot-125x125.png","contentUrl":"https:\/\/portaltela.pt\/s.01k8rhncp4jt1\/2025\/11\/talking-bot-125x125.png","caption":"Telinha"},"sameAs":["https:\/\/portaltela.pt\/"],"url":"https:\/\/portaltela.pt\/por\/367410592786\/"}]}},"_links":{"self":[{"href":"https:\/\/portaltela.pt\/api\/wp\/v2\/posts\/434800","targetHints":{"allow":["GET"]}}],"collection":[{"href":"https:\/\/portaltela.pt\/api\/wp\/v2\/posts"}],"about":[{"href":"https:\/\/portaltela.pt\/api\/wp\/v2\/types\/post"}],"author":[{"embeddable":true,"href":"https:\/\/portaltela.pt\/api\/wp\/v2\/users\/2"}],"replies":[{"embeddable":true,"href":"https:\/\/portaltela.pt\/api\/wp\/v2\/comments?post=434800"}],"version-history":[{"count":0,"href":"https:\/\/portaltela.pt\/api\/wp\/v2\/posts\/434800\/revisions"}],"wp:featuredmedia":[{"embeddable":true,"href":"https:\/\/portaltela.pt\/api\/wp\/v2\/media\/434801"}],"wp:attachment":[{"href":"https:\/\/portaltela.pt\/api\/wp\/v2\/media?parent=434800"}],"wp:term":[{"taxonomy":"category","embeddable":true,"href":"https:\/\/portaltela.pt\/api\/wp\/v2\/categories?post=434800"},{"taxonomy":"post_tag","embeddable":true,"href":"https:\/\/portaltela.pt\/api\/wp\/v2\/tags?post=434800"}],"curies":[{"name":"wp","href":"https:\/\/api.w.org\/{rel}","templated":true}]}}