{"id":434784,"date":"2026-04-06T19:47:09","date_gmt":"2026-04-06T22:47:09","guid":{"rendered":"https:\/\/portaltela.pt\/noticias\/2026\/04\/06\/mourinho-mendes-e-o-meu-agente-mas-a-minha-decisao-e-dele\/"},"modified":"2026-04-06T19:47:09","modified_gmt":"2026-04-06T22:47:09","slug":"mourinho-mendes-e-o-meu-agente-mas-a-minha-decisao-e-dele","status":"publish","type":"post","link":"https:\/\/portaltela.pt\/desporto\/futebol\/2026\/04\/06\/mourinho-mendes-e-o-meu-agente-mas-a-minha-decisao-e-dele\/","title":{"rendered":"Mourinho: Mendes \u00e9 o meu agente, mas a minha decis\u00e3o \u00e9 dele"},"content":{"rendered":"<p>Durante a confer\u00eancia de imprensa de an\u00e1lise ao empate Benfica-Casa Pia, de 1-1, Jos\u00e9 Mourinho foi questionado sobre o impacto de rumores recentes sobre o seu futuro. O treinador deixou claro que \u00e9 ele quem toma a decis\u00e3o final, sem indicar qualquer mudan\u00e7a iminente.<\/p>\n<p>Segundo Mourinho, Jorge Mendes \u00e9 o seu agente, mas a decis\u00e3o sobre o seu destino profissional lhe pertence, deixando claro que n\u00e3o se deixa influenciar por press\u00f5es externas.<\/p>\n<p>O assunto surgiu na sequ\u00eancia de uma not\u00edcia de \u00faltima hora que sugeria que o empres\u00e1rio estaria a tentar manter o t\u00e9cnico nos encarnados para a pr\u00f3xima \u00e9poca, conforme cobertura do jogo. Mourinho n\u00e3o cometeu altera\u00e7\u00f5es \u00e0 linha que costuma manter.<\/p>\n<h3>Declara\u00e7\u00e3o do treinador<\/h3>\n<p>Durante a interven\u00e7\u00e3o, manteve o foco no desempenho da equipa e no jogo analisado, sem confirmar ou desmentir movimentos contratuais futuros. Refor\u00e7ou que a rela\u00e7\u00e3o com Mendes \u00e9 profissional, mas que a dire\u00e7\u00e3o cabe-lhe exclusivamente a ele.<\/p>\n<h3>Contexto atual<\/h3>\n<p>A rea\u00e7\u00e3o surge ap\u00f3s a conclus\u00e3o do embate entre Benfica e Casa Pia, que terminou empatado. N\u00e3o houve confirma\u00e7\u00e3o oficial de mudan\u00e7as contratuais por parte do clube ou do t\u00e9cnico, mantendo o sil\u00eancio sobre o tema a partir de fontes oficiais.<\/p>\n","protected":false},"excerpt":{"rendered":"<ul>\n<li>Jos\u00e9 Mourinho disse que Jorge Mendes \u00e9 o seu agente, mas que ele \u00e9 o dono da sua decis\u00e3o.<\/li>\n<li>A rea\u00e7\u00e3o foi dada numa confer\u00eancia de imprensa ap\u00f3s o empate entre Casa Pia e Benfica, que terminou 1-1.<\/li>\n<li>Mourinho foi questionado sobre uma not\u00edcia de \u00faltima hora de que Mendes estaria a pressionar para que ele n\u00e3o continue no clube na pr\u00f3xima \u00e9poca.<\/li>\n<li>O treinador afirmou que tem controlo sobre a sua decis\u00e3o e que n\u00e3o h\u00e1 inger\u00eancia externa que o obrigue a mudar de caminho.<\/li>\n<\/ul>\n","protected":false},"author":2,"featured_media":434785,"comment_status":"closed","ping_status":"closed","sticky":false,"template":"","format":"standard","meta":{"footnotes":""},"categories":[21,24],"tags":[7755,4143,1946,5176,32,2041],"class_list":["post-434784","post","type-post","status-publish","format-standard","has-post-thumbnail","hentry","category-desporto","category-futebol","tag-_futebol","tag-1-liga","tag-benfica","tag-casa-pia","tag-futebol","tag-jorge-mendes"],"yoast_head":"<!-- This site is optimized with the Yoast SEO plugin v27.2 - https:\/\/yoast.com\/product\/yoast-seo-wordpress\/ -->\n<title>Mourinho: Mendes \u00e9 o meu agente, mas a minha decis\u00e3o \u00e9 dele - Portal Tela Portugal<\/title>\n<meta name=\"robots\" content=\"index, follow, max-snippet:-1, max-image-preview:large, max-video-preview:-1\" \/>\n<meta property=\"og:locale\" content=\"pt_PT\" \/>\n<meta property=\"og:type\" content=\"article\" \/>\n<meta property=\"og:title\" content=\"Mourinho: Mendes \u00e9 o meu agente, mas a minha decis\u00e3o \u00e9 dele - Portal Tela Portugal\" \/>\n<meta property=\"og:description\" content=\"Jos\u00e9 Mourinho disse que Jorge Mendes \u00e9 o seu agente, mas que ele \u00e9 o dono da sua decis\u00e3o. A rea\u00e7\u00e3o foi dada numa confer\u00eancia de imprensa ap\u00f3s o empate entre Casa Pia e Benfica, que terminou 1-1. Mourinho foi questionado sobre uma not\u00edcia de \u00faltima hora de que Mendes estaria a pressionar para que ele n\u00e3o continue no clube na pr\u00f3xima \u00e9poca. O treinador afirmou que tem controlo sobre a sua decis\u00e3o e que n\u00e3o h\u00e1 inger\u00eancia externa que o obrigue a mudar de caminho.\" \/>\n<meta property=\"og:url\" content=\"https:\/\/portaltela.pt\/noticias\/2026\/04\/06\/mourinho-mendes-e-o-meu-agente-mas-a-minha-decisao-e-dele\/\" \/>\n<meta property=\"og:site_name\" content=\"Portal Tela Portugal\" \/>\n<meta property=\"article:published_time\" content=\"2026-04-06T22:47:09+00:00\" \/>\n<meta name=\"author\" content=\"Telinha\" \/>\n<meta name=\"twitter:card\" content=\"summary_large_image\" \/>\n<meta name=\"twitter:label1\" content=\"Escrito por\" \/>\n\t<meta name=\"twitter:data1\" content=\"Telinha\" \/>\n\t<meta name=\"twitter:label2\" content=\"Tempo estimado de leitura\" \/>\n\t<meta name=\"twitter:data2\" content=\"1 minuto\" \/>\n<script type=\"application\/ld+json\" class=\"yoast-schema-graph\">{\"@context\":\"https:\/\/schema.org\",\"@graph\":[{\"@type\":\"Article\",\"@id\":\"https:\/\/portaltela.pt\/noticias\/2026\/04\/06\/mourinho-mendes-e-o-meu-agente-mas-a-minha-decisao-e-dele\/#article\",\"isPartOf\":{\"@id\":\"https:\/\/portaltela.pt\/noticias\/2026\/04\/06\/mourinho-mendes-e-o-meu-agente-mas-a-minha-decisao-e-dele\/\"},\"author\":{\"name\":\"Telinha\",\"@id\":\"https:\/\/portaltela.pt\/#\/schema\/person\/c4278d4a6028830caff9ee44b42d32ed\"},\"headline\":\"Mourinho: Mendes \u00e9 o meu agente, mas a minha decis\u00e3o \u00e9 dele\",\"datePublished\":\"2026-04-06T22:47:09+00:00\",\"mainEntityOfPage\":{\"@id\":\"https:\/\/portaltela.pt\/noticias\/2026\/04\/06\/mourinho-mendes-e-o-meu-agente-mas-a-minha-decisao-e-dele\/\"},\"wordCount\":230,\"image\":{\"@id\":\"https:\/\/portaltela.pt\/noticias\/2026\/04\/06\/mourinho-mendes-e-o-meu-agente-mas-a-minha-decisao-e-dele\/#primaryimage\"},\"thumbnailUrl\":\"https:\/\/portaltela.pt\/s.01k8rhncp4jt1\/2026\/04\/img_1200x721uu2026-04-06-23-43-48-2431504.jpg\",\"keywords\":[\"_futebol\",\"1. Liga\",\"Benfica\",\"Casa Pia\",\"futebol\",\"Jorge Mendes\"],\"articleSection\":[\"Desporto\",\"Futebol\"],\"inLanguage\":\"pt-PT\"},{\"@type\":\"WebPage\",\"@id\":\"https:\/\/portaltela.pt\/noticias\/2026\/04\/06\/mourinho-mendes-e-o-meu-agente-mas-a-minha-decisao-e-dele\/\",\"url\":\"https:\/\/portaltela.pt\/noticias\/2026\/04\/06\/mourinho-mendes-e-o-meu-agente-mas-a-minha-decisao-e-dele\/\",\"name\":\"Mourinho: Mendes \u00e9 o meu agente, mas a minha decis\u00e3o \u00e9 dele - Portal Tela Portugal\",\"isPartOf\":{\"@id\":\"https:\/\/portaltela.pt\/#website\"},\"primaryImageOfPage\":{\"@id\":\"https:\/\/portaltela.pt\/noticias\/2026\/04\/06\/mourinho-mendes-e-o-meu-agente-mas-a-minha-decisao-e-dele\/#primaryimage\"},\"image\":{\"@id\":\"https:\/\/portaltela.pt\/noticias\/2026\/04\/06\/mourinho-mendes-e-o-meu-agente-mas-a-minha-decisao-e-dele\/#primaryimage\"},\"thumbnailUrl\":\"https:\/\/portaltela.pt\/s.01k8rhncp4jt1\/2026\/04\/img_1200x721uu2026-04-06-23-43-48-2431504.jpg\",\"datePublished\":\"2026-04-06T22:47:09+00:00\",\"author\":{\"@id\":\"https:\/\/portaltela.pt\/#\/schema\/person\/c4278d4a6028830caff9ee44b42d32ed\"},\"breadcrumb\":{\"@id\":\"https:\/\/portaltela.pt\/noticias\/2026\/04\/06\/mourinho-mendes-e-o-meu-agente-mas-a-minha-decisao-e-dele\/#breadcrumb\"},\"inLanguage\":\"pt-PT\",\"potentialAction\":[{\"@type\":\"ReadAction\",\"target\":[\"https:\/\/portaltela.pt\/noticias\/2026\/04\/06\/mourinho-mendes-e-o-meu-agente-mas-a-minha-decisao-e-dele\/\"]}]},{\"@type\":\"ImageObject\",\"inLanguage\":\"pt-PT\",\"@id\":\"https:\/\/portaltela.pt\/noticias\/2026\/04\/06\/mourinho-mendes-e-o-meu-agente-mas-a-minha-decisao-e-dele\/#primaryimage\",\"url\":\"https:\/\/portaltela.pt\/s.01k8rhncp4jt1\/2026\/04\/img_1200x721uu2026-04-06-23-43-48-2431504.jpg\",\"contentUrl\":\"https:\/\/portaltela.pt\/s.01k8rhncp4jt1\/2026\/04\/img_1200x721uu2026-04-06-23-43-48-2431504.jpg\",\"width\":796,\"height\":448,\"caption\":\"Photo\"},{\"@type\":\"BreadcrumbList\",\"@id\":\"https:\/\/portaltela.pt\/noticias\/2026\/04\/06\/mourinho-mendes-e-o-meu-agente-mas-a-minha-decisao-e-dele\/#breadcrumb\",\"itemListElement\":[{\"@type\":\"ListItem\",\"position\":1,\"name\":\"In\u00edcio\",\"item\":\"https:\/\/portaltela.pt\/\"},{\"@type\":\"ListItem\",\"position\":2,\"name\":\"Mourinho: Mendes \u00e9 o meu agente, mas a minha decis\u00e3o \u00e9 dele\"}]},{\"@type\":\"WebSite\",\"@id\":\"https:\/\/portaltela.pt\/#website\",\"url\":\"https:\/\/portaltela.pt\/\",\"name\":\"Portal Tela Portugal\",\"description\":\"\",\"potentialAction\":[{\"@type\":\"SearchAction\",\"target\":{\"@type\":\"EntryPoint\",\"urlTemplate\":\"https:\/\/portaltela.pt\/?s={search_term_string}\"},\"query-input\":{\"@type\":\"PropertyValueSpecification\",\"valueRequired\":true,\"valueName\":\"search_term_string\"}}],\"inLanguage\":\"pt-PT\"},{\"@type\":\"Person\",\"@id\":\"https:\/\/portaltela.pt\/#\/schema\/person\/c4278d4a6028830caff9ee44b42d32ed\",\"name\":\"Telinha\",\"image\":{\"@type\":\"ImageObject\",\"inLanguage\":\"pt-PT\",\"@id\":\"https:\/\/portaltela.pt\/s.01k8rhncp4jt1\/2025\/11\/talking-bot-125x125.png\",\"url\":\"https:\/\/portaltela.pt\/s.01k8rhncp4jt1\/2025\/11\/talking-bot-125x125.png\",\"contentUrl\":\"https:\/\/portaltela.pt\/s.01k8rhncp4jt1\/2025\/11\/talking-bot-125x125.png\",\"caption\":\"Telinha\"},\"sameAs\":[\"https:\/\/portaltela.pt\/\"],\"url\":\"https:\/\/portaltela.pt\/por\/367410592786\/\"}]}<\/script>\n<!-- \/ Yoast SEO plugin. -->","yoast_head_json":{"title":"Mourinho: Mendes \u00e9 o meu agente, mas a minha decis\u00e3o \u00e9 dele - Portal Tela Portugal","robots":{"index":"index","follow":"follow","max-snippet":"max-snippet:-1","max-image-preview":"max-image-preview:large","max-video-preview":"max-video-preview:-1"},"og_locale":"pt_PT","og_type":"article","og_title":"Mourinho: Mendes \u00e9 o meu agente, mas a minha decis\u00e3o \u00e9 dele - Portal Tela Portugal","og_description":"Jos\u00e9 Mourinho disse que Jorge Mendes \u00e9 o seu agente, mas que ele \u00e9 o dono da sua decis\u00e3o. A rea\u00e7\u00e3o foi dada numa confer\u00eancia de imprensa ap\u00f3s o empate entre Casa Pia e Benfica, que terminou 1-1. Mourinho foi questionado sobre uma not\u00edcia de \u00faltima hora de que Mendes estaria a pressionar para que ele n\u00e3o continue no clube na pr\u00f3xima \u00e9poca. O treinador afirmou que tem controlo sobre a sua decis\u00e3o e que n\u00e3o h\u00e1 inger\u00eancia externa que o obrigue a mudar de caminho.","og_url":"https:\/\/portaltela.pt\/noticias\/2026\/04\/06\/mourinho-mendes-e-o-meu-agente-mas-a-minha-decisao-e-dele\/","og_site_name":"Portal Tela Portugal","article_published_time":"2026-04-06T22:47:09+00:00","author":"Telinha","twitter_card":"summary_large_image","twitter_misc":{"Escrito por":"Telinha","Tempo estimado de leitura":"1 minuto"},"schema":{"@context":"https:\/\/schema.org","@graph":[{"@type":"Article","@id":"https:\/\/portaltela.pt\/noticias\/2026\/04\/06\/mourinho-mendes-e-o-meu-agente-mas-a-minha-decisao-e-dele\/#article","isPartOf":{"@id":"https:\/\/portaltela.pt\/noticias\/2026\/04\/06\/mourinho-mendes-e-o-meu-agente-mas-a-minha-decisao-e-dele\/"},"author":{"name":"Telinha","@id":"https:\/\/portaltela.pt\/#\/schema\/person\/c4278d4a6028830caff9ee44b42d32ed"},"headline":"Mourinho: Mendes \u00e9 o meu agente, mas a minha decis\u00e3o \u00e9 dele","datePublished":"2026-04-06T22:47:09+00:00","mainEntityOfPage":{"@id":"https:\/\/portaltela.pt\/noticias\/2026\/04\/06\/mourinho-mendes-e-o-meu-agente-mas-a-minha-decisao-e-dele\/"},"wordCount":230,"image":{"@id":"https:\/\/portaltela.pt\/noticias\/2026\/04\/06\/mourinho-mendes-e-o-meu-agente-mas-a-minha-decisao-e-dele\/#primaryimage"},"thumbnailUrl":"https:\/\/portaltela.pt\/s.01k8rhncp4jt1\/2026\/04\/img_1200x721uu2026-04-06-23-43-48-2431504.jpg","keywords":["_futebol","1. Liga","Benfica","Casa Pia","futebol","Jorge Mendes"],"articleSection":["Desporto","Futebol"],"inLanguage":"pt-PT"},{"@type":"WebPage","@id":"https:\/\/portaltela.pt\/noticias\/2026\/04\/06\/mourinho-mendes-e-o-meu-agente-mas-a-minha-decisao-e-dele\/","url":"https:\/\/portaltela.pt\/noticias\/2026\/04\/06\/mourinho-mendes-e-o-meu-agente-mas-a-minha-decisao-e-dele\/","name":"Mourinho: Mendes \u00e9 o meu agente, mas a minha decis\u00e3o \u00e9 dele - Portal Tela Portugal","isPartOf":{"@id":"https:\/\/portaltela.pt\/#website"},"primaryImageOfPage":{"@id":"https:\/\/portaltela.pt\/noticias\/2026\/04\/06\/mourinho-mendes-e-o-meu-agente-mas-a-minha-decisao-e-dele\/#primaryimage"},"image":{"@id":"https:\/\/portaltela.pt\/noticias\/2026\/04\/06\/mourinho-mendes-e-o-meu-agente-mas-a-minha-decisao-e-dele\/#primaryimage"},"thumbnailUrl":"https:\/\/portaltela.pt\/s.01k8rhncp4jt1\/2026\/04\/img_1200x721uu2026-04-06-23-43-48-2431504.jpg","datePublished":"2026-04-06T22:47:09+00:00","author":{"@id":"https:\/\/portaltela.pt\/#\/schema\/person\/c4278d4a6028830caff9ee44b42d32ed"},"breadcrumb":{"@id":"https:\/\/portaltela.pt\/noticias\/2026\/04\/06\/mourinho-mendes-e-o-meu-agente-mas-a-minha-decisao-e-dele\/#breadcrumb"},"inLanguage":"pt-PT","potentialAction":[{"@type":"ReadAction","target":["https:\/\/portaltela.pt\/noticias\/2026\/04\/06\/mourinho-mendes-e-o-meu-agente-mas-a-minha-decisao-e-dele\/"]}]},{"@type":"ImageObject","inLanguage":"pt-PT","@id":"https:\/\/portaltela.pt\/noticias\/2026\/04\/06\/mourinho-mendes-e-o-meu-agente-mas-a-minha-decisao-e-dele\/#primaryimage","url":"https:\/\/portaltela.pt\/s.01k8rhncp4jt1\/2026\/04\/img_1200x721uu2026-04-06-23-43-48-2431504.jpg","contentUrl":"https:\/\/portaltela.pt\/s.01k8rhncp4jt1\/2026\/04\/img_1200x721uu2026-04-06-23-43-48-2431504.jpg","width":796,"height":448,"caption":"Photo"},{"@type":"BreadcrumbList","@id":"https:\/\/portaltela.pt\/noticias\/2026\/04\/06\/mourinho-mendes-e-o-meu-agente-mas-a-minha-decisao-e-dele\/#breadcrumb","itemListElement":[{"@type":"ListItem","position":1,"name":"In\u00edcio","item":"https:\/\/portaltela.pt\/"},{"@type":"ListItem","position":2,"name":"Mourinho: Mendes \u00e9 o meu agente, mas a minha decis\u00e3o \u00e9 dele"}]},{"@type":"WebSite","@id":"https:\/\/portaltela.pt\/#website","url":"https:\/\/portaltela.pt\/","name":"Portal Tela Portugal","description":"","potentialAction":[{"@type":"SearchAction","target":{"@type":"EntryPoint","urlTemplate":"https:\/\/portaltela.pt\/?s={search_term_string}"},"query-input":{"@type":"PropertyValueSpecification","valueRequired":true,"valueName":"search_term_string"}}],"inLanguage":"pt-PT"},{"@type":"Person","@id":"https:\/\/portaltela.pt\/#\/schema\/person\/c4278d4a6028830caff9ee44b42d32ed","name":"Telinha","image":{"@type":"ImageObject","inLanguage":"pt-PT","@id":"https:\/\/portaltela.pt\/s.01k8rhncp4jt1\/2025\/11\/talking-bot-125x125.png","url":"https:\/\/portaltela.pt\/s.01k8rhncp4jt1\/2025\/11\/talking-bot-125x125.png","contentUrl":"https:\/\/portaltela.pt\/s.01k8rhncp4jt1\/2025\/11\/talking-bot-125x125.png","caption":"Telinha"},"sameAs":["https:\/\/portaltela.pt\/"],"url":"https:\/\/portaltela.pt\/por\/367410592786\/"}]}},"_links":{"self":[{"href":"https:\/\/portaltela.pt\/api\/wp\/v2\/posts\/434784","targetHints":{"allow":["GET"]}}],"collection":[{"href":"https:\/\/portaltela.pt\/api\/wp\/v2\/posts"}],"about":[{"href":"https:\/\/portaltela.pt\/api\/wp\/v2\/types\/post"}],"author":[{"embeddable":true,"href":"https:\/\/portaltela.pt\/api\/wp\/v2\/users\/2"}],"replies":[{"embeddable":true,"href":"https:\/\/portaltela.pt\/api\/wp\/v2\/comments?post=434784"}],"version-history":[{"count":0,"href":"https:\/\/portaltela.pt\/api\/wp\/v2\/posts\/434784\/revisions"}],"wp:featuredmedia":[{"embeddable":true,"href":"https:\/\/portaltela.pt\/api\/wp\/v2\/media\/434785"}],"wp:attachment":[{"href":"https:\/\/portaltela.pt\/api\/wp\/v2\/media?parent=434784"}],"wp:term":[{"taxonomy":"category","embeddable":true,"href":"https:\/\/portaltela.pt\/api\/wp\/v2\/categories?post=434784"},{"taxonomy":"post_tag","embeddable":true,"href":"https:\/\/portaltela.pt\/api\/wp\/v2\/tags?post=434784"}],"curies":[{"name":"wp","href":"https:\/\/api.w.org\/{rel}","templated":true}]}}